{"id":102915,"date":"2026-07-19T09:13:34","date_gmt":"2026-07-19T09:13:34","guid":{"rendered":"https:\/\/www.shqiperia.com\/blog\/?p=102915"},"modified":"2026-07-19T09:13:34","modified_gmt":"2026-07-19T09:13:34","slug":"eksperti-u-abuzua-me-cmimet-koncerti-i-kanye-west-nje-autogol-per-turizmin","status":"publish","type":"post","link":"https:\/\/www.shqiperia.com\/blog\/eksperti-u-abuzua-me-cmimet-koncerti-i-kanye-west-nje-autogol-per-turizmin\/","title":{"rendered":"Eksperti: U abuzua me \u00e7mimet, koncerti i Kanye West nj\u00eb autogol p\u00ebr turizmin"},"content":{"rendered":"<p><img data-recalc-dims=\"1\" loading=\"lazy\" decoding=\"async\" data-attachment-id=\"102916\" data-permalink=\"https:\/\/www.shqiperia.com\/blog\/eksperti-u-abuzua-me-cmimet-koncerti-i-kanye-west-nje-autogol-per-turizmin\/ksamil-5\/\" data-orig-file=\"https:\/\/i0.wp.com\/www.shqiperia.com\/blog\/wp-content\/uploads\/2026\/07\/ksamil.jpg?fit=850%2C569&amp;ssl=1\" data-orig-size=\"850,569\" data-comments-opened=\"1\" data-image-meta=\"{&quot;aperture&quot;:&quot;0&quot;,&quot;credit&quot;:&quot;&quot;,&quot;camera&quot;:&quot;&quot;,&quot;caption&quot;:&quot;&quot;,&quot;created_timestamp&quot;:&quot;0&quot;,&quot;copyright&quot;:&quot;&quot;,&quot;focal_length&quot;:&quot;0&quot;,&quot;iso&quot;:&quot;0&quot;,&quot;shutter_speed&quot;:&quot;0&quot;,&quot;title&quot;:&quot;&quot;,&quot;orientation&quot;:&quot;0&quot;}\" data-image-title=\"ksamil\" data-image-description=\"\" data-image-caption=\"\" data-medium-file=\"https:\/\/i0.wp.com\/www.shqiperia.com\/blog\/wp-content\/uploads\/2026\/07\/ksamil.jpg?fit=300%2C201&amp;ssl=1\" data-large-file=\"https:\/\/i0.wp.com\/www.shqiperia.com\/blog\/wp-content\/uploads\/2026\/07\/ksamil.jpg?fit=850%2C569&amp;ssl=1\" class=\"alignnone  wp-image-102916\" alt=\"\" src=\"https:\/\/i0.wp.com\/www.shqiperia.com\/blog\/wp-content\/uploads\/2026\/07\/ksamil.jpg?resize=557%2C373&#038;ssl=1\" width=\"557\" height=\"373\" srcset=\"https:\/\/i0.wp.com\/www.shqiperia.com\/blog\/wp-content\/uploads\/2026\/07\/ksamil.jpg?resize=300%2C201&amp;ssl=1 300w, https:\/\/i0.wp.com\/www.shqiperia.com\/blog\/wp-content\/uploads\/2026\/07\/ksamil.jpg?resize=768%2C514&amp;ssl=1 768w, https:\/\/i0.wp.com\/www.shqiperia.com\/blog\/wp-content\/uploads\/2026\/07\/ksamil.jpg?resize=450%2C301&amp;ssl=1 450w, https:\/\/i0.wp.com\/www.shqiperia.com\/blog\/wp-content\/uploads\/2026\/07\/ksamil.jpg?resize=600%2C402&amp;ssl=1 600w, https:\/\/i0.wp.com\/www.shqiperia.com\/blog\/wp-content\/uploads\/2026\/07\/ksamil.jpg?resize=400%2C268&amp;ssl=1 400w, https:\/\/i0.wp.com\/www.shqiperia.com\/blog\/wp-content\/uploads\/2026\/07\/ksamil.jpg?w=850&amp;ssl=1 850w\" sizes=\"auto, (max-width: 557px) 100vw, 557px\" \/><\/p>\n<p>19 Korrik 2026<\/p>\n<p>Eksperti i turizmit Isa Krasniqi i ftuar ne nje studio televizive teksa foli p\u00ebr koncertin e Kanye West deklaroi se organizimi dhe akomodimi ishin nj\u00eb autogol p\u00ebr turizmin n\u00eb Shqip\u00ebri pasi hotelet n\u00eb Tiran\u00eb abuzuan me \u00e7mimet dhe qeveria nuk mbrojti konsumator\u00ebt.<\/p>\n<p>\u201cFestivale t\u00eb tilla i duhen vendit, 25 mij\u00eb t\u00eb huaj erdh\u00ebn p\u00ebr festivlain por dol\u00ebn t\u00eb pak\u00ebnaqur p\u00ebr akomodimin.<\/p>\n<p>Hoteli me 3 yje 3500 euro. N\u00ebse abuzojm\u00eb do t\u00eb shkojm\u00eb edhe nj\u00eb her\u00eb n\u00eb zem\u00ebr. Jemi b\u00ebr\u00eb me zemra t\u00eb vogla dhe shpirt t\u00eb ngusht\u00eb. U b\u00eb abuzim spektakolar. Mu bllokua i gjith\u00eb sistemi i akomodimit dhe t\u00eb gjith\u00eb u ankuan. Nuk abuzoi Durr\u00ebsi, por abuzoi Tirana.<\/p>\n<p>Nuk mund t\u00eb them d\u00ebshtoi, por nuk ka kontroll dhe mbrojtje konsumatori, nuk mjafton t\u00eb k\u00ebrcejm\u00eb, r\u00ebnd\u00ebsi ka \u00e7far\u00eb fitoi Shqip\u00ebria dhe fituam nj\u00eb imazh t\u00eb keq. \u00c7mimet e hoteleve shkuan deri n\u00eb 10-fish m\u00eb shtrenjt\u00eb. Ky ishte nj\u00eb autogol p\u00ebr turizmin, n\u00ebse nuk mbrojm\u00eb konsumatorin do t\u00eb jemi humb\u00ebsit m\u00eb t\u00eb m\u00ebdhenj\u201d, tha ai.<\/p>\n","protected":false},"excerpt":{"rendered":"<p>19 Korrik 2026 Eksperti i turizmit Isa Krasniqi i ftuar ne nje studio televizive teksa foli p\u00ebr koncertin e Kanye West deklaroi se organizimi dhe akomodimi ishin nj\u00eb autogol p\u00ebr turizmin n\u00eb Shqip\u00ebri pasi hotelet n\u00eb Tiran\u00eb abuzuan me \u00e7mimet dhe qeveria nuk mbrojti konsumator\u00ebt. \u201cFestivale t\u00eb tilla i duhen vendit, 25 mij\u00eb t\u00eb huaj [&hellip;]<\/p>\n","protected":false},"author":9,"featured_media":102916,"comment_status":"open","ping_status":"open","sticky":false,"template":"","format":"standard","meta":{"jetpack_post_was_ever_published":false,"_jetpack_newsletter_access":"","_jetpack_dont_email_post_to_subs":false,"_jetpack_newsletter_tier_id":0,"_jetpack_memberships_contains_paywalled_content":false,"_jetpack_memberships_contains_paid_content":false,"footnotes":"","jetpack_publicize_message":"","jetpack_publicize_feature_enabled":true,"jetpack_social_post_already_shared":true,"jetpack_social_options":{"image_generator_settings":{"template":"highway","default_image_id":0,"font":"","enabled":false},"version":2}},"categories":[27,1,2,35],"tags":[],"class_list":["post-102915","post","type-post","status-publish","format-standard","has-post-thumbnail","hentry","category-blogu-i-udhetarit","category-njoftime-shtypi","category-politika","category-shoqerore"],"jetpack_publicize_connections":[],"jetpack_featured_media_url":"https:\/\/i0.wp.com\/www.shqiperia.com\/blog\/wp-content\/uploads\/2026\/07\/ksamil.jpg?fit=850%2C569&ssl=1","jetpack_sharing_enabled":true,"jetpack_shortlink":"https:\/\/wp.me\/p5Z6wp-qLV","jetpack-related-posts":[{"id":101483,"url":"https:\/\/www.shqiperia.com\/blog\/rama-sulmon-protestuesit-hajvane-fryme-fashiste-po-demtojne-turizmin\/","url_meta":{"origin":102915,"position":0},"title":"Rama sulmon protestuesit: -Hajvan\u00eb, frym\u00eb fashiste! Po d\u00ebmtojn\u00eb turizmin","author":"Kurt Farka","date":"June 14, 2026","format":false,"excerpt":"Kryeministri Edi Rama ka zgjedhur q\u00eb s\u00ebrish t\u00eb sulmoj\u00eb protestuesit, q\u00eb prej dy jav\u00ebsh dalin \u00e7do dit\u00eb n\u00eb shesh p\u00ebr t\u00eb k\u00ebrkuar largimin e tij nga qeveria. N\u00eb rubrik\u00ebn \u2018sh\u00ebnimet e jav\u00ebs\u2019 n\u00eb potkastin e tij \u201cFlasim\u201d, kreu i qeveris\u00eb i konsideroi protestuesit si \u2018hajvan\u00eb\u2019 me mend\u00ebsi fashiste, q\u00eb si\u00e7\u2026","rel":"","context":"In &quot;Blogu i Udh\u00ebtarit&quot;","block_context":{"text":"Blogu i Udh\u00ebtarit","link":"https:\/\/www.shqiperia.com\/blog\/category\/blogu-i-udhetarit\/"},"img":{"alt_text":"","src":"https:\/\/i0.wp.com\/www.shqiperia.com\/blog\/wp-content\/uploads\/2026\/06\/rama-protestat1-433x300-1.jpg?fit=433%2C300&ssl=1&resize=350%2C200","width":350,"height":200},"classes":[]},{"id":102691,"url":"https:\/\/www.shqiperia.com\/blog\/edhe-nje-tjeter-pikez-e-vockel-mbushet-me-shtepi\/","url_meta":{"origin":102915,"position":1},"title":"Edhe nj\u00eb tjet\u00ebr \u201cpik\u00ebz e vo\u00e7k\u00ebl\u201d mbushet me sht\u00ebpi!","author":"Kurt Farka","date":"July 14, 2026","format":false,"excerpt":"14 Korrik 2026 Nga Mentor Kikia Edhe nj\u00eb tjet\u00ebr \u201cpik\u00ebz e vo\u00e7k\u00ebl\u201d mbushet me sht\u00ebpi! Nj\u00eb kod\u00ebr pran\u00eb Gjirit t\u00eb Llamanit n\u00eb Himar\u00eb u dogj dje dhe gjat\u00eb nat\u00ebs s\u00eb mbr\u00ebmshme. Mediat raportojn\u00eb se gjurma e zjarrti p\u00ebrputhet me gjurm\u00ebn e nj\u00eb lejeje nd\u00ebrtimi dhen\u00eb nga qeveria p\u00ebr nj\u00eb kompani,\u2026","rel":"","context":"In &quot;Blogu i Udh\u00ebtarit&quot;","block_context":{"text":"Blogu i Udh\u00ebtarit","link":"https:\/\/www.shqiperia.com\/blog\/category\/blogu-i-udhetarit\/"},"img":{"alt_text":"","src":"https:\/\/i0.wp.com\/www.shqiperia.com\/blog\/wp-content\/uploads\/2026\/07\/747613371_2803003820105248_6699254000567700576_n.jpg?fit=590%2C332&ssl=1&resize=350%2C200","width":350,"height":200,"srcset":"https:\/\/i0.wp.com\/www.shqiperia.com\/blog\/wp-content\/uploads\/2026\/07\/747613371_2803003820105248_6699254000567700576_n.jpg?fit=590%2C332&ssl=1&resize=350%2C200 1x, https:\/\/i0.wp.com\/www.shqiperia.com\/blog\/wp-content\/uploads\/2026\/07\/747613371_2803003820105248_6699254000567700576_n.jpg?fit=590%2C332&ssl=1&resize=525%2C300 1.5x"},"classes":[]},{"id":100582,"url":"https:\/\/www.shqiperia.com\/blog\/a-do-te-vazhdojne-te-rriten-qirate-ne-vend-eksperti-po-shkojme-drejt-nje-brezi-qe-sdo-te-bleje-kurre-nje-shtepi\/","url_meta":{"origin":102915,"position":2},"title":"A do t\u00eb vazhdojn\u00eb t\u00eb rriten qirat\u00eb n\u00eb vend? Eksperti: &#8211; Po shkojm\u00eb drejt nj\u00eb brezi q\u00eb s\u2019do t\u00eb blej\u00eb kurr\u00eb nj\u00eb sht\u00ebpi","author":"Kurt Farka","date":"May 22, 2026","format":false,"excerpt":"22 Maji 2026 Ekspoerti i ekonomis\u00eb, Ergis Sefa, i ftuar n\u00eb nje interviste televizive, ka ngritur alarmin p\u00ebr rritjen e vazhdueshme t\u00eb qirave dhe kostos s\u00eb jetes\u00ebs n\u00eb Tiran\u00eb, duke paralajm\u00ebruar se situata pritet t\u00eb r\u00ebndohet edhe m\u00eb shum\u00eb gjat\u00eb muajve t\u00eb ardhsh\u00ebm. Sipas tij, qirat\u00eb do t\u00eb vazhdojn\u00eb t\u00eb\u2026","rel":"","context":"In &quot;Blogu i Udh\u00ebtarit&quot;","block_context":{"text":"Blogu i Udh\u00ebtarit","link":"https:\/\/www.shqiperia.com\/blog\/category\/blogu-i-udhetarit\/"},"img":{"alt_text":"","src":"https:\/\/i0.wp.com\/www.shqiperia.com\/blog\/wp-content\/uploads\/2026\/05\/ergis-sefa.jpg?fit=900%2C570&ssl=1&resize=350%2C200","width":350,"height":200,"srcset":"https:\/\/i0.wp.com\/www.shqiperia.com\/blog\/wp-content\/uploads\/2026\/05\/ergis-sefa.jpg?fit=900%2C570&ssl=1&resize=350%2C200 1x, https:\/\/i0.wp.com\/www.shqiperia.com\/blog\/wp-content\/uploads\/2026\/05\/ergis-sefa.jpg?fit=900%2C570&ssl=1&resize=525%2C300 1.5x, https:\/\/i0.wp.com\/www.shqiperia.com\/blog\/wp-content\/uploads\/2026\/05\/ergis-sefa.jpg?fit=900%2C570&ssl=1&resize=700%2C400 2x"},"classes":[]},{"id":102437,"url":"https:\/\/www.shqiperia.com\/blog\/nje-cirk-i-deshtuar-koncerti-i-kanye-west-me-bileta-falas-paguan-edi-rama-nga-fatkeqesite-natyrore\/","url_meta":{"origin":102915,"position":3},"title":"Nj\u00eb cirk i d\u00ebshtuar &#8211; Koncerti i Kanye West me Bileta Falas. &#8211; Paguan Edi Rama nga Fatkeqesit\u00eb Natyrore","author":"Kurt Farka","date":"July 9, 2026","format":false,"excerpt":"9 Korrik 2026 P\u00ebrpjekja p\u00ebr t\u00eb organizuar \u201cnj\u00eb prej ngjarjeve m\u00eb t\u00eb m\u00ebdha muzikore t\u00eb vitit n\u00eb rajon\u201d po p\u00ebrballet me nj\u00eb d\u00ebshtim jo t\u00eb papritur logjistik, financiar dhe, mbi t\u00eb gjitha, sociologjik. Koncerti i reperit kontrovers amerikan Kanye West, i planifikuar p\u00ebr t\u2019u mbajtur n\u00eb nj\u00eb stadium t\u00eb p\u00ebrkohsh\u00ebm\u2026","rel":"","context":"In &quot;Blogu i Udh\u00ebtarit&quot;","block_context":{"text":"Blogu i Udh\u00ebtarit","link":"https:\/\/www.shqiperia.com\/blog\/category\/blogu-i-udhetarit\/"},"img":{"alt_text":"","src":"https:\/\/i0.wp.com\/www.shqiperia.com\/blog\/wp-content\/uploads\/2026\/07\/Screenshot_20260709_212907_Gallery.jpg?fit=682%2C394&ssl=1&resize=350%2C200","width":350,"height":200,"srcset":"https:\/\/i0.wp.com\/www.shqiperia.com\/blog\/wp-content\/uploads\/2026\/07\/Screenshot_20260709_212907_Gallery.jpg?fit=682%2C394&ssl=1&resize=350%2C200 1x, https:\/\/i0.wp.com\/www.shqiperia.com\/blog\/wp-content\/uploads\/2026\/07\/Screenshot_20260709_212907_Gallery.jpg?fit=682%2C394&ssl=1&resize=525%2C300 1.5x"},"classes":[]},{"id":104722,"url":"https:\/\/www.shqiperia.com\/blog\/shqiperia-nuk-do-te-pasurohet-nga-turizmi-dhe-as-duke-shkaterruar-ate-qe-e-ben-unike\/","url_meta":{"origin":102915,"position":4},"title":"Shqip\u00ebria nuk do t\u00eb pasurohet nga turizmi dhe as duke shkat\u00ebrruar at\u00eb q\u00eb e b\u00ebn unike","author":"Kurt Farka","date":"August 19, 2026","format":false,"excerpt":"19 Gusht 2026 Panajota Seva \u2013 Agolli\u00a0 Shqip\u00ebria po p\u00ebrjeton nj\u00eb bum turistik. Numri i vizitor\u00ebve rritet, hotelet shtohen, \u00e7mimet e tok\u00ebs n\u00eb bregdet shum\u00ebfishohen dhe investimet turistike paraqiten pothuajse \u00e7do dit\u00eb si prova se vendi po ec\u00ebn drejt prosperitetit. N\u00eb k\u00ebt\u00eb atmosfer\u00eb, kund\u00ebrshtimi ndaj nd\u00ebrtimeve n\u00eb zona si Narta\u2026","rel":"","context":"In &quot;Histori&quot;","block_context":{"text":"Histori","link":"https:\/\/www.shqiperia.com\/blog\/category\/histori\/"},"img":{"alt_text":"","src":"https:\/\/i0.wp.com\/www.shqiperia.com\/blog\/wp-content\/uploads\/2026\/08\/IMG_5686-1.jpeg?fit=1200%2C801&ssl=1&resize=350%2C200","width":350,"height":200,"srcset":"https:\/\/i0.wp.com\/www.shqiperia.com\/blog\/wp-content\/uploads\/2026\/08\/IMG_5686-1.jpeg?fit=1200%2C801&ssl=1&resize=350%2C200 1x, https:\/\/i0.wp.com\/www.shqiperia.com\/blog\/wp-content\/uploads\/2026\/08\/IMG_5686-1.jpeg?fit=1200%2C801&ssl=1&resize=525%2C300 1.5x, https:\/\/i0.wp.com\/www.shqiperia.com\/blog\/wp-content\/uploads\/2026\/08\/IMG_5686-1.jpeg?fit=1200%2C801&ssl=1&resize=700%2C400 2x, https:\/\/i0.wp.com\/www.shqiperia.com\/blog\/wp-content\/uploads\/2026\/08\/IMG_5686-1.jpeg?fit=1200%2C801&ssl=1&resize=1050%2C600 3x"},"classes":[]},{"id":103378,"url":"https:\/\/www.shqiperia.com\/blog\/serbia-ne-prag-te-luftes-civile-enver-bytyci-destabilizimi-do-te-ndikoje-ne-shqiperi-dhe-kosove\/","url_meta":{"origin":102915,"position":5},"title":"\u201cSerbia n\u00eb prag t\u00eb luft\u00ebs civile\u201d- Enver Byty\u00e7i: &#8211; Destabilizimi do t\u00eb ndikoj\u00eb n\u00eb Shqip\u00ebri dhe Kosov\u00eb","author":"Kurt Farka","date":"July 29, 2026","format":false,"excerpt":"29 Korrik 2026 Eksperti i marr\u00ebdh\u00ebnieve nd\u00ebrkomb\u00ebtare, Enver Byty\u00e7i, ka komentuar zhvillimet e fundit dramatike n\u00eb Serbi, ku protesta masive kund\u00ebr presidentit Aleksandar Vu\u00e7i\u00e7 po p\u00ebrshkall\u00ebzohen \u00e7do dit\u00eb. I ftuar n\u00eb studion e \u201cNews24\u201d, Byty\u00e7i e cil\u00ebsoi situat\u00ebn si t\u00eb jasht\u00ebzakonshme dhe n\u00eb prag t\u00eb nj\u00eb konflikti t\u00eb brendsh\u00ebm. \u201cMb\u00ebshtet\u00ebsit\u2026","rel":"","context":"In &quot;Blogu i Udh\u00ebtarit&quot;","block_context":{"text":"Blogu i Udh\u00ebtarit","link":"https:\/\/www.shqiperia.com\/blog\/category\/blogu-i-udhetarit\/"},"img":{"alt_text":"","src":"https:\/\/i0.wp.com\/www.shqiperia.com\/blog\/wp-content\/uploads\/2026\/07\/beo_sd.jpg?fit=1200%2C675&ssl=1&resize=350%2C200","width":350,"height":200,"srcset":"https:\/\/i0.wp.com\/www.shqiperia.com\/blog\/wp-content\/uploads\/2026\/07\/beo_sd.jpg?fit=1200%2C675&ssl=1&resize=350%2C200 1x, https:\/\/i0.wp.com\/www.shqiperia.com\/blog\/wp-content\/uploads\/2026\/07\/beo_sd.jpg?fit=1200%2C675&ssl=1&resize=525%2C300 1.5x, https:\/\/i0.wp.com\/www.shqiperia.com\/blog\/wp-content\/uploads\/2026\/07\/beo_sd.jpg?fit=1200%2C675&ssl=1&resize=700%2C400 2x, https:\/\/i0.wp.com\/www.shqiperia.com\/blog\/wp-content\/uploads\/2026\/07\/beo_sd.jpg?fit=1200%2C675&ssl=1&resize=1050%2C600 3x"},"classes":[]}],"_links":{"self":[{"href":"https:\/\/www.shqiperia.com\/blog\/wp-json\/wp\/v2\/posts\/102915","targetHints":{"allow":["GET"]}}],"collection":[{"href":"https:\/\/www.shqiperia.com\/blog\/wp-json\/wp\/v2\/posts"}],"about":[{"href":"https:\/\/www.shqiperia.com\/blog\/wp-json\/wp\/v2\/types\/post"}],"author":[{"embeddable":true,"href":"https:\/\/www.shqiperia.com\/blog\/wp-json\/wp\/v2\/users\/9"}],"replies":[{"embeddable":true,"href":"https:\/\/www.shqiperia.com\/blog\/wp-json\/wp\/v2\/comments?post=102915"}],"version-history":[{"count":1,"href":"https:\/\/www.shqiperia.com\/blog\/wp-json\/wp\/v2\/posts\/102915\/revisions"}],"predecessor-version":[{"id":102917,"href":"https:\/\/www.shqiperia.com\/blog\/wp-json\/wp\/v2\/posts\/102915\/revisions\/102917"}],"wp:featuredmedia":[{"embeddable":true,"href":"https:\/\/www.shqiperia.com\/blog\/wp-json\/wp\/v2\/media\/102916"}],"wp:attachment":[{"href":"https:\/\/www.shqiperia.com\/blog\/wp-json\/wp\/v2\/media?parent=102915"}],"wp:term":[{"taxonomy":"category","embeddable":true,"href":"https:\/\/www.shqiperia.com\/blog\/wp-json\/wp\/v2\/categories?post=102915"},{"taxonomy":"post_tag","embeddable":true,"href":"https:\/\/www.shqiperia.com\/blog\/wp-json\/wp\/v2\/tags?post=102915"}],"curies":[{"name":"wp","href":"https:\/\/api.w.org\/{rel}","templated":true}]}}