{"id":102912,"date":"2026-07-19T00:18:56","date_gmt":"2026-07-19T00:18:56","guid":{"rendered":"https:\/\/www.shqiperia.com\/blog\/?p=102912"},"modified":"2026-07-19T00:18:56","modified_gmt":"2026-07-19T00:18:56","slug":"zonjushet-e-avinjonit-kryevepra-e-picasso-s-qe-u-mbajt-e-fshehur-per-9-vjet","status":"publish","type":"post","link":"https:\/\/www.shqiperia.com\/blog\/zonjushet-e-avinjonit-kryevepra-e-picasso-s-qe-u-mbajt-e-fshehur-per-9-vjet\/","title":{"rendered":"\u201cZonjushet e Avinjonit\u201d, kryevepra e Picasso-s q\u00eb u mbajt e fshehur p\u00ebr 9 vjet"},"content":{"rendered":"<p data-a11y-orig-inline=\"\" data-a11y-base-fs=\"18\"><img data-recalc-dims=\"1\" loading=\"lazy\" decoding=\"async\" data-attachment-id=\"102913\" data-permalink=\"https:\/\/www.shqiperia.com\/blog\/zonjushet-e-avinjonit-kryevepra-e-picasso-s-qe-u-mbajt-e-fshehur-per-9-vjet\/640-0-pikajpg-1784381262\/\" data-orig-file=\"https:\/\/i0.wp.com\/www.shqiperia.com\/blog\/wp-content\/uploads\/2026\/07\/640-0-pikajpg-1784381262.jpg?fit=640%2C357&amp;ssl=1\" data-orig-size=\"640,357\" data-comments-opened=\"1\" data-image-meta=\"{&quot;aperture&quot;:&quot;0&quot;,&quot;credit&quot;:&quot;&quot;,&quot;camera&quot;:&quot;&quot;,&quot;caption&quot;:&quot;&quot;,&quot;created_timestamp&quot;:&quot;0&quot;,&quot;copyright&quot;:&quot;&quot;,&quot;focal_length&quot;:&quot;0&quot;,&quot;iso&quot;:&quot;0&quot;,&quot;shutter_speed&quot;:&quot;0&quot;,&quot;title&quot;:&quot;&quot;,&quot;orientation&quot;:&quot;0&quot;}\" data-image-title=\"-640-0-pikajpg-1784381262\" data-image-description=\"\" data-image-caption=\"\" data-medium-file=\"https:\/\/i0.wp.com\/www.shqiperia.com\/blog\/wp-content\/uploads\/2026\/07\/640-0-pikajpg-1784381262.jpg?fit=300%2C167&amp;ssl=1\" data-large-file=\"https:\/\/i0.wp.com\/www.shqiperia.com\/blog\/wp-content\/uploads\/2026\/07\/640-0-pikajpg-1784381262.jpg?fit=640%2C357&amp;ssl=1\" class=\"alignnone  wp-image-102913\" alt=\"\" src=\"https:\/\/i0.wp.com\/www.shqiperia.com\/blog\/wp-content\/uploads\/2026\/07\/640-0-pikajpg-1784381262.jpg?resize=625%2C348&#038;ssl=1\" width=\"625\" height=\"348\" srcset=\"https:\/\/i0.wp.com\/www.shqiperia.com\/blog\/wp-content\/uploads\/2026\/07\/640-0-pikajpg-1784381262.jpg?resize=300%2C167&amp;ssl=1 300w, https:\/\/i0.wp.com\/www.shqiperia.com\/blog\/wp-content\/uploads\/2026\/07\/640-0-pikajpg-1784381262.jpg?resize=450%2C251&amp;ssl=1 450w, https:\/\/i0.wp.com\/www.shqiperia.com\/blog\/wp-content\/uploads\/2026\/07\/640-0-pikajpg-1784381262.jpg?resize=600%2C335&amp;ssl=1 600w, https:\/\/i0.wp.com\/www.shqiperia.com\/blog\/wp-content\/uploads\/2026\/07\/640-0-pikajpg-1784381262.jpg?resize=400%2C223&amp;ssl=1 400w, https:\/\/i0.wp.com\/www.shqiperia.com\/blog\/wp-content\/uploads\/2026\/07\/640-0-pikajpg-1784381262.jpg?w=640&amp;ssl=1 640w\" sizes=\"auto, (max-width: 625px) 100vw, 625px\" \/><\/p>\n<p data-a11y-orig-inline=\"\" data-a11y-base-fs=\"18\">19 Korrik 2026<\/p>\n<p data-a11y-orig-inline=\"\" data-a11y-base-fs=\"18\">Pablo Picasso krijoi n\u00eb vitin 1907 nj\u00eb nga veprat m\u00eb t\u00eb famshme dhe m\u00eb t\u00eb debatueshme t\u00eb historis\u00eb s\u00eb artit: \u201cZonjushet e Avinjonit\u201d (Les Demoiselles d\u2019Avignon).<\/p>\n<p data-a11y-orig-inline=\"\" data-a11y-base-fs=\"18\">Piktura, e cila n\u00eb fillim shkaktoi tronditje dhe refuzim nga artist\u00ebt e koh\u00ebs, m\u00eb von\u00eb u konsiderua nj\u00eb vep\u00ebr themelore, q\u00eb ndryshoi rrjedh\u00ebn e artit modern, shkruan BBC.<\/p>\n<p data-a11y-orig-inline=\"\" data-a11y-base-fs=\"18\">Kur Picasso ua tregoi p\u00ebr her\u00eb t\u00eb par\u00eb disa miqve dhe artist\u00ebve n\u00eb studion e tij n\u00eb Paris, reagimet ishin kryesisht negative.<\/p>\n<p data-a11y-orig-inline=\"\" data-a11y-base-fs=\"18\">Piktori Henri Matisse thuhet se i quajti figurat fem\u00ebrore \u201ct\u00eb sh\u00ebmtuara\u201d, nd\u00ebrsa Georges Braque e krahasoi p\u00ebrvoj\u00ebn e shikimit t\u00eb saj me \u201cpirjen e benzin\u00ebs\u201d.<\/p>\n<p data-a11y-orig-inline=\"\" data-a11y-base-fs=\"18\">Piktura nuk u ekspozua publikisht deri n\u00eb vitin 1916.<\/p>\n<p data-a11y-orig-inline=\"\" data-a11y-base-fs=\"18\">Sot ajo konsiderohet nj\u00eb nga veprat q\u00eb sh\u00ebnuan lindjen e kubizmit, nj\u00eb rrym\u00eb artistike ku format tradicionale thyhen dhe njer\u00ebzit apo objektet paraqiten p\u00ebrmes formave gjeometrike dhe k\u00ebndv\u00ebshtrimeve t\u00eb ndryshme.<\/p>\n<p data-a11y-orig-inline=\"\" data-a11y-base-fs=\"18\"><strong data-a11y-orig-inline=\"\" data-a11y-base-fs=\"18\">Nj\u00eb revolucion n\u00eb m\u00ebnyr\u00ebn e paraqitjes s\u00eb trupit dhe hap\u00ebsir\u00ebs<\/strong><\/p>\n<p data-a11y-orig-inline=\"\" data-a11y-base-fs=\"18\">Vepra paraqet pes\u00eb gra nudo n\u00eb nj\u00eb bordello n\u00eb Barcelon\u00eb.<\/p>\n<p data-a11y-orig-inline=\"\" data-a11y-base-fs=\"18\">Trupat e tyre jan\u00eb t\u00eb deformuar, me forma t\u00eb thyera dhe fytyra q\u00eb ngjajn\u00eb me maska.<\/p>\n<p data-a11y-orig-inline=\"\" data-a11y-base-fs=\"18\">Ndryshe nga pikturat tradicionale, ku njer\u00ebzit paraqiteshin n\u00eb m\u00ebnyr\u00eb realiste, Picasso zgjodhi nj\u00eb m\u00ebnyr\u00eb m\u00eb abstrakte dhe m\u00eb t\u00eb ashp\u00ebr.<\/p>\n<p data-a11y-orig-inline=\"\" data-a11y-base-fs=\"18\">Sipas kurator\u00ebve t\u00eb Muzeut Picasso n\u00eb Paris, kjo ishte nj\u00eb kthes\u00eb e madhe n\u00eb art.<\/p>\n<p data-a11y-orig-inline=\"\" data-a11y-base-fs=\"18\">Picasso nuk ndryshoi vet\u00ebm nj\u00eb element t\u00eb piktur\u00ebs, por m\u00ebnyr\u00ebn se si artist\u00ebt mendonin p\u00ebr trupin, hap\u00ebsir\u00ebn dhe realitetin.<\/p>\n<p data-a11y-orig-inline=\"\" data-a11y-base-fs=\"18\"><strong data-a11y-orig-inline=\"\" data-a11y-base-fs=\"18\">Ndikimi i artit afrikan<\/strong><\/p>\n<p data-a11y-orig-inline=\"\" data-a11y-base-fs=\"18\">Nj\u00eb nga aspektet m\u00eb t\u00eb debatuara t\u00eb k\u00ebsaj vepre, \u00ebsht\u00eb ndikimi i artit afrikan.<\/p>\n<p data-a11y-orig-inline=\"\" data-a11y-base-fs=\"18\">Para se t\u00eb krijonte piktur\u00ebn, Picasso ishte interesuar shum\u00eb p\u00ebr maskat dhe skulpturat afrikane, t\u00eb cilat i kishte par\u00eb n\u00eb muze dhe koleksione n\u00eb Paris.<\/p>\n<p data-a11y-orig-inline=\"\" data-a11y-base-fs=\"18\">Fytyrat e disa grave n\u00eb piktur\u00eb, ve\u00e7an\u00ebrisht ato q\u00eb duken si maska, jan\u00eb ndikuar nga ky stil: forma m\u00eb t\u00eb thjeshta, m\u00eb t\u00eb fuqishme dhe m\u00eb pak realiste.<\/p>\n<p data-a11y-orig-inline=\"\" data-a11y-base-fs=\"18\">Megjithat\u00eb, Picasso shpesh e mohoi k\u00ebt\u00eb ndikim.<\/p>\n<p data-a11y-orig-inline=\"\" data-a11y-base-fs=\"18\">Ai madje deklaroi n\u00eb vitin 1920 se \u201cnuk kishte d\u00ebgjuar kurr\u00eb\u201d p\u00ebr artin afrikan, edhe pse studiuesit mendojn\u00eb se ai ishte frym\u00ebzuar prej tij.<\/p>\n<p data-a11y-orig-inline=\"\" data-a11y-base-fs=\"18\">Kjo ka sjell\u00eb kritika p\u00ebr p\u00ebrvet\u00ebsim kulturor, pasi Picasso p\u00ebrfitoi artistikisht nga kultura afrikane, por nuk e pranoi plot\u00ebsisht rolin e saj.<\/p>\n<p data-a11y-orig-inline=\"\" data-a11y-base-fs=\"18\"><strong data-a11y-orig-inline=\"\" data-a11y-base-fs=\"18\">Nj\u00eb version i ri i piktur\u00ebs nga Henry Taylor<\/strong><\/p>\n<p data-a11y-orig-inline=\"\" data-a11y-base-fs=\"18\">M\u00eb shum\u00eb se 100 vite m\u00eb von\u00eb, artisti amerikan Henry Taylor e rikrijoi k\u00ebt\u00eb vep\u00ebr nga k\u00ebndv\u00ebshtrimi i tij.<\/p>\n<p data-a11y-orig-inline=\"\" data-a11y-base-fs=\"18\">N\u00eb piktur\u00ebn e tij \u201cFrom Congo to the Capital and Black Again\u201d (2007), ai ruajti struktur\u00ebn baz\u00eb t\u00eb vepr\u00ebs s\u00eb Picasso, por figurat fem\u00ebrore i paraqiti me ngjyr\u00eb t\u00eb zez\u00eb, duke e b\u00ebr\u00eb m\u00eb t\u00eb duksh\u00ebm lidhjen me kultur\u00ebn afrikane.<\/p>\n<p data-a11y-orig-inline=\"\" data-a11y-base-fs=\"18\">Taylor, i njohur p\u00ebr trajtimin e jet\u00ebs dhe p\u00ebrvojave t\u00eb komuniteteve me ngjyr\u00eb, p\u00ebrdori k\u00ebt\u00eb vep\u00ebr p\u00ebr t\u00eb ngritur pyetje mbi rac\u00ebn, identitetin dhe m\u00ebnyr\u00ebn se si historia e artit ka trajtuar kultura t\u00eb ndryshme.<\/p>\n<div class=\"related-list\" id=\"1784381210447\" data-mce-contenteditable=\"false\" data-a11y-orig-inline=\"\" data-a11y-base-fs=\"18\">\n<ul data-a11y-orig-inline=\"\" data-a11y-base-fs=\"18\">\n<li data-a11y-orig-inline=\"\" data-a11y-base-fs=\"18\">\n<article class=\"a-card\" data-a11y-orig-inline=\"\" data-a11y-base-fs=\"18\">\n<div class=\"a-card_image\" data-a11y-orig-inline=\"\" data-a11y-base-fs=\"18\">\n<figure class=\"a-media\" data-a11y-orig-inline=\"\" data-a11y-base-fs=\"18\"><a href=\"https:\/\/www.oranews.tv\/shendetesi\/la-repubblica-alarm-ne-boten-e-fertilitetit-nje-dhurues-sperme-mund-t-i1337512\" data-a11y-orig-inline=\"\" data-a11y-base-fs=\"18\"><img data-recalc-dims=\"1\" decoding=\"async\" class=\"a-media_img\" alt=\"\" src=\"https:\/\/i0.wp.com\/cdnimpuls.com\/oranews.tv\/media3\/-182-97-img-8775-696x465-1784380931.jpeg?ssl=1\" data-a11y-orig-inline=\"\" data-a11y-base-fs=\"18\" \/><\/a><\/figure>\n<\/div>\n<div class=\"a-card_content\" data-a11y-orig-inline=\"\" data-a11y-base-fs=\"18\">\n<h2 class=\"a-head\" data-a11y-orig-inline=\"\" data-a11y-base-fs=\"19\"><a href=\"https:\/\/www.oranews.tv\/shendetesi\/la-repubblica-alarm-ne-boten-e-fertilitetit-nje-dhurues-sperme-mund-t-i1337512\" data-a11y-orig-inline=\"\" data-a11y-base-fs=\"19\">\u201cLa Repubblica\u201d: Alarm n\u00eb bot\u00ebn e fertilitetit: Nj\u00eb dhurues sp*rme mund t\u00eb ket\u00eb qindra f\u00ebmij\u00eb biologjik\u00eb<\/a><\/h2>\n<\/div>\n<\/article>\n<\/li>\n<\/ul>\n<\/div>\n<p data-a11y-orig-inline=\"\" data-a11y-base-fs=\"18\"><strong data-a11y-orig-inline=\"\" data-a11y-base-fs=\"18\">Debati p\u00ebr m\u00ebnyr\u00ebn si Picasso paraqiti grat\u00eb<\/strong><\/p>\n<p data-a11y-orig-inline=\"\" data-a11y-base-fs=\"18\">Piktura ka shkaktuar gjithashtu debate p\u00ebr m\u00ebnyr\u00ebn se si Picasso i paraqiti grat\u00eb.<\/p>\n<p data-a11y-orig-inline=\"\" data-a11y-base-fs=\"18\">Disa kritik\u00eb thon\u00eb se trupat e cop\u00ebzuar dhe format agresive lidhen me marr\u00ebdh\u00ebnien e nd\u00ebrlikuar q\u00eb artisti kishte me grat\u00eb.<\/p>\n<p data-a11y-orig-inline=\"\" data-a11y-base-fs=\"18\">N\u00eb versionin e Henry Taylor, figurat jan\u00eb ende t\u00eb deformuara, por duken m\u00eb pak k\u00ebrc\u00ebnuese dhe m\u00eb shum\u00eb si individ\u00eb me identitet t\u00eb tyre.<\/p>\n<p data-a11y-orig-inline=\"\" data-a11y-base-fs=\"18\"><strong data-a11y-orig-inline=\"\" data-a11y-base-fs=\"18\">Nga refuzimi te kryevepra<\/strong><\/p>\n<p data-a11y-orig-inline=\"\" data-a11y-base-fs=\"18\">Edhe pse fillimisht u konsiderua trondit\u00ebse dhe madje e sh\u00ebmtuar, me kalimin e viteve \u201cLes Demoiselles d\u2019Avignon\u201d u kthye n\u00eb nj\u00eb nga pikturat m\u00eb t\u00eb r\u00ebnd\u00ebsishme t\u00eb shekullit XX.<\/p>\n<p data-a11y-orig-inline=\"\" data-a11y-base-fs=\"18\">N\u00eb vitin 1939, Muzeu Modern u Artit e bleu vepr\u00ebn dhe ajo sot konsiderohet nj\u00eb nga thesaret e artit modern.<\/p>\n<p data-a11y-orig-inline=\"\" data-a11y-base-fs=\"18\">Mbi nj\u00eb shekull pas krijimit, piktura vazhdon t\u00eb ngjall\u00eb debate, pasi prek tema si ndryshimi artistik, ndikimi kulturor, p\u00ebrfaq\u00ebsimi i grave dhe m\u00ebnyra se si historia e artit p\u00ebrcakton se cilat vepra b\u00ebhen t\u00eb pavdekshme.<\/p>\n","protected":false},"excerpt":{"rendered":"<p>19 Korrik 2026 Pablo Picasso krijoi n\u00eb vitin 1907 nj\u00eb nga veprat m\u00eb t\u00eb famshme dhe m\u00eb t\u00eb debatueshme t\u00eb historis\u00eb s\u00eb artit: \u201cZonjushet e Avinjonit\u201d (Les Demoiselles d\u2019Avignon). Piktura, e cila n\u00eb fillim shkaktoi tronditje dhe refuzim nga artist\u00ebt e koh\u00ebs, m\u00eb von\u00eb u konsiderua nj\u00eb vep\u00ebr themelore, q\u00eb ndryshoi rrjedh\u00ebn e artit modern, [&hellip;]<\/p>\n","protected":false},"author":9,"featured_media":102913,"comment_status":"open","ping_status":"open","sticky":false,"template":"","format":"standard","meta":{"jetpack_post_was_ever_published":false,"_jetpack_newsletter_access":"","_jetpack_dont_email_post_to_subs":false,"_jetpack_newsletter_tier_id":0,"_jetpack_memberships_contains_paywalled_content":false,"_jetpack_memberships_contains_paid_content":false,"footnotes":"","jetpack_publicize_message":"","jetpack_publicize_feature_enabled":true,"jetpack_social_post_already_shared":true,"jetpack_social_options":{"image_generator_settings":{"template":"highway","default_image_id":0,"font":"","enabled":false},"version":2}},"categories":[87,27,85,10,35],"tags":[],"class_list":["post-102912","post","type-post","status-publish","format-standard","has-post-thumbnail","hentry","category-arte","category-blogu-i-udhetarit","category-histori","category-kultura","category-shoqerore"],"jetpack_publicize_connections":[],"jetpack_featured_media_url":"https:\/\/i0.wp.com\/www.shqiperia.com\/blog\/wp-content\/uploads\/2026\/07\/640-0-pikajpg-1784381262.jpg?fit=640%2C357&ssl=1","jetpack_sharing_enabled":true,"jetpack_shortlink":"https:\/\/wp.me\/p5Z6wp-qLS","jetpack-related-posts":[{"id":105656,"url":"https:\/\/www.shqiperia.com\/blog\/mbi-45-ikona-nga-muzeu-kombetar-i-artit-mesjetar-te-korces-pjese-e-ekspozites-ne-chambery\/","url_meta":{"origin":102912,"position":0},"title":"Mbi 45 ikona nga Muzeu Komb\u00ebtar i Artit Mesjetar t\u00eb Kor\u00e7\u00ebs, pjes\u00eb e ekspozit\u00ebs n\u00eb Chamb\u00e9ry","author":"Kurt Farka","date":"September 1, 2026","format":false,"excerpt":"1 Shtator 2026 Mbi 45 ikona t\u00eb p\u00ebrzgjedhura nga Muzeu Komb\u00ebtar i Artit Mesjetar t\u00eb Kor\u00e7\u00ebs vijojn\u00eb t\u00eb prezantojn\u00eb n\u00eb Franc\u00eb vlerat e trash\u00ebgimis\u00eb dhe artit shqiptar. Ekspozita \u201cIkonat e Shqip\u00ebris\u00eb- Thesaret e Muzeut Komb\u00ebtar t\u00eb Artit Mesjetar t\u00eb Kor\u00e7\u00eb\u201d mbetet e hapur p\u00ebr publikun n\u00eb Chamb\u00e9ry, duke sjell\u00eb n\u00eb\u2026","rel":"","context":"In &quot;Arte&quot;","block_context":{"text":"Arte","link":"https:\/\/www.shqiperia.com\/blog\/category\/arte\/"},"img":{"alt_text":"","src":"https:\/\/i0.wp.com\/www.shqiperia.com\/blog\/wp-content\/uploads\/2026\/09\/800-0-ikonaaaa-faqe-18-2-6a96655973341.jpg?fit=800%2C458&ssl=1&resize=350%2C200","width":350,"height":200,"srcset":"https:\/\/i0.wp.com\/www.shqiperia.com\/blog\/wp-content\/uploads\/2026\/09\/800-0-ikonaaaa-faqe-18-2-6a96655973341.jpg?fit=800%2C458&ssl=1&resize=350%2C200 1x, https:\/\/i0.wp.com\/www.shqiperia.com\/blog\/wp-content\/uploads\/2026\/09\/800-0-ikonaaaa-faqe-18-2-6a96655973341.jpg?fit=800%2C458&ssl=1&resize=525%2C300 1.5x, https:\/\/i0.wp.com\/www.shqiperia.com\/blog\/wp-content\/uploads\/2026\/09\/800-0-ikonaaaa-faqe-18-2-6a96655973341.jpg?fit=800%2C458&ssl=1&resize=700%2C400 2x"},"classes":[]},{"id":104717,"url":"https:\/\/www.shqiperia.com\/blog\/shqiptaret-mahnites-ne-pikturat-e-ushtarak-austriakut-rudolf-otto-von-ottenfeld\/","url_meta":{"origin":102912,"position":1},"title":"Shqiptar\u00ebt mahnit\u00ebs n\u00eb pikturat e ushtarak austriakut, Rudolf Otto von Ottenfeld","author":"Kurt Farka","date":"August 19, 2026","format":false,"excerpt":"19 Gusht 2026 Fundi i shekullit dhe fillimi i nj\u00eb tjetri, i gjen shqiptar\u00ebt n\u00eb nj\u00eb prani impresionuese n\u00eb veprat e mjeshtrave t\u00eb penelit. Trajtesa \u00ebsht\u00eb e larmishme, si\u00e7 mbetet e till\u00eb edhe gjeografia prejku ata u ngjit\u00ebn n\u00eb tablo p\u00ebr t\u2019u b\u00ebr\u00eb pjes\u00eb e thesareve t\u00eb artit dhe nj\u00eb\u2026","rel":"","context":"In &quot;Arte&quot;","block_context":{"text":"Arte","link":"https:\/\/www.shqiperia.com\/blog\/category\/arte\/"},"img":{"alt_text":"","src":"https:\/\/i0.wp.com\/www.shqiperia.com\/blog\/wp-content\/uploads\/2026\/08\/640-0-t2jpg-1787134001.jpg?fit=640%2C382&ssl=1&resize=350%2C200","width":350,"height":200,"srcset":"https:\/\/i0.wp.com\/www.shqiperia.com\/blog\/wp-content\/uploads\/2026\/08\/640-0-t2jpg-1787134001.jpg?fit=640%2C382&ssl=1&resize=350%2C200 1x, https:\/\/i0.wp.com\/www.shqiperia.com\/blog\/wp-content\/uploads\/2026\/08\/640-0-t2jpg-1787134001.jpg?fit=640%2C382&ssl=1&resize=525%2C300 1.5x"},"classes":[]},{"id":105132,"url":"https:\/\/www.shqiperia.com\/blog\/bashkim-zahaj-kontrolli-mbi-veprat-e-artit-ne-hapesirat-publike-eshte-i-domosdoshem\/","url_meta":{"origin":102912,"position":2},"title":"Bashkim Zahaj: \u201cKontrolli\u201d mbi veprat e artit n\u00eb hap\u00ebsirat publike \u00ebsht\u00eb i domosdosh\u00ebm","author":"Kurt Farka","date":"August 25, 2026","format":false,"excerpt":"25 Gusht 2026 Vendosja e veprave t\u00eb artit n\u00eb hap\u00ebsirat publike po rikthehet n\u00eb qend\u00ebr t\u00eb debatit, pas nism\u00ebs p\u00ebr krijimin e nj\u00eb Komisioni Shtet\u00ebror t\u00eb Artit q\u00eb do t\u00eb shqyrtoj\u00eb dhe miratoj\u00eb nd\u00ebrhyrjet artistike n\u00eb mjedisin urban. Debati lidhet jo vet\u00ebm me vler\u00ebn artistike t\u00eb veprave, por edhe me\u2026","rel":"","context":"In &quot;Blogu i Udh\u00ebtarit&quot;","block_context":{"text":"Blogu i Udh\u00ebtarit","link":"https:\/\/www.shqiperia.com\/blog\/category\/blogu-i-udhetarit\/"},"img":{"alt_text":"","src":"https:\/\/i0.wp.com\/www.shqiperia.com\/blog\/wp-content\/uploads\/2026\/08\/zahajjj-6a8d31822ab43.png?fit=551%2C415&ssl=1&resize=350%2C200","width":350,"height":200,"srcset":"https:\/\/i0.wp.com\/www.shqiperia.com\/blog\/wp-content\/uploads\/2026\/08\/zahajjj-6a8d31822ab43.png?fit=551%2C415&ssl=1&resize=350%2C200 1x, https:\/\/i0.wp.com\/www.shqiperia.com\/blog\/wp-content\/uploads\/2026\/08\/zahajjj-6a8d31822ab43.png?fit=551%2C415&ssl=1&resize=525%2C300 1.5x"},"classes":[]},{"id":100439,"url":"https:\/\/www.shqiperia.com\/blog\/gjigantet-qe-rikthyen-grafiken-me-ekspozite-te-vecante\/","url_meta":{"origin":102912,"position":3},"title":"Gjigant\u00ebt q\u00eb rikthyen grafiken me ekspozit\u00eb t\u00eb ve\u00e7ant\u00eb","author":"Kurt Farka","date":"May 19, 2026","format":false,"excerpt":"19 Maji 2026 Ata njihen m\u00eb s\u00eb shumti p\u00ebr pikturat e tyre t\u00eb gjalla me vaj n\u00eb p\u00eblhur\u00eb, por nj\u00eb ekspozit\u00eb q\u00eb hapet n\u00eb jugper\u00ebndim t\u00eb Anglis\u00eb po fokusohet n\u00eb vend t\u00eb k\u00ebsaj te aft\u00ebsit\u00eb e holla t\u00eb grafik\u00ebs (printimit artistik) t\u00eb artist\u00ebve si \u00c9douard Manet, Vincent van Gogh dhe\u2026","rel":"","context":"In &quot;Arte&quot;","block_context":{"text":"Arte","link":"https:\/\/www.shqiperia.com\/blog\/category\/arte\/"},"img":{"alt_text":"","src":"https:\/\/i0.wp.com\/www.shqiperia.com\/blog\/wp-content\/uploads\/2026\/05\/535cb01a-c31a-4a95-a760-a2302d52e457.webp?fit=1200%2C852&ssl=1&resize=350%2C200","width":350,"height":200,"srcset":"https:\/\/i0.wp.com\/www.shqiperia.com\/blog\/wp-content\/uploads\/2026\/05\/535cb01a-c31a-4a95-a760-a2302d52e457.webp?fit=1200%2C852&ssl=1&resize=350%2C200 1x, https:\/\/i0.wp.com\/www.shqiperia.com\/blog\/wp-content\/uploads\/2026\/05\/535cb01a-c31a-4a95-a760-a2302d52e457.webp?fit=1200%2C852&ssl=1&resize=525%2C300 1.5x, https:\/\/i0.wp.com\/www.shqiperia.com\/blog\/wp-content\/uploads\/2026\/05\/535cb01a-c31a-4a95-a760-a2302d52e457.webp?fit=1200%2C852&ssl=1&resize=700%2C400 2x, https:\/\/i0.wp.com\/www.shqiperia.com\/blog\/wp-content\/uploads\/2026\/05\/535cb01a-c31a-4a95-a760-a2302d52e457.webp?fit=1200%2C852&ssl=1&resize=1050%2C600 3x"},"classes":[]},{"id":105337,"url":"https:\/\/www.shqiperia.com\/blog\/ndahet-nga-jeta-piktori-kujtim-buza\/","url_meta":{"origin":102912,"position":4},"title":"Ndahet nga jeta Piktori Kujtim Buza","author":"Kurt Farka","date":"August 27, 2026","format":false,"excerpt":"27 Gusht 2026 Lamtumir\u00eb, profesor dhe mik i shtrenjt\u00eb, Kujtim Buza Sonte arti shqiptar humbi nj\u00eb nga bijt\u00eb e tij m\u00eb t\u00eb \u00e7muar. U nda nga jeta Kujtim Buza, artisti i madh, profesori yn\u00eb, kolegu yn\u00eb dhe, mbi t\u00eb gjitha, miku yn\u00eb i shtrenjt\u00eb. \u00cbsht\u00eb e v\u00ebshtir\u00eb t\u00eb flas\u00ebsh p\u00ebr\u2026","rel":"","context":"In &quot;Arte&quot;","block_context":{"text":"Arte","link":"https:\/\/www.shqiperia.com\/blog\/category\/arte\/"},"img":{"alt_text":"","src":"https:\/\/i0.wp.com\/www.shqiperia.com\/blog\/wp-content\/uploads\/2026\/08\/Kujtim-Buza.jpg?fit=1200%2C800&ssl=1&resize=350%2C200","width":350,"height":200,"srcset":"https:\/\/i0.wp.com\/www.shqiperia.com\/blog\/wp-content\/uploads\/2026\/08\/Kujtim-Buza.jpg?fit=1200%2C800&ssl=1&resize=350%2C200 1x, https:\/\/i0.wp.com\/www.shqiperia.com\/blog\/wp-content\/uploads\/2026\/08\/Kujtim-Buza.jpg?fit=1200%2C800&ssl=1&resize=525%2C300 1.5x, https:\/\/i0.wp.com\/www.shqiperia.com\/blog\/wp-content\/uploads\/2026\/08\/Kujtim-Buza.jpg?fit=1200%2C800&ssl=1&resize=700%2C400 2x, https:\/\/i0.wp.com\/www.shqiperia.com\/blog\/wp-content\/uploads\/2026\/08\/Kujtim-Buza.jpg?fit=1200%2C800&ssl=1&resize=1050%2C600 3x"},"classes":[]},{"id":105646,"url":"https:\/\/www.shqiperia.com\/blog\/piktoret-mblidhen-ne-pogradec-artiste-nga-vende-te-ndryshme-te-botes-pjese-e-kolonise-nderkombetare\/","url_meta":{"origin":102912,"position":5},"title":"Piktor\u00ebt mblidhen n\u00eb Pogradec, artist\u00eb nga vende t\u00eb ndryshme t\u00eb bot\u00ebs, pjes\u00eb e Kolonis\u00eb Nd\u00ebrkomb\u00ebtare","author":"Kurt Farka","date":"September 1, 2026","format":false,"excerpt":"1 Shtator 2026 Pogradeci ka mbledhur edhe k\u00ebt\u00eb vit artist\u00eb nga vende t\u00eb ndryshme t\u00eb bot\u00ebs n\u00eb edicionin e 17-t\u00eb t\u00eb Kolonis\u00eb Nd\u00ebrkomb\u00ebtare t\u00eb Artit. Rreth 20 piktor\u00eb nga mbi 10 shtete kan\u00eb sjell\u00eb n\u00eb telajo peizazhin e liqenit, natyr\u00ebn dhe element\u00eb t\u00eb kultur\u00ebs s\u00eb Pogradecit, duke e kthyer aktivitetin\u2026","rel":"","context":"In &quot;Arte&quot;","block_context":{"text":"Arte","link":"https:\/\/www.shqiperia.com\/blog\/category\/arte\/"},"img":{"alt_text":"","src":"https:\/\/i0.wp.com\/www.shqiperia.com\/blog\/wp-content\/uploads\/2026\/09\/th.jpg?fit=410%2C260&ssl=1&resize=350%2C200","width":350,"height":200},"classes":[]}],"_links":{"self":[{"href":"https:\/\/www.shqiperia.com\/blog\/wp-json\/wp\/v2\/posts\/102912","targetHints":{"allow":["GET"]}}],"collection":[{"href":"https:\/\/www.shqiperia.com\/blog\/wp-json\/wp\/v2\/posts"}],"about":[{"href":"https:\/\/www.shqiperia.com\/blog\/wp-json\/wp\/v2\/types\/post"}],"author":[{"embeddable":true,"href":"https:\/\/www.shqiperia.com\/blog\/wp-json\/wp\/v2\/users\/9"}],"replies":[{"embeddable":true,"href":"https:\/\/www.shqiperia.com\/blog\/wp-json\/wp\/v2\/comments?post=102912"}],"version-history":[{"count":1,"href":"https:\/\/www.shqiperia.com\/blog\/wp-json\/wp\/v2\/posts\/102912\/revisions"}],"predecessor-version":[{"id":102914,"href":"https:\/\/www.shqiperia.com\/blog\/wp-json\/wp\/v2\/posts\/102912\/revisions\/102914"}],"wp:featuredmedia":[{"embeddable":true,"href":"https:\/\/www.shqiperia.com\/blog\/wp-json\/wp\/v2\/media\/102913"}],"wp:attachment":[{"href":"https:\/\/www.shqiperia.com\/blog\/wp-json\/wp\/v2\/media?parent=102912"}],"wp:term":[{"taxonomy":"category","embeddable":true,"href":"https:\/\/www.shqiperia.com\/blog\/wp-json\/wp\/v2\/categories?post=102912"},{"taxonomy":"post_tag","embeddable":true,"href":"https:\/\/www.shqiperia.com\/blog\/wp-json\/wp\/v2\/tags?post=102912"}],"curies":[{"name":"wp","href":"https:\/\/api.w.org\/{rel}","templated":true}]}}