{"id":102908,"date":"2026-07-18T23:59:53","date_gmt":"2026-07-18T23:59:53","guid":{"rendered":"https:\/\/www.shqiperia.com\/blog\/?p=102908"},"modified":"2026-07-19T00:00:04","modified_gmt":"2026-07-19T00:00:04","slug":"dua-lipa-i-cileson-frymezim-bbc-artikull-tjeter-per-protestat-kunder-kastes-se-korruptuar","status":"publish","type":"post","link":"https:\/\/www.shqiperia.com\/blog\/dua-lipa-i-cileson-frymezim-bbc-artikull-tjeter-per-protestat-kunder-kastes-se-korruptuar\/","title":{"rendered":"\u201cDua Lipa, i cil\u00ebson frym\u00ebzim\u201d\/ BBC artikull tjet\u00ebr p\u00ebr protestat kund\u00ebr Kast\u00ebs s\u00eb korruptuar"},"content":{"rendered":"<p><img data-recalc-dims=\"1\" loading=\"lazy\" decoding=\"async\" data-attachment-id=\"102909\" data-permalink=\"https:\/\/www.shqiperia.com\/blog\/dua-lipa-i-cileson-frymezim-bbc-artikull-tjeter-per-protestat-kunder-kastes-se-korruptuar\/800-0-6a5ba7ba61b5b\/\" data-orig-file=\"https:\/\/i0.wp.com\/www.shqiperia.com\/blog\/wp-content\/uploads\/2026\/07\/800-0-6a5ba7ba61b5b.jpg?fit=800%2C484&amp;ssl=1\" data-orig-size=\"800,484\" data-comments-opened=\"1\" data-image-meta=\"{&quot;aperture&quot;:&quot;0&quot;,&quot;credit&quot;:&quot;&quot;,&quot;camera&quot;:&quot;&quot;,&quot;caption&quot;:&quot;&quot;,&quot;created_timestamp&quot;:&quot;0&quot;,&quot;copyright&quot;:&quot;&quot;,&quot;focal_length&quot;:&quot;0&quot;,&quot;iso&quot;:&quot;0&quot;,&quot;shutter_speed&quot;:&quot;0&quot;,&quot;title&quot;:&quot;&quot;,&quot;orientation&quot;:&quot;0&quot;}\" data-image-title=\"-800-0-6a5ba7ba61b5b\" data-image-description=\"\" data-image-caption=\"\" data-medium-file=\"https:\/\/i0.wp.com\/www.shqiperia.com\/blog\/wp-content\/uploads\/2026\/07\/800-0-6a5ba7ba61b5b.jpg?fit=300%2C182&amp;ssl=1\" data-large-file=\"https:\/\/i0.wp.com\/www.shqiperia.com\/blog\/wp-content\/uploads\/2026\/07\/800-0-6a5ba7ba61b5b.jpg?fit=800%2C484&amp;ssl=1\" class=\"alignnone  wp-image-102909\" alt=\"\" src=\"https:\/\/i0.wp.com\/www.shqiperia.com\/blog\/wp-content\/uploads\/2026\/07\/800-0-6a5ba7ba61b5b.jpg?resize=608%2C369&#038;ssl=1\" width=\"608\" height=\"369\" srcset=\"https:\/\/i0.wp.com\/www.shqiperia.com\/blog\/wp-content\/uploads\/2026\/07\/800-0-6a5ba7ba61b5b.jpg?resize=300%2C182&amp;ssl=1 300w, https:\/\/i0.wp.com\/www.shqiperia.com\/blog\/wp-content\/uploads\/2026\/07\/800-0-6a5ba7ba61b5b.jpg?resize=768%2C465&amp;ssl=1 768w, https:\/\/i0.wp.com\/www.shqiperia.com\/blog\/wp-content\/uploads\/2026\/07\/800-0-6a5ba7ba61b5b.jpg?resize=450%2C272&amp;ssl=1 450w, https:\/\/i0.wp.com\/www.shqiperia.com\/blog\/wp-content\/uploads\/2026\/07\/800-0-6a5ba7ba61b5b.jpg?resize=600%2C363&amp;ssl=1 600w, https:\/\/i0.wp.com\/www.shqiperia.com\/blog\/wp-content\/uploads\/2026\/07\/800-0-6a5ba7ba61b5b.jpg?resize=400%2C242&amp;ssl=1 400w, https:\/\/i0.wp.com\/www.shqiperia.com\/blog\/wp-content\/uploads\/2026\/07\/800-0-6a5ba7ba61b5b.jpg?w=800&amp;ssl=1 800w\" sizes=\"auto, (max-width: 608px) 100vw, 608px\" \/><\/p>\n<p>19 Korrik2026<\/p>\n<p>BBC Global Woman i ka kushtuar nj\u00eb artikull protestave q\u00eb po zhvillohen n\u00eb Shqip\u00ebri kund\u00ebr projektit turistik t\u00eb planifikuar n\u00eb zon\u00ebn e mbrojtur t\u00eb Zv\u00ebrnecit dhe ishullit t\u00eb Sazanit, duke i paraqitur ato si nj\u00eb nga l\u00ebvizjet m\u00eb t\u00eb m\u00ebdha qytetare t\u00eb muajve t\u00eb fundit.<\/p>\n<p>N\u00eb artikull thuhet se protestat, t\u00eb njohura si \u201cRevolucioni i Flamingove\u201d, kan\u00eb nisur si reagim ndaj projektit t\u00eb nj\u00eb resorti luksoz pran\u00eb nj\u00eb ekosistemi t\u00eb mbrojtur, ku jetojn\u00eb flamingo, foka dhe breshka deti. Sipas medias, mij\u00ebra qytetar\u00eb kan\u00eb dal\u00eb n\u00eb rrug\u00ebt e Tiran\u00ebs q\u00eb nga fundi i muajit maj, duke k\u00ebrkuar anulimin e projektit.<\/p>\n<p>BBC ve\u00e7on edhe mb\u00ebshtetjen publike t\u00eb k\u00ebng\u00ebtares shqiptare me fam\u00eb bot\u00ebrore, Dua Lipa. Gjat\u00eb podcastit t\u00eb saj me shkrimtaren dhe akademiken Lea Ypi, n\u00eb nj\u00eb episod t\u00eb publikuar m\u00eb 14 korrik, artistja u shpreh se e konsideron frym\u00ebzuese angazhimin e qytetar\u00ebve.<\/p>\n<p>\u201cE gjej shum\u00eb frym\u00ebzuese ta shoh sa shum\u00eb u intereson njer\u00ebzve, e dini, dit\u00eb pas dite ata po dalin n\u00eb rrug\u00eb\u201d, tha Dua Lipa gjat\u00eb bised\u00ebs.<\/p>\n<p>Artikulli sjell edhe d\u00ebshmin\u00eb e studentit 23-vje\u00e7ar Asllan Llani Dogjani, i cili e krahasoi r\u00ebnd\u00ebsin\u00eb e Zv\u00ebrnecit p\u00ebr Shqip\u00ebrin\u00eb me at\u00eb q\u00eb p\u00ebrfaq\u00ebson Kanioni i Madh p\u00ebr Shtetet e Bashkuara.<\/p>\n<p>\u201cN\u00ebse do t\u00eb isha n\u00eb Shtetet e Bashkuara dhe ata do t\u00eb nd\u00ebrtonin nj\u00eb resort me pes\u00eb yje n\u00eb Kanionin e Madh, do t\u00eb m\u00ebrzitesha shum\u00eb sepse \u00ebsht\u00eb nj\u00eb thesar komb\u00ebtar. K\u00ebshtu \u00ebsht\u00eb edhe Zv\u00ebrneci k\u00ebtu p\u00ebr Shqip\u00ebrin\u00eb\u201d, deklaroi ai p\u00ebr Reuters.<\/p>\n<p>Sipas BBC-s\u00eb, projekti turistik me vler\u00eb rreth 1.4 miliard\u00eb euro lidhet me kompanin\u00eb e Jared Kushner, dh\u00ebndrit t\u00eb presidentit amerikan Donald Trump, dhe Ivanka Trump. Partneri i biznesit t\u00eb Kushner, Asher Abehsera, i tha BBC-s\u00eb se zhvillimi synon administrimin e p\u00ebrgjegjsh\u00ebm t\u00eb zon\u00ebs, p\u00ebrmir\u00ebsimin e mjedisit dhe krijimin e vendeve t\u00eb reja t\u00eb pun\u00ebs p\u00ebr komunitetin lokal.<\/p>\n<p>Nga ana tjet\u00ebr, kryeministri Edi Rama ka mbrojtur projektin, duke deklaruar se nuk ka \u201casnj\u00eb shans\u201d q\u00eb ai t\u00eb ndalet gjat\u00eb mandatit t\u00eb tij. BBC thekson gjithashtu se kishte kontaktuar Organizat\u00ebn Trump p\u00ebr nj\u00eb koment, por nuk kishte marr\u00eb p\u00ebrgjigje.<\/p>\n","protected":false},"excerpt":{"rendered":"<p>19 Korrik2026 BBC Global Woman i ka kushtuar nj\u00eb artikull protestave q\u00eb po zhvillohen n\u00eb Shqip\u00ebri kund\u00ebr projektit turistik t\u00eb planifikuar n\u00eb zon\u00ebn e mbrojtur t\u00eb Zv\u00ebrnecit dhe ishullit t\u00eb Sazanit, duke i paraqitur ato si nj\u00eb nga l\u00ebvizjet m\u00eb t\u00eb m\u00ebdha qytetare t\u00eb muajve t\u00eb fundit. N\u00eb artikull thuhet se protestat, t\u00eb njohura si [&hellip;]<\/p>\n","protected":false},"author":9,"featured_media":102909,"comment_status":"open","ping_status":"open","sticky":false,"template":"","format":"standard","meta":{"jetpack_post_was_ever_published":false,"_jetpack_newsletter_access":"","_jetpack_dont_email_post_to_subs":false,"_jetpack_newsletter_tier_id":0,"_jetpack_memberships_contains_paywalled_content":false,"_jetpack_memberships_contains_paid_content":false,"footnotes":"","jetpack_publicize_message":"","jetpack_publicize_feature_enabled":true,"jetpack_social_post_already_shared":true,"jetpack_social_options":{"image_generator_settings":{"template":"highway","default_image_id":0,"font":"","enabled":false},"version":2}},"categories":[27,1,2,35],"tags":[],"class_list":["post-102908","post","type-post","status-publish","format-standard","has-post-thumbnail","hentry","category-blogu-i-udhetarit","category-njoftime-shtypi","category-politika","category-shoqerore"],"jetpack_publicize_connections":[],"jetpack_featured_media_url":"https:\/\/i0.wp.com\/www.shqiperia.com\/blog\/wp-content\/uploads\/2026\/07\/800-0-6a5ba7ba61b5b.jpg?fit=800%2C484&ssl=1","jetpack_sharing_enabled":true,"jetpack_shortlink":"https:\/\/wp.me\/p5Z6wp-qLO","jetpack-related-posts":[{"id":104901,"url":"https:\/\/www.shqiperia.com\/blog\/nga-italia-drejt-shqiperise-tre-veliera-me-aktiviste-ne-mbeshtetje-solidaritet-me-protestat-qytetare-kunder-rames\/","url_meta":{"origin":102908,"position":0},"title":"Nga Italia drejt Shqip\u00ebris\u00eb, tre veliera me aktivist\u00eb n\u00eb mb\u00ebshtetje solidaritet me protestat qytetare kund\u00ebr Ram\u00ebs","author":"Kurt Farka","date":"August 21, 2026","format":false,"excerpt":"21 Gusht 2926 Tre varka me vela jan\u00eb nisur mbr\u00ebmjen e djeshme nga Brindisi drejt Shqip\u00ebris\u00eb, n\u00eb kuad\u00ebr t\u00eb nj\u00eb nisme solidariteti me protestat n\u00eb Shqip\u00ebri, l\u00ebvizja qytetare q\u00eb prej m\u00eb shum\u00eb se 80 dit\u00ebsh po zhvillon protesta n\u00eb qytete t\u00eb ndryshme shqiptare. Anijet, pjes\u00eb e Global Sumud Flotilla, u\u2026","rel":"","context":"In &quot;Blogu i Udh\u00ebtarit&quot;","block_context":{"text":"Blogu i Udh\u00ebtarit","link":"https:\/\/www.shqiperia.com\/blog\/category\/blogu-i-udhetarit\/"},"img":{"alt_text":"","src":"https:\/\/i0.wp.com\/www.shqiperia.com\/blog\/wp-content\/uploads\/2026\/08\/Flamuri-i-Shqiperise-dhe-ai-i-Italise-Foto-ilustruese.jpg?fit=802%2C512&ssl=1&resize=350%2C200","width":350,"height":200,"srcset":"https:\/\/i0.wp.com\/www.shqiperia.com\/blog\/wp-content\/uploads\/2026\/08\/Flamuri-i-Shqiperise-dhe-ai-i-Italise-Foto-ilustruese.jpg?fit=802%2C512&ssl=1&resize=350%2C200 1x, https:\/\/i0.wp.com\/www.shqiperia.com\/blog\/wp-content\/uploads\/2026\/08\/Flamuri-i-Shqiperise-dhe-ai-i-Italise-Foto-ilustruese.jpg?fit=802%2C512&ssl=1&resize=525%2C300 1.5x, https:\/\/i0.wp.com\/www.shqiperia.com\/blog\/wp-content\/uploads\/2026\/08\/Flamuri-i-Shqiperise-dhe-ai-i-Italise-Foto-ilustruese.jpg?fit=802%2C512&ssl=1&resize=700%2C400 2x"},"classes":[]},{"id":101086,"url":"https:\/\/www.shqiperia.com\/blog\/proteste-madheshtore-ne-tirane-rama-te-jape-doreheqjen-shqiperia-nuk-shitet\/","url_meta":{"origin":102908,"position":1},"title":"Protest\u00eb madh\u00ebshtore n\u00eb Tiran\u00eb: &#8211; Rama t\u00eb jap\u00eb dor\u00ebheqjen! &#8211; Shqip\u00ebria nuk shitet!","author":"Kurt Farka","date":"June 4, 2026","format":false,"excerpt":"4 Qershor 2026 Mij\u00ebra qytetar\u00eb kan\u00eb mbushur k\u00ebt\u00eb mbr\u00ebmje bulevardin \u201cD\u00ebshmor\u00ebt e Kombit\u201d, duke iu bashkuar protest\u00ebs kund\u00ebr projektit p\u00ebr nd\u00ebrtimin e nj\u00eb resorti turistik n\u00eb zon\u00ebn e mbrojtur t\u00eb Zv\u00ebrnecit Pas grumbullimit n\u00eb sheshin \u201cSk\u00ebnderbej\u201d, protestuesit marshuan drejt Kryeministris\u00eb, duke mbajtur pankarta dhe flamuj, nd\u00ebrsa brohorisnin slogane kund\u00ebr qeveris\u00eb\u2026","rel":"","context":"In &quot;Blogu i Udh\u00ebtarit&quot;","block_context":{"text":"Blogu i Udh\u00ebtarit","link":"https:\/\/www.shqiperia.com\/blog\/category\/blogu-i-udhetarit\/"},"img":{"alt_text":"","src":"https:\/\/i0.wp.com\/www.shqiperia.com\/blog\/wp-content\/uploads\/2026\/06\/protesta-ne-bulevard-4-qershor-2026.jpg?fit=632%2C278&ssl=1&resize=350%2C200","width":350,"height":200,"srcset":"https:\/\/i0.wp.com\/www.shqiperia.com\/blog\/wp-content\/uploads\/2026\/06\/protesta-ne-bulevard-4-qershor-2026.jpg?fit=632%2C278&ssl=1&resize=350%2C200 1x, https:\/\/i0.wp.com\/www.shqiperia.com\/blog\/wp-content\/uploads\/2026\/06\/protesta-ne-bulevard-4-qershor-2026.jpg?fit=632%2C278&ssl=1&resize=525%2C300 1.5x"},"classes":[]},{"id":105084,"url":"https:\/\/www.shqiperia.com\/blog\/mediat-evropiane-rinia-shqiptare-ngrihet-kunder-regjimit-autokratik-te-rames\/","url_meta":{"origin":102908,"position":2},"title":"Mediat evropiane: Rinia shqiptare ngrihet kund\u00ebr regjimit autokratik t\u00eb Ram\u00ebs","author":"Kurt Farka","date":"August 24, 2026","format":false,"excerpt":"24 Gusht 2026 Mediat n\u00eb Shqip\u00ebri e kan\u00eb kufizuar ndjesh\u00ebm raportimin p\u00ebr protestat q\u00eb po zhvillohen rregullisht prej thuajse tre muajsh p\u00ebrpara kryeministris\u00eb. Por mediat nd\u00ebrkomb\u00ebtare vazhdojn\u00eb ta ken\u00eb l\u00ebvizjen rinore qytetare n\u00eb qend\u00ebr t\u00eb v\u00ebmendjes. Gazeta franceze \u2018L\u2019Humanite\u2019 shkruan\u00a0se nga Serbia n\u00eb Shqip\u00ebri, rinia e Ballkanit po ngrihet kund\u00ebr\u2026","rel":"","context":"In &quot;Blogu i Udh\u00ebtarit&quot;","block_context":{"text":"Blogu i Udh\u00ebtarit","link":"https:\/\/www.shqiperia.com\/blog\/category\/blogu-i-udhetarit\/"},"img":{"alt_text":"","src":"https:\/\/i0.wp.com\/www.shqiperia.com\/blog\/wp-content\/uploads\/2026\/08\/770985824_3285727254921661_236673638084350325_n-3.jpg?fit=1200%2C800&ssl=1&resize=350%2C200","width":350,"height":200,"srcset":"https:\/\/i0.wp.com\/www.shqiperia.com\/blog\/wp-content\/uploads\/2026\/08\/770985824_3285727254921661_236673638084350325_n-3.jpg?fit=1200%2C800&ssl=1&resize=350%2C200 1x, https:\/\/i0.wp.com\/www.shqiperia.com\/blog\/wp-content\/uploads\/2026\/08\/770985824_3285727254921661_236673638084350325_n-3.jpg?fit=1200%2C800&ssl=1&resize=525%2C300 1.5x, https:\/\/i0.wp.com\/www.shqiperia.com\/blog\/wp-content\/uploads\/2026\/08\/770985824_3285727254921661_236673638084350325_n-3.jpg?fit=1200%2C800&ssl=1&resize=700%2C400 2x, https:\/\/i0.wp.com\/www.shqiperia.com\/blog\/wp-content\/uploads\/2026\/08\/770985824_3285727254921661_236673638084350325_n-3.jpg?fit=1200%2C800&ssl=1&resize=1050%2C600 3x"},"classes":[]},{"id":100955,"url":"https:\/\/www.shqiperia.com\/blog\/anulim-projekti-dhe-doreheqje-e-rames-protesta-qytetare\/","url_meta":{"origin":102908,"position":3},"title":"\u201cAnulim projekti dhe dor\u00ebheqje e Ram\u00ebs\u201d\/ Protesta Qytetare","author":"Kurt Farka","date":"June 2, 2026","format":false,"excerpt":"2 Qershor 2026 Pas tre or\u00ebsh, \u00ebsht\u00eb mbyllur protesta e tret\u00eb qytetare e zhvilluar n\u00eb Tiran\u00eb kund\u00ebr projektit t\u00eb nd\u00ebrtimit n\u00eb zon\u00ebn e mbrojtur t\u00eb Zv\u00ebrnecit. Tubimi u mbajt n\u00eb Bulevardin \u201cD\u00ebshmor\u00ebt e Kombit\u201d dhe para Kryemninistris\u00eb, ku protestuesit p\u00ebrs\u00ebrit\u00ebn kund\u00ebrshtimin e tyre ndaj projektit, duke k\u00ebrkuar anulimin e tij\u2026","rel":"","context":"In &quot;Blogu i Udh\u00ebtarit&quot;","block_context":{"text":"Blogu i Udh\u00ebtarit","link":"https:\/\/www.shqiperia.com\/blog\/category\/blogu-i-udhetarit\/"},"img":{"alt_text":"","src":"https:\/\/i0.wp.com\/www.shqiperia.com\/blog\/wp-content\/uploads\/2026\/06\/WhatsApp-Image-2026-06-02-at-21.14.58-1-675x450-1.jpeg?fit=675%2C450&ssl=1&resize=350%2C200","width":350,"height":200,"srcset":"https:\/\/i0.wp.com\/www.shqiperia.com\/blog\/wp-content\/uploads\/2026\/06\/WhatsApp-Image-2026-06-02-at-21.14.58-1-675x450-1.jpeg?fit=675%2C450&ssl=1&resize=350%2C200 1x, https:\/\/i0.wp.com\/www.shqiperia.com\/blog\/wp-content\/uploads\/2026\/06\/WhatsApp-Image-2026-06-02-at-21.14.58-1-675x450-1.jpeg?fit=675%2C450&ssl=1&resize=525%2C300 1.5x"},"classes":[]},{"id":101089,"url":"https:\/\/www.shqiperia.com\/blog\/bulevardi-deshmoret-e-kombit-mbushet-plot-protestuesit-i-pergjigjen-policise-femijet-dhe-grate-udheheqin-marshimin\/","url_meta":{"origin":102908,"position":4},"title":"Bulevardi \u201cD\u00ebshmor\u00ebt e Kombit\u201d mbushet plot, protestuesit i p\u00ebrgjigjen policis\u00eb, f\u00ebmij\u00ebt dhe grat\u00eb udh\u00ebheqin marshimin","author":"Kurt Farka","date":"June 4, 2026","format":false,"excerpt":"4 Qershor 2026 Bulevardi \u201cD\u00ebshmor\u00ebt e Kombit\u201d \u00ebsht\u00eb mbushur me protestues q\u00eb i jan\u00eb bashkuar tubimit kund\u00ebr projektit p\u00ebr nd\u00ebrtimin e resortit turistik n\u00eb zon\u00ebn e mbrojtur t\u00eb Zv\u00ebrnecit. Pas grumbullimit n\u00eb sheshin \u201cSk\u00ebnderbej\u201d, qytetar\u00ebt kan\u00eb nisur marshimin drejt Kryeministris\u00eb, duke mbajtur pankarta dhe duke brohoritur kund\u00ebr projektit q\u00eb, sipas\u2026","rel":"","context":"In &quot;Blogu i Udh\u00ebtarit&quot;","block_context":{"text":"Blogu i Udh\u00ebtarit","link":"https:\/\/www.shqiperia.com\/blog\/category\/blogu-i-udhetarit\/"},"img":{"alt_text":"","src":"https:\/\/i0.wp.com\/www.shqiperia.com\/blog\/wp-content\/uploads\/2026\/06\/gra-protesta.jpg?fit=1027%2C570&ssl=1&resize=350%2C200","width":350,"height":200,"srcset":"https:\/\/i0.wp.com\/www.shqiperia.com\/blog\/wp-content\/uploads\/2026\/06\/gra-protesta.jpg?fit=1027%2C570&ssl=1&resize=350%2C200 1x, https:\/\/i0.wp.com\/www.shqiperia.com\/blog\/wp-content\/uploads\/2026\/06\/gra-protesta.jpg?fit=1027%2C570&ssl=1&resize=525%2C300 1.5x, https:\/\/i0.wp.com\/www.shqiperia.com\/blog\/wp-content\/uploads\/2026\/06\/gra-protesta.jpg?fit=1027%2C570&ssl=1&resize=700%2C400 2x"},"classes":[]},{"id":102633,"url":"https:\/\/www.shqiperia.com\/blog\/washington-examiner-zemerimi-kunder-pasurimit-te-rames-ka-arritur-kulmin\/","url_meta":{"origin":102908,"position":5},"title":"\u201cWashington Examiner\u201d: &#8211; Zem\u00ebrimi kund\u00ebr pasurimit t\u00eb Ram\u00ebs ka arritur kulmin!","author":"Kurt Farka","date":"July 13, 2026","format":false,"excerpt":"13 Korrik 2026 ... Sipas autorit, Edi Rama, si drejtues i Partis\u00eb Socialiste, e mori n\u00ebn kontroll SPAK-un dhe e p\u00ebrdori at\u00eb p\u00ebr t\u00eb goditur k\u00ebdo q\u00eb rrezikonte pushtetin e tij... \u201cWashington Examiner\u201d i ka kushtuar\u00a0nj\u00eb artikull\u00a0protestave masive q\u00eb vazhdojn\u00eb prej mbi nj\u00eb muaji kund\u00ebr qeveris\u00eb s\u00eb kryeministrit Edi Rama.\u2026","rel":"","context":"In &quot;Blogu i Udh\u00ebtarit&quot;","block_context":{"text":"Blogu i Udh\u00ebtarit","link":"https:\/\/www.shqiperia.com\/blog\/category\/blogu-i-udhetarit\/"},"img":{"alt_text":"","src":"https:\/\/i0.wp.com\/www.shqiperia.com\/blog\/wp-content\/uploads\/2026\/07\/protesta-e-4-korrikut-2.jpg?fit=832%2C556&ssl=1&resize=350%2C200","width":350,"height":200,"srcset":"https:\/\/i0.wp.com\/www.shqiperia.com\/blog\/wp-content\/uploads\/2026\/07\/protesta-e-4-korrikut-2.jpg?fit=832%2C556&ssl=1&resize=350%2C200 1x, https:\/\/i0.wp.com\/www.shqiperia.com\/blog\/wp-content\/uploads\/2026\/07\/protesta-e-4-korrikut-2.jpg?fit=832%2C556&ssl=1&resize=525%2C300 1.5x, https:\/\/i0.wp.com\/www.shqiperia.com\/blog\/wp-content\/uploads\/2026\/07\/protesta-e-4-korrikut-2.jpg?fit=832%2C556&ssl=1&resize=700%2C400 2x"},"classes":[]}],"_links":{"self":[{"href":"https:\/\/www.shqiperia.com\/blog\/wp-json\/wp\/v2\/posts\/102908","targetHints":{"allow":["GET"]}}],"collection":[{"href":"https:\/\/www.shqiperia.com\/blog\/wp-json\/wp\/v2\/posts"}],"about":[{"href":"https:\/\/www.shqiperia.com\/blog\/wp-json\/wp\/v2\/types\/post"}],"author":[{"embeddable":true,"href":"https:\/\/www.shqiperia.com\/blog\/wp-json\/wp\/v2\/users\/9"}],"replies":[{"embeddable":true,"href":"https:\/\/www.shqiperia.com\/blog\/wp-json\/wp\/v2\/comments?post=102908"}],"version-history":[{"count":2,"href":"https:\/\/www.shqiperia.com\/blog\/wp-json\/wp\/v2\/posts\/102908\/revisions"}],"predecessor-version":[{"id":102911,"href":"https:\/\/www.shqiperia.com\/blog\/wp-json\/wp\/v2\/posts\/102908\/revisions\/102911"}],"wp:featuredmedia":[{"embeddable":true,"href":"https:\/\/www.shqiperia.com\/blog\/wp-json\/wp\/v2\/media\/102909"}],"wp:attachment":[{"href":"https:\/\/www.shqiperia.com\/blog\/wp-json\/wp\/v2\/media?parent=102908"}],"wp:term":[{"taxonomy":"category","embeddable":true,"href":"https:\/\/www.shqiperia.com\/blog\/wp-json\/wp\/v2\/categories?post=102908"},{"taxonomy":"post_tag","embeddable":true,"href":"https:\/\/www.shqiperia.com\/blog\/wp-json\/wp\/v2\/tags?post=102908"}],"curies":[{"name":"wp","href":"https:\/\/api.w.org\/{rel}","templated":true}]}}