{"id":102905,"date":"2026-07-18T23:58:04","date_gmt":"2026-07-18T23:58:04","guid":{"rendered":"https:\/\/www.shqiperia.com\/blog\/?p=102905"},"modified":"2026-07-18T23:58:04","modified_gmt":"2026-07-18T23:58:04","slug":"marjana-koceku-ne-mesin-e-protestuesve-para-kryeministrise-qe-kerkojne-doreheqjen-e-rames","status":"publish","type":"post","link":"https:\/\/www.shqiperia.com\/blog\/marjana-koceku-ne-mesin-e-protestuesve-para-kryeministrise-qe-kerkojne-doreheqjen-e-rames\/","title":{"rendered":"Marjana Ko\u00e7eku n\u00eb mesin e protestuesve para Kryeministris\u00eb, q\u00eb k\u00ebrkojn\u00eb dor\u00ebheqjen e Ram\u00ebs"},"content":{"rendered":"<p><img data-recalc-dims=\"1\" loading=\"lazy\" decoding=\"async\" data-attachment-id=\"102906\" data-permalink=\"https:\/\/www.shqiperia.com\/blog\/marjana-koceku-ne-mesin-e-protestuesve-para-kryeministrise-qe-kerkojne-doreheqjen-e-rames\/800-0-6a5bd45ea9ed1\/\" data-orig-file=\"https:\/\/i0.wp.com\/www.shqiperia.com\/blog\/wp-content\/uploads\/2026\/07\/800-0-6a5bd45ea9ed1.jpg?fit=800%2C540&amp;ssl=1\" data-orig-size=\"800,540\" data-comments-opened=\"1\" data-image-meta=\"{&quot;aperture&quot;:&quot;0&quot;,&quot;credit&quot;:&quot;&quot;,&quot;camera&quot;:&quot;&quot;,&quot;caption&quot;:&quot;&quot;,&quot;created_timestamp&quot;:&quot;0&quot;,&quot;copyright&quot;:&quot;&quot;,&quot;focal_length&quot;:&quot;0&quot;,&quot;iso&quot;:&quot;0&quot;,&quot;shutter_speed&quot;:&quot;0&quot;,&quot;title&quot;:&quot;&quot;,&quot;orientation&quot;:&quot;0&quot;}\" data-image-title=\"-800-0-6a5bd45ea9ed1\" data-image-description=\"\" data-image-caption=\"\" data-medium-file=\"https:\/\/i0.wp.com\/www.shqiperia.com\/blog\/wp-content\/uploads\/2026\/07\/800-0-6a5bd45ea9ed1.jpg?fit=300%2C203&amp;ssl=1\" data-large-file=\"https:\/\/i0.wp.com\/www.shqiperia.com\/blog\/wp-content\/uploads\/2026\/07\/800-0-6a5bd45ea9ed1.jpg?fit=800%2C540&amp;ssl=1\" class=\"alignnone  wp-image-102906\" alt=\"\" src=\"https:\/\/i0.wp.com\/www.shqiperia.com\/blog\/wp-content\/uploads\/2026\/07\/800-0-6a5bd45ea9ed1.jpg?resize=572%2C387&#038;ssl=1\" width=\"572\" height=\"387\" srcset=\"https:\/\/i0.wp.com\/www.shqiperia.com\/blog\/wp-content\/uploads\/2026\/07\/800-0-6a5bd45ea9ed1.jpg?resize=300%2C203&amp;ssl=1 300w, https:\/\/i0.wp.com\/www.shqiperia.com\/blog\/wp-content\/uploads\/2026\/07\/800-0-6a5bd45ea9ed1.jpg?resize=768%2C518&amp;ssl=1 768w, https:\/\/i0.wp.com\/www.shqiperia.com\/blog\/wp-content\/uploads\/2026\/07\/800-0-6a5bd45ea9ed1.jpg?resize=450%2C304&amp;ssl=1 450w, https:\/\/i0.wp.com\/www.shqiperia.com\/blog\/wp-content\/uploads\/2026\/07\/800-0-6a5bd45ea9ed1.jpg?resize=600%2C405&amp;ssl=1 600w, https:\/\/i0.wp.com\/www.shqiperia.com\/blog\/wp-content\/uploads\/2026\/07\/800-0-6a5bd45ea9ed1.jpg?resize=235%2C160&amp;ssl=1 235w, https:\/\/i0.wp.com\/www.shqiperia.com\/blog\/wp-content\/uploads\/2026\/07\/800-0-6a5bd45ea9ed1.jpg?resize=400%2C270&amp;ssl=1 400w, https:\/\/i0.wp.com\/www.shqiperia.com\/blog\/wp-content\/uploads\/2026\/07\/800-0-6a5bd45ea9ed1.jpg?w=800&amp;ssl=1 800w\" sizes=\"auto, (max-width: 572px) 100vw, 572px\" \/><\/p>\n<p>19 Korrik 2026<\/p>\n<p>Deputetja e larguar nga PS, tashm\u00eb e pavarur, Marjana Ko\u00e7eku, i \u00ebsht\u00eb bashkuar s\u00ebrish protestuesve n\u00eb shesh duke k\u00ebrkuar largimin e Edi Ram\u00ebs.<\/p>\n<p>Deputetja e paralajm\u00ebroi edhe m\u00eb her\u00ebt p\u00ebrmes nj\u00eb videoje n\u00eb rrjete sociale se do t\u00eb dilte n\u00eb shesh n\u00eb k\u00ebt\u00eb dit\u00eb t\u00eb 49-t\u00eb t\u00eb revolt\u00ebs kund\u00ebr qeveris\u00eb.<\/p>\n<p>Kujtojm\u00eb q\u00eb pas protestave masive deputetja hoqi dor\u00eb nga grupi parlamentar i PS-s\u00eb dhe deklaroi se do t\u00eb p\u00ebrfaq\u00ebsonte qytetar\u00ebt si deputete e pavarur.<\/p>\n","protected":false},"excerpt":{"rendered":"<p>19 Korrik 2026 Deputetja e larguar nga PS, tashm\u00eb e pavarur, Marjana Ko\u00e7eku, i \u00ebsht\u00eb bashkuar s\u00ebrish protestuesve n\u00eb shesh duke k\u00ebrkuar largimin e Edi Ram\u00ebs. Deputetja e paralajm\u00ebroi edhe m\u00eb her\u00ebt p\u00ebrmes nj\u00eb videoje n\u00eb rrjete sociale se do t\u00eb dilte n\u00eb shesh n\u00eb k\u00ebt\u00eb dit\u00eb t\u00eb 49-t\u00eb t\u00eb revolt\u00ebs kund\u00ebr qeveris\u00eb. Kujtojm\u00eb q\u00eb [&hellip;]<\/p>\n","protected":false},"author":9,"featured_media":102906,"comment_status":"open","ping_status":"open","sticky":false,"template":"","format":"standard","meta":{"jetpack_post_was_ever_published":false,"_jetpack_newsletter_access":"","_jetpack_dont_email_post_to_subs":false,"_jetpack_newsletter_tier_id":0,"_jetpack_memberships_contains_paywalled_content":false,"_jetpack_memberships_contains_paid_content":false,"footnotes":"","jetpack_publicize_message":"","jetpack_publicize_feature_enabled":true,"jetpack_social_post_already_shared":true,"jetpack_social_options":{"image_generator_settings":{"template":"highway","default_image_id":0,"font":"","enabled":false},"version":2}},"categories":[27,1,2,35],"tags":[],"class_list":["post-102905","post","type-post","status-publish","format-standard","has-post-thumbnail","hentry","category-blogu-i-udhetarit","category-njoftime-shtypi","category-politika","category-shoqerore"],"jetpack_publicize_connections":[],"jetpack_featured_media_url":"https:\/\/i0.wp.com\/www.shqiperia.com\/blog\/wp-content\/uploads\/2026\/07\/800-0-6a5bd45ea9ed1.jpg?fit=800%2C540&ssl=1","jetpack_sharing_enabled":true,"jetpack_shortlink":"https:\/\/wp.me\/p5Z6wp-qLL","jetpack-related-posts":[{"id":103014,"url":"https:\/\/www.shqiperia.com\/blog\/marjana-koceku-shqiptaret-jane-kunder-qeverise-dhe-pro-be-se\/","url_meta":{"origin":102905,"position":0},"title":"Marjana Ko\u00e7eku: &#8211; Shqiptar\u00ebt jan\u00eb kund\u00ebr qeveris\u00eb dhe pro BE-s\u00eb","author":"Kurt Farka","date":"July 21, 2026","format":false,"excerpt":"21 Korrik 2026 Deputetja e pavarur Marjana Ko\u00e7eku, e njohur edhe si \u201cNeomalsore\u201d, ka rr\u00ebfyer arsyet e largimit nga Partia Socialiste, vizionin e saj p\u00ebr zhvillimin e Shqip\u00ebris\u00eb dhe q\u00ebndrimin ndaj protestave qytetare, n\u00eb nj\u00eb intervist\u00eb p\u00ebr\u00a0Osservatorio Balcani e Caucaso Transeuropa. Ko\u00e7eku tregon se u kthye n\u00eb Shqip\u00ebri n\u00eb vitin\u2026","rel":"","context":"In &quot;Blogu i Udh\u00ebtarit&quot;","block_context":{"text":"Blogu i Udh\u00ebtarit","link":"https:\/\/www.shqiperia.com\/blog\/category\/blogu-i-udhetarit\/"},"img":{"alt_text":"","src":"https:\/\/i0.wp.com\/www.shqiperia.com\/blog\/wp-content\/uploads\/2026\/07\/WhatsApp-Image-2026-07-17-at-09.59.50-800x533-1.webp?fit=800%2C533&ssl=1&resize=350%2C200","width":350,"height":200,"srcset":"https:\/\/i0.wp.com\/www.shqiperia.com\/blog\/wp-content\/uploads\/2026\/07\/WhatsApp-Image-2026-07-17-at-09.59.50-800x533-1.webp?fit=800%2C533&ssl=1&resize=350%2C200 1x, https:\/\/i0.wp.com\/www.shqiperia.com\/blog\/wp-content\/uploads\/2026\/07\/WhatsApp-Image-2026-07-17-at-09.59.50-800x533-1.webp?fit=800%2C533&ssl=1&resize=525%2C300 1.5x, https:\/\/i0.wp.com\/www.shqiperia.com\/blog\/wp-content\/uploads\/2026\/07\/WhatsApp-Image-2026-07-17-at-09.59.50-800x533-1.webp?fit=800%2C533&ssl=1&resize=700%2C400 2x"},"classes":[]},{"id":104205,"url":"https:\/\/www.shqiperia.com\/blog\/situata-me-zjarret-marjana-koceku-shteti-ka-me-shume-prioritet-paketen-e-maleve-sesa-vete-mbrojtjen-e-tyre-po-digjet-pasuria-me-e-madhe-e-vendit\/","url_meta":{"origin":102905,"position":1},"title":"Situata me zjarret, Marjana Ko\u00e7eku: Shteti ka m\u00eb shum\u00eb prioritet Paket\u00ebn e Maleve, sesa vet\u00eb mbrojtjen e tyre! Po digjet pasuria m\u00eb e madhe e vendit","author":"Kurt Farka","date":"August 12, 2026","format":false,"excerpt":"12 Gusht 2026 Deputetja e pavarur Marjana Ko\u00e7eku, e cila u largua nga PS disa jav\u00eb m\u00eb par\u00eb pas nisjes s\u00eb protestave kund\u00ebr qeveris\u00eb s\u00eb Edi Ram\u00ebs, ka b\u00ebr\u00eb nj\u00eb reagim n\u00eb lidhje me situat\u00ebn e zjarreve q\u00eb kan\u00eb prekur vendin dit\u00ebt e fundit. N\u00eb nj\u00eb postim, deputetja thot\u00eb se\u2026","rel":"","context":"In &quot;Blogu i Udh\u00ebtarit&quot;","block_context":{"text":"Blogu i Udh\u00ebtarit","link":"https:\/\/www.shqiperia.com\/blog\/category\/blogu-i-udhetarit\/"},"img":{"alt_text":"","src":"https:\/\/i0.wp.com\/www.shqiperia.com\/blog\/wp-content\/uploads\/2026\/08\/koceku-zjarret.jpg?fit=776%2C429&ssl=1&resize=350%2C200","width":350,"height":200,"srcset":"https:\/\/i0.wp.com\/www.shqiperia.com\/blog\/wp-content\/uploads\/2026\/08\/koceku-zjarret.jpg?fit=776%2C429&ssl=1&resize=350%2C200 1x, https:\/\/i0.wp.com\/www.shqiperia.com\/blog\/wp-content\/uploads\/2026\/08\/koceku-zjarret.jpg?fit=776%2C429&ssl=1&resize=525%2C300 1.5x, https:\/\/i0.wp.com\/www.shqiperia.com\/blog\/wp-content\/uploads\/2026\/08\/koceku-zjarret.jpg?fit=776%2C429&ssl=1&resize=700%2C400 2x"},"classes":[]},{"id":103235,"url":"https:\/\/www.shqiperia.com\/blog\/marjana-koceku-me-ironi-perbuzese-per-ramen-flasin-per-besen-njerez-qe-nuk-ia-kane-idene-cka-asht-besa\/","url_meta":{"origin":102905,"position":2},"title":"Marjana Ko\u00e7eku me ironi p\u00ebrbuz\u00ebse p\u00ebr Ram\u00ebn: &#8211; Flasin p\u00ebr bes\u00ebn njer\u00ebz q\u00eb nuk ia kan\u00eb iden\u00eb \u00e7ka asht besa","author":"Kurt Farka","date":"July 26, 2026","format":false,"excerpt":"26 Korrik 2026 Deputetja e dal\u00eb nga listat e PS-s\u00eb n\u00eb zgjedhjet e 11 Majit 2025, por q\u00eb tani \u00ebsht\u00eb e pavarur n\u00eb parlament, Marjana Ko\u00e7eku ka reaguar ndaj fjalimit t\u00eb djesh\u00ebm t\u00eb Edi Ram\u00ebs. Ko\u00e7eku ka ironizuar kreun e socialist\u00ebve Edi Rama, p\u00ebr librin e tij \u2018Besa\u2019. Reagimi i\u2026","rel":"","context":"In &quot;Blogu i Udh\u00ebtarit&quot;","block_context":{"text":"Blogu i Udh\u00ebtarit","link":"https:\/\/www.shqiperia.com\/blog\/category\/blogu-i-udhetarit\/"},"img":{"alt_text":"","src":"https:\/\/i0.wp.com\/www.shqiperia.com\/blog\/wp-content\/uploads\/2026\/07\/800-0-900-0-1783576748xrama-koceku-455-6a64d20a2cf8a-1.png?fit=800%2C438&ssl=1&resize=350%2C200","width":350,"height":200,"srcset":"https:\/\/i0.wp.com\/www.shqiperia.com\/blog\/wp-content\/uploads\/2026\/07\/800-0-900-0-1783576748xrama-koceku-455-6a64d20a2cf8a-1.png?fit=800%2C438&ssl=1&resize=350%2C200 1x, https:\/\/i0.wp.com\/www.shqiperia.com\/blog\/wp-content\/uploads\/2026\/07\/800-0-900-0-1783576748xrama-koceku-455-6a64d20a2cf8a-1.png?fit=800%2C438&ssl=1&resize=525%2C300 1.5x, https:\/\/i0.wp.com\/www.shqiperia.com\/blog\/wp-content\/uploads\/2026\/07\/800-0-900-0-1783576748xrama-koceku-455-6a64d20a2cf8a-1.png?fit=800%2C438&ssl=1&resize=700%2C400 2x"},"classes":[]},{"id":103042,"url":"https:\/\/www.shqiperia.com\/blog\/marjana-koceku-te-jesh-shqiptar-i-mire-sdo-te-thote-te-mbash-nje-flamur-por-te-mbrosh-ate-qe-na-eshte-trasheguar\/","url_meta":{"origin":102905,"position":3},"title":"Marjana Ko\u00e7eku; &#8211; T\u00eb jesh shqiptar i mir\u00eb s\u2019do t\u00eb thot\u00eb t\u00eb mbash nj\u00eb flamur, por t\u00eb mbrosh at\u00eb q\u00eb na \u00ebsht\u00eb trash\u00ebguar","author":"Kurt Farka","date":"July 21, 2026","format":false,"excerpt":"21 Korrik 2026 Deputetja e pavaruar Marjana Ko\u00e7eku ka deklaruar se ajo po punon p\u00ebr nj\u00eb platform\u00eb politike, ku n\u00eb thelb t\u00eb saj do t\u00eb jet\u00eb mbrojtja e mjedisit. Ajo tha se aktualisht n\u00eb Parlament \u00ebsht\u00eb e vetme p\u00ebr kauz\u00ebn e saj. \u201cSi deputete e pavarur po puno p\u00ebr nj\u00eb\u2026","rel":"","context":"In &quot;Blogu i Udh\u00ebtarit&quot;","block_context":{"text":"Blogu i Udh\u00ebtarit","link":"https:\/\/www.shqiperia.com\/blog\/category\/blogu-i-udhetarit\/"},"img":{"alt_text":"","src":"https:\/\/i0.wp.com\/www.shqiperia.com\/blog\/wp-content\/uploads\/2026\/07\/OIP-2.webp?fit=474%2C266&ssl=1&resize=350%2C200","width":350,"height":200},"classes":[]},{"id":102614,"url":"https:\/\/www.shqiperia.com\/blog\/marjana-koceku-per-median-holandeze-protestat-do-te-rriten-edhe-me-shume\/","url_meta":{"origin":102905,"position":4},"title":"Marjana Ko\u00e7eku p\u00ebr median holandeze: &#8211; Protestat do t\u00eb rriten edhe m\u00eb shum\u00eb!","author":"Kurt Farka","date":"July 13, 2026","format":false,"excerpt":"13 Korrik 2026 \u201cShqip\u00ebria ka qen\u00eb\u00a0 trazuar, shkak \u00ebsht\u00eb \u201cRevolucioni Flamingo\u201d. Deri tani, dhjet\u00ebra mij\u00ebra shqiptar\u00eb kan\u00eb dal\u00eb n\u00eb rrug\u00eb p\u00ebr m\u00eb shum\u00eb se 40 dit\u00eb, ku maksimumi i pjes\u00ebmarr\u00ebsve n\u00eb shesh ka qen\u00eb 250,000 qytetar\u00eb\u201d. K\u00ebshtu shkruan gazeta hollandeze \u201cde Volkskrant\u201d, p\u00ebr t\u00eb cil\u00ebn deputetja tashm\u00eb e pavarur Marjana\u2026","rel":"","context":"In &quot;Blogu i Udh\u00ebtarit&quot;","block_context":{"text":"Blogu i Udh\u00ebtarit","link":"https:\/\/www.shqiperia.com\/blog\/category\/blogu-i-udhetarit\/"},"img":{"alt_text":"","src":"https:\/\/i0.wp.com\/www.shqiperia.com\/blog\/wp-content\/uploads\/2026\/07\/marjana-kocekui.png?fit=1182%2C780&ssl=1&resize=350%2C200","width":350,"height":200,"srcset":"https:\/\/i0.wp.com\/www.shqiperia.com\/blog\/wp-content\/uploads\/2026\/07\/marjana-kocekui.png?fit=1182%2C780&ssl=1&resize=350%2C200 1x, https:\/\/i0.wp.com\/www.shqiperia.com\/blog\/wp-content\/uploads\/2026\/07\/marjana-kocekui.png?fit=1182%2C780&ssl=1&resize=525%2C300 1.5x, https:\/\/i0.wp.com\/www.shqiperia.com\/blog\/wp-content\/uploads\/2026\/07\/marjana-kocekui.png?fit=1182%2C780&ssl=1&resize=700%2C400 2x, https:\/\/i0.wp.com\/www.shqiperia.com\/blog\/wp-content\/uploads\/2026\/07\/marjana-kocekui.png?fit=1182%2C780&ssl=1&resize=1050%2C600 3x"},"classes":[]},{"id":104564,"url":"https:\/\/www.shqiperia.com\/blog\/marjana-koceku-politika-e-vjeter-perqesh-dhe-refuzon-te-degjoje-te-rene\/","url_meta":{"origin":102905,"position":5},"title":"Marjana Ko\u00e7eku : &#8211; Politika e vjet\u00ebr p\u00ebrqesh dhe refuzon t\u00eb d\u00ebgjoj\u00eb t\u00eb ren\u00eb","author":"Kurt Farka","date":"August 16, 2026","format":false,"excerpt":"16 Gusht 2026 Deputetja e pavarur Marjana Ko\u00e7eku p\u00ebrmes nj\u00eb postmi n\u00eb rrjetet sociale ka reaguar s\u00ebrish p\u00ebr protstat masive antiqeveritare t\u00eb cilat vijojn\u00eb prej 77 dit\u00ebsh n\u00eb vendin ton\u00eb. Ko\u00e7eku deklaron se protesta i ka b\u00ebr\u00eb njer\u00ebzit t\u00eb kuptojn\u00eb se publikja dhe e p\u00ebrbashk\u00ebta na p\u00ebrkasin t\u00eb gjith\u00ebve. Deputetja,\u2026","rel":"","context":"In &quot;Blogu i Udh\u00ebtarit&quot;","block_context":{"text":"Blogu i Udh\u00ebtarit","link":"https:\/\/www.shqiperia.com\/blog\/category\/blogu-i-udhetarit\/"},"img":{"alt_text":"","src":"https:\/\/i0.wp.com\/www.shqiperia.com\/blog\/wp-content\/uploads\/2026\/08\/marjana-koceku-puke-2025.jpg?fit=688%2C494&ssl=1&resize=350%2C200","width":350,"height":200,"srcset":"https:\/\/i0.wp.com\/www.shqiperia.com\/blog\/wp-content\/uploads\/2026\/08\/marjana-koceku-puke-2025.jpg?fit=688%2C494&ssl=1&resize=350%2C200 1x, https:\/\/i0.wp.com\/www.shqiperia.com\/blog\/wp-content\/uploads\/2026\/08\/marjana-koceku-puke-2025.jpg?fit=688%2C494&ssl=1&resize=525%2C300 1.5x"},"classes":[]}],"_links":{"self":[{"href":"https:\/\/www.shqiperia.com\/blog\/wp-json\/wp\/v2\/posts\/102905","targetHints":{"allow":["GET"]}}],"collection":[{"href":"https:\/\/www.shqiperia.com\/blog\/wp-json\/wp\/v2\/posts"}],"about":[{"href":"https:\/\/www.shqiperia.com\/blog\/wp-json\/wp\/v2\/types\/post"}],"author":[{"embeddable":true,"href":"https:\/\/www.shqiperia.com\/blog\/wp-json\/wp\/v2\/users\/9"}],"replies":[{"embeddable":true,"href":"https:\/\/www.shqiperia.com\/blog\/wp-json\/wp\/v2\/comments?post=102905"}],"version-history":[{"count":1,"href":"https:\/\/www.shqiperia.com\/blog\/wp-json\/wp\/v2\/posts\/102905\/revisions"}],"predecessor-version":[{"id":102907,"href":"https:\/\/www.shqiperia.com\/blog\/wp-json\/wp\/v2\/posts\/102905\/revisions\/102907"}],"wp:featuredmedia":[{"embeddable":true,"href":"https:\/\/www.shqiperia.com\/blog\/wp-json\/wp\/v2\/media\/102906"}],"wp:attachment":[{"href":"https:\/\/www.shqiperia.com\/blog\/wp-json\/wp\/v2\/media?parent=102905"}],"wp:term":[{"taxonomy":"category","embeddable":true,"href":"https:\/\/www.shqiperia.com\/blog\/wp-json\/wp\/v2\/categories?post=102905"},{"taxonomy":"post_tag","embeddable":true,"href":"https:\/\/www.shqiperia.com\/blog\/wp-json\/wp\/v2\/tags?post=102905"}],"curies":[{"name":"wp","href":"https:\/\/api.w.org\/{rel}","templated":true}]}}