{"id":102901,"date":"2026-07-18T23:52:05","date_gmt":"2026-07-18T23:52:05","guid":{"rendered":"https:\/\/www.shqiperia.com\/blog\/?p=102901"},"modified":"2026-07-18T23:52:05","modified_gmt":"2026-07-18T23:52:05","slug":"zbulohet-supertoka-me-atmosfere","status":"publish","type":"post","link":"https:\/\/www.shqiperia.com\/blog\/zbulohet-supertoka-me-atmosfere\/","title":{"rendered":"Zbulohet \u201cSupertoka\u201d me atmosfer\u00eb"},"content":{"rendered":"<h5><img data-recalc-dims=\"1\" loading=\"lazy\" decoding=\"async\" data-attachment-id=\"102902\" data-permalink=\"https:\/\/www.shqiperia.com\/blog\/zbulohet-supertoka-me-atmosfere\/planeti-1024x601\/\" data-orig-file=\"https:\/\/i0.wp.com\/www.shqiperia.com\/blog\/wp-content\/uploads\/2026\/07\/planeti-1024x601-1.webp?fit=1024%2C601&amp;ssl=1\" data-orig-size=\"1024,601\" data-comments-opened=\"1\" data-image-meta=\"{&quot;aperture&quot;:&quot;0&quot;,&quot;credit&quot;:&quot;&quot;,&quot;camera&quot;:&quot;&quot;,&quot;caption&quot;:&quot;&quot;,&quot;created_timestamp&quot;:&quot;0&quot;,&quot;copyright&quot;:&quot;&quot;,&quot;focal_length&quot;:&quot;0&quot;,&quot;iso&quot;:&quot;0&quot;,&quot;shutter_speed&quot;:&quot;0&quot;,&quot;title&quot;:&quot;&quot;,&quot;orientation&quot;:&quot;0&quot;}\" data-image-title=\"planeti-1024&#215;601\" data-image-description=\"\" data-image-caption=\"\" data-medium-file=\"https:\/\/i0.wp.com\/www.shqiperia.com\/blog\/wp-content\/uploads\/2026\/07\/planeti-1024x601-1.webp?fit=300%2C176&amp;ssl=1\" data-large-file=\"https:\/\/i0.wp.com\/www.shqiperia.com\/blog\/wp-content\/uploads\/2026\/07\/planeti-1024x601-1.webp?fit=1024%2C601&amp;ssl=1\" class=\"alignnone  wp-image-102902\" alt=\"\" src=\"https:\/\/i0.wp.com\/www.shqiperia.com\/blog\/wp-content\/uploads\/2026\/07\/planeti-1024x601-1.webp?resize=597%2C350&#038;ssl=1\" width=\"597\" height=\"350\" srcset=\"https:\/\/i0.wp.com\/www.shqiperia.com\/blog\/wp-content\/uploads\/2026\/07\/planeti-1024x601-1.webp?resize=300%2C176&amp;ssl=1 300w, https:\/\/i0.wp.com\/www.shqiperia.com\/blog\/wp-content\/uploads\/2026\/07\/planeti-1024x601-1.webp?resize=768%2C451&amp;ssl=1 768w, https:\/\/i0.wp.com\/www.shqiperia.com\/blog\/wp-content\/uploads\/2026\/07\/planeti-1024x601-1.webp?resize=450%2C264&amp;ssl=1 450w, https:\/\/i0.wp.com\/www.shqiperia.com\/blog\/wp-content\/uploads\/2026\/07\/planeti-1024x601-1.webp?resize=600%2C352&amp;ssl=1 600w, https:\/\/i0.wp.com\/www.shqiperia.com\/blog\/wp-content\/uploads\/2026\/07\/planeti-1024x601-1.webp?resize=400%2C235&amp;ssl=1 400w, https:\/\/i0.wp.com\/www.shqiperia.com\/blog\/wp-content\/uploads\/2026\/07\/planeti-1024x601-1.webp?w=1024&amp;ssl=1 1024w\" sizes=\"auto, (max-width: 597px) 100vw, 597px\" \/><\/h5>\n<h5 class=\"post-subtitle ng-star-inserted\">19 Korrik 2026<\/h5>\n<h5 class=\"post-subtitle ng-star-inserted\">Shkenc\u00ebtar\u00ebt konfirmojn\u00eb atmosfer\u00ebn n\u00eb nj\u00eb planet shk\u00ebmbor jasht\u00eb sistemit diellor.<\/h5>\n<p>Atmosfer\u00eb n\u00eb nj\u00eb tjet\u00ebr trup qiellor. Zbulohet p\u00ebr t\u00eb par\u00ebn her\u00eb prania e atmosfer\u00ebs n\u00eb nj\u00eb planet shk\u00ebmbor, vet\u00ebm 48 vite drit\u00eb larg nesh, n\u00eb zon\u00ebn e ashtuquajtur t\u00eb banueshme pran\u00eb nj\u00eb ylli m\u00ebm\u00eb.<\/p>\n<p>Planeti \u00ebsht\u00eb LHS 1140b dhe gjendet n\u00eb nj\u00eb zon\u00eb ku temperaturat dhe kushtet mjedisore mund t\u00eb jen\u00eb t\u00eb favorshme p\u00ebr pranin\u00eb e ujit n\u00eb gjendje t\u00eb l\u00ebngshme n\u00eb sip\u00ebrfaqen e tij, e ndoshta edhe pranin\u00eb e nj\u00eb oqeani t\u00eb madh.<\/p>\n<p>Ky planet \u00ebsht\u00eb v\u00ebzhguar p\u00ebr her\u00eb t\u00eb par\u00eb n\u00eb vitin 2017, por mendohej se ishte i gazt\u00eb. Vet\u00ebm n\u00eb studimin e fundit, m\u00eb t\u00eb imt\u00ebsish\u00ebm, me t\u00eb dh\u00ebna dhe v\u00ebzhgime t\u00eb vazhdueshme, \u00ebsht\u00eb zbuluar q\u00eb \u00ebsht\u00eb shk\u00ebmbor dhe, p\u00ebr m\u00eb tep\u00ebr, ka edhe atmosfer\u00eb, duke e klasifikuar n\u00eb kategorin\u00eb e planeteve t\u00eb ashtuquajtura Super Toka, p\u00ebr ngjashm\u00ebrit\u00eb me planetin ton\u00eb.<\/p>\n<p>Studimi i r\u00ebnd\u00ebsish\u00ebm \u00ebsht\u00eb drejtuar nga shkenc\u00ebtari Collin Cherubim i Universitetit Harvard dhe \u00ebsht\u00eb publikuar n\u00eb revist\u00ebn Science.<\/p>\n<p>Planeti orbiton rreth nj\u00eb xhuxhi t\u00eb kuq, nj\u00eb yll i madh dhe i r\u00ebnd\u00eb sa 1\/5 e Diellit ton\u00eb, pra shum\u00eb m\u00eb i ftoht\u00eb. LHS 1140b ka nj\u00eb dend\u00ebsi t\u00eb p\u00ebrputhshme me at\u00eb t\u00eb p\u00ebrb\u00ebrjes shk\u00ebmbore dhe \u00ebsht\u00eb i pasuruar me nj\u00eb mb\u00ebshtjellje t\u00eb gazt\u00eb, pra atmosfer\u00ebn.<\/p>\n<p>Deri m\u00eb sot, astronom\u00ebt kan\u00eb arritur t\u00eb zbulojn\u00eb gjurm\u00eb t\u00eb atmosfer\u00ebs vet\u00ebm n\u00eb gjigant\u00eb t\u00eb gazt\u00eb, t\u00eb ngjash\u00ebm me Jupiterin dhe plot\u00ebsisht t\u00eb pap\u00ebrshtatsh\u00ebm p\u00ebr zhvillimin e jet\u00ebs.<\/p>\n<p>Nga t\u00eb dh\u00ebnat e mbledhura n\u00eb studimin e fundit, rezulton se atmosfera e planetit LHS 1140b ka n\u00eb p\u00ebrmbajtje elementin helium, i cili \u00ebsht\u00eb dominues.<\/p>\n<p>Autor\u00ebt shpjegojn\u00eb se \u00ebsht\u00eb enigmatike se si nj\u00eb planet shk\u00ebmbor ka arritur t\u00eb mbaj\u00eb atmosfer\u00ebn e tij p\u00ebr t\u00eb pakt\u00ebn 3 mld vjet. Kjo pasi ylli i tij, q\u00eb \u00ebsht\u00eb i kategoris\u00eb s\u00eb xhuxh\u00ebve t\u00eb kuq, \u00ebsht\u00eb i njohur p\u00ebr aktivitetin e dhunsh\u00ebm, t\u00eb karakterizuar nga \u00e7lirime energjie dhe drite t\u00eb tilla, n\u00eb gjendje t\u00eb zhveshin plot\u00ebsisht planet\u00ebt pran\u00eb.<\/p>\n<p>Por n\u00eb k\u00ebt\u00eb rast, LHS 1140b gjendet n\u00eb nj\u00eb distanc\u00eb sigurie, gj\u00eb q\u00eb ka b\u00ebr\u00eb t\u00eb mundur q\u00eb planeti t\u00eb ket\u00eb ende heliumin q\u00eb nga epoka e larg\u00ebt e faz\u00ebs s\u00eb formimit t\u00eb tij, duke i mbijetuar rrezatimeve X dhe ultraviolet t\u00eb s\u00eb kaluar\u00ebs. Aktualisht, ky planet merr nga ylli i tij 42% t\u00eb energjis\u00eb q\u00eb Toka merr nga Dielli.<\/p>\n<p>Atmosfera \u00ebsht\u00eb p\u00ebrb\u00ebr\u00ebs thelb\u00ebsor p\u00ebr jet\u00ebn n\u00eb Tok\u00eb. Pavar\u00ebsisht se ekzoplanet\u00eb, pra planet\u00eb jasht\u00eb sistemit ton\u00eb diellor, t\u00eb ngjash\u00ebm me Tok\u00ebn jan\u00eb zbuluar shum\u00eb, por asnj\u00ebher\u00eb nuk \u00ebsht\u00eb gjetur atmosfer\u00eb n\u00eb asnj\u00eb prej tyre.<\/p>\n<p>Shkenca ka b\u00ebr\u00eb p\u00ebrparime t\u00eb jasht\u00ebzakonshme, nd\u00ebrkoh\u00eb q\u00eb 20 vjet m\u00eb par\u00eb nuk kishim njohuri n\u00ebse ekzistonin planete t\u00eb tjer\u00eb t\u00eb ngjash\u00ebm me Tok\u00ebn ton\u00eb. M\u00eb pas u zbulua q\u00eb jan\u00eb t\u00eb shumt\u00eb, por asnj\u00ebher\u00eb me atmosfer\u00eb, gj\u00eb q\u00eb u arrit t\u00eb vrojtohet e konfirmohet edhe prania e saj diku tjet\u00ebr n\u00eb Univers.<\/p>\n","protected":false},"excerpt":{"rendered":"<p>19 Korrik 2026 Shkenc\u00ebtar\u00ebt konfirmojn\u00eb atmosfer\u00ebn n\u00eb nj\u00eb planet shk\u00ebmbor jasht\u00eb sistemit diellor. Atmosfer\u00eb n\u00eb nj\u00eb tjet\u00ebr trup qiellor. Zbulohet p\u00ebr t\u00eb par\u00ebn her\u00eb prania e atmosfer\u00ebs n\u00eb nj\u00eb planet shk\u00ebmbor, vet\u00ebm 48 vite drit\u00eb larg nesh, n\u00eb zon\u00ebn e ashtuquajtur t\u00eb banueshme pran\u00eb nj\u00eb ylli m\u00ebm\u00eb. Planeti \u00ebsht\u00eb LHS 1140b dhe gjendet n\u00eb nj\u00eb [&hellip;]<\/p>\n","protected":false},"author":9,"featured_media":102902,"comment_status":"open","ping_status":"open","sticky":false,"template":"","format":"standard","meta":{"jetpack_post_was_ever_published":false,"_jetpack_newsletter_access":"","_jetpack_dont_email_post_to_subs":false,"_jetpack_newsletter_tier_id":0,"_jetpack_memberships_contains_paywalled_content":false,"_jetpack_memberships_contains_paid_content":false,"footnotes":"","jetpack_publicize_message":"","jetpack_publicize_feature_enabled":true,"jetpack_social_post_already_shared":true,"jetpack_social_options":{"image_generator_settings":{"template":"highway","default_image_id":0,"font":"","enabled":false},"version":2}},"categories":[27,1,14],"tags":[],"class_list":["post-102901","post","type-post","status-publish","format-standard","has-post-thumbnail","hentry","category-blogu-i-udhetarit","category-njoftime-shtypi","category-press-releases"],"jetpack_publicize_connections":[],"jetpack_featured_media_url":"https:\/\/i0.wp.com\/www.shqiperia.com\/blog\/wp-content\/uploads\/2026\/07\/planeti-1024x601-1.webp?fit=1024%2C601&ssl=1","jetpack_sharing_enabled":true,"jetpack_shortlink":"https:\/\/wp.me\/p5Z6wp-qLH","jetpack-related-posts":[{"id":103322,"url":"https:\/\/www.shqiperia.com\/blog\/auron-tare-ura-mes-historise-dhe-kohes-se-mbretit\/","url_meta":{"origin":102901,"position":0},"title":"Auron Tare: Ura, mes historis\u00eb dhe Koh\u00ebs s\u00eb &#8220;Mbretit&#8221;","author":"Kurt Farka","date":"July 28, 2026","format":false,"excerpt":"28 Korrik 2026 Nd\u00ebrhyrja n\u00eb Ur\u00ebn e Kadiut \u00ebsht\u00eb shembulli m\u00eb i qart\u00eb i k\u00ebsaj filozofie. Formacioni shk\u00ebmbor q\u00eb mbante ur\u00ebn u prish me eskavator dhe vendin e tij e zuri betoni.Ura e Kadiut n\u00eb P\u00ebrmet. Tashm\u00eb nuk ka mbetur asnj\u00eb dyshim se \u00e7far\u00eb ka ndodhur n\u00eb Kanionin e Langaric\u00ebs.\u2026","rel":"","context":"In &quot;Blogu i Udh\u00ebtarit&quot;","block_context":{"text":"Blogu i Udh\u00ebtarit","link":"https:\/\/www.shqiperia.com\/blog\/category\/blogu-i-udhetarit\/"},"img":{"alt_text":"","src":"https:\/\/i0.wp.com\/www.shqiperia.com\/blog\/wp-content\/uploads\/2026\/07\/1785057830_uraekadiut.jpg?fit=780%2C440&ssl=1&resize=350%2C200","width":350,"height":200,"srcset":"https:\/\/i0.wp.com\/www.shqiperia.com\/blog\/wp-content\/uploads\/2026\/07\/1785057830_uraekadiut.jpg?fit=780%2C440&ssl=1&resize=350%2C200 1x, https:\/\/i0.wp.com\/www.shqiperia.com\/blog\/wp-content\/uploads\/2026\/07\/1785057830_uraekadiut.jpg?fit=780%2C440&ssl=1&resize=525%2C300 1.5x, https:\/\/i0.wp.com\/www.shqiperia.com\/blog\/wp-content\/uploads\/2026\/07\/1785057830_uraekadiut.jpg?fit=780%2C440&ssl=1&resize=700%2C400 2x"},"classes":[]},{"id":100039,"url":"https:\/\/www.shqiperia.com\/blog\/zbulohet-origjina-e-hantavirusit-qe-pushtoi-kroceren-dhe-ka-alarmuar-boten-burimi-i-perhapjes-ishte-ne\/","url_meta":{"origin":102901,"position":1},"title":"Zbulohet origjina e Hantavirusit q\u00eb \u2018pushtoi\u2019 kro\u00e7er\u00ebn dhe ka alarmuar bot\u00ebn, burimi i p\u00ebrhapjes ishte n\u00eb\u2026","author":"Kurt Farka","date":"May 8, 2026","format":false,"excerpt":"8 Maji 2026 Argjentina \u00ebsht\u00eb n\u00eb qend\u00ebr t\u00eb nj\u00eb hetimi nd\u00ebrkomb\u00ebtar sh\u00ebndet\u00ebsor, pas nj\u00eb shp\u00ebrthimi t\u00eb Hantavirusit n\u00eb anijen turistike holandeze MV Hondius, me autoritetet q\u00eb po hetojn\u00eb nj\u00eb deponi (habitat, zon\u00eb t\u00eb kontaminuar) n\u00eb periferi t\u00eb Ushuaia-s, n\u00eb pjes\u00ebn jugore t\u00eb vendit, si nj\u00eb burim t\u00eb mundsh\u00ebm infeksioni. Sipas\u2026","rel":"","context":"In &quot;Blogu i Udh\u00ebtarit&quot;","block_context":{"text":"Blogu i Udh\u00ebtarit","link":"https:\/\/www.shqiperia.com\/blog\/category\/blogu-i-udhetarit\/"},"img":{"alt_text":"","src":"https:\/\/i0.wp.com\/www.shqiperia.com\/blog\/wp-content\/uploads\/2026\/05\/argjentine-hantavirusi-1140x570-1.jpg?fit=1140%2C570&ssl=1&resize=350%2C200","width":350,"height":200,"srcset":"https:\/\/i0.wp.com\/www.shqiperia.com\/blog\/wp-content\/uploads\/2026\/05\/argjentine-hantavirusi-1140x570-1.jpg?fit=1140%2C570&ssl=1&resize=350%2C200 1x, https:\/\/i0.wp.com\/www.shqiperia.com\/blog\/wp-content\/uploads\/2026\/05\/argjentine-hantavirusi-1140x570-1.jpg?fit=1140%2C570&ssl=1&resize=525%2C300 1.5x, https:\/\/i0.wp.com\/www.shqiperia.com\/blog\/wp-content\/uploads\/2026\/05\/argjentine-hantavirusi-1140x570-1.jpg?fit=1140%2C570&ssl=1&resize=700%2C400 2x, https:\/\/i0.wp.com\/www.shqiperia.com\/blog\/wp-content\/uploads\/2026\/05\/argjentine-hantavirusi-1140x570-1.jpg?fit=1140%2C570&ssl=1&resize=1050%2C600 3x"},"classes":[]},{"id":100198,"url":"https:\/\/www.shqiperia.com\/blog\/tempulli-2600-vjecar-zbulohet-nen-delten-e-nilit\/","url_meta":{"origin":102901,"position":2},"title":"Tempulli 2600 vje\u00e7ar zbulohet n\u00ebn delt\u00ebn e Nilit","author":"Kurt Farka","date":"May 13, 2026","format":false,"excerpt":"13 Maji 2026 Radar\u00ebt satelitor\u00eb nxjerrin n\u00eb drit\u00eb nj\u00eb tempull t\u00eb humbur n\u00eb Egjipt Teknologjia satelitore zbulon n\u00ebn delt\u00ebn e Nilit nj\u00eb tembull 2600 vje\u00e7ar. Arkeolog\u00ebt zbuluan faltoren misterioze 6 metra n\u00ebn tok\u00eb i cili mendohet se \u00ebsht\u00eb nj\u00eb tempull i humbur i Egjiptit t\u00eb Lasht\u00eb. Zbulohet nj\u00eb nd\u00ebrtes\u00eb fetare\u2026","rel":"","context":"In &quot;Histori&quot;","block_context":{"text":"Histori","link":"https:\/\/www.shqiperia.com\/blog\/category\/histori\/"},"img":{"alt_text":"","src":"https:\/\/i0.wp.com\/www.shqiperia.com\/blog\/wp-content\/uploads\/2026\/05\/tempull-ne-Egjypt.jpg?fit=1024%2C576&ssl=1&resize=350%2C200","width":350,"height":200,"srcset":"https:\/\/i0.wp.com\/www.shqiperia.com\/blog\/wp-content\/uploads\/2026\/05\/tempull-ne-Egjypt.jpg?fit=1024%2C576&ssl=1&resize=350%2C200 1x, https:\/\/i0.wp.com\/www.shqiperia.com\/blog\/wp-content\/uploads\/2026\/05\/tempull-ne-Egjypt.jpg?fit=1024%2C576&ssl=1&resize=525%2C300 1.5x, https:\/\/i0.wp.com\/www.shqiperia.com\/blog\/wp-content\/uploads\/2026\/05\/tempull-ne-Egjypt.jpg?fit=1024%2C576&ssl=1&resize=700%2C400 2x"},"classes":[]},{"id":103217,"url":"https:\/\/www.shqiperia.com\/blog\/zbulohet-ne-adriatik-nje-rruge-7-mijevjecare-nen-uje-arkeologet-lidhte-nje-vendbanim-neolitik-me-bregun\/","url_meta":{"origin":102901,"position":3},"title":"Zbulohet n\u00eb Adriatik nj\u00eb rrug\u00eb 7 mij\u00ebvje\u00e7are n\u00ebn uj\u00eb, arkeolog\u00ebt: &#8211; Lidhte nj\u00eb vendbanim neolitik me bregun","author":"Kurt Farka","date":"July 25, 2026","format":false,"excerpt":"25 Korrik 2026 Nj\u00eb rrug\u00eb me kalldr\u00ebm, e nd\u00ebrtuar rreth 7,000 vjet m\u00eb par\u00eb, \u00ebsht\u00eb zbuluar n\u00ebn uj\u00ebrat e Detit Adriatik pran\u00eb ishullit Kor\u00e7ula n\u00eb Kroaci, duke hedhur drit\u00eb mbi nivelin e zhvillimit dhe organizimit t\u00eb komuniteteve neolitike q\u00eb jetonin n\u00eb rajon mij\u00ebra vite m\u00eb par\u00eb. Zbulimi u b\u00eb n\u00eb\u2026","rel":"","context":"In &quot;Kultura&quot;","block_context":{"text":"Kultura","link":"https:\/\/www.shqiperia.com\/blog\/category\/kultura\/"},"img":{"alt_text":"","src":"https:\/\/i0.wp.com\/www.shqiperia.com\/blog\/wp-content\/uploads\/2026\/07\/73967576-clipboard07-21-202601.jpg?fit=718%2C431&ssl=1&resize=350%2C200","width":350,"height":200,"srcset":"https:\/\/i0.wp.com\/www.shqiperia.com\/blog\/wp-content\/uploads\/2026\/07\/73967576-clipboard07-21-202601.jpg?fit=718%2C431&ssl=1&resize=350%2C200 1x, https:\/\/i0.wp.com\/www.shqiperia.com\/blog\/wp-content\/uploads\/2026\/07\/73967576-clipboard07-21-202601.jpg?fit=718%2C431&ssl=1&resize=525%2C300 1.5x, https:\/\/i0.wp.com\/www.shqiperia.com\/blog\/wp-content\/uploads\/2026\/07\/73967576-clipboard07-21-202601.jpg?fit=718%2C431&ssl=1&resize=700%2C400 2x"},"classes":[]},{"id":100799,"url":"https:\/\/www.shqiperia.com\/blog\/zbulohet-grenza-e-detit\/","url_meta":{"origin":102901,"position":4},"title":"Zbulohet \u201cGrenza e Detit\u201d","author":"Kurt Farka","date":"May 31, 2026","format":false,"excerpt":"31 Maji 2026 \u00cbsht\u00eb nj\u00eb lloj kandili deti me nj\u00eb helm shum\u00eb t\u00eb fuqish\u00ebm Zbulohet nj\u00eb kandil deti i ri, pothuajse i paduksh\u00ebm dhe \u00ebsht\u00eb vdekjeprur\u00ebs. E quajtur ndryshe si grenza e detit, klasifikohet tek cubomedusat, q\u00eb deri tani njiheshin vet\u00ebm 3 n\u00eb gjith\u00eb bot\u00ebn n\u00eb gjinin\u00eb e Chironex, dhe\u2026","rel":"","context":"In &quot;Njoftime Shtypi&quot;","block_context":{"text":"Njoftime Shtypi","link":"https:\/\/www.shqiperia.com\/blog\/category\/njoftime-shtypi\/"},"img":{"alt_text":"","src":"https:\/\/i0.wp.com\/www.shqiperia.com\/blog\/wp-content\/uploads\/2026\/05\/Grenza-e-Detit.jpg?fit=1024%2C574&ssl=1&resize=350%2C200","width":350,"height":200,"srcset":"https:\/\/i0.wp.com\/www.shqiperia.com\/blog\/wp-content\/uploads\/2026\/05\/Grenza-e-Detit.jpg?fit=1024%2C574&ssl=1&resize=350%2C200 1x, https:\/\/i0.wp.com\/www.shqiperia.com\/blog\/wp-content\/uploads\/2026\/05\/Grenza-e-Detit.jpg?fit=1024%2C574&ssl=1&resize=525%2C300 1.5x, https:\/\/i0.wp.com\/www.shqiperia.com\/blog\/wp-content\/uploads\/2026\/05\/Grenza-e-Detit.jpg?fit=1024%2C574&ssl=1&resize=700%2C400 2x"},"classes":[]},{"id":105303,"url":"https:\/\/www.shqiperia.com\/blog\/grereza-aziatike-zbulohet-ne-tirol-per-here-te-pare-perben-nje-kercenim-serioz-per-bletet-e-mjaltit\/","url_meta":{"origin":102901,"position":5},"title":"Grer\u00ebza aziatike zbulohet n\u00eb Tirol p\u00ebr her\u00eb t\u00eb par\u00eb, p\u00ebrb\u00ebn nj\u00eb k\u00ebrc\u00ebnim serioz p\u00ebr blet\u00ebt e mjaltit","author":"Kurt Farka","date":"August 27, 2026","format":false,"excerpt":"27 Gusht 2026 Nj\u00eb grer\u00ebz aziatike \u00ebsht\u00eb zbuluar s\u00eb fundmi n\u00eb Tirol p\u00ebr her\u00eb t\u00eb par\u00eb. Ajo u zbulua nga nj\u00eb bletar n\u00eb komun\u00ebn e K\u00f6ssen (distrikti Kitzb\u00fchel), si\u00e7 njoftoi qeveria e shtetit n\u00eb nj\u00eb njoftim p\u00ebr shtyp t\u00eb m\u00ebrkur\u00ebn. Grer\u00ebza aziatike u zbulua p\u00ebr her\u00eb t\u00eb par\u00eb n\u00eb Austri\u2026","rel":"","context":"In &quot;Blogu i Udh\u00ebtarit&quot;","block_context":{"text":"Blogu i Udh\u00ebtarit","link":"https:\/\/www.shqiperia.com\/blog\/category\/blogu-i-udhetarit\/"},"img":{"alt_text":"","src":"https:\/\/i0.wp.com\/www.shqiperia.com\/blog\/wp-content\/uploads\/2026\/08\/auto_GREREZA1787758711.jpg?fit=900%2C633&ssl=1&resize=350%2C200","width":350,"height":200,"srcset":"https:\/\/i0.wp.com\/www.shqiperia.com\/blog\/wp-content\/uploads\/2026\/08\/auto_GREREZA1787758711.jpg?fit=900%2C633&ssl=1&resize=350%2C200 1x, https:\/\/i0.wp.com\/www.shqiperia.com\/blog\/wp-content\/uploads\/2026\/08\/auto_GREREZA1787758711.jpg?fit=900%2C633&ssl=1&resize=525%2C300 1.5x, https:\/\/i0.wp.com\/www.shqiperia.com\/blog\/wp-content\/uploads\/2026\/08\/auto_GREREZA1787758711.jpg?fit=900%2C633&ssl=1&resize=700%2C400 2x"},"classes":[]}],"_links":{"self":[{"href":"https:\/\/www.shqiperia.com\/blog\/wp-json\/wp\/v2\/posts\/102901","targetHints":{"allow":["GET"]}}],"collection":[{"href":"https:\/\/www.shqiperia.com\/blog\/wp-json\/wp\/v2\/posts"}],"about":[{"href":"https:\/\/www.shqiperia.com\/blog\/wp-json\/wp\/v2\/types\/post"}],"author":[{"embeddable":true,"href":"https:\/\/www.shqiperia.com\/blog\/wp-json\/wp\/v2\/users\/9"}],"replies":[{"embeddable":true,"href":"https:\/\/www.shqiperia.com\/blog\/wp-json\/wp\/v2\/comments?post=102901"}],"version-history":[{"count":1,"href":"https:\/\/www.shqiperia.com\/blog\/wp-json\/wp\/v2\/posts\/102901\/revisions"}],"predecessor-version":[{"id":102903,"href":"https:\/\/www.shqiperia.com\/blog\/wp-json\/wp\/v2\/posts\/102901\/revisions\/102903"}],"wp:featuredmedia":[{"embeddable":true,"href":"https:\/\/www.shqiperia.com\/blog\/wp-json\/wp\/v2\/media\/102902"}],"wp:attachment":[{"href":"https:\/\/www.shqiperia.com\/blog\/wp-json\/wp\/v2\/media?parent=102901"}],"wp:term":[{"taxonomy":"category","embeddable":true,"href":"https:\/\/www.shqiperia.com\/blog\/wp-json\/wp\/v2\/categories?post=102901"},{"taxonomy":"post_tag","embeddable":true,"href":"https:\/\/www.shqiperia.com\/blog\/wp-json\/wp\/v2\/tags?post=102901"}],"curies":[{"name":"wp","href":"https:\/\/api.w.org\/{rel}","templated":true}]}}