{"id":102895,"date":"2026-07-18T23:44:18","date_gmt":"2026-07-18T23:44:18","guid":{"rendered":"https:\/\/www.shqiperia.com\/blog\/?p=102895"},"modified":"2026-07-18T23:44:18","modified_gmt":"2026-07-18T23:44:18","slug":"pamje-me-dron-qytetaret-mbushin-bulevardin-para-kryeministrise-ne-diten-e-49-te-te-revoltes-kunder-edi-rames","status":"publish","type":"post","link":"https:\/\/www.shqiperia.com\/blog\/pamje-me-dron-qytetaret-mbushin-bulevardin-para-kryeministrise-ne-diten-e-49-te-te-revoltes-kunder-edi-rames\/","title":{"rendered":"Pamje me dron\/ Qytetar\u00ebt mbushin bulevardin para Kryeministris\u00eb n\u00eb dit\u00ebn e 49-t\u00eb t\u00eb revolt\u00ebs kund\u00ebr Edi Ram\u00ebs"},"content":{"rendered":"<p><img data-recalc-dims=\"1\" loading=\"lazy\" decoding=\"async\" data-attachment-id=\"102896\" data-permalink=\"https:\/\/www.shqiperia.com\/blog\/pamje-me-dron-qytetaret-mbushin-bulevardin-para-kryeministrise-ne-diten-e-49-te-te-revoltes-kunder-edi-rames\/sheshi-1140x570\/\" data-orig-file=\"https:\/\/i0.wp.com\/www.shqiperia.com\/blog\/wp-content\/uploads\/2026\/07\/sheshi-1140x570-1.jpg?fit=1140%2C570&amp;ssl=1\" data-orig-size=\"1140,570\" data-comments-opened=\"1\" data-image-meta=\"{&quot;aperture&quot;:&quot;0&quot;,&quot;credit&quot;:&quot;&quot;,&quot;camera&quot;:&quot;&quot;,&quot;caption&quot;:&quot;&quot;,&quot;created_timestamp&quot;:&quot;0&quot;,&quot;copyright&quot;:&quot;&quot;,&quot;focal_length&quot;:&quot;0&quot;,&quot;iso&quot;:&quot;0&quot;,&quot;shutter_speed&quot;:&quot;0&quot;,&quot;title&quot;:&quot;&quot;,&quot;orientation&quot;:&quot;0&quot;}\" data-image-title=\"sheshi-1140&#215;570\" data-image-description=\"\" data-image-caption=\"\" data-medium-file=\"https:\/\/i0.wp.com\/www.shqiperia.com\/blog\/wp-content\/uploads\/2026\/07\/sheshi-1140x570-1.jpg?fit=300%2C150&amp;ssl=1\" data-large-file=\"https:\/\/i0.wp.com\/www.shqiperia.com\/blog\/wp-content\/uploads\/2026\/07\/sheshi-1140x570-1.jpg?fit=1024%2C512&amp;ssl=1\" class=\"alignnone  wp-image-102896\" alt=\"\" src=\"https:\/\/i0.wp.com\/www.shqiperia.com\/blog\/wp-content\/uploads\/2026\/07\/sheshi-1140x570-1.jpg?resize=710%2C355&#038;ssl=1\" width=\"710\" height=\"355\" srcset=\"https:\/\/i0.wp.com\/www.shqiperia.com\/blog\/wp-content\/uploads\/2026\/07\/sheshi-1140x570-1.jpg?resize=300%2C150&amp;ssl=1 300w, https:\/\/i0.wp.com\/www.shqiperia.com\/blog\/wp-content\/uploads\/2026\/07\/sheshi-1140x570-1.jpg?resize=1024%2C512&amp;ssl=1 1024w, https:\/\/i0.wp.com\/www.shqiperia.com\/blog\/wp-content\/uploads\/2026\/07\/sheshi-1140x570-1.jpg?resize=768%2C384&amp;ssl=1 768w, https:\/\/i0.wp.com\/www.shqiperia.com\/blog\/wp-content\/uploads\/2026\/07\/sheshi-1140x570-1.jpg?resize=450%2C225&amp;ssl=1 450w, https:\/\/i0.wp.com\/www.shqiperia.com\/blog\/wp-content\/uploads\/2026\/07\/sheshi-1140x570-1.jpg?resize=600%2C300&amp;ssl=1 600w, https:\/\/i0.wp.com\/www.shqiperia.com\/blog\/wp-content\/uploads\/2026\/07\/sheshi-1140x570-1.jpg?resize=400%2C200&amp;ssl=1 400w, https:\/\/i0.wp.com\/www.shqiperia.com\/blog\/wp-content\/uploads\/2026\/07\/sheshi-1140x570-1.jpg?w=1140&amp;ssl=1 1140w\" sizes=\"auto, (max-width: 710px) 100vw, 710px\" \/><\/p>\n<p>19 Korrik 2026<\/p>\n<p>Edhe n\u00eb dit\u00ebn e 49-t\u00eb t\u00eb revolt\u00ebs kund\u00ebr qeveris\u00eb s\u00eb Edi Ram\u00ebs, qytetar\u00ebt mbush\u00ebn plot sheshin para kryeministris\u00eb duke k\u00ebrkuar largimin e tij.<\/p>\n<p>Ata shprehen se do t\u00eb q\u00ebndrojn\u00eb n\u00eb bulevard derisa t\u00eb plot\u00ebsohen k\u00ebrkesat e tyre, q\u00eb ata i cil\u00ebsojn\u00eb si t\u00eb panegociueshme, duke nisur nga dor\u00ebheqja e kryeministrit, qeveria tranzitore apo ndryshimi i Kodit Zgjedhor.<\/p>\n<p>Edhe sot protestuesit artikuluan korrupsionin dhe keqqeverisjen e Ram\u00ebs dhe problemet ekonomike e sociale me t\u00eb cilat ata p\u00ebrballen \u00e7do dit\u00eb.<\/p>\n","protected":false},"excerpt":{"rendered":"<p>19 Korrik 2026 Edhe n\u00eb dit\u00ebn e 49-t\u00eb t\u00eb revolt\u00ebs kund\u00ebr qeveris\u00eb s\u00eb Edi Ram\u00ebs, qytetar\u00ebt mbush\u00ebn plot sheshin para kryeministris\u00eb duke k\u00ebrkuar largimin e tij. Ata shprehen se do t\u00eb q\u00ebndrojn\u00eb n\u00eb bulevard derisa t\u00eb plot\u00ebsohen k\u00ebrkesat e tyre, q\u00eb ata i cil\u00ebsojn\u00eb si t\u00eb panegociueshme, duke nisur nga dor\u00ebheqja e kryeministrit, qeveria tranzitore [&hellip;]<\/p>\n","protected":false},"author":9,"featured_media":102896,"comment_status":"open","ping_status":"open","sticky":false,"template":"","format":"standard","meta":{"jetpack_post_was_ever_published":false,"_jetpack_newsletter_access":"","_jetpack_dont_email_post_to_subs":false,"_jetpack_newsletter_tier_id":0,"_jetpack_memberships_contains_paywalled_content":false,"_jetpack_memberships_contains_paid_content":false,"footnotes":"","jetpack_publicize_message":"","jetpack_publicize_feature_enabled":true,"jetpack_social_post_already_shared":true,"jetpack_social_options":{"image_generator_settings":{"template":"highway","default_image_id":0,"font":"","enabled":false},"version":2}},"categories":[27,1,2,35],"tags":[],"class_list":["post-102895","post","type-post","status-publish","format-standard","has-post-thumbnail","hentry","category-blogu-i-udhetarit","category-njoftime-shtypi","category-politika","category-shoqerore"],"jetpack_publicize_connections":[],"jetpack_featured_media_url":"https:\/\/i0.wp.com\/www.shqiperia.com\/blog\/wp-content\/uploads\/2026\/07\/sheshi-1140x570-1.jpg?fit=1140%2C570&ssl=1","jetpack_sharing_enabled":true,"jetpack_shortlink":"https:\/\/wp.me\/p5Z6wp-qLB","jetpack-related-posts":[{"id":102863,"url":"https:\/\/www.shqiperia.com\/blog\/qytetaret-serish-ne-shesh-kunder-rames-dhe-qeverise-se-tij-sot-dita-e-49-te-e-revoltes-ne-tirane\/","url_meta":{"origin":102895,"position":0},"title":"Qytetar\u00ebt s\u00ebrish n\u00eb shesh kund\u00ebr Ram\u00ebs dhe qeveris\u00eb s\u00eb tij.  Sot dita e 49-t\u00eb e revolt\u00ebs n\u00eb Tiran\u00eb","author":"Kurt Farka","date":"July 18, 2026","format":false,"excerpt":"18 Korrik 2026 Revolta qytetare kund\u00ebr kryeministrit Edi Rama, qeveris\u00eb s\u00eb tij dhe gjith\u00eb klas\u00ebs politike sh\u00ebnon sot, m\u00eb 18 korrik 2026, dit\u00ebn e saj t\u00eb 49-t\u00eb radhazi. Pas nj\u00eb tjet\u00ebr marshimi masiv mbr\u00ebmjen e djeshme, ku protestuesit u stacionuan para godin\u00ebs s\u00eb Kryeministris\u00eb, organizator\u00ebt kan\u00eb b\u00ebr\u00eb thirrje p\u00ebr nj\u00eb\u2026","rel":"","context":"In &quot;Blogu i Udh\u00ebtarit&quot;","block_context":{"text":"Blogu i Udh\u00ebtarit","link":"https:\/\/www.shqiperia.com\/blog\/category\/blogu-i-udhetarit\/"},"img":{"alt_text":"","src":"https:\/\/i0.wp.com\/www.shqiperia.com\/blog\/wp-content\/uploads\/2026\/07\/protesta-4-673x450-1-1.jpg?fit=673%2C450&ssl=1&resize=350%2C200","width":350,"height":200,"srcset":"https:\/\/i0.wp.com\/www.shqiperia.com\/blog\/wp-content\/uploads\/2026\/07\/protesta-4-673x450-1-1.jpg?fit=673%2C450&ssl=1&resize=350%2C200 1x, https:\/\/i0.wp.com\/www.shqiperia.com\/blog\/wp-content\/uploads\/2026\/07\/protesta-4-673x450-1-1.jpg?fit=673%2C450&ssl=1&resize=525%2C300 1.5x"},"classes":[]},{"id":103263,"url":"https:\/\/www.shqiperia.com\/blog\/neser-te-parlamenti-dita-e-57-te-e-revoltes-qytetaret-mbushen-serish-sheshin-dhe-iu-pergjigjen-rames-te-japim-besen-nuk-ikim-pa-te-te-larguar\/","url_meta":{"origin":102895,"position":1},"title":"\u201cNes\u00ebr te Parlamenti!\u201d \u2013 Dita e 57-t\u00eb e revolt\u00ebs, qytetar\u00ebt mbush\u00ebn s\u00ebrish sheshin dhe iu p\u00ebrgjigj\u00ebn Ram\u00ebs: &#8211; T\u00eb japim bes\u00ebn, nuk ikim pa t\u00eb t\u00eb larguar!","author":"Kurt Farka","date":"July 26, 2026","format":false,"excerpt":"26 Korrik 2026 Qytetar\u00ebt u mblodh\u00ebn p\u00ebrpara Kryeministris\u00eb n\u00eb dit\u00ebn e 57-t\u00eb t\u00eb revolt\u00ebs s\u00eb tyre ndaj kryeministrit Edi Rama dhe qeveris\u00eb s\u00eb tij. Ata iu p\u00ebrgjigjen kryeministrit edhe p\u00ebr dokumentin e tij q\u00eb nxori, t\u00eb titulluar \u201cBesa\u201d. Nd\u00ebrsa artikuluan problemet me t\u00eb cilat p\u00ebrballen, qytetar\u00ebt ritheksuan se ata nuk\u2026","rel":"","context":"In &quot;Blogu i Udh\u00ebtarit&quot;","block_context":{"text":"Blogu i Udh\u00ebtarit","link":"https:\/\/www.shqiperia.com\/blog\/category\/blogu-i-udhetarit\/"},"img":{"alt_text":"","src":"https:\/\/i0.wp.com\/www.shqiperia.com\/blog\/wp-content\/uploads\/2026\/07\/WhatsApp-Image-2026-07-26-at-19.30.01.jpeg?fit=1200%2C740&ssl=1&resize=350%2C200","width":350,"height":200,"srcset":"https:\/\/i0.wp.com\/www.shqiperia.com\/blog\/wp-content\/uploads\/2026\/07\/WhatsApp-Image-2026-07-26-at-19.30.01.jpeg?fit=1200%2C740&ssl=1&resize=350%2C200 1x, https:\/\/i0.wp.com\/www.shqiperia.com\/blog\/wp-content\/uploads\/2026\/07\/WhatsApp-Image-2026-07-26-at-19.30.01.jpeg?fit=1200%2C740&ssl=1&resize=525%2C300 1.5x, https:\/\/i0.wp.com\/www.shqiperia.com\/blog\/wp-content\/uploads\/2026\/07\/WhatsApp-Image-2026-07-26-at-19.30.01.jpeg?fit=1200%2C740&ssl=1&resize=700%2C400 2x, https:\/\/i0.wp.com\/www.shqiperia.com\/blog\/wp-content\/uploads\/2026\/07\/WhatsApp-Image-2026-07-26-at-19.30.01.jpeg?fit=1200%2C740&ssl=1&resize=1050%2C600 3x"},"classes":[]},{"id":105595,"url":"https:\/\/www.shqiperia.com\/blog\/rama-lamtumire-shqiptaret-nuk-ndalen-dita-e-93-te-e-protestes-kunder-edi-rames\/","url_meta":{"origin":102895,"position":2},"title":"\u2018Rama Lamtumir\u00eb\/ Shqiptar\u00ebt nuk ndalen, dita e 93-t\u00eb e protest\u00ebs kund\u00ebr Edi Ram\u00ebs","author":"Kurt Farka","date":"August 31, 2026","format":false,"excerpt":"31 Gusht 2926 Protesta qytetare kund\u00ebr qeveris\u00eb Rama hyn sot n\u00eb dit\u00ebn e saj t\u00eb 93-t\u00eb radhazi, duke sh\u00ebnuar mbi tre muaj mobilizim t\u00eb pand\u00ebrprer\u00eb n\u00eb rrug\u00ebt e Tiran\u00ebs. Qytetar\u00ebt pritet t\u00eb mblidhen s\u00ebrish n\u00eb sheshin \u2018Sk\u00ebnderbej\u2019, p\u00ebr t\u00eb marshuar m\u00eb pas p\u00ebrgjat\u00eb Bulevardit \u2018D\u00ebshmor\u00ebt e Kombit\u2019 drejt Kryeministris\u00eb, aty\u2026","rel":"","context":"In &quot;Blogu i Udh\u00ebtarit&quot;","block_context":{"text":"Blogu i Udh\u00ebtarit","link":"https:\/\/www.shqiperia.com\/blog\/category\/blogu-i-udhetarit\/"},"img":{"alt_text":"","src":"https:\/\/i0.wp.com\/www.shqiperia.com\/blog\/wp-content\/uploads\/2026\/08\/auto_protesta-1-11788193327.jpg?fit=900%2C602&ssl=1&resize=350%2C200","width":350,"height":200,"srcset":"https:\/\/i0.wp.com\/www.shqiperia.com\/blog\/wp-content\/uploads\/2026\/08\/auto_protesta-1-11788193327.jpg?fit=900%2C602&ssl=1&resize=350%2C200 1x, https:\/\/i0.wp.com\/www.shqiperia.com\/blog\/wp-content\/uploads\/2026\/08\/auto_protesta-1-11788193327.jpg?fit=900%2C602&ssl=1&resize=525%2C300 1.5x, https:\/\/i0.wp.com\/www.shqiperia.com\/blog\/wp-content\/uploads\/2026\/08\/auto_protesta-1-11788193327.jpg?fit=900%2C602&ssl=1&resize=700%2C400 2x"},"classes":[]},{"id":102905,"url":"https:\/\/www.shqiperia.com\/blog\/marjana-koceku-ne-mesin-e-protestuesve-para-kryeministrise-qe-kerkojne-doreheqjen-e-rames\/","url_meta":{"origin":102895,"position":3},"title":"Marjana Ko\u00e7eku n\u00eb mesin e protestuesve para Kryeministris\u00eb, q\u00eb k\u00ebrkojn\u00eb dor\u00ebheqjen e Ram\u00ebs","author":"Kurt Farka","date":"July 18, 2026","format":false,"excerpt":"19 Korrik 2026 Deputetja e larguar nga PS, tashm\u00eb e pavarur, Marjana Ko\u00e7eku, i \u00ebsht\u00eb bashkuar s\u00ebrish protestuesve n\u00eb shesh duke k\u00ebrkuar largimin e Edi Ram\u00ebs. Deputetja e paralajm\u00ebroi edhe m\u00eb her\u00ebt p\u00ebrmes nj\u00eb videoje n\u00eb rrjete sociale se do t\u00eb dilte n\u00eb shesh n\u00eb k\u00ebt\u00eb dit\u00eb t\u00eb 49-t\u00eb t\u00eb\u2026","rel":"","context":"In &quot;Blogu i Udh\u00ebtarit&quot;","block_context":{"text":"Blogu i Udh\u00ebtarit","link":"https:\/\/www.shqiperia.com\/blog\/category\/blogu-i-udhetarit\/"},"img":{"alt_text":"","src":"https:\/\/i0.wp.com\/www.shqiperia.com\/blog\/wp-content\/uploads\/2026\/07\/800-0-6a5bd45ea9ed1.jpg?fit=800%2C540&ssl=1&resize=350%2C200","width":350,"height":200,"srcset":"https:\/\/i0.wp.com\/www.shqiperia.com\/blog\/wp-content\/uploads\/2026\/07\/800-0-6a5bd45ea9ed1.jpg?fit=800%2C540&ssl=1&resize=350%2C200 1x, https:\/\/i0.wp.com\/www.shqiperia.com\/blog\/wp-content\/uploads\/2026\/07\/800-0-6a5bd45ea9ed1.jpg?fit=800%2C540&ssl=1&resize=525%2C300 1.5x, https:\/\/i0.wp.com\/www.shqiperia.com\/blog\/wp-content\/uploads\/2026\/07\/800-0-6a5bd45ea9ed1.jpg?fit=800%2C540&ssl=1&resize=700%2C400 2x"},"classes":[]},{"id":103852,"url":"https:\/\/www.shqiperia.com\/blog\/sot-dita-e-67-e-protestes-kunder-rames\/","url_meta":{"origin":102895,"position":4},"title":"Sot dita e 67 e protest\u00ebs kund\u00ebr Ram\u00ebs","author":"Kurt Farka","date":"August 5, 2026","format":false,"excerpt":"5 Gusht 2026 Dita e 67-t\u00eb e protest\u00ebs, qytetar\u00ebt marshojn\u00eb s\u00ebrish drejt Kryeministris\u00eb: \u201cRama, jep dor\u00ebheqjen\u201d Protesta qytetare kund\u00ebr qeveris\u00eb hyn sot n\u00eb dit\u00ebn e 67-t\u00eb radhazi, nd\u00ebrsa qytetar\u00ebt pritet t\u00eb mblidhen s\u00ebrish n\u00eb mbr\u00ebmje n\u00eb sheshin \u201cSk\u00ebnderbej\u201d. Pas grumbullimit n\u00eb shesh, protestuesit do t\u00eb marshojn\u00eb drejt Kryeministris\u00eb, ku do\u2026","rel":"","context":"In &quot;Blogu i Udh\u00ebtarit&quot;","block_context":{"text":"Blogu i Udh\u00ebtarit","link":"https:\/\/www.shqiperia.com\/blog\/category\/blogu-i-udhetarit\/"},"img":{"alt_text":"","src":"https:\/\/i0.wp.com\/www.shqiperia.com\/blog\/wp-content\/uploads\/2026\/08\/auto_Protesta-foto-masive11785863100.jpg?fit=900%2C506&ssl=1&resize=350%2C200","width":350,"height":200,"srcset":"https:\/\/i0.wp.com\/www.shqiperia.com\/blog\/wp-content\/uploads\/2026\/08\/auto_Protesta-foto-masive11785863100.jpg?fit=900%2C506&ssl=1&resize=350%2C200 1x, https:\/\/i0.wp.com\/www.shqiperia.com\/blog\/wp-content\/uploads\/2026\/08\/auto_Protesta-foto-masive11785863100.jpg?fit=900%2C506&ssl=1&resize=525%2C300 1.5x, https:\/\/i0.wp.com\/www.shqiperia.com\/blog\/wp-content\/uploads\/2026\/08\/auto_Protesta-foto-masive11785863100.jpg?fit=900%2C506&ssl=1&resize=700%2C400 2x"},"classes":[]},{"id":105204,"url":"https:\/\/www.shqiperia.com\/blog\/foto-nga-protesta-dita-e-87te-pjesmarrje-masive-nuk-ndalemi-deri-ne-largimin-e-rames\/","url_meta":{"origin":102895,"position":5},"title":"Foto nga protesta, dita e 87=t\u00eb, pjesmarrje masive &#8211; Nuk ndalemi deri n\u00eb largimin e Ram\u00ebs","author":"Kurt Farka","date":"August 26, 2026","format":false,"excerpt":"26 Gusht 2026 \u00cbsht\u00eb zhvilluar n\u00eb dit\u00ebn e 87-t\u00eb protesta qytetare para Kryeministris\u00eb, ku p\u00ebr gati 3 muaj k\u00ebrkohet dor\u00ebheqja e Edi Ram\u00ebs. Pas grumbullimit n\u00eb sheshin \u201cSk\u00ebnderbej\u201d, qytetar\u00ebt marshuan drejt Kryeministris\u00eb, ku u mbajt\u00ebn edhe fjalimet e protestuesve. Gjat\u00eb protest\u00ebs, profesori Lush Susaj dha nj\u00eb mesazh t\u00eb fort\u00eb, duke\u2026","rel":"","context":"In &quot;Blogu i Udh\u00ebtarit&quot;","block_context":{"text":"Blogu i Udh\u00ebtarit","link":"https:\/\/www.shqiperia.com\/blog\/category\/blogu-i-udhetarit\/"},"img":{"alt_text":"","src":"https:\/\/i0.wp.com\/www.shqiperia.com\/blog\/wp-content\/uploads\/2026\/08\/Dita-e-87-te-e-Protestes.-25-Gusht-2026.jpg?fit=900%2C600&ssl=1&resize=350%2C200","width":350,"height":200,"srcset":"https:\/\/i0.wp.com\/www.shqiperia.com\/blog\/wp-content\/uploads\/2026\/08\/Dita-e-87-te-e-Protestes.-25-Gusht-2026.jpg?fit=900%2C600&ssl=1&resize=350%2C200 1x, https:\/\/i0.wp.com\/www.shqiperia.com\/blog\/wp-content\/uploads\/2026\/08\/Dita-e-87-te-e-Protestes.-25-Gusht-2026.jpg?fit=900%2C600&ssl=1&resize=525%2C300 1.5x, https:\/\/i0.wp.com\/www.shqiperia.com\/blog\/wp-content\/uploads\/2026\/08\/Dita-e-87-te-e-Protestes.-25-Gusht-2026.jpg?fit=900%2C600&ssl=1&resize=700%2C400 2x"},"classes":[]}],"_links":{"self":[{"href":"https:\/\/www.shqiperia.com\/blog\/wp-json\/wp\/v2\/posts\/102895","targetHints":{"allow":["GET"]}}],"collection":[{"href":"https:\/\/www.shqiperia.com\/blog\/wp-json\/wp\/v2\/posts"}],"about":[{"href":"https:\/\/www.shqiperia.com\/blog\/wp-json\/wp\/v2\/types\/post"}],"author":[{"embeddable":true,"href":"https:\/\/www.shqiperia.com\/blog\/wp-json\/wp\/v2\/users\/9"}],"replies":[{"embeddable":true,"href":"https:\/\/www.shqiperia.com\/blog\/wp-json\/wp\/v2\/comments?post=102895"}],"version-history":[{"count":1,"href":"https:\/\/www.shqiperia.com\/blog\/wp-json\/wp\/v2\/posts\/102895\/revisions"}],"predecessor-version":[{"id":102897,"href":"https:\/\/www.shqiperia.com\/blog\/wp-json\/wp\/v2\/posts\/102895\/revisions\/102897"}],"wp:featuredmedia":[{"embeddable":true,"href":"https:\/\/www.shqiperia.com\/blog\/wp-json\/wp\/v2\/media\/102896"}],"wp:attachment":[{"href":"https:\/\/www.shqiperia.com\/blog\/wp-json\/wp\/v2\/media?parent=102895"}],"wp:term":[{"taxonomy":"category","embeddable":true,"href":"https:\/\/www.shqiperia.com\/blog\/wp-json\/wp\/v2\/categories?post=102895"},{"taxonomy":"post_tag","embeddable":true,"href":"https:\/\/www.shqiperia.com\/blog\/wp-json\/wp\/v2\/tags?post=102895"}],"curies":[{"name":"wp","href":"https:\/\/api.w.org\/{rel}","templated":true}]}}