{"id":102890,"date":"2026-07-18T18:29:57","date_gmt":"2026-07-18T18:29:57","guid":{"rendered":"https:\/\/www.shqiperia.com\/blog\/?p=102890"},"modified":"2026-07-18T18:29:57","modified_gmt":"2026-07-18T18:29:57","slug":"nuk-dorezohemi-pa-dhene-doreheqjen-rezistenca-historike-sot-dita-e-49-te-e-revoltes-popullore-qytetare","status":"publish","type":"post","link":"https:\/\/www.shqiperia.com\/blog\/nuk-dorezohemi-pa-dhene-doreheqjen-rezistenca-historike-sot-dita-e-49-te-e-revoltes-popullore-qytetare\/","title":{"rendered":"\u201cNuk dor\u00ebzohemi pa dh\u00ebn\u00eb dor\u00ebheqjen!\u201d- Rezistenca historike, sot dita e 49-t\u00eb e revolt\u00ebs popullore, qytetare"},"content":{"rendered":"<p><img data-recalc-dims=\"1\" loading=\"lazy\" decoding=\"async\" data-attachment-id=\"102892\" data-permalink=\"https:\/\/www.shqiperia.com\/blog\/nuk-dorezohemi-pa-dhene-doreheqjen-rezistenca-historike-sot-dita-e-49-te-e-revoltes-popullore-qytetare\/whatsapp-image-2026-06-19-at-21-03-56-1-5-2\/\" data-orig-file=\"https:\/\/i0.wp.com\/www.shqiperia.com\/blog\/wp-content\/uploads\/2026\/07\/WhatsApp-Image-2026-06-19-at-21.03.56-1-5-1.jpeg?fit=1280%2C960&amp;ssl=1\" data-orig-size=\"1280,960\" data-comments-opened=\"1\" data-image-meta=\"{&quot;aperture&quot;:&quot;0&quot;,&quot;credit&quot;:&quot;&quot;,&quot;camera&quot;:&quot;&quot;,&quot;caption&quot;:&quot;&quot;,&quot;created_timestamp&quot;:&quot;0&quot;,&quot;copyright&quot;:&quot;&quot;,&quot;focal_length&quot;:&quot;0&quot;,&quot;iso&quot;:&quot;0&quot;,&quot;shutter_speed&quot;:&quot;0&quot;,&quot;title&quot;:&quot;&quot;,&quot;orientation&quot;:&quot;0&quot;}\" data-image-title=\"WhatsApp-Image-2026-06-19-at-21.03.56-1-5\" data-image-description=\"\" data-image-caption=\"\" data-medium-file=\"https:\/\/i0.wp.com\/www.shqiperia.com\/blog\/wp-content\/uploads\/2026\/07\/WhatsApp-Image-2026-06-19-at-21.03.56-1-5-1.jpeg?fit=300%2C225&amp;ssl=1\" data-large-file=\"https:\/\/i0.wp.com\/www.shqiperia.com\/blog\/wp-content\/uploads\/2026\/07\/WhatsApp-Image-2026-06-19-at-21.03.56-1-5-1.jpeg?fit=1024%2C768&amp;ssl=1\" class=\"alignnone  wp-image-102892\" alt=\"\" src=\"https:\/\/i0.wp.com\/www.shqiperia.com\/blog\/wp-content\/uploads\/2026\/07\/WhatsApp-Image-2026-06-19-at-21.03.56-1-5-1.jpeg?resize=543%2C407&#038;ssl=1\" width=\"543\" height=\"407\" srcset=\"https:\/\/i0.wp.com\/www.shqiperia.com\/blog\/wp-content\/uploads\/2026\/07\/WhatsApp-Image-2026-06-19-at-21.03.56-1-5-1.jpeg?resize=300%2C225&amp;ssl=1 300w, https:\/\/i0.wp.com\/www.shqiperia.com\/blog\/wp-content\/uploads\/2026\/07\/WhatsApp-Image-2026-06-19-at-21.03.56-1-5-1.jpeg?resize=1024%2C768&amp;ssl=1 1024w, https:\/\/i0.wp.com\/www.shqiperia.com\/blog\/wp-content\/uploads\/2026\/07\/WhatsApp-Image-2026-06-19-at-21.03.56-1-5-1.jpeg?resize=768%2C576&amp;ssl=1 768w, https:\/\/i0.wp.com\/www.shqiperia.com\/blog\/wp-content\/uploads\/2026\/07\/WhatsApp-Image-2026-06-19-at-21.03.56-1-5-1.jpeg?resize=450%2C338&amp;ssl=1 450w, https:\/\/i0.wp.com\/www.shqiperia.com\/blog\/wp-content\/uploads\/2026\/07\/WhatsApp-Image-2026-06-19-at-21.03.56-1-5-1.jpeg?resize=600%2C450&amp;ssl=1 600w, https:\/\/i0.wp.com\/www.shqiperia.com\/blog\/wp-content\/uploads\/2026\/07\/WhatsApp-Image-2026-06-19-at-21.03.56-1-5-1.jpeg?resize=400%2C300&amp;ssl=1 400w, https:\/\/i0.wp.com\/www.shqiperia.com\/blog\/wp-content\/uploads\/2026\/07\/WhatsApp-Image-2026-06-19-at-21.03.56-1-5-1.jpeg?w=1280&amp;ssl=1 1280w\" sizes=\"auto, (max-width: 543px) 100vw, 543px\" \/><\/p>\n<p><strong>18 Korrik 2026<\/strong><\/p>\n<p><strong>Nj\u00eb rezistenc\u00eb historike si kurr\u00eb m\u00eb par\u00eb n\u00eb Shqip\u00ebri.<\/strong><\/p>\n<p>Revolta popullore kund\u00ebr qeveris\u00eb, kryeministrit Edi Rama dhe kast\u00ebs s\u00eb vjet\u00ebr politike hyn sot n\u00eb dit\u00ebn e 49-t\u00eb t\u00eb saj, (18 korrik 2026), pa nd\u00ebrprerje dhe me q\u00ebndrueshm\u00ebri t\u00eb pap\u00ebrs\u00ebritshme.<\/p>\n<p>Pas nj\u00eb tjet\u00ebr marshimi masiv mbr\u00ebmjen e djeshme, ku protestuesit u stacionuan para godin\u00ebs s\u00eb Kryeministris\u00eb, organizator\u00ebt kan\u00eb b\u00ebr\u00eb thirrje p\u00ebr nj\u00eb pjes\u00ebmarrje akoma m\u00eb t\u00eb madhe pasditen e sotme.<\/p>\n<p>K\u00ebrkesa kryesore e k\u00ebsaj l\u00ebvizjeje, e cila ka mbushur sheshin \u201cSk\u00ebnderbej\u201d dhe Bulevardin \u201cD\u00ebshmor\u00ebt e Kombit\u201d prej jav\u00ebsh, mbetet e pandryshuar: dor\u00ebheqja e menj\u00ebhershme e kryeministrit Edi Rama dhe largimi i plot\u00eb i asaj q\u00eb ata e konsiderojn\u00eb si \u201ckasta politike\u201d q\u00eb ka mbajtur peng vendin p\u00ebr m\u00eb shum\u00eb se tre dekada.<\/p>\n<p>Si \u00e7do nat\u00eb, edhe n\u00eb protest\u00ebn e fundit nuk kan\u00eb munguar pankartat me mesazhe t\u00eb forta ironike dhe satirike t\u00eb drejtuara si ndaj mazhoranc\u00ebs, ashtu edhe ndaj opozit\u00ebs. Sheshi ka jehuar nga brohoritjet q\u00eb tashm\u00eb jan\u00eb kthyer n\u00eb simbolin e k\u00ebsaj kryengritjeje qytetare:<\/p>\n<p><em>-\u201cShqip\u00ebria nuk \u00ebsht\u00eb n\u00eb shitje\u201d<\/em><\/p>\n<p><em>-\u201cRama n\u00eb burg, Berisha n\u00eb burg\u201d<\/em><\/p>\n<p><em>-\u201cRama n\u00eb burg, Belinda n\u00eb burg\u201d<\/em><\/p>\n<p><em>-\u201cArrestoni Ram\u00ebn, arrestoni Ballukun\u201d<\/em><\/p>\n<p><em>-\u201cShqip\u00ebria k\u00ebrkon revolucion\u201d<\/em><\/p>\n<p><em>-\u201cShqip\u00ebri e re\u201d<\/em><\/p>\n<p><em>-\u201cJu erdhi fundi\u201d<\/em><\/p>\n<p><em>-\u201cRama SPAK you!\u201d<\/em><\/p>\n<p><em>-\u201cParlament i krimit\u201d<\/em><\/p>\n<p><em>-\u201cRevolucion\u201d<\/em><\/p>\n<p>Pas 48 dit\u00ebsh rezistenc\u00eb t\u00eb pand\u00ebrprer\u00eb, koordinator\u00ebt e protest\u00ebs konfirmojn\u00eb se revolta nuk ka nd\u00ebrmend t\u00eb ndalet dhe se tubimi i sot\u00ebm do t\u00eb jet\u00eb nj\u00eb tjet\u00ebr tregues i vendosm\u00ebris\u00eb qytetare.<\/p>\n<p><em>\u201cNe do t\u00eb jemi n\u00eb shesh \u00e7do dit\u00eb. Kjo l\u00ebvizje vet\u00ebm sa do t\u00eb rritet derisa z\u00ebri i sovranit t\u00eb d\u00ebgjohet dhe t\u00eb plot\u00ebsohen t\u00eb gjitha k\u00ebrkesat tona,\u201d jan\u00eb shprehur organizator\u00ebt, duke ftuar s\u00ebrish t\u00eb gjith\u00eb qytetar\u00ebt t\u2019iu bashkohen n\u00eb Bulevard.<\/em><\/p>\n","protected":false},"excerpt":{"rendered":"<p>18 Korrik 2026 Nj\u00eb rezistenc\u00eb historike si kurr\u00eb m\u00eb par\u00eb n\u00eb Shqip\u00ebri. Revolta popullore kund\u00ebr qeveris\u00eb, kryeministrit Edi Rama dhe kast\u00ebs s\u00eb vjet\u00ebr politike hyn sot n\u00eb dit\u00ebn e 49-t\u00eb t\u00eb saj, (18 korrik 2026), pa nd\u00ebrprerje dhe me q\u00ebndrueshm\u00ebri t\u00eb pap\u00ebrs\u00ebritshme. Pas nj\u00eb tjet\u00ebr marshimi masiv mbr\u00ebmjen e djeshme, ku protestuesit u stacionuan para [&hellip;]<\/p>\n","protected":false},"author":9,"featured_media":102892,"comment_status":"open","ping_status":"open","sticky":false,"template":"","format":"standard","meta":{"jetpack_post_was_ever_published":false,"_jetpack_newsletter_access":"","_jetpack_dont_email_post_to_subs":false,"_jetpack_newsletter_tier_id":0,"_jetpack_memberships_contains_paywalled_content":false,"_jetpack_memberships_contains_paid_content":false,"footnotes":"","jetpack_publicize_message":"","jetpack_publicize_feature_enabled":true,"jetpack_social_post_already_shared":true,"jetpack_social_options":{"image_generator_settings":{"template":"highway","default_image_id":0,"font":"","enabled":false},"version":2}},"categories":[27,10,1,2,35],"tags":[],"class_list":["post-102890","post","type-post","status-publish","format-standard","has-post-thumbnail","hentry","category-blogu-i-udhetarit","category-kultura","category-njoftime-shtypi","category-politika","category-shoqerore"],"jetpack_publicize_connections":[],"jetpack_featured_media_url":"https:\/\/i0.wp.com\/www.shqiperia.com\/blog\/wp-content\/uploads\/2026\/07\/WhatsApp-Image-2026-06-19-at-21.03.56-1-5-1.jpeg?fit=1280%2C960&ssl=1","jetpack_sharing_enabled":true,"jetpack_shortlink":"https:\/\/wp.me\/p5Z6wp-qLw","jetpack-related-posts":[{"id":102863,"url":"https:\/\/www.shqiperia.com\/blog\/qytetaret-serish-ne-shesh-kunder-rames-dhe-qeverise-se-tij-sot-dita-e-49-te-e-revoltes-ne-tirane\/","url_meta":{"origin":102890,"position":0},"title":"Qytetar\u00ebt s\u00ebrish n\u00eb shesh kund\u00ebr Ram\u00ebs dhe qeveris\u00eb s\u00eb tij.  Sot dita e 49-t\u00eb e revolt\u00ebs n\u00eb Tiran\u00eb","author":"Kurt Farka","date":"July 18, 2026","format":false,"excerpt":"18 Korrik 2026 Revolta qytetare kund\u00ebr kryeministrit Edi Rama, qeveris\u00eb s\u00eb tij dhe gjith\u00eb klas\u00ebs politike sh\u00ebnon sot, m\u00eb 18 korrik 2026, dit\u00ebn e saj t\u00eb 49-t\u00eb radhazi. Pas nj\u00eb tjet\u00ebr marshimi masiv mbr\u00ebmjen e djeshme, ku protestuesit u stacionuan para godin\u00ebs s\u00eb Kryeministris\u00eb, organizator\u00ebt kan\u00eb b\u00ebr\u00eb thirrje p\u00ebr nj\u00eb\u2026","rel":"","context":"In &quot;Blogu i Udh\u00ebtarit&quot;","block_context":{"text":"Blogu i Udh\u00ebtarit","link":"https:\/\/www.shqiperia.com\/blog\/category\/blogu-i-udhetarit\/"},"img":{"alt_text":"","src":"https:\/\/i0.wp.com\/www.shqiperia.com\/blog\/wp-content\/uploads\/2026\/07\/protesta-4-673x450-1-1.jpg?fit=673%2C450&ssl=1&resize=350%2C200","width":350,"height":200,"srcset":"https:\/\/i0.wp.com\/www.shqiperia.com\/blog\/wp-content\/uploads\/2026\/07\/protesta-4-673x450-1-1.jpg?fit=673%2C450&ssl=1&resize=350%2C200 1x, https:\/\/i0.wp.com\/www.shqiperia.com\/blog\/wp-content\/uploads\/2026\/07\/protesta-4-673x450-1-1.jpg?fit=673%2C450&ssl=1&resize=525%2C300 1.5x"},"classes":[]},{"id":102924,"url":"https:\/\/www.shqiperia.com\/blog\/rama-jepe-doreheqjen-sot-dita-e-50-te-e-rezistences-qytetare-per-rrezimin-e-qeverise\/","url_meta":{"origin":102890,"position":1},"title":"\u201cRama jepe dor\u00ebheqjen\u201d- Sot dita e 50-t\u00eb e rezistenc\u00ebs qytetare p\u00ebr rr\u00ebzimin e qeveris\u00eb","author":"Kurt Farka","date":"July 19, 2026","format":false,"excerpt":"19 Korrik 2026 Qytetar\u00ebt k\u00ebrkojn\u00eb nd\u00ebrrimin e saj dhe rr\u00ebzimin e qeveris\u00eb aktuale, duke pasur si k\u00ebrkes\u00eb kryesore dor\u00ebheqjen e kryeministrit Edi Rama. K\u00ebrkesa \u00ebsht\u00eb e panegocueshme, teksa mij\u00ebra qytetar\u00eb shqiptar\u00eb mblidhen \u00e7do nat\u00eb n\u00eb bulevardin para Kryeministris\u00eb ku mbajn\u00eb fjalime dhe m\u00eb pas marshojn\u00eb rrug\u00ebve t\u00eb Tiran\u00ebs, duke sensibilizuar.\u2026","rel":"","context":"In &quot;Blogu i Udh\u00ebtarit&quot;","block_context":{"text":"Blogu i Udh\u00ebtarit","link":"https:\/\/www.shqiperia.com\/blog\/category\/blogu-i-udhetarit\/"},"img":{"alt_text":"","src":"https:\/\/i0.wp.com\/www.shqiperia.com\/blog\/wp-content\/uploads\/2026\/07\/der-spiegel-protesta-433x300-1.jpg?fit=433%2C300&ssl=1&resize=350%2C200","width":350,"height":200},"classes":[]},{"id":102279,"url":"https:\/\/www.shqiperia.com\/blog\/protesta-e-te-shtunes-me-arkivolin-e-edi-rames-mesazh-kercenues-me-simbolin-e-rrezimit-te\/","url_meta":{"origin":102890,"position":2},"title":"Protesta e t\u00eb shtun\u00ebs me arkivolin e Edi Ram\u00ebs, mesazh k\u00ebrc\u00ebnues me simbolin e rr\u00ebzimit t\u00eb","author":"Kurt Farka","date":"July 6, 2026","format":false,"excerpt":"6 Korrik 2026 Pasi protestuesit nxor\u00ebn k\u00ebt\u00eb fundjav\u00eb (t\u00eb shtun\u00ebn e 4 korrikut) n\u00eb bulevard arkivolin me mbishkrimin \u201cArkivoli politik i Edi Ram\u00ebs\u201d, kryeministri duket se \u00ebsht\u00eb n\u00eb panik dhe i d\u00ebshp\u00ebruar n\u00eb reagimin e tij t\u00eb par\u00eb mbi ngjarjen.\u00a0 Z. Rama, i cili deri dje i p\u00ebrshkruante protestat si\u2026","rel":"","context":"In &quot;Blogu i Udh\u00ebtarit&quot;","block_context":{"text":"Blogu i Udh\u00ebtarit","link":"https:\/\/www.shqiperia.com\/blog\/category\/blogu-i-udhetarit\/"},"img":{"alt_text":"","src":"https:\/\/i0.wp.com\/www.shqiperia.com\/blog\/wp-content\/uploads\/2026\/07\/foto-4-1-1140x570-1.jpg?fit=1140%2C570&ssl=1&resize=350%2C200","width":350,"height":200,"srcset":"https:\/\/i0.wp.com\/www.shqiperia.com\/blog\/wp-content\/uploads\/2026\/07\/foto-4-1-1140x570-1.jpg?fit=1140%2C570&ssl=1&resize=350%2C200 1x, https:\/\/i0.wp.com\/www.shqiperia.com\/blog\/wp-content\/uploads\/2026\/07\/foto-4-1-1140x570-1.jpg?fit=1140%2C570&ssl=1&resize=525%2C300 1.5x, https:\/\/i0.wp.com\/www.shqiperia.com\/blog\/wp-content\/uploads\/2026\/07\/foto-4-1-1140x570-1.jpg?fit=1140%2C570&ssl=1&resize=700%2C400 2x, https:\/\/i0.wp.com\/www.shqiperia.com\/blog\/wp-content\/uploads\/2026\/07\/foto-4-1-1140x570-1.jpg?fit=1140%2C570&ssl=1&resize=1050%2C600 3x"},"classes":[]},{"id":102266,"url":"https:\/\/www.shqiperia.com\/blog\/pas-kesaj-pyetjeje-rama-nisi-te-sillet-cuditshem-gazetari-i-bbc-se-zbardh-prapaskenat-e-intervistes-me-ramen-syte-e-tij-u\/","url_meta":{"origin":102890,"position":3},"title":"Pas k\u00ebsaj pyetjeje Rama nisi t\u00eb sillet \u00e7uditsh\u00ebm! Gazetari i BBC-s\u00eb zbardh prapaskenat e intervist\u00ebs me Ram\u00ebn: \u201cSyt\u00eb e tij u\u2026\u201d","author":"Kurt Farka","date":"July 5, 2026","format":false,"excerpt":"5 Korrik 2026 Nj\u00eb pyetje e drejtp\u00ebrdrejt\u00eb e korrespondentit t\u00eb njohur t\u00eb BBC-s\u00eb, Guy De Launey, duket se ka krijuar nj\u00eb moment tensioni t\u00eb paprecedent\u00eb gjat\u00eb nj\u00eb interviste me Kryeministrin e Shqip\u00ebris\u00eb, Edi Rama. P\u00ebrmes nj\u00eb postimi n\u00eb rrjetet sociale, De Launey ka ndar\u00eb me ndjek\u00ebsit e tij reagimin e\u2026","rel":"","context":"In &quot;Blogu i Udh\u00ebtarit&quot;","block_context":{"text":"Blogu i Udh\u00ebtarit","link":"https:\/\/www.shqiperia.com\/blog\/category\/blogu-i-udhetarit\/"},"img":{"alt_text":"","src":"https:\/\/i0.wp.com\/www.shqiperia.com\/blog\/wp-content\/uploads\/2026\/07\/736921988_1321743976790785_3314059344482884128_n.jpg?fit=1038%2C580&ssl=1&resize=350%2C200","width":350,"height":200,"srcset":"https:\/\/i0.wp.com\/www.shqiperia.com\/blog\/wp-content\/uploads\/2026\/07\/736921988_1321743976790785_3314059344482884128_n.jpg?fit=1038%2C580&ssl=1&resize=350%2C200 1x, https:\/\/i0.wp.com\/www.shqiperia.com\/blog\/wp-content\/uploads\/2026\/07\/736921988_1321743976790785_3314059344482884128_n.jpg?fit=1038%2C580&ssl=1&resize=525%2C300 1.5x, https:\/\/i0.wp.com\/www.shqiperia.com\/blog\/wp-content\/uploads\/2026\/07\/736921988_1321743976790785_3314059344482884128_n.jpg?fit=1038%2C580&ssl=1&resize=700%2C400 2x"},"classes":[]},{"id":103452,"url":"https:\/\/www.shqiperia.com\/blog\/shqiperia-kerkon-revolucion-61-dite-revolte-qytetaret-mblidhen-sot-serish-ne-proteste-rama-jep-doreheqjen\/","url_meta":{"origin":102890,"position":4},"title":"\u201cShqip\u00ebria k\u00ebrkon revolucion\u201d\/ 61 dit\u00eb revolt\u00eb, qytetar\u00ebt mblidhen sot s\u00ebrish n\u00eb protest\u00eb: Rama jep dor\u00ebheqjen!","author":"Kurt Farka","date":"July 30, 2026","format":false,"excerpt":"30 Korrik 2026 Protesta kund\u00ebr qeveris\u00eb hyn sot n\u00eb dit\u00ebn e saj t\u00eb 61-t\u00eb, teksa edhe k\u00ebt\u00eb pasdite qytetar\u00ebt do t\u00eb mblidhen para godin\u00ebs s\u00eb Kryeministris\u00eb p\u00ebr t\u00eb vijuar mobilizimin e p\u00ebrditsh\u00ebm. Ajo q\u00eb nisi si nj\u00eb reagim ndaj zhvillimeve n\u00eb Zv\u00ebrnec \u00ebsht\u00eb shnd\u00ebrruar n\u00eb nj\u00eb l\u00ebvizje t\u00eb p\u00ebrditshme qytetare,\u2026","rel":"","context":"In &quot;Blogu i Udh\u00ebtarit&quot;","block_context":{"text":"Blogu i Udh\u00ebtarit","link":"https:\/\/www.shqiperia.com\/blog\/category\/blogu-i-udhetarit\/"},"img":{"alt_text":"","src":"https:\/\/i0.wp.com\/www.shqiperia.com\/blog\/wp-content\/uploads\/2026\/07\/protesta-4-673x450-1-2-1-1.jpg?fit=673%2C450&ssl=1&resize=350%2C200","width":350,"height":200,"srcset":"https:\/\/i0.wp.com\/www.shqiperia.com\/blog\/wp-content\/uploads\/2026\/07\/protesta-4-673x450-1-2-1-1.jpg?fit=673%2C450&ssl=1&resize=350%2C200 1x, https:\/\/i0.wp.com\/www.shqiperia.com\/blog\/wp-content\/uploads\/2026\/07\/protesta-4-673x450-1-2-1-1.jpg?fit=673%2C450&ssl=1&resize=525%2C300 1.5x"},"classes":[]},{"id":103334,"url":"https:\/\/www.shqiperia.com\/blog\/arben-malaj-rama-po-nxit-urrejtjen-politike-midis-shqiptareve\/","url_meta":{"origin":102890,"position":5},"title":"Arben Malaj &#8211; Rama po nxit urrejtjen politike midis shqiptar\u00ebve","author":"Kurt Farka","date":"July 28, 2026","format":false,"excerpt":"28 Korrik 2026 Ish-ministri i Financave, Arben Malaj ka reaguar n\u00eb lidhje me situat\u00ebn politike n\u00eb Shqip\u00ebri, duke akuzuar kryeministrin Edi Rama se po p\u00ebrdor nj\u00eb gjuh\u00eb q\u00eb thellon ndarjen dhe konfliktin politik n\u00eb shoq\u00ebri. Me an\u00eb t\u00eb nj\u00eb postimi n\u00eb Facebook, Malaj kritikon deklaratat e Ram\u00ebs ndaj deputetit Agron\u2026","rel":"","context":"In &quot;Blogu i Udh\u00ebtarit&quot;","block_context":{"text":"Blogu i Udh\u00ebtarit","link":"https:\/\/www.shqiperia.com\/blog\/category\/blogu-i-udhetarit\/"},"img":{"alt_text":"","src":"https:\/\/i0.wp.com\/www.shqiperia.com\/blog\/wp-content\/uploads\/2026\/07\/900-0-1737317495xmalaj-rama-411.jpg?fit=900%2C500&ssl=1&resize=350%2C200","width":350,"height":200,"srcset":"https:\/\/i0.wp.com\/www.shqiperia.com\/blog\/wp-content\/uploads\/2026\/07\/900-0-1737317495xmalaj-rama-411.jpg?fit=900%2C500&ssl=1&resize=350%2C200 1x, https:\/\/i0.wp.com\/www.shqiperia.com\/blog\/wp-content\/uploads\/2026\/07\/900-0-1737317495xmalaj-rama-411.jpg?fit=900%2C500&ssl=1&resize=525%2C300 1.5x, https:\/\/i0.wp.com\/www.shqiperia.com\/blog\/wp-content\/uploads\/2026\/07\/900-0-1737317495xmalaj-rama-411.jpg?fit=900%2C500&ssl=1&resize=700%2C400 2x"},"classes":[]}],"_links":{"self":[{"href":"https:\/\/www.shqiperia.com\/blog\/wp-json\/wp\/v2\/posts\/102890","targetHints":{"allow":["GET"]}}],"collection":[{"href":"https:\/\/www.shqiperia.com\/blog\/wp-json\/wp\/v2\/posts"}],"about":[{"href":"https:\/\/www.shqiperia.com\/blog\/wp-json\/wp\/v2\/types\/post"}],"author":[{"embeddable":true,"href":"https:\/\/www.shqiperia.com\/blog\/wp-json\/wp\/v2\/users\/9"}],"replies":[{"embeddable":true,"href":"https:\/\/www.shqiperia.com\/blog\/wp-json\/wp\/v2\/comments?post=102890"}],"version-history":[{"count":1,"href":"https:\/\/www.shqiperia.com\/blog\/wp-json\/wp\/v2\/posts\/102890\/revisions"}],"predecessor-version":[{"id":102893,"href":"https:\/\/www.shqiperia.com\/blog\/wp-json\/wp\/v2\/posts\/102890\/revisions\/102893"}],"wp:featuredmedia":[{"embeddable":true,"href":"https:\/\/www.shqiperia.com\/blog\/wp-json\/wp\/v2\/media\/102892"}],"wp:attachment":[{"href":"https:\/\/www.shqiperia.com\/blog\/wp-json\/wp\/v2\/media?parent=102890"}],"wp:term":[{"taxonomy":"category","embeddable":true,"href":"https:\/\/www.shqiperia.com\/blog\/wp-json\/wp\/v2\/categories?post=102890"},{"taxonomy":"post_tag","embeddable":true,"href":"https:\/\/www.shqiperia.com\/blog\/wp-json\/wp\/v2\/tags?post=102890"}],"curies":[{"name":"wp","href":"https:\/\/api.w.org\/{rel}","templated":true}]}}