{"id":102887,"date":"2026-07-18T18:25:07","date_gmt":"2026-07-18T18:25:07","guid":{"rendered":"https:\/\/www.shqiperia.com\/blog\/?p=102887"},"modified":"2026-07-18T18:25:07","modified_gmt":"2026-07-18T18:25:07","slug":"o-sot-ose-kurre-thirrja-e-te-moshuarit-ndaj-qytetareve-dilni-ne-proteste-rama-ka-punuar-kunder-popullit-te-vet","status":"publish","type":"post","link":"https:\/\/www.shqiperia.com\/blog\/o-sot-ose-kurre-thirrja-e-te-moshuarit-ndaj-qytetareve-dilni-ne-proteste-rama-ka-punuar-kunder-popullit-te-vet\/","title":{"rendered":"\u201cO sot, ose kurr\u00eb\u201d \u2013 Thirrja e t\u00eb moshuarit ndaj qytetar\u00ebve: &#8211; Dilni n\u00eb protest\u00eb! &#8211; Rama ka punuar kund\u00ebr popullit t\u00eb vet"},"content":{"rendered":"<p><img data-recalc-dims=\"1\" loading=\"lazy\" decoding=\"async\" data-attachment-id=\"102888\" data-permalink=\"https:\/\/www.shqiperia.com\/blog\/o-sot-ose-kurre-thirrja-e-te-moshuarit-ndaj-qytetareve-dilni-ne-proteste-rama-ka-punuar-kunder-popullit-te-vet\/qytetari5-433x300\/\" data-orig-file=\"https:\/\/i0.wp.com\/www.shqiperia.com\/blog\/wp-content\/uploads\/2026\/07\/qytetari5-433x300-1.jpg?fit=433%2C300&amp;ssl=1\" data-orig-size=\"433,300\" data-comments-opened=\"1\" data-image-meta=\"{&quot;aperture&quot;:&quot;0&quot;,&quot;credit&quot;:&quot;&quot;,&quot;camera&quot;:&quot;&quot;,&quot;caption&quot;:&quot;&quot;,&quot;created_timestamp&quot;:&quot;0&quot;,&quot;copyright&quot;:&quot;&quot;,&quot;focal_length&quot;:&quot;0&quot;,&quot;iso&quot;:&quot;0&quot;,&quot;shutter_speed&quot;:&quot;0&quot;,&quot;title&quot;:&quot;&quot;,&quot;orientation&quot;:&quot;0&quot;}\" data-image-title=\"qytetari5-433&#215;300\" data-image-description=\"\" data-image-caption=\"\" data-medium-file=\"https:\/\/i0.wp.com\/www.shqiperia.com\/blog\/wp-content\/uploads\/2026\/07\/qytetari5-433x300-1.jpg?fit=300%2C208&amp;ssl=1\" data-large-file=\"https:\/\/i0.wp.com\/www.shqiperia.com\/blog\/wp-content\/uploads\/2026\/07\/qytetari5-433x300-1.jpg?fit=433%2C300&amp;ssl=1\" class=\"alignnone  wp-image-102888\" alt=\"\" src=\"https:\/\/i0.wp.com\/www.shqiperia.com\/blog\/wp-content\/uploads\/2026\/07\/qytetari5-433x300-1.jpg?resize=519%2C360&#038;ssl=1\" width=\"519\" height=\"360\" srcset=\"https:\/\/i0.wp.com\/www.shqiperia.com\/blog\/wp-content\/uploads\/2026\/07\/qytetari5-433x300-1.jpg?resize=300%2C208&amp;ssl=1 300w, https:\/\/i0.wp.com\/www.shqiperia.com\/blog\/wp-content\/uploads\/2026\/07\/qytetari5-433x300-1.jpg?resize=400%2C277&amp;ssl=1 400w, https:\/\/i0.wp.com\/www.shqiperia.com\/blog\/wp-content\/uploads\/2026\/07\/qytetari5-433x300-1.jpg?w=433&amp;ssl=1 433w\" sizes=\"auto, (max-width: 519px) 100vw, 519px\" \/><\/p>\n<p><strong>18 Korrik 2026<\/strong><\/p>\n<p><strong>Nj\u00eb i moshuar, q\u00eb po merr pjes\u00eb n\u00eb protest\u00ebn kund\u00ebr qeveris\u00eb, iu b\u00ebri thirrje shqiptar\u00ebve kudo q\u00eb jan\u00eb q\u00eb t\u00eb dalin n\u00eb protest\u00eb dhe t\u00eb largojn\u00eb nj\u00ebher\u00eb e mir\u00eb kryeministrin Edi Rama dhe t\u00eb gjith\u00eb klas\u00ebn politike.<\/strong><\/p>\n<p><em>\u201cThirrje shqiptar\u00ebve hajdeni dilni n\u00eb protest\u00eb. Ta heqim k\u00ebt\u00eb klas\u00eb politike, se n\u00eb 35 vjet Shqip\u00ebria \u00ebsht\u00eb n\u00eb gremin\u00eb. Trojet shqiptare t\u00eb mblidhen k\u00ebtu. Nuk b\u00ebn\u00eb asnj\u00eb deklarat\u00eb p\u00ebr ministren serbe. Hajdeni shqiptar\u00eb.\u201d<\/em>, tha ai.<\/p>\n<p>Nd\u00ebrsa nj\u00eb qytetar tjet\u00ebr u shpreh se kryeministri ka punuar vet\u00ebm p\u00ebr oligark\u00ebt dhe jo p\u00ebr popullin e thjesht\u00eb.<\/p>\n<p><em>\u201cProtestoj kund\u00ebr kryeministrit Rama. Kam d\u00ebgjuar se i thon\u00eb tradhtar dhe hajdut. Ai ka punuar kund\u00ebr popullit t\u00eb vet. Nuk ka menduar p\u00ebr popullin, p\u00ebr familjet e varfra. N\u00eb Rrjol i ka l\u00ebn\u00eb t\u00eb vriten dhe t\u00eb zihen. Pse duhet t\u2019i l\u00ebr\u00eb t\u00eb zien.<\/em><\/p>\n<p><em>Qeveria \u00ebsht\u00eb p\u00ebr t\u00eb zgjidhur pun\u00ebt. Pse duhet t\u00eb lejoj\u00eb Kakomen\u00eb ta marrin t\u00eb tjer\u00ebt. Kakomeja \u00ebsht\u00eb e fshatar\u00ebve. Ky kryeminist\u00ebr punon p\u00ebr oligark\u00ebt dhe jo p\u00ebr popullin. Rama t\u00eb dor\u00ebhiqet se nuk b\u00ebn ose duhet t\u00eb b\u00ebj\u00eb nj\u00eb kthes\u00eb 360 grad\u00eb. T\u00eb heq\u00eb dor\u00eb nga oligark\u00ebt, t\u00eb ulet me popullin.\u201d,<\/em><span>\u00a0<\/span>tha ai.<\/p>\n<div><ins id=\"revive-0-37\" data-revive-zoneid=\"1015\" data-revive-id=\"0a5067886004a72d5b41c8f4bd9c2af9\" data-revive-seq=\"37\" data-revive-loaded=\"1\"><\/p>\n<div id=\"beacon_c6a5dfb71f\"><img loading=\"lazy\" decoding=\"async\" alt=\"\" src=\"https:\/\/ads2.panorama.com.al\/www\/delivery\/lg.php?bannerid=0&amp;campaignid=0&amp;zoneid=1015&amp;loc=https%3A%2F%2Fwww.panorama.com.al%2Fo-sot-ose-kurre-thirrja-e-te-moshuarit-ndaj-qytetareve-dilni-ne-proteste-ta-heqim-kete-klase-politike%2F&amp;referer=https%3A%2F%2Fwww.panorama.com.al%2F&amp;cb=c6a5dfb71f\" width=\"0\" height=\"0\" \/><\/div>\n<p><\/ins><\/div>\n","protected":false},"excerpt":{"rendered":"<p>18 Korrik 2026 Nj\u00eb i moshuar, q\u00eb po merr pjes\u00eb n\u00eb protest\u00ebn kund\u00ebr qeveris\u00eb, iu b\u00ebri thirrje shqiptar\u00ebve kudo q\u00eb jan\u00eb q\u00eb t\u00eb dalin n\u00eb protest\u00eb dhe t\u00eb largojn\u00eb nj\u00ebher\u00eb e mir\u00eb kryeministrin Edi Rama dhe t\u00eb gjith\u00eb klas\u00ebn politike. \u201cThirrje shqiptar\u00ebve hajdeni dilni n\u00eb protest\u00eb. Ta heqim k\u00ebt\u00eb klas\u00eb politike, se n\u00eb 35 vjet [&hellip;]<\/p>\n","protected":false},"author":9,"featured_media":102888,"comment_status":"open","ping_status":"open","sticky":false,"template":"","format":"standard","meta":{"jetpack_post_was_ever_published":false,"_jetpack_newsletter_access":"","_jetpack_dont_email_post_to_subs":false,"_jetpack_newsletter_tier_id":0,"_jetpack_memberships_contains_paywalled_content":false,"_jetpack_memberships_contains_paid_content":false,"footnotes":"","jetpack_publicize_message":"","jetpack_publicize_feature_enabled":true,"jetpack_social_post_already_shared":true,"jetpack_social_options":{"image_generator_settings":{"template":"highway","default_image_id":0,"font":"","enabled":false},"version":2}},"categories":[27,10,1,2,35],"tags":[],"class_list":["post-102887","post","type-post","status-publish","format-standard","has-post-thumbnail","hentry","category-blogu-i-udhetarit","category-kultura","category-njoftime-shtypi","category-politika","category-shoqerore"],"jetpack_publicize_connections":[],"jetpack_featured_media_url":"https:\/\/i0.wp.com\/www.shqiperia.com\/blog\/wp-content\/uploads\/2026\/07\/qytetari5-433x300-1.jpg?fit=433%2C300&ssl=1","jetpack_sharing_enabled":true,"jetpack_shortlink":"https:\/\/wp.me\/p5Z6wp-qLt","jetpack-related-posts":[{"id":101766,"url":"https:\/\/www.shqiperia.com\/blog\/kryeministri-edi-rama-i-quan-shqiptaret-e-kosoves-dhe-maqedonise-se-veriut-qe-moren-pjese-ne-protestehordhi-pushtuese\/","url_meta":{"origin":102887,"position":0},"title":"Kryeministri Edi Rama i quan shqiptar\u00ebt e Kosov\u00ebs dhe Maqedonis\u00eb s\u00eb Veriut q\u00eb mor\u00ebn pjes\u00eb n\u00eb protest\u00eb,\u2018Hordhi pushtuese\u2019","author":"Kurt Farka","date":"June 24, 2026","format":false,"excerpt":"Ai shkoi m\u00eb tej duke e cil\u00ebsuar p\u00ebrdorimin e flamurit t\u00eb U\u00c7K-s\u00eb n\u00eb protest\u00eb si \u201cp\u00ebrdhosje\u201d, duke e paraqitur at\u00eb jo si simbol komb\u00ebtar apo politik, por si instrument urrejtjeje kund\u00ebr qeveris\u00eb s\u00eb Tiran\u00ebs. Ai p\u00ebrdori vazhdimisht terma p\u00ebr\u00e7mues p\u00ebr aktivist\u00ebt e lidhur me Vet\u00ebvendosjen, edhe pse n\u00eb fund ai\u2026","rel":"","context":"In &quot;Blogu i Udh\u00ebtarit&quot;","block_context":{"text":"Blogu i Udh\u00ebtarit","link":"https:\/\/www.shqiperia.com\/blog\/category\/blogu-i-udhetarit\/"},"img":{"alt_text":"","src":"https:\/\/i0.wp.com\/www.shqiperia.com\/blog\/wp-content\/uploads\/2026\/06\/Edi-Rama2-1440x960-1.jpg?fit=1200%2C800&ssl=1&resize=350%2C200","width":350,"height":200,"srcset":"https:\/\/i0.wp.com\/www.shqiperia.com\/blog\/wp-content\/uploads\/2026\/06\/Edi-Rama2-1440x960-1.jpg?fit=1200%2C800&ssl=1&resize=350%2C200 1x, https:\/\/i0.wp.com\/www.shqiperia.com\/blog\/wp-content\/uploads\/2026\/06\/Edi-Rama2-1440x960-1.jpg?fit=1200%2C800&ssl=1&resize=525%2C300 1.5x, https:\/\/i0.wp.com\/www.shqiperia.com\/blog\/wp-content\/uploads\/2026\/06\/Edi-Rama2-1440x960-1.jpg?fit=1200%2C800&ssl=1&resize=700%2C400 2x, https:\/\/i0.wp.com\/www.shqiperia.com\/blog\/wp-content\/uploads\/2026\/06\/Edi-Rama2-1440x960-1.jpg?fit=1200%2C800&ssl=1&resize=1050%2C600 3x"},"classes":[]},{"id":105565,"url":"https:\/\/www.shqiperia.com\/blog\/duhet-te-mobilizohemi-per-mosbindje-civile-me-12-shtator-diaspora-zbarkon-fuqimisht-ne-tirane\/","url_meta":{"origin":102887,"position":1},"title":"&#8220;Duhet t\u00eb mobilizohemi p\u00ebr mosbindje civile&#8221;\/ M\u00eb 12 shtator diaspora &#8216;zbarkon&#8217; fuqimisht n\u00eb Tiran\u00eb.","author":"Kurt Farka","date":"August 31, 2026","format":false,"excerpt":"31 Gusht 2026 Aktivisti shqiptar q\u00eb jeton n\u00eb Britani, Ilir Dedej, i ftuar ne nje lidhje te drejteperdrejte televizive ka komentuar protestat kund\u00ebr qeveris\u00eb, duke deklaruar se pas 93 dit\u00ebsh mobilizimi qytetar, sipas tij, pushteti i kryeministrit Edi Rama \u00ebsht\u00eb dob\u00ebsuar. Dedej tha se protesta duhet t\u00eb shkoj\u00eb p\u00ebrtej tubimeve\u2026","rel":"","context":"In &quot;Blogu i Udh\u00ebtarit&quot;","block_context":{"text":"Blogu i Udh\u00ebtarit","link":"https:\/\/www.shqiperia.com\/blog\/category\/blogu-i-udhetarit\/"},"img":{"alt_text":"","src":"https:\/\/i0.wp.com\/www.shqiperia.com\/blog\/wp-content\/uploads\/2026\/08\/Mijera-emigrante-shqiptare-proteste-ne-Londer.-Foto-Arkiv.jpg?fit=1200%2C675&ssl=1&resize=350%2C200","width":350,"height":200,"srcset":"https:\/\/i0.wp.com\/www.shqiperia.com\/blog\/wp-content\/uploads\/2026\/08\/Mijera-emigrante-shqiptare-proteste-ne-Londer.-Foto-Arkiv.jpg?fit=1200%2C675&ssl=1&resize=350%2C200 1x, https:\/\/i0.wp.com\/www.shqiperia.com\/blog\/wp-content\/uploads\/2026\/08\/Mijera-emigrante-shqiptare-proteste-ne-Londer.-Foto-Arkiv.jpg?fit=1200%2C675&ssl=1&resize=525%2C300 1.5x, https:\/\/i0.wp.com\/www.shqiperia.com\/blog\/wp-content\/uploads\/2026\/08\/Mijera-emigrante-shqiptare-proteste-ne-Londer.-Foto-Arkiv.jpg?fit=1200%2C675&ssl=1&resize=700%2C400 2x, https:\/\/i0.wp.com\/www.shqiperia.com\/blog\/wp-content\/uploads\/2026\/08\/Mijera-emigrante-shqiptare-proteste-ne-Londer.-Foto-Arkiv.jpg?fit=1200%2C675&ssl=1&resize=1050%2C600 3x"},"classes":[]},{"id":102851,"url":"https:\/\/www.shqiperia.com\/blog\/protesta-rama-tradhtar-dhe-antishqiptar-gjenocidi-modern-eshte-largimi-i-shqiptareve-nga-vendi\/","url_meta":{"origin":102887,"position":2},"title":"Protesta: &#8211; Rama tradhtar dhe antishqiptar, gjenocidi modern \u00ebsht\u00eb largimi i shqiptar\u00ebve nga vendi","author":"Kurt Farka","date":"July 18, 2026","format":false,"excerpt":"18 Korrik 2026 Nga protesta e p\u00ebrditshme n\u00eb \u2018D\u00ebshmor\u00ebt e Kombit\u2019, nj\u00eb prej fol\u00ebsve ka ngritur akuza t\u00eb forta ndaj Edi Ram\u00ebs dhe ka k\u00ebrkuar reagim t\u00eb fort\u00eb ndaj deklaratave t\u00eb ministres serbe, q\u00eb do t\u00eb spastronte Kosov\u00ebn n\u00ebse do ishte n\u00eb vendin e Milloshevi\u00e7it. Ai u ndal te deklaratat\u2026","rel":"","context":"In &quot;Blogu i Udh\u00ebtarit&quot;","block_context":{"text":"Blogu i Udh\u00ebtarit","link":"https:\/\/www.shqiperia.com\/blog\/category\/blogu-i-udhetarit\/"},"img":{"alt_text":"","src":"https:\/\/i0.wp.com\/www.shqiperia.com\/blog\/wp-content\/uploads\/2026\/07\/727126107_27791819013775577_4523875627734286620_n.jpg?fit=1200%2C867&ssl=1&resize=350%2C200","width":350,"height":200,"srcset":"https:\/\/i0.wp.com\/www.shqiperia.com\/blog\/wp-content\/uploads\/2026\/07\/727126107_27791819013775577_4523875627734286620_n.jpg?fit=1200%2C867&ssl=1&resize=350%2C200 1x, https:\/\/i0.wp.com\/www.shqiperia.com\/blog\/wp-content\/uploads\/2026\/07\/727126107_27791819013775577_4523875627734286620_n.jpg?fit=1200%2C867&ssl=1&resize=525%2C300 1.5x, https:\/\/i0.wp.com\/www.shqiperia.com\/blog\/wp-content\/uploads\/2026\/07\/727126107_27791819013775577_4523875627734286620_n.jpg?fit=1200%2C867&ssl=1&resize=700%2C400 2x, https:\/\/i0.wp.com\/www.shqiperia.com\/blog\/wp-content\/uploads\/2026\/07\/727126107_27791819013775577_4523875627734286620_n.jpg?fit=1200%2C867&ssl=1&resize=1050%2C600 3x"},"classes":[]},{"id":102728,"url":"https:\/\/www.shqiperia.com\/blog\/liberalet-europiane-shuplake-rames-pro-protestave-shqiptaret-meritojne-nje-qeveri-qe-u-sherben-qytetareve-te-saj\/","url_meta":{"origin":102887,"position":3},"title":"Liberal\u00ebt Europian\u00eb \u201cshuplak\u00eb\u201d Ram\u00ebs, pro protestave: &#8211; Shqiptar\u00ebt meritojn\u00eb nj\u00eb qeveri q\u00eb u sh\u00ebrben qytetar\u00ebve t\u00eb saj\u2026","author":"Kurt Farka","date":"July 15, 2026","format":false,"excerpt":"15 Ko0rrik 2026 Partia e Aleanc\u00ebs s\u00eb Liberal\u00ebve dhe Demokrat\u00ebve p\u00ebr Europ\u00ebn (ALDE Party) ka shprehur mb\u00ebshtetjen e saj p\u00ebr qytetar\u00ebt shqiptar\u00eb q\u00eb prej 45 dit\u00ebsh protestojn\u00eb n\u00eb Tiran\u00eb, nd\u00ebrsa ka kritikuar qeverin\u00eb e kryeministrit Edi Rama p\u00ebr financimin me 4 milion\u00eb euro t\u00eb koncertit t\u00eb reperit amerikan Kanye West.\u2026","rel":"","context":"In &quot;Blogu i Udh\u00ebtarit&quot;","block_context":{"text":"Blogu i Udh\u00ebtarit","link":"https:\/\/www.shqiperia.com\/blog\/category\/blogu-i-udhetarit\/"},"img":{"alt_text":"","src":"https:\/\/i0.wp.com\/www.shqiperia.com\/blog\/wp-content\/uploads\/2026\/07\/protesta-e-4-korrikut-3.jpg?fit=832%2C556&ssl=1&resize=350%2C200","width":350,"height":200,"srcset":"https:\/\/i0.wp.com\/www.shqiperia.com\/blog\/wp-content\/uploads\/2026\/07\/protesta-e-4-korrikut-3.jpg?fit=832%2C556&ssl=1&resize=350%2C200 1x, https:\/\/i0.wp.com\/www.shqiperia.com\/blog\/wp-content\/uploads\/2026\/07\/protesta-e-4-korrikut-3.jpg?fit=832%2C556&ssl=1&resize=525%2C300 1.5x, https:\/\/i0.wp.com\/www.shqiperia.com\/blog\/wp-content\/uploads\/2026\/07\/protesta-e-4-korrikut-3.jpg?fit=832%2C556&ssl=1&resize=700%2C400 2x"},"classes":[]},{"id":103334,"url":"https:\/\/www.shqiperia.com\/blog\/arben-malaj-rama-po-nxit-urrejtjen-politike-midis-shqiptareve\/","url_meta":{"origin":102887,"position":4},"title":"Arben Malaj &#8211; Rama po nxit urrejtjen politike midis shqiptar\u00ebve","author":"Kurt Farka","date":"July 28, 2026","format":false,"excerpt":"28 Korrik 2026 Ish-ministri i Financave, Arben Malaj ka reaguar n\u00eb lidhje me situat\u00ebn politike n\u00eb Shqip\u00ebri, duke akuzuar kryeministrin Edi Rama se po p\u00ebrdor nj\u00eb gjuh\u00eb q\u00eb thellon ndarjen dhe konfliktin politik n\u00eb shoq\u00ebri. Me an\u00eb t\u00eb nj\u00eb postimi n\u00eb Facebook, Malaj kritikon deklaratat e Ram\u00ebs ndaj deputetit Agron\u2026","rel":"","context":"In &quot;Blogu i Udh\u00ebtarit&quot;","block_context":{"text":"Blogu i Udh\u00ebtarit","link":"https:\/\/www.shqiperia.com\/blog\/category\/blogu-i-udhetarit\/"},"img":{"alt_text":"","src":"https:\/\/i0.wp.com\/www.shqiperia.com\/blog\/wp-content\/uploads\/2026\/07\/900-0-1737317495xmalaj-rama-411.jpg?fit=900%2C500&ssl=1&resize=350%2C200","width":350,"height":200,"srcset":"https:\/\/i0.wp.com\/www.shqiperia.com\/blog\/wp-content\/uploads\/2026\/07\/900-0-1737317495xmalaj-rama-411.jpg?fit=900%2C500&ssl=1&resize=350%2C200 1x, https:\/\/i0.wp.com\/www.shqiperia.com\/blog\/wp-content\/uploads\/2026\/07\/900-0-1737317495xmalaj-rama-411.jpg?fit=900%2C500&ssl=1&resize=525%2C300 1.5x, https:\/\/i0.wp.com\/www.shqiperia.com\/blog\/wp-content\/uploads\/2026\/07\/900-0-1737317495xmalaj-rama-411.jpg?fit=900%2C500&ssl=1&resize=700%2C400 2x"},"classes":[]},{"id":101400,"url":"https:\/\/www.shqiperia.com\/blog\/administrata-te-bashkohet-me-popullin-sot-antimitingu-i-rames-kjo-eshte-thirrja-qe-kane-perhapur-protestuesit\/","url_meta":{"origin":102887,"position":5},"title":"\u201cAdministrata t\u00eb bashkohet me popullin\u201d! Sot, antimitingu i Ram\u00ebs, kjo \u00ebsht\u00eb thirrja q\u00eb kan\u00eb p\u00ebrhapur protestuesit","author":"Kurt Farka","date":"June 12, 2026","format":false,"excerpt":"Nj\u00eb thirrje u shp\u00ebrnda nga protestuesit p\u00ebr tubimin e dit\u00ebs s\u00eb sotme. Nd\u00ebrsa protesta kund\u00ebr qeveris\u00eb dhe klas\u00ebs politike ka kaluar dit\u00ebn e saj t\u00eb 12-t\u00eb, qytetar\u00ebt po k\u00ebrkojn\u00eb nj\u00eb mobilizim akoma m\u00eb t\u00eb madh p\u00ebr t\u2019iu p\u00ebrgjigjur asaj q\u00eb e konsiderojn\u00eb si provokim nga ana e kryeministrit Edi Rama.\u2026","rel":"","context":"In &quot;Blogu i Udh\u00ebtarit&quot;","block_context":{"text":"Blogu i Udh\u00ebtarit","link":"https:\/\/www.shqiperia.com\/blog\/category\/blogu-i-udhetarit\/"},"img":{"alt_text":"","src":"https:\/\/i0.wp.com\/www.shqiperia.com\/blog\/wp-content\/uploads\/2026\/06\/ga1-11-2.jpg?fit=600%2C315&ssl=1&resize=350%2C200","width":350,"height":200,"srcset":"https:\/\/i0.wp.com\/www.shqiperia.com\/blog\/wp-content\/uploads\/2026\/06\/ga1-11-2.jpg?fit=600%2C315&ssl=1&resize=350%2C200 1x, https:\/\/i0.wp.com\/www.shqiperia.com\/blog\/wp-content\/uploads\/2026\/06\/ga1-11-2.jpg?fit=600%2C315&ssl=1&resize=525%2C300 1.5x"},"classes":[]}],"_links":{"self":[{"href":"https:\/\/www.shqiperia.com\/blog\/wp-json\/wp\/v2\/posts\/102887","targetHints":{"allow":["GET"]}}],"collection":[{"href":"https:\/\/www.shqiperia.com\/blog\/wp-json\/wp\/v2\/posts"}],"about":[{"href":"https:\/\/www.shqiperia.com\/blog\/wp-json\/wp\/v2\/types\/post"}],"author":[{"embeddable":true,"href":"https:\/\/www.shqiperia.com\/blog\/wp-json\/wp\/v2\/users\/9"}],"replies":[{"embeddable":true,"href":"https:\/\/www.shqiperia.com\/blog\/wp-json\/wp\/v2\/comments?post=102887"}],"version-history":[{"count":1,"href":"https:\/\/www.shqiperia.com\/blog\/wp-json\/wp\/v2\/posts\/102887\/revisions"}],"predecessor-version":[{"id":102889,"href":"https:\/\/www.shqiperia.com\/blog\/wp-json\/wp\/v2\/posts\/102887\/revisions\/102889"}],"wp:featuredmedia":[{"embeddable":true,"href":"https:\/\/www.shqiperia.com\/blog\/wp-json\/wp\/v2\/media\/102888"}],"wp:attachment":[{"href":"https:\/\/www.shqiperia.com\/blog\/wp-json\/wp\/v2\/media?parent=102887"}],"wp:term":[{"taxonomy":"category","embeddable":true,"href":"https:\/\/www.shqiperia.com\/blog\/wp-json\/wp\/v2\/categories?post=102887"},{"taxonomy":"post_tag","embeddable":true,"href":"https:\/\/www.shqiperia.com\/blog\/wp-json\/wp\/v2\/tags?post=102887"}],"curies":[{"name":"wp","href":"https:\/\/api.w.org\/{rel}","templated":true}]}}