{"id":102872,"date":"2026-07-18T11:09:52","date_gmt":"2026-07-18T11:09:52","guid":{"rendered":"https:\/\/www.shqiperia.com\/blog\/?p=102872"},"modified":"2026-07-18T11:09:52","modified_gmt":"2026-07-18T11:09:52","slug":"hiqen-pengesat-ligjore-izraeli-planifikon-te-perdore-krokodile-per-te-ruajtur-te-burgosurit-palestineze","status":"publish","type":"post","link":"https:\/\/www.shqiperia.com\/blog\/hiqen-pengesat-ligjore-izraeli-planifikon-te-perdore-krokodile-per-te-ruajtur-te-burgosurit-palestineze\/","title":{"rendered":"Hiqen pengesat ligjore, Izraeli planifikon t\u00eb p\u00ebrdor\u00eb krokodil\u00eb p\u00ebr t\u00eb ruajtur t\u00eb burgosurit palestinez\u00eb"},"content":{"rendered":"<p><img data-recalc-dims=\"1\" loading=\"lazy\" decoding=\"async\" data-attachment-id=\"102873\" data-permalink=\"https:\/\/www.shqiperia.com\/blog\/hiqen-pengesat-ligjore-izraeli-planifikon-te-perdore-krokodile-per-te-ruajtur-te-burgosurit-palestineze\/r-4\/\" data-orig-file=\"https:\/\/i0.wp.com\/www.shqiperia.com\/blog\/wp-content\/uploads\/2026\/07\/R-1.jpg?fit=704%2C396&amp;ssl=1\" data-orig-size=\"704,396\" data-comments-opened=\"1\" data-image-meta=\"{&quot;aperture&quot;:&quot;0&quot;,&quot;credit&quot;:&quot;&quot;,&quot;camera&quot;:&quot;&quot;,&quot;caption&quot;:&quot;&quot;,&quot;created_timestamp&quot;:&quot;1784372868&quot;,&quot;copyright&quot;:&quot;&quot;,&quot;focal_length&quot;:&quot;0&quot;,&quot;iso&quot;:&quot;0&quot;,&quot;shutter_speed&quot;:&quot;0&quot;,&quot;title&quot;:&quot;&quot;,&quot;orientation&quot;:&quot;0&quot;}\" data-image-title=\"R\" data-image-description=\"\" data-image-caption=\"\" data-medium-file=\"https:\/\/i0.wp.com\/www.shqiperia.com\/blog\/wp-content\/uploads\/2026\/07\/R-1.jpg?fit=300%2C169&amp;ssl=1\" data-large-file=\"https:\/\/i0.wp.com\/www.shqiperia.com\/blog\/wp-content\/uploads\/2026\/07\/R-1.jpg?fit=704%2C396&amp;ssl=1\" class=\"alignnone  wp-image-102873\" alt=\"\" src=\"https:\/\/i0.wp.com\/www.shqiperia.com\/blog\/wp-content\/uploads\/2026\/07\/R-1.jpg?resize=691%2C389&#038;ssl=1\" width=\"691\" height=\"389\" srcset=\"https:\/\/i0.wp.com\/www.shqiperia.com\/blog\/wp-content\/uploads\/2026\/07\/R-1.jpg?resize=300%2C169&amp;ssl=1 300w, https:\/\/i0.wp.com\/www.shqiperia.com\/blog\/wp-content\/uploads\/2026\/07\/R-1.jpg?resize=450%2C253&amp;ssl=1 450w, https:\/\/i0.wp.com\/www.shqiperia.com\/blog\/wp-content\/uploads\/2026\/07\/R-1.jpg?resize=600%2C338&amp;ssl=1 600w, https:\/\/i0.wp.com\/www.shqiperia.com\/blog\/wp-content\/uploads\/2026\/07\/R-1.jpg?resize=400%2C225&amp;ssl=1 400w, https:\/\/i0.wp.com\/www.shqiperia.com\/blog\/wp-content\/uploads\/2026\/07\/R-1.jpg?w=704&amp;ssl=1 704w\" sizes=\"auto, (max-width: 691px) 100vw, 691px\" \/><\/p>\n<p>18 Korrik 2026<\/p>\n<p>Izraeli thuhet se i ka riklasifikuar krokodil\u00ebt e Nilit si kafsh\u00eb \u201ct\u00eb kujdesura\u201d , duke hapur potencialisht rrug\u00ebn p\u00ebr p\u00ebrdorimin e tyre si pjes\u00eb e siguris\u00eb s\u00eb burgjeve.<\/p>\n<p>Propozimi kontrovers p\u00ebr t\u00eb rrethuar burgjet me hendeqe t\u00eb mbushura me krokodil\u00eb thuhet se u propozua n\u00eb fund t\u00eb vitit t\u00eb kaluar nga Ministri i Siguris\u00eb Komb\u00ebtare i ekstremit t\u00eb djatht\u00eb, Itamar Ben-Gvir, i cili argumentoi se zvarranik\u00ebt do t\u00eb forconin sigurin\u00eb dhe do t\u00eb pengonin p\u00ebrpjekjet e arratisjes. Plani fillimisht u konsiderua ligj\u00ebrisht i parealizuesh\u00ebm nga Autoriteti i Natyr\u00ebs dhe Parqeve t\u00eb Izraelit, sepse krokodil\u00ebt e Nilit klasifikoheshin si kafsh\u00eb t\u00eb egra q\u00eb mund t\u00eb mbaheshin vet\u00ebm n\u00eb kopshte zoologjike dhe rezervate t\u00eb kafsh\u00ebve t\u00eb egra.<\/p>\n<p>Kjo penges\u00eb ligjore thuhet se u hoq k\u00ebt\u00eb jav\u00eb kur Ministri i Mbrojtjes s\u00eb Mjedisit Idit Silman e riem\u00ebrtoi krokodilin e Nilit si nj\u00eb \u201ckafsh\u00eb t\u00eb eg\u00ebr t\u00eb kujdesur\u201d, raportuan mediat izraelite t\u00eb premten. Klasifikimi i ri lejon q\u00eb zvarranik\u00ebt t\u00eb mbahen n\u00eb nj\u00eb gam\u00eb m\u00eb t\u00eb gjer\u00eb ambientesh, duke p\u00ebrfshir\u00eb potencialisht edhe burgjet.<\/p>\n<p>Em\u00ebrtimi i ri thuhet se vjen pavar\u00ebsisht paralajm\u00ebrimeve nga k\u00ebshilltarja ligjore e ministris\u00eb, e cila i tha Silman se nuk kishte autoritet p\u00ebr t\u00eb vendosur n\u00eb m\u00ebnyr\u00eb t\u00eb nj\u00ebanshme mbi statusin e krokodil\u00ebve dhe p\u00ebr t\u00eb hedhur themelet p\u00ebr vendosjen e tyre n\u00eb burgje. Disa jav\u00eb m\u00eb par\u00eb, Ben-Gvir dhe Silman thuhet se zhvilluan nj\u00eb takim me k\u00ebshilltaren ligjore dhe shefen e Autoritetit t\u00eb Natyr\u00ebs dhe Parqeve, Raya Soraki, duke i shtyr\u00eb ata q\u00eb t\u00eb pranonin planin e dyshimt\u00eb.<\/p>\n<p>Sipas raportimeve t\u00eb medias izraelite, Ben-Gvir d\u00ebshiron t\u2019i prezantoj\u00eb fillimisht zvarranik\u00ebt n\u00eb burgun Ketziot, nj\u00eb qend\u00ebr burgimi n\u00eb Izraelin jugor q\u00eb mban kryesisht t\u00eb burgosur palestinez\u00eb. Pasi ai e paraqiti propozimin p\u00ebr her\u00eb t\u00eb par\u00eb, Sh\u00ebrbimi i Burgjeve t\u00eb Izraelit (IPS) e shqyrtoi at\u00eb dhe d\u00ebrgoi oficer\u00eb n\u00eb ferm\u00ebn e krokodil\u00ebve Hamat Gader n\u00eb fillim t\u00eb janarit p\u00ebr t\u2019u njohur me zvarranik\u00ebt.<\/p>\n<p>Sipas njoftimeve, IPS e priti propozimin e ministrit n\u00eb m\u00ebnyr\u00eb t\u00eb favorshme, duke marr\u00eb n\u00eb konsiderat\u00eb zgjedhjen e ekzemplar\u00ebve m\u00eb t\u00eb vegj\u00ebl q\u00eb do t\u00eb kushtonin rreth 8,000 dollar\u00eb p\u00ebr kok\u00eb, n\u00eb vend t\u00eb zvarranik\u00ebve m\u00eb t\u00eb vjet\u00ebr q\u00eb kushtonin rreth 20,000 dollar\u00eb. \u201cKjo \u00ebsht\u00eb nj\u00eb shum\u00eb relativisht e vog\u00ebl krahasuar me investimin n\u00eb siguri q\u00eb k\u00ebrkon nj\u00eb burg, dhe rezultatet do t\u00eb ishin edhe m\u00eb t\u00eb mira\u201d, tha nj\u00eb burim i IPS p\u00ebr gazet\u00ebn Maariv n\u00eb at\u00eb koh\u00eb, duke shtuar se zvarranik\u00ebt e vegj\u00ebl \u201cgjithashtu t\u00eb rreziksh\u00ebm\u201d p\u00ebrfundimisht do t\u00eb rriteshin brenda kompleksit t\u00eb burgut.<\/p>\n","protected":false},"excerpt":{"rendered":"<p>18 Korrik 2026 Izraeli thuhet se i ka riklasifikuar krokodil\u00ebt e Nilit si kafsh\u00eb \u201ct\u00eb kujdesura\u201d , duke hapur potencialisht rrug\u00ebn p\u00ebr p\u00ebrdorimin e tyre si pjes\u00eb e siguris\u00eb s\u00eb burgjeve. Propozimi kontrovers p\u00ebr t\u00eb rrethuar burgjet me hendeqe t\u00eb mbushura me krokodil\u00eb thuhet se u propozua n\u00eb fund t\u00eb vitit t\u00eb kaluar nga Ministri [&hellip;]<\/p>\n","protected":false},"author":9,"featured_media":102873,"comment_status":"open","ping_status":"open","sticky":false,"template":"","format":"standard","meta":{"jetpack_post_was_ever_published":false,"_jetpack_newsletter_access":"","_jetpack_dont_email_post_to_subs":false,"_jetpack_newsletter_tier_id":0,"_jetpack_memberships_contains_paywalled_content":false,"_jetpack_memberships_contains_paid_content":false,"footnotes":"","jetpack_publicize_message":"","jetpack_publicize_feature_enabled":true,"jetpack_social_post_already_shared":true,"jetpack_social_options":{"image_generator_settings":{"template":"highway","default_image_id":0,"font":"","enabled":false},"version":2}},"categories":[27,10,1,2,35],"tags":[],"class_list":["post-102872","post","type-post","status-publish","format-standard","has-post-thumbnail","hentry","category-blogu-i-udhetarit","category-kultura","category-njoftime-shtypi","category-politika","category-shoqerore"],"jetpack_publicize_connections":[],"jetpack_featured_media_url":"https:\/\/i0.wp.com\/www.shqiperia.com\/blog\/wp-content\/uploads\/2026\/07\/R-1.jpg?fit=704%2C396&ssl=1","jetpack_sharing_enabled":true,"jetpack_shortlink":"https:\/\/wp.me\/p5Z6wp-qLe","jetpack-related-posts":[{"id":103353,"url":"https:\/\/www.shqiperia.com\/blog\/bregu-perendimor-ne-pike-kritike-palestinezet-po-perballen-me-dhunen-e-koloneve-izraelite\/","url_meta":{"origin":102872,"position":0},"title":"BREGU PER\u00cbNDIMOR N\u00cb PIK\u00cb KRITIKE\/ Palestinez\u00ebt po p\u00ebrballen me dhun\u00ebn e kolon\u00ebve izraelit\u00eb","author":"Kurt Farka","date":"July 28, 2026","format":false,"excerpt":"28 Korrik 2026 Tensionet n\u00eb Bregun Per\u00ebndimor kan\u00eb arritur n\u00eb nj\u00eb pik\u00eb kritike, teksa banor\u00ebt palestinez\u00eb akuzojn\u00eb kolon\u00ebt izraelit\u00eb p\u00ebr sulme t\u00eb vazhdueshme dhe ushtrin\u00eb izraelite p\u00ebr bastisje masive. P\u00ebrplasja e fundit n\u00eb fshatin Tal, la t\u00eb vrar\u00eb 6 persona dhe solli arrestime t\u00eb shumta, duke rritur frik\u00ebn p\u00ebr nj\u00eb\u2026","rel":"","context":"In &quot;Blogu i Udh\u00ebtarit&quot;","block_context":{"text":"Blogu i Udh\u00ebtarit","link":"https:\/\/www.shqiperia.com\/blog\/category\/blogu-i-udhetarit\/"},"img":{"alt_text":"","src":"https:\/\/i0.wp.com\/www.shqiperia.com\/blog\/wp-content\/uploads\/2026\/07\/640-0-capturepng-1785240927.png?fit=640%2C357&ssl=1&resize=350%2C200","width":350,"height":200,"srcset":"https:\/\/i0.wp.com\/www.shqiperia.com\/blog\/wp-content\/uploads\/2026\/07\/640-0-capturepng-1785240927.png?fit=640%2C357&ssl=1&resize=350%2C200 1x, https:\/\/i0.wp.com\/www.shqiperia.com\/blog\/wp-content\/uploads\/2026\/07\/640-0-capturepng-1785240927.png?fit=640%2C357&ssl=1&resize=525%2C300 1.5x"},"classes":[]},{"id":104944,"url":"https:\/\/www.shqiperia.com\/blog\/virusi-i-nilit-perendimor-edhe-ne-shqiperi-agjencia-evropiane-duhen-rritur-kapacitet-per-luftimin-e-mushkonjave\/","url_meta":{"origin":102872,"position":1},"title":"Virusi i Nilit Per\u00ebndimor edhe n\u00eb Shqip\u00ebri\/ Agjencia evropiane: Duhen rritur kapacitet p\u00ebr luftimin e mushkonjave","author":"Kurt Farka","date":"August 22, 2026","format":false,"excerpt":"22 Gusht 2026 Dymb\u00ebdhjet\u00eb vende evropiane raportojn\u00eb infeksione me virusin e Nilit Per\u00ebndimor, duksh\u00ebm m\u00eb shum\u00eb se n\u00eb t\u00eb nj\u00ebjt\u00ebn periudh\u00eb t\u00eb vitit t\u00eb kaluar. Llojet invazive t\u00eb mushkonjave po nxisin p\u00ebrhapjen e k\u00ebtij shkaktari t\u00eb s\u00ebmundjes. Virusi i Nilit Per\u00ebndimor, i cili transmetohet nga mushkonjat, po vazhdon t\u00eb p\u00ebrhapet\u2026","rel":"","context":"In &quot;Blogu i Udh\u00ebtarit&quot;","block_context":{"text":"Blogu i Udh\u00ebtarit","link":"https:\/\/www.shqiperia.com\/blog\/category\/blogu-i-udhetarit\/"},"img":{"alt_text":"","src":"https:\/\/i0.wp.com\/www.shqiperia.com\/blog\/wp-content\/uploads\/2026\/08\/auto_mushkonja1787388765.png?fit=900%2C602&ssl=1&resize=350%2C200","width":350,"height":200,"srcset":"https:\/\/i0.wp.com\/www.shqiperia.com\/blog\/wp-content\/uploads\/2026\/08\/auto_mushkonja1787388765.png?fit=900%2C602&ssl=1&resize=350%2C200 1x, https:\/\/i0.wp.com\/www.shqiperia.com\/blog\/wp-content\/uploads\/2026\/08\/auto_mushkonja1787388765.png?fit=900%2C602&ssl=1&resize=525%2C300 1.5x, https:\/\/i0.wp.com\/www.shqiperia.com\/blog\/wp-content\/uploads\/2026\/08\/auto_mushkonja1787388765.png?fit=900%2C602&ssl=1&resize=700%2C400 2x"},"classes":[]},{"id":100773,"url":"https:\/\/www.shqiperia.com\/blog\/cfare-ndodhi-ne-zvernec-protesta-kunder-rrethimit-te-2-6-milione-m%c2%b2-ne-zonen-e-mbrojtur-pishe-poro-narte-dhe-reagimet\/","url_meta":{"origin":102872,"position":2},"title":"\u00c7far\u00eb ndodhi n\u00eb Zv\u00ebrnec: Protesta kund\u00ebr rrethimit t\u00eb 2.6 milion\u00eb m\u00b2 n\u00eb zon\u00ebn e mbrojtur Pish\u00eb Poro-Nart\u00eb dhe reagimet","author":"Kurt Farka","date":"May 31, 2026","format":false,"excerpt":"31 Maji 2026 Nj\u00eb protest\u00eb e organizuar kund\u00ebr rrethimit t\u00eb zon\u00ebs s\u00eb mbrojtur n\u00eb Pish\u00eb Poro-Nart\u00eb u p\u00ebrshkall\u00ebzua t\u00eb shtun\u00ebn n\u00eb incidente t\u00eb dhunshme, pasi punonj\u00ebs t\u00eb nj\u00eb kompanie private sigurie u p\u00ebrplas\u00ebn fizikisht me banor\u00eb t\u00eb Zv\u00ebrnecit dhe aktivist\u00eb mjedisor\u00eb. Pamjet e publikuara n\u00eb rrjetet sociale tregojn\u00eb nj\u00eb protestues\u2026","rel":"","context":"In &quot;Blogu i Udh\u00ebtarit&quot;","block_context":{"text":"Blogu i Udh\u00ebtarit","link":"https:\/\/www.shqiperia.com\/blog\/category\/blogu-i-udhetarit\/"},"img":{"alt_text":"","src":"https:\/\/i0.wp.com\/www.shqiperia.com\/blog\/wp-content\/uploads\/2026\/05\/Screenshot-nga-video-te-publikuara-nga-aktiviste-qe-tregojne-policine-private-duke-hequr-zvarre-nje-protestues-1.webp?fit=776%2C571&ssl=1&resize=350%2C200","width":350,"height":200,"srcset":"https:\/\/i0.wp.com\/www.shqiperia.com\/blog\/wp-content\/uploads\/2026\/05\/Screenshot-nga-video-te-publikuara-nga-aktiviste-qe-tregojne-policine-private-duke-hequr-zvarre-nje-protestues-1.webp?fit=776%2C571&ssl=1&resize=350%2C200 1x, https:\/\/i0.wp.com\/www.shqiperia.com\/blog\/wp-content\/uploads\/2026\/05\/Screenshot-nga-video-te-publikuara-nga-aktiviste-qe-tregojne-policine-private-duke-hequr-zvarre-nje-protestues-1.webp?fit=776%2C571&ssl=1&resize=525%2C300 1.5x, https:\/\/i0.wp.com\/www.shqiperia.com\/blog\/wp-content\/uploads\/2026\/05\/Screenshot-nga-video-te-publikuara-nga-aktiviste-qe-tregojne-policine-private-duke-hequr-zvarre-nje-protestues-1.webp?fit=776%2C571&ssl=1&resize=700%2C400 2x"},"classes":[]},{"id":104700,"url":"https:\/\/www.shqiperia.com\/blog\/ethet-e-nilit-ne-maqedoni-4-viktima-36-raste-te-konfirmuara\/","url_meta":{"origin":102872,"position":3},"title":"Ethet e Nilit n\u00eb Maqedoni: &#8211; 4 viktima, 36 raste t\u00eb konfirmuara.","author":"Kurt Farka","date":"August 18, 2026","format":false,"excerpt":"18 Gusht 2026 N\u00eb Shqiperi gjat\u00eb viteve t\u00eb fundit shum\u00eb qytetar\u00eb mbi mosh\u00ebn 62 vjec ken\u00eb vdekur nga kjo s\u00ebmundje Sh\u00ebnohet viktima e kat\u00ebrt nga ethet e Nilit Per\u00ebndimor n\u00eb Maqedonin\u00eb e Veriut. Lajmi u b\u00eb i ditur nga drejtori i Klinik\u00ebs p\u00ebr S\u00ebmundje Infektive n\u00eb Shkup, Fadil Cana. Sipas\u2026","rel":"","context":"In &quot;Blogu i Udh\u00ebtarit&quot;","block_context":{"text":"Blogu i Udh\u00ebtarit","link":"https:\/\/www.shqiperia.com\/blog\/category\/blogu-i-udhetarit\/"},"img":{"alt_text":"","src":"https:\/\/i0.wp.com\/www.shqiperia.com\/blog\/wp-content\/uploads\/2026\/08\/OIP-1.webp?fit=862%2C485&ssl=1&resize=350%2C200","width":350,"height":200,"srcset":"https:\/\/i0.wp.com\/www.shqiperia.com\/blog\/wp-content\/uploads\/2026\/08\/OIP-1.webp?fit=862%2C485&ssl=1&resize=350%2C200 1x, https:\/\/i0.wp.com\/www.shqiperia.com\/blog\/wp-content\/uploads\/2026\/08\/OIP-1.webp?fit=862%2C485&ssl=1&resize=525%2C300 1.5x, https:\/\/i0.wp.com\/www.shqiperia.com\/blog\/wp-content\/uploads\/2026\/08\/OIP-1.webp?fit=862%2C485&ssl=1&resize=700%2C400 2x"},"classes":[]},{"id":104668,"url":"https:\/\/www.shqiperia.com\/blog\/kushner-deshton-te-binde-izraelin-dhe-hamasin-per-planin-e-paqes-ne-gaza\/","url_meta":{"origin":102872,"position":4},"title":"Kushner d\u00ebshton t\u00eb bind\u00eb Izraelin dhe Hamasin p\u00ebr planin e paqes n\u00eb Gaza","author":"Kurt Farka","date":"August 18, 2026","format":false,"excerpt":"18 Gusht 2026 Vizita e Jared Kushnerit n\u00eb Lindjen e Mesme nuk ka prodhuar p\u00ebrparimin e pritur p\u00ebr planin amerikan t\u00eb paqes n\u00eb Gaza, pasi Izraeli dhe Hamasi vijojn\u00eb t\u00eb ken\u00eb dallime t\u00eb r\u00ebnd\u00ebsishme mbi zbatimin e tij. Dh\u00ebndri i presidentit amerikan Donald Trump zhvilloi takime me liderin politik t\u00eb\u2026","rel":"","context":"In &quot;Blogu i Udh\u00ebtarit&quot;","block_context":{"text":"Blogu i Udh\u00ebtarit","link":"https:\/\/www.shqiperia.com\/blog\/category\/blogu-i-udhetarit\/"},"img":{"alt_text":"","src":"https:\/\/i0.wp.com\/www.shqiperia.com\/blog\/wp-content\/uploads\/2026\/08\/Gaza-1.jpg?fit=1200%2C800&ssl=1&resize=350%2C200","width":350,"height":200,"srcset":"https:\/\/i0.wp.com\/www.shqiperia.com\/blog\/wp-content\/uploads\/2026\/08\/Gaza-1.jpg?fit=1200%2C800&ssl=1&resize=350%2C200 1x, https:\/\/i0.wp.com\/www.shqiperia.com\/blog\/wp-content\/uploads\/2026\/08\/Gaza-1.jpg?fit=1200%2C800&ssl=1&resize=525%2C300 1.5x, https:\/\/i0.wp.com\/www.shqiperia.com\/blog\/wp-content\/uploads\/2026\/08\/Gaza-1.jpg?fit=1200%2C800&ssl=1&resize=700%2C400 2x, https:\/\/i0.wp.com\/www.shqiperia.com\/blog\/wp-content\/uploads\/2026\/08\/Gaza-1.jpg?fit=1200%2C800&ssl=1&resize=1050%2C600 3x"},"classes":[]},{"id":103077,"url":"https:\/\/www.shqiperia.com\/blog\/alarmi-u-dha-nga-gjermania-aku-thirrje-konsumatoreve-te-mos-konsumojne-kete-pije\/","url_meta":{"origin":102872,"position":5},"title":"Alarmi u dha nga Gjermania, AKU thirrje konsumator\u00ebve t\u00eb mos konsumojn\u00eb k\u00ebt\u00eb pije","author":"Kurt Farka","date":"July 22, 2026","format":false,"excerpt":"22 Korrik 2026 Autoriteti Komb\u00ebtar i Ushqimit (AKU) ka l\u00ebshuar nj\u00eb njoftim urgjent p\u00ebr t\u00ebrheqjen nga tregu t\u00eb nj\u00eb pije, pasi \u00ebsht\u00eb identifikuar nj\u00eb rrezik potencial serioz p\u00ebr sh\u00ebndetin e konsumator\u00ebve. B\u00ebhet fjal\u00eb p\u00ebr aperitivin pa alkool \u201cPizzolato Spritz aperitivo 0.0\u201d, me origjin\u00eb nga Italia, p\u00ebr t\u00eb cilin autoritetet gjermane\u2026","rel":"","context":"In &quot;Blogu i Udh\u00ebtarit&quot;","block_context":{"text":"Blogu i Udh\u00ebtarit","link":"https:\/\/www.shqiperia.com\/blog\/category\/blogu-i-udhetarit\/"},"img":{"alt_text":"","src":"https:\/\/i0.wp.com\/www.shqiperia.com\/blog\/wp-content\/uploads\/2026\/07\/IMG_4289.jpeg?fit=800%2C700&ssl=1&resize=350%2C200","width":350,"height":200,"srcset":"https:\/\/i0.wp.com\/www.shqiperia.com\/blog\/wp-content\/uploads\/2026\/07\/IMG_4289.jpeg?fit=800%2C700&ssl=1&resize=350%2C200 1x, https:\/\/i0.wp.com\/www.shqiperia.com\/blog\/wp-content\/uploads\/2026\/07\/IMG_4289.jpeg?fit=800%2C700&ssl=1&resize=525%2C300 1.5x, https:\/\/i0.wp.com\/www.shqiperia.com\/blog\/wp-content\/uploads\/2026\/07\/IMG_4289.jpeg?fit=800%2C700&ssl=1&resize=700%2C400 2x"},"classes":[]}],"_links":{"self":[{"href":"https:\/\/www.shqiperia.com\/blog\/wp-json\/wp\/v2\/posts\/102872","targetHints":{"allow":["GET"]}}],"collection":[{"href":"https:\/\/www.shqiperia.com\/blog\/wp-json\/wp\/v2\/posts"}],"about":[{"href":"https:\/\/www.shqiperia.com\/blog\/wp-json\/wp\/v2\/types\/post"}],"author":[{"embeddable":true,"href":"https:\/\/www.shqiperia.com\/blog\/wp-json\/wp\/v2\/users\/9"}],"replies":[{"embeddable":true,"href":"https:\/\/www.shqiperia.com\/blog\/wp-json\/wp\/v2\/comments?post=102872"}],"version-history":[{"count":1,"href":"https:\/\/www.shqiperia.com\/blog\/wp-json\/wp\/v2\/posts\/102872\/revisions"}],"predecessor-version":[{"id":102874,"href":"https:\/\/www.shqiperia.com\/blog\/wp-json\/wp\/v2\/posts\/102872\/revisions\/102874"}],"wp:featuredmedia":[{"embeddable":true,"href":"https:\/\/www.shqiperia.com\/blog\/wp-json\/wp\/v2\/media\/102873"}],"wp:attachment":[{"href":"https:\/\/www.shqiperia.com\/blog\/wp-json\/wp\/v2\/media?parent=102872"}],"wp:term":[{"taxonomy":"category","embeddable":true,"href":"https:\/\/www.shqiperia.com\/blog\/wp-json\/wp\/v2\/categories?post=102872"},{"taxonomy":"post_tag","embeddable":true,"href":"https:\/\/www.shqiperia.com\/blog\/wp-json\/wp\/v2\/tags?post=102872"}],"curies":[{"name":"wp","href":"https:\/\/api.w.org\/{rel}","templated":true}]}}