{"id":102869,"date":"2026-07-18T11:06:02","date_gmt":"2026-07-18T11:06:02","guid":{"rendered":"https:\/\/www.shqiperia.com\/blog\/?p=102869"},"modified":"2026-07-18T11:06:02","modified_gmt":"2026-07-18T11:06:02","slug":"neomalsorja-niset-drejt-tiranes-do-ti-bashkohem-protestes","status":"publish","type":"post","link":"https:\/\/www.shqiperia.com\/blog\/neomalsorja-niset-drejt-tiranes-do-ti-bashkohem-protestes\/","title":{"rendered":"\u2018Neomalsorja\u2019 niset drejt Tiran\u00ebs: &#8211; Do t\u2019i bashkohem protest\u00ebs."},"content":{"rendered":"<p><img data-recalc-dims=\"1\" loading=\"lazy\" decoding=\"async\" data-attachment-id=\"102870\" data-permalink=\"https:\/\/www.shqiperia.com\/blog\/neomalsorja-niset-drejt-tiranes-do-ti-bashkohem-protestes\/mariana-koceku\/\" data-orig-file=\"https:\/\/i0.wp.com\/www.shqiperia.com\/blog\/wp-content\/uploads\/2026\/07\/Mariana-Koceku.jpg?fit=1440%2C1185&amp;ssl=1\" data-orig-size=\"1440,1185\" data-comments-opened=\"1\" data-image-meta=\"{&quot;aperture&quot;:&quot;0&quot;,&quot;credit&quot;:&quot;&quot;,&quot;camera&quot;:&quot;&quot;,&quot;caption&quot;:&quot;&quot;,&quot;created_timestamp&quot;:&quot;0&quot;,&quot;copyright&quot;:&quot;&quot;,&quot;focal_length&quot;:&quot;0&quot;,&quot;iso&quot;:&quot;0&quot;,&quot;shutter_speed&quot;:&quot;0&quot;,&quot;title&quot;:&quot;&quot;,&quot;orientation&quot;:&quot;0&quot;}\" data-image-title=\"Mariana Koceku\" data-image-description=\"\" data-image-caption=\"\" data-medium-file=\"https:\/\/i0.wp.com\/www.shqiperia.com\/blog\/wp-content\/uploads\/2026\/07\/Mariana-Koceku.jpg?fit=300%2C247&amp;ssl=1\" data-large-file=\"https:\/\/i0.wp.com\/www.shqiperia.com\/blog\/wp-content\/uploads\/2026\/07\/Mariana-Koceku.jpg?fit=1024%2C843&amp;ssl=1\" class=\"alignnone  wp-image-102870\" alt=\"\" src=\"https:\/\/i0.wp.com\/www.shqiperia.com\/blog\/wp-content\/uploads\/2026\/07\/Mariana-Koceku.jpg?resize=593%2C488&#038;ssl=1\" width=\"593\" height=\"488\" srcset=\"https:\/\/i0.wp.com\/www.shqiperia.com\/blog\/wp-content\/uploads\/2026\/07\/Mariana-Koceku.jpg?resize=300%2C247&amp;ssl=1 300w, https:\/\/i0.wp.com\/www.shqiperia.com\/blog\/wp-content\/uploads\/2026\/07\/Mariana-Koceku.jpg?resize=1024%2C843&amp;ssl=1 1024w, https:\/\/i0.wp.com\/www.shqiperia.com\/blog\/wp-content\/uploads\/2026\/07\/Mariana-Koceku.jpg?resize=768%2C632&amp;ssl=1 768w, https:\/\/i0.wp.com\/www.shqiperia.com\/blog\/wp-content\/uploads\/2026\/07\/Mariana-Koceku.jpg?resize=450%2C370&amp;ssl=1 450w, https:\/\/i0.wp.com\/www.shqiperia.com\/blog\/wp-content\/uploads\/2026\/07\/Mariana-Koceku.jpg?resize=600%2C494&amp;ssl=1 600w, https:\/\/i0.wp.com\/www.shqiperia.com\/blog\/wp-content\/uploads\/2026\/07\/Mariana-Koceku.jpg?resize=1300%2C1070&amp;ssl=1 1300w, https:\/\/i0.wp.com\/www.shqiperia.com\/blog\/wp-content\/uploads\/2026\/07\/Mariana-Koceku.jpg?resize=400%2C329&amp;ssl=1 400w, https:\/\/i0.wp.com\/www.shqiperia.com\/blog\/wp-content\/uploads\/2026\/07\/Mariana-Koceku.jpg?w=1440&amp;ssl=1 1440w\" sizes=\"auto, (max-width: 593px) 100vw, 593px\" \/><\/p>\n<p>18 Korrik 2026<\/p>\n<p>Deputetja e pavarur, Marjana Ko\u00e7eku e njohur edhe si \u2018Neomalsorja\u2019, \u00ebsht\u00eb nisur drejt Tiran\u00ebs. Ajo shprehet n\u00eb nj\u00eb video t\u00eb publikuar n\u00eb rrjetet e saj sociale se do t\u2019i bashkohet protest\u00ebs para Kryeministris\u00eb e cila sot \u00ebsht\u00eb n\u00eb dit\u00ebn e 49-t\u00eb.<\/p>\n<p>\u201cDo t\u2019i bashkohem protest\u00ebs e cila sot \u00ebsht\u00eb n\u00eb dit\u00ebn e 49 t\u00eb saj. \u00cbsht\u00eb kaq frym\u00ebzuese dhe kaq e bukur rezistenca e qytetar\u00ebve dhe rinis\u00eb q\u00eb kan\u00eb patur gjat\u00eb k\u00ebtyre dit\u00ebve n\u00eb rrug\u00ebt e vendit dhe si\u00e7 duket nuk ka asnj\u00eb shenj\u00eb q\u00eb t\u00eb ndalet\u201d, thekson ajo.<\/p>\n<p>Sot para Kryeministris\u00eb do t\u00eb zhvillohet protesta e 49-t\u00eb radhazi ku k\u00ebrkohet dor\u00ebheqja e kryeministrit Edi Rama.<\/p>\n<p>\u2018Neomalsorja\u2019 u largua nga grupi parlamentar socialist rreth 1 muaj m\u00eb par\u00eb dhe \u201cshp\u00ebrtheu\u201d n\u00eb kritika ndaj mazhoranc\u00ebs dhe Ram\u00ebs, nd\u00ebrsa edhe ajo, tanim\u00eb si ish-socialiste k\u00ebrkon largimin e kreut t\u00eb qeveris\u00eb.<\/p>\n","protected":false},"excerpt":{"rendered":"<p>18 Korrik 2026 Deputetja e pavarur, Marjana Ko\u00e7eku e njohur edhe si \u2018Neomalsorja\u2019, \u00ebsht\u00eb nisur drejt Tiran\u00ebs. Ajo shprehet n\u00eb nj\u00eb video t\u00eb publikuar n\u00eb rrjetet e saj sociale se do t\u2019i bashkohet protest\u00ebs para Kryeministris\u00eb e cila sot \u00ebsht\u00eb n\u00eb dit\u00ebn e 49-t\u00eb. \u201cDo t\u2019i bashkohem protest\u00ebs e cila sot \u00ebsht\u00eb n\u00eb dit\u00ebn e [&hellip;]<\/p>\n","protected":false},"author":9,"featured_media":102870,"comment_status":"open","ping_status":"open","sticky":false,"template":"","format":"standard","meta":{"jetpack_post_was_ever_published":false,"_jetpack_newsletter_access":"","_jetpack_dont_email_post_to_subs":false,"_jetpack_newsletter_tier_id":0,"_jetpack_memberships_contains_paywalled_content":false,"_jetpack_memberships_contains_paid_content":false,"footnotes":"","jetpack_publicize_message":"","jetpack_publicize_feature_enabled":true,"jetpack_social_post_already_shared":true,"jetpack_social_options":{"image_generator_settings":{"template":"highway","default_image_id":0,"font":"","enabled":false},"version":2}},"categories":[27,1,2],"tags":[],"class_list":["post-102869","post","type-post","status-publish","format-standard","has-post-thumbnail","hentry","category-blogu-i-udhetarit","category-njoftime-shtypi","category-politika"],"jetpack_publicize_connections":[],"jetpack_featured_media_url":"https:\/\/i0.wp.com\/www.shqiperia.com\/blog\/wp-content\/uploads\/2026\/07\/Mariana-Koceku.jpg?fit=1440%2C1185&ssl=1","jetpack_sharing_enabled":true,"jetpack_shortlink":"https:\/\/wp.me\/p5Z6wp-qLb","jetpack-related-posts":[{"id":103415,"url":"https:\/\/www.shqiperia.com\/blog\/plot-per-2-muaj-pjesemarrje-masive-e-protestuesve-ne-diten-e-60-te-te-revoltes\/","url_meta":{"origin":102869,"position":0},"title":"Plot p\u00ebr 2 muaj, &#8211; Pjes\u00ebmarrje masive e protestuesve n\u00eb dit\u00ebn e 60-t\u00eb t\u00eb revolt\u00ebs","author":"Kurt Farka","date":"July 29, 2026","format":false,"excerpt":"29 Korrik 2026 Protesta antiqeveritare q\u00eb po mbahet sot n\u00eb Tiran\u00eb ka mbushur plot 60-t\u00eb, duke sh\u00ebnuar dy muaj mobilizim t\u00eb pand\u00ebrprer\u00eb n\u00eb rrug\u00ebt e Tiran\u00ebs. Ajo q\u00eb n\u00eb fillim u duk si nj\u00eb revolt\u00eb e kufizuar kund\u00ebr zhvillimeve n\u00eb Zv\u00ebrnec \u00ebsht\u00eb kthyer n\u00eb nj\u00eb l\u00ebvizje t\u00eb p\u00ebrditshme qytetare, e\u2026","rel":"","context":"In &quot;Blogu i Udh\u00ebtarit&quot;","block_context":{"text":"Blogu i Udh\u00ebtarit","link":"https:\/\/www.shqiperia.com\/blog\/category\/blogu-i-udhetarit\/"},"img":{"alt_text":"","src":"https:\/\/i0.wp.com\/www.shqiperia.com\/blog\/wp-content\/uploads\/2026\/07\/protestuesit11-433x300-2.jpg?fit=433%2C300&ssl=1&resize=350%2C200","width":350,"height":200},"classes":[]},{"id":103452,"url":"https:\/\/www.shqiperia.com\/blog\/shqiperia-kerkon-revolucion-61-dite-revolte-qytetaret-mblidhen-sot-serish-ne-proteste-rama-jep-doreheqjen\/","url_meta":{"origin":102869,"position":1},"title":"\u201cShqip\u00ebria k\u00ebrkon revolucion\u201d\/ 61 dit\u00eb revolt\u00eb, qytetar\u00ebt mblidhen sot s\u00ebrish n\u00eb protest\u00eb: Rama jep dor\u00ebheqjen!","author":"Kurt Farka","date":"July 30, 2026","format":false,"excerpt":"30 Korrik 2026 Protesta kund\u00ebr qeveris\u00eb hyn sot n\u00eb dit\u00ebn e saj t\u00eb 61-t\u00eb, teksa edhe k\u00ebt\u00eb pasdite qytetar\u00ebt do t\u00eb mblidhen para godin\u00ebs s\u00eb Kryeministris\u00eb p\u00ebr t\u00eb vijuar mobilizimin e p\u00ebrditsh\u00ebm. Ajo q\u00eb nisi si nj\u00eb reagim ndaj zhvillimeve n\u00eb Zv\u00ebrnec \u00ebsht\u00eb shnd\u00ebrruar n\u00eb nj\u00eb l\u00ebvizje t\u00eb p\u00ebrditshme qytetare,\u2026","rel":"","context":"In &quot;Blogu i Udh\u00ebtarit&quot;","block_context":{"text":"Blogu i Udh\u00ebtarit","link":"https:\/\/www.shqiperia.com\/blog\/category\/blogu-i-udhetarit\/"},"img":{"alt_text":"","src":"https:\/\/i0.wp.com\/www.shqiperia.com\/blog\/wp-content\/uploads\/2026\/07\/protesta-4-673x450-1-2-1-1.jpg?fit=673%2C450&ssl=1&resize=350%2C200","width":350,"height":200,"srcset":"https:\/\/i0.wp.com\/www.shqiperia.com\/blog\/wp-content\/uploads\/2026\/07\/protesta-4-673x450-1-2-1-1.jpg?fit=673%2C450&ssl=1&resize=350%2C200 1x, https:\/\/i0.wp.com\/www.shqiperia.com\/blog\/wp-content\/uploads\/2026\/07\/protesta-4-673x450-1-2-1-1.jpg?fit=673%2C450&ssl=1&resize=525%2C300 1.5x"},"classes":[]},{"id":103510,"url":"https:\/\/www.shqiperia.com\/blog\/revolta-qytetare-vazhdon-sot-dita-62-e-protestes-kunder-qeverise-kerkohet-doreheqja-e-kryeministrit-rama\/","url_meta":{"origin":102869,"position":2},"title":"Revolta qytetare vazhdon! Sot dita 62 e protest\u00ebs kund\u00ebr qeveris\u00eb! K\u00ebrkohet dor\u00ebheqja e kryeministrit Rama","author":"Kurt Farka","date":"July 31, 2026","format":false,"excerpt":"31 Korrik 2026 Qytetar\u00ebt dalin \u00e7do dit\u00eb duke shprehur pak\u00ebnaq\u00ebsit\u00eb e tyre ndaj klas\u00ebs politike shqiptare, nd\u00ebrsa k\u00ebrkesa kryesore e tyre tashm\u00eb \u00ebsht\u00eb dor\u00ebheqja e kryeministrit Edi Rama. Si \u00e7do dit\u00eb qytetar\u00ebt mblidhen n\u00eb sheshin \u201cSk\u00ebnderbej\u201d dhe m\u00eb pas marshojn\u00eb drejt kryeministris\u00eb. Edhe n\u00eb tubimin e nj\u00eb dite m\u00eb par\u00eb,\u2026","rel":"","context":"In &quot;Blogu i Udh\u00ebtarit&quot;","block_context":{"text":"Blogu i Udh\u00ebtarit","link":"https:\/\/www.shqiperia.com\/blog\/category\/blogu-i-udhetarit\/"},"img":{"alt_text":"","src":"https:\/\/i0.wp.com\/www.shqiperia.com\/blog\/wp-content\/uploads\/2026\/07\/protesta-e-4-korrikut1-1.jpg?fit=832%2C556&ssl=1&resize=350%2C200","width":350,"height":200,"srcset":"https:\/\/i0.wp.com\/www.shqiperia.com\/blog\/wp-content\/uploads\/2026\/07\/protesta-e-4-korrikut1-1.jpg?fit=832%2C556&ssl=1&resize=350%2C200 1x, https:\/\/i0.wp.com\/www.shqiperia.com\/blog\/wp-content\/uploads\/2026\/07\/protesta-e-4-korrikut1-1.jpg?fit=832%2C556&ssl=1&resize=525%2C300 1.5x, https:\/\/i0.wp.com\/www.shqiperia.com\/blog\/wp-content\/uploads\/2026\/07\/protesta-e-4-korrikut1-1.jpg?fit=832%2C556&ssl=1&resize=700%2C400 2x"},"classes":[]},{"id":102924,"url":"https:\/\/www.shqiperia.com\/blog\/rama-jepe-doreheqjen-sot-dita-e-50-te-e-rezistences-qytetare-per-rrezimin-e-qeverise\/","url_meta":{"origin":102869,"position":3},"title":"\u201cRama jepe dor\u00ebheqjen\u201d- Sot dita e 50-t\u00eb e rezistenc\u00ebs qytetare p\u00ebr rr\u00ebzimin e qeveris\u00eb","author":"Kurt Farka","date":"July 19, 2026","format":false,"excerpt":"19 Korrik 2026 Qytetar\u00ebt k\u00ebrkojn\u00eb nd\u00ebrrimin e saj dhe rr\u00ebzimin e qeveris\u00eb aktuale, duke pasur si k\u00ebrkes\u00eb kryesore dor\u00ebheqjen e kryeministrit Edi Rama. K\u00ebrkesa \u00ebsht\u00eb e panegocueshme, teksa mij\u00ebra qytetar\u00eb shqiptar\u00eb mblidhen \u00e7do nat\u00eb n\u00eb bulevardin para Kryeministris\u00eb ku mbajn\u00eb fjalime dhe m\u00eb pas marshojn\u00eb rrug\u00ebve t\u00eb Tiran\u00ebs, duke sensibilizuar.\u2026","rel":"","context":"In &quot;Blogu i Udh\u00ebtarit&quot;","block_context":{"text":"Blogu i Udh\u00ebtarit","link":"https:\/\/www.shqiperia.com\/blog\/category\/blogu-i-udhetarit\/"},"img":{"alt_text":"","src":"https:\/\/i0.wp.com\/www.shqiperia.com\/blog\/wp-content\/uploads\/2026\/07\/der-spiegel-protesta-433x300-1.jpg?fit=433%2C300&ssl=1&resize=350%2C200","width":350,"height":200},"classes":[]},{"id":105544,"url":"https:\/\/www.shqiperia.com\/blog\/ja-si-ndryshoi-kurs-edi-rama-pas-ultimatumit-te-alex-soros-per-te-shuar-luften-kunder-erion-veliajt\/","url_meta":{"origin":102869,"position":4},"title":"Ja si ndryshoi kurs Edi Rama pas ultimatumit t\u00eb Alex Soros p\u00ebr t\u00eb shuar luft\u00ebn kund\u00ebr Erion Veliajt","author":"Kurt Farka","date":"August 31, 2026","format":false,"excerpt":"31 Gusht 2026 Vet\u00ebm 24 or\u00eb pasi kryebashkiaku Erion Veliaj vendosi t\u00eb l\u00ebr\u00eb pa kompetenca Anuela Ristanin, e cila drejtonte p\u00ebrkoh\u00ebsisht Bashkin\u00eb e Tiran\u00ebs, ka reaguar edhe kryeministri Edi Rama (Kryeministria). Kjo l\u00ebvizje vjen pas dark\u00ebs sekrete q\u00eb kryeministri Rama zhvilloi pak dit\u00eb m\u00eb par\u00eb n\u00eb Dh\u00ebrmi me Alex Soros,\u2026","rel":"","context":"In &quot;Blogu i Udh\u00ebtarit&quot;","block_context":{"text":"Blogu i Udh\u00ebtarit","link":"https:\/\/www.shqiperia.com\/blog\/category\/blogu-i-udhetarit\/"},"img":{"alt_text":"","src":"https:\/\/i0.wp.com\/www.shqiperia.com\/blog\/wp-content\/uploads\/2026\/08\/Edi-Rama-Erion-Veliaji.jpg?fit=1200%2C700&ssl=1&resize=350%2C200","width":350,"height":200,"srcset":"https:\/\/i0.wp.com\/www.shqiperia.com\/blog\/wp-content\/uploads\/2026\/08\/Edi-Rama-Erion-Veliaji.jpg?fit=1200%2C700&ssl=1&resize=350%2C200 1x, https:\/\/i0.wp.com\/www.shqiperia.com\/blog\/wp-content\/uploads\/2026\/08\/Edi-Rama-Erion-Veliaji.jpg?fit=1200%2C700&ssl=1&resize=525%2C300 1.5x, https:\/\/i0.wp.com\/www.shqiperia.com\/blog\/wp-content\/uploads\/2026\/08\/Edi-Rama-Erion-Veliaji.jpg?fit=1200%2C700&ssl=1&resize=700%2C400 2x, https:\/\/i0.wp.com\/www.shqiperia.com\/blog\/wp-content\/uploads\/2026\/08\/Edi-Rama-Erion-Veliaji.jpg?fit=1200%2C700&ssl=1&resize=1050%2C600 3x"},"classes":[]},{"id":103391,"url":"https:\/\/www.shqiperia.com\/blog\/tronditet-mazhoranca-rama-ne-alarmin-e-tradhtise-brenda-qeverise-3-ministra-dyshohet-se-financojne-protesten\/","url_meta":{"origin":102869,"position":5},"title":"\u201cTronditet\u201d mazhoranca, Rama n\u00eb alarmin e \u201ctradhtis\u00eb\u201d brenda qeveris\u00eb, 3 ministra dyshohet se financojn\u00eb protest\u00ebn","author":"Kurt Farka","date":"July 29, 2026","format":false,"excerpt":"29 Korrik 2026 3 ministra dyshohet se financojn\u00eb protest\u00ebn kund\u00ebr tij, del n\u00eb sken\u00eb edhe zyrtarja e lart\u00eb e PS q\u00eb po b\u00ebn pazare \"n\u00ebn rrogoz\" me opozit\u00ebn kund\u00ebr kryeministrit Protesta antiqeveritare q\u00eb ka hyr\u00eb dje n\u00eb dit\u00ebn e saj t\u00eb 58-t\u00eb duket se po financohet fuqish\u00ebm edhe nga vet\u00eb\u2026","rel":"","context":"In &quot;Blogu i Udh\u00ebtarit&quot;","block_context":{"text":"Blogu i Udh\u00ebtarit","link":"https:\/\/www.shqiperia.com\/blog\/category\/blogu-i-udhetarit\/"},"img":{"alt_text":"","src":"https:\/\/i0.wp.com\/www.shqiperia.com\/blog\/wp-content\/uploads\/2026\/07\/Edi-Rama-4.jpg?fit=736%2C476&ssl=1&resize=350%2C200","width":350,"height":200,"srcset":"https:\/\/i0.wp.com\/www.shqiperia.com\/blog\/wp-content\/uploads\/2026\/07\/Edi-Rama-4.jpg?fit=736%2C476&ssl=1&resize=350%2C200 1x, https:\/\/i0.wp.com\/www.shqiperia.com\/blog\/wp-content\/uploads\/2026\/07\/Edi-Rama-4.jpg?fit=736%2C476&ssl=1&resize=525%2C300 1.5x, https:\/\/i0.wp.com\/www.shqiperia.com\/blog\/wp-content\/uploads\/2026\/07\/Edi-Rama-4.jpg?fit=736%2C476&ssl=1&resize=700%2C400 2x"},"classes":[]}],"_links":{"self":[{"href":"https:\/\/www.shqiperia.com\/blog\/wp-json\/wp\/v2\/posts\/102869","targetHints":{"allow":["GET"]}}],"collection":[{"href":"https:\/\/www.shqiperia.com\/blog\/wp-json\/wp\/v2\/posts"}],"about":[{"href":"https:\/\/www.shqiperia.com\/blog\/wp-json\/wp\/v2\/types\/post"}],"author":[{"embeddable":true,"href":"https:\/\/www.shqiperia.com\/blog\/wp-json\/wp\/v2\/users\/9"}],"replies":[{"embeddable":true,"href":"https:\/\/www.shqiperia.com\/blog\/wp-json\/wp\/v2\/comments?post=102869"}],"version-history":[{"count":1,"href":"https:\/\/www.shqiperia.com\/blog\/wp-json\/wp\/v2\/posts\/102869\/revisions"}],"predecessor-version":[{"id":102871,"href":"https:\/\/www.shqiperia.com\/blog\/wp-json\/wp\/v2\/posts\/102869\/revisions\/102871"}],"wp:featuredmedia":[{"embeddable":true,"href":"https:\/\/www.shqiperia.com\/blog\/wp-json\/wp\/v2\/media\/102870"}],"wp:attachment":[{"href":"https:\/\/www.shqiperia.com\/blog\/wp-json\/wp\/v2\/media?parent=102869"}],"wp:term":[{"taxonomy":"category","embeddable":true,"href":"https:\/\/www.shqiperia.com\/blog\/wp-json\/wp\/v2\/categories?post=102869"},{"taxonomy":"post_tag","embeddable":true,"href":"https:\/\/www.shqiperia.com\/blog\/wp-json\/wp\/v2\/tags?post=102869"}],"curies":[{"name":"wp","href":"https:\/\/api.w.org\/{rel}","templated":true}]}}