{"id":102866,"date":"2026-07-18T10:47:29","date_gmt":"2026-07-18T10:47:29","guid":{"rendered":"https:\/\/www.shqiperia.com\/blog\/?p=102866"},"modified":"2026-07-18T10:47:29","modified_gmt":"2026-07-18T10:47:29","slug":"po-vjen-vala-me-kritike-e-te-nxehtit-temperatura-mbi-42-grade-qytetet-po-shnderrohen-ne-kurthe","status":"publish","type":"post","link":"https:\/\/www.shqiperia.com\/blog\/po-vjen-vala-me-kritike-e-te-nxehtit-temperatura-mbi-42-grade-qytetet-po-shnderrohen-ne-kurthe\/","title":{"rendered":"Po vjen vala m\u00eb kritike e t\u00eb nxehtit, temperatura mbi 42 grad\u00eb! Qytetet po shnd\u00ebrrohen n\u00eb \u201ckurthe\u201d"},"content":{"rendered":"<p><img data-recalc-dims=\"1\" loading=\"lazy\" decoding=\"async\" data-attachment-id=\"102867\" data-permalink=\"https:\/\/www.shqiperia.com\/blog\/po-vjen-vala-me-kritike-e-te-nxehtit-temperatura-mbi-42-grade-qytetet-po-shnderrohen-ne-kurthe\/vapa4\/\" data-orig-file=\"https:\/\/i0.wp.com\/www.shqiperia.com\/blog\/wp-content\/uploads\/2026\/07\/vapa4.jpg?fit=1155%2C638&amp;ssl=1\" data-orig-size=\"1155,638\" data-comments-opened=\"1\" data-image-meta=\"{&quot;aperture&quot;:&quot;0&quot;,&quot;credit&quot;:&quot;User&quot;,&quot;camera&quot;:&quot;&quot;,&quot;caption&quot;:&quot;&quot;,&quot;created_timestamp&quot;:&quot;1784369464&quot;,&quot;copyright&quot;:&quot;&quot;,&quot;focal_length&quot;:&quot;0&quot;,&quot;iso&quot;:&quot;0&quot;,&quot;shutter_speed&quot;:&quot;0&quot;,&quot;title&quot;:&quot;&quot;,&quot;orientation&quot;:&quot;0&quot;}\" data-image-title=\"vapa4\" data-image-description=\"\" data-image-caption=\"\" data-medium-file=\"https:\/\/i0.wp.com\/www.shqiperia.com\/blog\/wp-content\/uploads\/2026\/07\/vapa4.jpg?fit=300%2C166&amp;ssl=1\" data-large-file=\"https:\/\/i0.wp.com\/www.shqiperia.com\/blog\/wp-content\/uploads\/2026\/07\/vapa4.jpg?fit=1024%2C566&amp;ssl=1\" class=\"alignnone  wp-image-102867\" alt=\"\" src=\"https:\/\/i0.wp.com\/www.shqiperia.com\/blog\/wp-content\/uploads\/2026\/07\/vapa4.jpg?resize=708%2C392&#038;ssl=1\" width=\"708\" height=\"392\" srcset=\"https:\/\/i0.wp.com\/www.shqiperia.com\/blog\/wp-content\/uploads\/2026\/07\/vapa4.jpg?resize=300%2C166&amp;ssl=1 300w, https:\/\/i0.wp.com\/www.shqiperia.com\/blog\/wp-content\/uploads\/2026\/07\/vapa4.jpg?resize=1024%2C566&amp;ssl=1 1024w, https:\/\/i0.wp.com\/www.shqiperia.com\/blog\/wp-content\/uploads\/2026\/07\/vapa4.jpg?resize=768%2C424&amp;ssl=1 768w, https:\/\/i0.wp.com\/www.shqiperia.com\/blog\/wp-content\/uploads\/2026\/07\/vapa4.jpg?resize=450%2C249&amp;ssl=1 450w, https:\/\/i0.wp.com\/www.shqiperia.com\/blog\/wp-content\/uploads\/2026\/07\/vapa4.jpg?resize=600%2C331&amp;ssl=1 600w, https:\/\/i0.wp.com\/www.shqiperia.com\/blog\/wp-content\/uploads\/2026\/07\/vapa4.jpg?resize=400%2C221&amp;ssl=1 400w, https:\/\/i0.wp.com\/www.shqiperia.com\/blog\/wp-content\/uploads\/2026\/07\/vapa4.jpg?w=1155&amp;ssl=1 1155w\" sizes=\"auto, (max-width: 708px) 100vw, 708px\" \/><\/p>\n<p><strong>18 Korrik 2026<\/strong><\/p>\n<p><strong>Vala e par\u00eb e t\u00eb nxehtit e k\u00ebsaj vere sa po ka ardhur dhe pritet t\u00eb vijoj\u00eb n\u00eb dit\u00ebt n\u00eb vijim, me temperaturat q\u00eb do t\u00eb rriten ndjesh\u00ebm dhe zhiva q\u00eb do t\u00eb arrij\u00eb deri n\u00eb 42 grad\u00eb Celsius.<\/strong><\/p>\n<p>Edhe Ballkani OPer\u00ebndimor do e ndjej\u00eb k\u00ebt\u00eb val\u00eb t\u00eb nxehri sikurse Evropa s\u00eb fundmi, fenomeni atmosferik \u201cEl Nino\u201d, q\u00eb ka shkaktuar mij\u00ebra vdekje gjat\u00eb qershorit.<\/p>\n<p>Mes vendeve t\u00eb prekura \u00ebsht\u00eb edhe Shqip\u00ebria. Edhe n\u00eb Greqin\u00eb fqinje autoritetet kan\u00eb dh\u00ebn\u00eb alarmin, duke k\u00ebshilluar kujdes t\u00eb shtuar nga dita e nes\u00ebrme, e diel\u00eb 19 korrik, deri t\u00eb mart\u00ebn, 21 korrik.<\/p>\n<p>Evropa ka regjistruar deri tani mbi 12 mij\u00eb vdekje nga temperaturat e lart\u00eb, ku shumica kan\u00eb ndodhur n\u00eb Angli dhe Franc\u00eb, si dhe n\u00eb Gjermani, Spanj\u00eb, Itali, Holand\u00eb dhe vende t\u00eb tjera.<\/p>\n<p>P\u00ebr sot, t\u00eb shtun\u00ebn, m\u00eb 18 korrik, Sh\u00ebrbimi Meteorologjik Komb\u00ebtar\u00a0 parashikon mot p\u00ebrgjith\u00ebsisht t\u00eb kthjell\u00ebt, me vran\u00ebsira t\u00eb p\u00ebrkohshme gjat\u00eb or\u00ebve t\u00eb mesdit\u00ebs dhe pasdites n\u00eb kontinent.<\/p>\n<p>Por edhe qytetet zhvillojn\u00eb mikroklim\u00ebn e tyre. Asfalti, betoni, nd\u00ebrtimet e dendura, bim\u00ebsia e kufizuar dhe qarkullimi i reduktuar i ajrit favorizojn\u00eb akumulimin e nxeht\u00ebsis\u00eb brenda struktur\u00ebs urbane. Si rezultat, zonat urbane mbeten m\u00eb t\u00eb ngrohta se zonat p\u00ebrreth periferike dhe rurale, ve\u00e7an\u00ebrisht gjat\u00eb or\u00ebve t\u00eb mbr\u00ebmjes dhe t\u00eb nat\u00ebs.<\/p>\n<p>Mungesa e hijes dhe ftohjes natyrore, sip\u00ebrfaqet q\u00eb thithin rrezatimin diellor, por edhe nxeht\u00ebsia e prodhuar nga automjetet, kondicioner\u00ebt dhe aktivitetet e tjera njer\u00ebzore e p\u00ebrkeq\u00ebsojn\u00eb m\u00eb tej situat\u00ebn.<\/p>\n<p>Nj\u00eb nga karakteristikat m\u00eb serioze t\u00eb ishullit t\u00eb nxeht\u00ebsis\u00eb urbane \u00ebsht\u00eb se nd\u00ebrtesat dhe sip\u00ebrfaqet lirojn\u00eb gradualisht nxeht\u00ebsin\u00eb q\u00eb kan\u00eb ruajtur gjat\u00eb dit\u00ebs gjat\u00eb nat\u00ebs. Kjo kufizon freskin\u00eb e nat\u00ebs q\u00eb \u00ebsht\u00eb e nevojshme p\u00ebr trupin e njeriut p\u00ebr t\u2019u rikuperuar pas shum\u00eb or\u00ebsh ekspozimi ndaj temperaturave t\u00eb larta.<\/p>\n<p>Stresi i zgjatur nga nxeht\u00ebsia prek t\u00eb moshuarit, f\u00ebmij\u00ebt, njer\u00ebzit me probleme sh\u00ebndet\u00ebsore, pun\u00ebtor\u00ebt n\u00eb natyr\u00eb dhe ata q\u00eb nuk kan\u00eb qasje t\u00eb leht\u00eb n\u00eb hap\u00ebsira t\u00eb ftohta ose t\u00eb ajrosura.<\/p>\n<p><strong>Zgjidhje p\u00ebr qytete m\u00eb t\u00eb fresk\u00ebta<\/strong><\/p>\n<p>Sipas \u201cMeteo\u201d, p\u00ebrballimi i nxeht\u00ebsis\u00eb urbane k\u00ebrkon nj\u00eb kombinim nd\u00ebrhyrjesh n\u00eb hap\u00ebsirat publike, nd\u00ebrtesat dhe infrastruktur\u00ebn. M\u00eb shum\u00eb gjelb\u00ebrim urban, krijimi i hap\u00ebsirave publike me hije dhe qendrave t\u00eb ftohjes, hap\u00ebsirave t\u00eb hapura q\u00eb leht\u00ebsojn\u00eb qarkullimin e ajrit, si dhe zonave me uj\u00eb dhe hije mund t\u00eb zvog\u00eblojn\u00eb ndjesh\u00ebm ekspozimin e qytetar\u00ebve ndaj temperaturave t\u00eb larta.<\/p>\n<p>Rregulloret e nd\u00ebrtimit q\u00eb p\u00ebrshtaten me kushtet e reja klimatike gjithashtu mund t\u00eb luajn\u00eb nj\u00eb rol t\u00eb r\u00ebnd\u00ebsish\u00ebm, ashtu si edhe p\u00ebrdorimi i materialeve reflektuese ose me ngjyra t\u00eb \u00e7el\u00ebta n\u00eb \u00e7ati, rrug\u00eb dhe sip\u00ebrfaqe nd\u00ebrtesash.<\/p>\n<p>Megjithat\u00eb, zgjidhjet nuk mund t\u00eb jen\u00eb t\u00eb nj\u00ebjta p\u00ebr t\u00eb gjitha zonat. Ato duhet t\u00eb hartohen bazuar n\u00eb karakteristikat specifike t\u00eb secilit qytet dhe lagje, pikat ku p\u00ebrqendrohet m\u00eb shum\u00eb nxeht\u00ebsi, por edhe nevojat e njer\u00ebzve q\u00eb jan\u00eb m\u00eb t\u00eb preksh\u00ebm ndaj nxeht\u00ebsis\u00eb.<\/p>\n<p>Grafik\u00ebt p\u00ebrkat\u00ebs vijn\u00eb nga Zyra e Kombeve t\u00eb Bashkuara p\u00ebr Reduktimin e Rrezikut nga Fatkeq\u00ebsit\u00eb.<\/p>\n","protected":false},"excerpt":{"rendered":"<p>18 Korrik 2026 Vala e par\u00eb e t\u00eb nxehtit e k\u00ebsaj vere sa po ka ardhur dhe pritet t\u00eb vijoj\u00eb n\u00eb dit\u00ebt n\u00eb vijim, me temperaturat q\u00eb do t\u00eb rriten ndjesh\u00ebm dhe zhiva q\u00eb do t\u00eb arrij\u00eb deri n\u00eb 42 grad\u00eb Celsius. Edhe Ballkani OPer\u00ebndimor do e ndjej\u00eb k\u00ebt\u00eb val\u00eb t\u00eb nxehri sikurse Evropa s\u00eb [&hellip;]<\/p>\n","protected":false},"author":9,"featured_media":102867,"comment_status":"open","ping_status":"open","sticky":false,"template":"","format":"standard","meta":{"jetpack_post_was_ever_published":false,"_jetpack_newsletter_access":"","_jetpack_dont_email_post_to_subs":false,"_jetpack_newsletter_tier_id":0,"_jetpack_memberships_contains_paywalled_content":false,"_jetpack_memberships_contains_paid_content":false,"footnotes":"","jetpack_publicize_message":"","jetpack_publicize_feature_enabled":true,"jetpack_social_post_already_shared":true,"jetpack_social_options":{"image_generator_settings":{"template":"highway","default_image_id":0,"font":"","enabled":false},"version":2}},"categories":[27,1,35],"tags":[],"class_list":["post-102866","post","type-post","status-publish","format-standard","has-post-thumbnail","hentry","category-blogu-i-udhetarit","category-njoftime-shtypi","category-shoqerore"],"jetpack_publicize_connections":[],"jetpack_featured_media_url":"https:\/\/i0.wp.com\/www.shqiperia.com\/blog\/wp-content\/uploads\/2026\/07\/vapa4.jpg?fit=1155%2C638&ssl=1","jetpack_sharing_enabled":true,"jetpack_shortlink":"https:\/\/wp.me\/p5Z6wp-qL8","jetpack-related-posts":[{"id":103583,"url":"https:\/\/www.shqiperia.com\/blog\/evropa-pervelohet-nga-i-nxehti-temperaturat-shkojne-ne-41c-alarm-per-zjrret-dhe-krizen-e-ujit\/","url_meta":{"origin":102866,"position":0},"title":"Evropa &#8220;p\u00ebrv\u00eblohet&#8221; nga i nxehti\/ Temperaturat shkojn\u00eb n\u00eb 41\u00b0C, alarm p\u00ebr zj*rret dhe kriz\u00ebn e ujit","author":"Kurt Farka","date":"August 1, 2026","format":false,"excerpt":"1 Gusht 2026 Nj\u00eb val\u00eb e re e t\u00eb nxehtit ka p\u00ebrfshir\u00eb Evrop\u00ebn Qendrore, me temperaturat q\u00eb pritet t\u00eb arrijn\u00eb deri n\u00eb 41 grad\u00eb Celsius n\u00eb dit\u00ebt n\u00eb vijim. P\u00ebrball\u00eb kushteve ekstreme t\u00eb motit, autoritetet kan\u00eb shtuar masat e emergjenc\u00ebs p\u00ebr t\u00eb p\u00ebrballuar rrezikun e zjarreve, munges\u00ebn e ujit dhe\u2026","rel":"","context":"In &quot;Blogu i Udh\u00ebtarit&quot;","block_context":{"text":"Blogu i Udh\u00ebtarit","link":"https:\/\/www.shqiperia.com\/blog\/category\/blogu-i-udhetarit\/"},"img":{"alt_text":"","src":"https:\/\/i0.wp.com\/www.shqiperia.com\/blog\/wp-content\/uploads\/2026\/08\/646-462-hot-1785566434.png?fit=646%2C462&ssl=1&resize=350%2C200","width":350,"height":200,"srcset":"https:\/\/i0.wp.com\/www.shqiperia.com\/blog\/wp-content\/uploads\/2026\/08\/646-462-hot-1785566434.png?fit=646%2C462&ssl=1&resize=350%2C200 1x, https:\/\/i0.wp.com\/www.shqiperia.com\/blog\/wp-content\/uploads\/2026\/08\/646-462-hot-1785566434.png?fit=646%2C462&ssl=1&resize=525%2C300 1.5x"},"classes":[]},{"id":102973,"url":"https:\/\/www.shqiperia.com\/blog\/sot-ishte-dita-me-e-nxehte-e-vitit-temperaturat-deri-ne-47-grade-ne-diell-vlerat-me-te-larta-te-regjistruara-ne-berat\/","url_meta":{"origin":102866,"position":1},"title":"Sot ishte dita m\u00eb e nxeht\u00eb e vitit\/ Temperaturat deri n\u00eb 47 grad\u00eb n\u00eb diell, vlerat m\u00eb t\u00eb larta t\u00eb regjistruara n\u00eb Berat","author":"Kurt Farka","date":"July 20, 2026","format":false,"excerpt":"20 Korrik 2026 Vala e t\u00eb nxehtit q\u00eb ka p\u00ebrfshir\u00eb vendin ton\u00eb k\u00ebt\u00eb t\u00eb h\u00ebn\u00eb ka arritur kulmin e saj. Termometri mesdit\u00ebn e sotme n\u00eb Tiran\u00eb ka arritur 45 grad\u00eb n\u00eb diell, duke sh\u00ebnuar dit\u00ebn m\u00eb t\u00eb nxeht\u00eb t\u00eb vitit. Vlerat m\u00eb t\u00eb larta jan\u00eb regjistruar n\u00eb Berat, me 47\u2026","rel":"","context":"In &quot;Blogu i Udh\u00ebtarit&quot;","block_context":{"text":"Blogu i Udh\u00ebtarit","link":"https:\/\/www.shqiperia.com\/blog\/category\/blogu-i-udhetarit\/"},"img":{"alt_text":"","src":"https:\/\/i0.wp.com\/www.shqiperia.com\/blog\/wp-content\/uploads\/2026\/07\/img_20230724_150100_800_x_450_pixel.jpg?fit=800%2C450&ssl=1&resize=350%2C200","width":350,"height":200,"srcset":"https:\/\/i0.wp.com\/www.shqiperia.com\/blog\/wp-content\/uploads\/2026\/07\/img_20230724_150100_800_x_450_pixel.jpg?fit=800%2C450&ssl=1&resize=350%2C200 1x, https:\/\/i0.wp.com\/www.shqiperia.com\/blog\/wp-content\/uploads\/2026\/07\/img_20230724_150100_800_x_450_pixel.jpg?fit=800%2C450&ssl=1&resize=525%2C300 1.5x, https:\/\/i0.wp.com\/www.shqiperia.com\/blog\/wp-content\/uploads\/2026\/07\/img_20230724_150100_800_x_450_pixel.jpg?fit=800%2C450&ssl=1&resize=700%2C400 2x"},"classes":[]},{"id":100688,"url":"https:\/\/www.shqiperia.com\/blog\/i-nxehti-ne-europe-nete-tropikale-qe-para-fillimit-te-veres-temperatura-rekord-edhe-ne-britani\/","url_meta":{"origin":102866,"position":2},"title":"I nxehti n\u00eb Europ\u00eb, net\u00eb tropikale q\u00eb para fillimit t\u00eb ver\u00ebs! Temperatura rekord edhe n\u00eb Britani","author":"Kurt Farka","date":"May 27, 2026","format":false,"excerpt":"27 Maji 2026 N\u00eb qytetin port Saint-Malo n\u00eb Bretanj\u00eb, q\u00eb zakonisht n\u00eb k\u00ebt\u00eb periudh\u00eb t\u00eb vitit \u00ebsht\u00eb ende relativisht i fresk\u00ebt, termometri t\u00eb mart\u00ebn (26.05.2026) arriti s\u00ebrish 34 grad\u00eb. Temperatura t\u00eb ngjashme t\u00eb larta ka edhe n\u00eb Rennes. Banor\u00ebt vendas dhe turist\u00ebt e habitur kan\u00eb p\u00ebrjetuar tashm\u00eb net\u00ebt e para\u2026","rel":"","context":"In &quot;Njoftime Shtypi&quot;","block_context":{"text":"Njoftime Shtypi","link":"https:\/\/www.shqiperia.com\/blog\/category\/njoftime-shtypi\/"},"img":{"alt_text":"","src":"https:\/\/i0.wp.com\/www.shqiperia.com\/blog\/wp-content\/uploads\/2026\/05\/i-nxehti-paris.jpg?fit=997%2C502&ssl=1&resize=350%2C200","width":350,"height":200,"srcset":"https:\/\/i0.wp.com\/www.shqiperia.com\/blog\/wp-content\/uploads\/2026\/05\/i-nxehti-paris.jpg?fit=997%2C502&ssl=1&resize=350%2C200 1x, https:\/\/i0.wp.com\/www.shqiperia.com\/blog\/wp-content\/uploads\/2026\/05\/i-nxehti-paris.jpg?fit=997%2C502&ssl=1&resize=525%2C300 1.5x, https:\/\/i0.wp.com\/www.shqiperia.com\/blog\/wp-content\/uploads\/2026\/05\/i-nxehti-paris.jpg?fit=997%2C502&ssl=1&resize=700%2C400 2x"},"classes":[]},{"id":105430,"url":"https:\/\/www.shqiperia.com\/blog\/itali-vape-ekstreme-ne-jug-me-mbi-44c-veriut-i-mberrijne-stuhite\/","url_meta":{"origin":102866,"position":3},"title":"Itali\/ Vap\u00eb ekstreme n\u00eb jug me mbi 44\u00b0C, veriut i mb\u00ebrrijn\u00eb stuhit\u00eb","author":"Kurt Farka","date":"August 29, 2026","format":false,"excerpt":"29 Gusht 2026 Vala e pest\u00eb e t\u00eb nxehtit ka arritur kulmin n\u00eb Itali, duke sjell\u00eb temperatura mbi 40\u00b0C n\u00eb jug dhe n\u00eb ishuj, nd\u00ebrsa veriu i vendit po p\u00ebrballet me reshje t\u00eb dendura, stuhi dhe bresh\u00ebr. N\u00eb Kalabri \u00ebsht\u00eb regjistruar temperatura m\u00eb e lart\u00eb, me 44.6\u00b0C n\u00eb Torano Scalo,\u2026","rel":"","context":"In &quot;Blogu i Udh\u00ebtarit&quot;","block_context":{"text":"Blogu i Udh\u00ebtarit","link":"https:\/\/www.shqiperia.com\/blog\/category\/blogu-i-udhetarit\/"},"img":{"alt_text":"","src":"https:\/\/i0.wp.com\/www.shqiperia.com\/blog\/wp-content\/uploads\/2026\/08\/640-0-screenshot-2026-08-28-182424-1787934272.png?fit=640%2C358&ssl=1&resize=350%2C200","width":350,"height":200,"srcset":"https:\/\/i0.wp.com\/www.shqiperia.com\/blog\/wp-content\/uploads\/2026\/08\/640-0-screenshot-2026-08-28-182424-1787934272.png?fit=640%2C358&ssl=1&resize=350%2C200 1x, https:\/\/i0.wp.com\/www.shqiperia.com\/blog\/wp-content\/uploads\/2026\/08\/640-0-screenshot-2026-08-28-182424-1787934272.png?fit=640%2C358&ssl=1&resize=525%2C300 1.5x"},"classes":[]},{"id":102976,"url":"https:\/\/www.shqiperia.com\/blog\/sinoptikania-freskimi-nis-te-merkuren-rrebeshe-ne-te-gjithe-territorin\/","url_meta":{"origin":102866,"position":4},"title":"Sinoptikania: &#8211; Freskimi nis t\u00eb m\u00ebrkur\u00ebn, rrebeshe n\u00eb t\u00eb gjith\u00eb territorin","author":"Kurt Farka","date":"July 20, 2026","format":false,"excerpt":"20 Korrik 2026 Shqip\u00ebria po p\u00ebrjeton dit\u00ebt e fundit t\u00eb val\u00ebs s\u00eb t\u00eb nxehtit afrikan, me temperatura q\u00eb kan\u00eb arritur deri n\u00eb 42 grad\u00eb Celsius n\u00eb disa zona. Por situata pritet t\u00eb ndryshoj\u00eb ndjesh\u00ebm gjat\u00eb k\u00ebsaj jave, pasi nj\u00eb mas\u00eb ajrore e fresk\u00ebt nga veriu i Evrop\u00ebs do t\u00eb sjell\u00eb\u2026","rel":"","context":"In &quot;Blogu i Udh\u00ebtarit&quot;","block_context":{"text":"Blogu i Udh\u00ebtarit","link":"https:\/\/www.shqiperia.com\/blog\/category\/blogu-i-udhetarit\/"},"img":{"alt_text":"","src":"https:\/\/i0.wp.com\/www.shqiperia.com\/blog\/wp-content\/uploads\/2026\/07\/shiu.jpg?fit=780%2C440&ssl=1&resize=350%2C200","width":350,"height":200,"srcset":"https:\/\/i0.wp.com\/www.shqiperia.com\/blog\/wp-content\/uploads\/2026\/07\/shiu.jpg?fit=780%2C440&ssl=1&resize=350%2C200 1x, https:\/\/i0.wp.com\/www.shqiperia.com\/blog\/wp-content\/uploads\/2026\/07\/shiu.jpg?fit=780%2C440&ssl=1&resize=525%2C300 1.5x, https:\/\/i0.wp.com\/www.shqiperia.com\/blog\/wp-content\/uploads\/2026\/07\/shiu.jpg?fit=780%2C440&ssl=1&resize=700%2C400 2x"},"classes":[]},{"id":100725,"url":"https:\/\/www.shqiperia.com\/blog\/vala-e-te-nxehtit-godet-portugaline-termometri-arrin-ne-40-3-grade-duke-thyer-rekordin-e-muajit-maj\/","url_meta":{"origin":102866,"position":5},"title":"Vala e t\u00eb nxehtit godet Portugalin\u00eb: Termometri arrin n\u00eb 40.3 grad\u00eb, duke thyer rekordin e muajit maj","author":"Kurt Farka","date":"May 29, 2026","format":false,"excerpt":"29 Maji 2026 Nj\u00eb rekord i ri nxeht\u00ebsie p\u00ebr muajin maj u regjistrua n\u00eb Portugali , me temperatur\u00ebn maksimale q\u00eb arriti n\u00eb 40.3 grad\u00eb Celsius . Kjo temperatur\u00eb u regjistrua dje, t\u00eb m\u00ebrkur\u00ebn, n\u00eb Mora, n\u00eb pjes\u00ebn qendrore t\u00eb vendit, si\u00e7 njoftoi sot sh\u00ebrbimi meteorologjik portugez, duke sqaruar se rekordi\u2026","rel":"","context":"In &quot;Blogu i Udh\u00ebtarit&quot;","block_context":{"text":"Blogu i Udh\u00ebtarit","link":"https:\/\/www.shqiperia.com\/blog\/category\/blogu-i-udhetarit\/"},"img":{"alt_text":"","src":"https:\/\/i0.wp.com\/www.shqiperia.com\/blog\/wp-content\/uploads\/2026\/05\/640-0-6a845b1a112ee4182391f6a7425f9e76.jpg?fit=640%2C384&ssl=1&resize=350%2C200","width":350,"height":200,"srcset":"https:\/\/i0.wp.com\/www.shqiperia.com\/blog\/wp-content\/uploads\/2026\/05\/640-0-6a845b1a112ee4182391f6a7425f9e76.jpg?fit=640%2C384&ssl=1&resize=350%2C200 1x, https:\/\/i0.wp.com\/www.shqiperia.com\/blog\/wp-content\/uploads\/2026\/05\/640-0-6a845b1a112ee4182391f6a7425f9e76.jpg?fit=640%2C384&ssl=1&resize=525%2C300 1.5x"},"classes":[]}],"_links":{"self":[{"href":"https:\/\/www.shqiperia.com\/blog\/wp-json\/wp\/v2\/posts\/102866","targetHints":{"allow":["GET"]}}],"collection":[{"href":"https:\/\/www.shqiperia.com\/blog\/wp-json\/wp\/v2\/posts"}],"about":[{"href":"https:\/\/www.shqiperia.com\/blog\/wp-json\/wp\/v2\/types\/post"}],"author":[{"embeddable":true,"href":"https:\/\/www.shqiperia.com\/blog\/wp-json\/wp\/v2\/users\/9"}],"replies":[{"embeddable":true,"href":"https:\/\/www.shqiperia.com\/blog\/wp-json\/wp\/v2\/comments?post=102866"}],"version-history":[{"count":1,"href":"https:\/\/www.shqiperia.com\/blog\/wp-json\/wp\/v2\/posts\/102866\/revisions"}],"predecessor-version":[{"id":102868,"href":"https:\/\/www.shqiperia.com\/blog\/wp-json\/wp\/v2\/posts\/102866\/revisions\/102868"}],"wp:featuredmedia":[{"embeddable":true,"href":"https:\/\/www.shqiperia.com\/blog\/wp-json\/wp\/v2\/media\/102867"}],"wp:attachment":[{"href":"https:\/\/www.shqiperia.com\/blog\/wp-json\/wp\/v2\/media?parent=102866"}],"wp:term":[{"taxonomy":"category","embeddable":true,"href":"https:\/\/www.shqiperia.com\/blog\/wp-json\/wp\/v2\/categories?post=102866"},{"taxonomy":"post_tag","embeddable":true,"href":"https:\/\/www.shqiperia.com\/blog\/wp-json\/wp\/v2\/tags?post=102866"}],"curies":[{"name":"wp","href":"https:\/\/api.w.org\/{rel}","templated":true}]}}