{"id":102863,"date":"2026-07-18T10:43:10","date_gmt":"2026-07-18T10:43:10","guid":{"rendered":"https:\/\/www.shqiperia.com\/blog\/?p=102863"},"modified":"2026-07-18T10:43:10","modified_gmt":"2026-07-18T10:43:10","slug":"qytetaret-serish-ne-shesh-kunder-rames-dhe-qeverise-se-tij-sot-dita-e-49-te-e-revoltes-ne-tirane","status":"publish","type":"post","link":"https:\/\/www.shqiperia.com\/blog\/qytetaret-serish-ne-shesh-kunder-rames-dhe-qeverise-se-tij-sot-dita-e-49-te-e-revoltes-ne-tirane\/","title":{"rendered":"Qytetar\u00ebt s\u00ebrish n\u00eb shesh kund\u00ebr Ram\u00ebs dhe qeveris\u00eb s\u00eb tij.  Sot dita e 49-t\u00eb e revolt\u00ebs n\u00eb Tiran\u00eb"},"content":{"rendered":"<p><img data-recalc-dims=\"1\" loading=\"lazy\" decoding=\"async\" data-attachment-id=\"102864\" data-permalink=\"https:\/\/www.shqiperia.com\/blog\/qytetaret-serish-ne-shesh-kunder-rames-dhe-qeverise-se-tij-sot-dita-e-49-te-e-revoltes-ne-tirane\/protesta-4-673x450-1-1\/\" data-orig-file=\"https:\/\/i0.wp.com\/www.shqiperia.com\/blog\/wp-content\/uploads\/2026\/07\/protesta-4-673x450-1-1.jpg?fit=673%2C450&amp;ssl=1\" data-orig-size=\"673,450\" data-comments-opened=\"1\" data-image-meta=\"{&quot;aperture&quot;:&quot;0&quot;,&quot;credit&quot;:&quot;Panorama Live&quot;,&quot;camera&quot;:&quot;&quot;,&quot;caption&quot;:&quot;&quot;,&quot;created_timestamp&quot;:&quot;1783340764&quot;,&quot;copyright&quot;:&quot;&quot;,&quot;focal_length&quot;:&quot;0&quot;,&quot;iso&quot;:&quot;0&quot;,&quot;shutter_speed&quot;:&quot;0&quot;,&quot;title&quot;:&quot;&quot;,&quot;orientation&quot;:&quot;0&quot;}\" data-image-title=\"protesta-4-673&#215;450-1-1\" data-image-description=\"\" data-image-caption=\"\" data-medium-file=\"https:\/\/i0.wp.com\/www.shqiperia.com\/blog\/wp-content\/uploads\/2026\/07\/protesta-4-673x450-1-1.jpg?fit=300%2C201&amp;ssl=1\" data-large-file=\"https:\/\/i0.wp.com\/www.shqiperia.com\/blog\/wp-content\/uploads\/2026\/07\/protesta-4-673x450-1-1.jpg?fit=673%2C450&amp;ssl=1\" class=\"alignnone  wp-image-102864\" alt=\"\" src=\"https:\/\/i0.wp.com\/www.shqiperia.com\/blog\/wp-content\/uploads\/2026\/07\/protesta-4-673x450-1-1.jpg?resize=666%2C446&#038;ssl=1\" width=\"666\" height=\"446\" srcset=\"https:\/\/i0.wp.com\/www.shqiperia.com\/blog\/wp-content\/uploads\/2026\/07\/protesta-4-673x450-1-1.jpg?resize=300%2C201&amp;ssl=1 300w, https:\/\/i0.wp.com\/www.shqiperia.com\/blog\/wp-content\/uploads\/2026\/07\/protesta-4-673x450-1-1.jpg?resize=450%2C301&amp;ssl=1 450w, https:\/\/i0.wp.com\/www.shqiperia.com\/blog\/wp-content\/uploads\/2026\/07\/protesta-4-673x450-1-1.jpg?resize=600%2C401&amp;ssl=1 600w, https:\/\/i0.wp.com\/www.shqiperia.com\/blog\/wp-content\/uploads\/2026\/07\/protesta-4-673x450-1-1.jpg?resize=400%2C267&amp;ssl=1 400w, https:\/\/i0.wp.com\/www.shqiperia.com\/blog\/wp-content\/uploads\/2026\/07\/protesta-4-673x450-1-1.jpg?w=673&amp;ssl=1 673w\" sizes=\"auto, (max-width: 666px) 100vw, 666px\" \/><\/p>\n<p>18 Korrik 2026<\/p>\n<p>Revolta qytetare kund\u00ebr kryeministrit Edi Rama, qeveris\u00eb s\u00eb tij dhe gjith\u00eb klas\u00ebs politike sh\u00ebnon sot, m\u00eb 18 korrik 2026, dit\u00ebn e saj t\u00eb 49-t\u00eb radhazi. Pas nj\u00eb tjet\u00ebr marshimi masiv mbr\u00ebmjen e djeshme, ku protestuesit u stacionuan para godin\u00ebs s\u00eb Kryeministris\u00eb, organizator\u00ebt kan\u00eb b\u00ebr\u00eb thirrje p\u00ebr nj\u00eb pjes\u00ebmarrje akoma m\u00eb t\u00eb madhe pasditen e sotme.<\/p>\n<p>K\u00ebrkesa kryesore e k\u00ebsaj l\u00ebvizjeje, e cila ka mbushur sheshin \u201cSk\u00ebnderbej\u201d dhe Bulevardin \u201cD\u00ebshmor\u00ebt e Kombit\u201d prej jav\u00ebsh, mbetet e pandryshuar: dor\u00ebheqja e menj\u00ebhershme e kryeministrit Edi Rama dhe largimi i plot\u00eb i asaj q\u00eb ata e konsiderojn\u00eb si \u201ckasta politike\u201d q\u00eb ka mbajtur peng vendin p\u00ebr m\u00eb shum\u00eb se tre dekada.<\/p>\n<p>Si \u00e7do nat\u00eb, edhe n\u00eb protest\u00ebn e fundit nuk kan\u00eb munguar pankartat me mesazhe t\u00eb forta ironike dhe satirike t\u00eb drejtuara si ndaj mazhoranc\u00ebs, ashtu edhe ndaj opozit\u00ebs. Sheshi ka jehuar nga brohoritjet q\u00eb tashm\u00eb jan\u00eb kthyer n\u00eb simbolin e k\u00ebsaj kryengritjeje qytetare:<\/p>\n<p>-\u201cShqip\u00ebria k\u00ebrkon revolucion\u201d<\/p>\n<p>-\u201cShqip\u00ebri e re\u201d<\/p>\n<p>-\u201cJu erdhi fundi\u201d<\/p>\n<p>-\u201cRama SPAK you!\u201d<\/p>\n<p>-\u201cParlament i krimit\u201d<\/p>\n<p>Pas 48 dit\u00ebsh rezistenc\u00eb t\u00eb pand\u00ebrprer\u00eb, koordinator\u00ebt e protest\u00ebs konfirmojn\u00eb se revolta nuk ka nd\u00ebrmend t\u00eb ndalet dhe se tubimi i sot\u00ebm do t\u00eb jet\u00eb nj\u00eb tjet\u00ebr tregues i vendosm\u00ebris\u00eb qytetare.<\/p>\n<p>\u201cNe do t\u00eb jemi n\u00eb shesh \u00e7do dit\u00eb. Kjo l\u00ebvizje vet\u00ebm sa do t\u00eb rritet derisa z\u00ebri i sovranit t\u00eb d\u00ebgjohet dhe t\u00eb plot\u00ebsohen t\u00eb gjitha k\u00ebrkesat tona,\u201d jan\u00eb shprehur organizator\u00ebt, duke ftuar s\u00ebrish t\u00eb gjith\u00eb qytetar\u00ebt t\u2019iu bashkohen n\u00eb Bulevard.<\/p>\n","protected":false},"excerpt":{"rendered":"<p>18 Korrik 2026 Revolta qytetare kund\u00ebr kryeministrit Edi Rama, qeveris\u00eb s\u00eb tij dhe gjith\u00eb klas\u00ebs politike sh\u00ebnon sot, m\u00eb 18 korrik 2026, dit\u00ebn e saj t\u00eb 49-t\u00eb radhazi. Pas nj\u00eb tjet\u00ebr marshimi masiv mbr\u00ebmjen e djeshme, ku protestuesit u stacionuan para godin\u00ebs s\u00eb Kryeministris\u00eb, organizator\u00ebt kan\u00eb b\u00ebr\u00eb thirrje p\u00ebr nj\u00eb pjes\u00ebmarrje akoma m\u00eb t\u00eb madhe [&hellip;]<\/p>\n","protected":false},"author":9,"featured_media":102864,"comment_status":"open","ping_status":"open","sticky":false,"template":"","format":"standard","meta":{"jetpack_post_was_ever_published":false,"_jetpack_newsletter_access":"","_jetpack_dont_email_post_to_subs":false,"_jetpack_newsletter_tier_id":0,"_jetpack_memberships_contains_paywalled_content":false,"_jetpack_memberships_contains_paid_content":false,"footnotes":"","jetpack_publicize_message":"","jetpack_publicize_feature_enabled":true,"jetpack_social_post_already_shared":true,"jetpack_social_options":{"image_generator_settings":{"template":"highway","default_image_id":0,"font":"","enabled":false},"version":2}},"categories":[27,1,2,35],"tags":[],"class_list":["post-102863","post","type-post","status-publish","format-standard","has-post-thumbnail","hentry","category-blogu-i-udhetarit","category-njoftime-shtypi","category-politika","category-shoqerore"],"jetpack_publicize_connections":[],"jetpack_featured_media_url":"https:\/\/i0.wp.com\/www.shqiperia.com\/blog\/wp-content\/uploads\/2026\/07\/protesta-4-673x450-1-1.jpg?fit=673%2C450&ssl=1","jetpack_sharing_enabled":true,"jetpack_shortlink":"https:\/\/wp.me\/p5Z6wp-qL5","jetpack-related-posts":[{"id":102890,"url":"https:\/\/www.shqiperia.com\/blog\/nuk-dorezohemi-pa-dhene-doreheqjen-rezistenca-historike-sot-dita-e-49-te-e-revoltes-popullore-qytetare\/","url_meta":{"origin":102863,"position":0},"title":"\u201cNuk dor\u00ebzohemi pa dh\u00ebn\u00eb dor\u00ebheqjen!\u201d- Rezistenca historike, sot dita e 49-t\u00eb e revolt\u00ebs popullore, qytetare","author":"Kurt Farka","date":"July 18, 2026","format":false,"excerpt":"18 Korrik 2026 Nj\u00eb rezistenc\u00eb historike si kurr\u00eb m\u00eb par\u00eb n\u00eb Shqip\u00ebri. Revolta popullore kund\u00ebr qeveris\u00eb, kryeministrit Edi Rama dhe kast\u00ebs s\u00eb vjet\u00ebr politike hyn sot n\u00eb dit\u00ebn e 49-t\u00eb t\u00eb saj, (18 korrik 2026), pa nd\u00ebrprerje dhe me q\u00ebndrueshm\u00ebri t\u00eb pap\u00ebrs\u00ebritshme. Pas nj\u00eb tjet\u00ebr marshimi masiv mbr\u00ebmjen e djeshme,\u2026","rel":"","context":"In &quot;Blogu i Udh\u00ebtarit&quot;","block_context":{"text":"Blogu i Udh\u00ebtarit","link":"https:\/\/www.shqiperia.com\/blog\/category\/blogu-i-udhetarit\/"},"img":{"alt_text":"","src":"https:\/\/i0.wp.com\/www.shqiperia.com\/blog\/wp-content\/uploads\/2026\/07\/WhatsApp-Image-2026-06-19-at-21.03.56-1-5-1.jpeg?fit=1200%2C900&ssl=1&resize=350%2C200","width":350,"height":200,"srcset":"https:\/\/i0.wp.com\/www.shqiperia.com\/blog\/wp-content\/uploads\/2026\/07\/WhatsApp-Image-2026-06-19-at-21.03.56-1-5-1.jpeg?fit=1200%2C900&ssl=1&resize=350%2C200 1x, https:\/\/i0.wp.com\/www.shqiperia.com\/blog\/wp-content\/uploads\/2026\/07\/WhatsApp-Image-2026-06-19-at-21.03.56-1-5-1.jpeg?fit=1200%2C900&ssl=1&resize=525%2C300 1.5x, https:\/\/i0.wp.com\/www.shqiperia.com\/blog\/wp-content\/uploads\/2026\/07\/WhatsApp-Image-2026-06-19-at-21.03.56-1-5-1.jpeg?fit=1200%2C900&ssl=1&resize=700%2C400 2x, https:\/\/i0.wp.com\/www.shqiperia.com\/blog\/wp-content\/uploads\/2026\/07\/WhatsApp-Image-2026-06-19-at-21.03.56-1-5-1.jpeg?fit=1200%2C900&ssl=1&resize=1050%2C600 3x"},"classes":[]},{"id":103106,"url":"https:\/\/www.shqiperia.com\/blog\/revolta-ne-diten-e-53-te-kunder-qeverise-shqiptaret-kerkojne-doreheqjen-e-panegociueshme-te-rames-dhe-kastes-politike\/","url_meta":{"origin":102863,"position":1},"title":"Revolta n\u00eb dit\u00ebn e 53-t\u00eb kund\u00ebr qeveris\u00eb\/ Shqiptar\u00ebt k\u00ebrkojn\u00eb dor\u00ebheqjen e panegociueshme t\u00eb Ram\u00ebs dhe kast\u00ebs politike","author":"Kurt Farka","date":"July 22, 2026","format":false,"excerpt":"22 Korrik 2026 L\u00ebvizja qytetare kund\u00ebr qeveris\u00eb vijon edhe sot n\u00eb Tiran\u00eb, u mbajt protesta e 53-t\u00eb radhazi me k\u00ebrkes\u00ebn kryesore p\u00ebr dor\u00ebheqjen e kryeministrit Edi Rama dhe largimin e qeveris\u00eb. Ashtu si n\u00eb dit\u00ebt e m\u00ebparshme, protesta pritet t\u00eb nis\u00eb n\u00eb or\u00ebn 19:00, n\u00eb sheshin \u201cSk\u00ebnderbej\u201d, ku m\u00eb pas\u2026","rel":"","context":"In &quot;Blogu i Udh\u00ebtarit&quot;","block_context":{"text":"Blogu i Udh\u00ebtarit","link":"https:\/\/www.shqiperia.com\/blog\/category\/blogu-i-udhetarit\/"},"img":{"alt_text":"","src":"https:\/\/i0.wp.com\/www.shqiperia.com\/blog\/wp-content\/uploads\/2026\/07\/protesta-e-4-korrikut1.jpg?fit=832%2C556&ssl=1&resize=350%2C200","width":350,"height":200,"srcset":"https:\/\/i0.wp.com\/www.shqiperia.com\/blog\/wp-content\/uploads\/2026\/07\/protesta-e-4-korrikut1.jpg?fit=832%2C556&ssl=1&resize=350%2C200 1x, https:\/\/i0.wp.com\/www.shqiperia.com\/blog\/wp-content\/uploads\/2026\/07\/protesta-e-4-korrikut1.jpg?fit=832%2C556&ssl=1&resize=525%2C300 1.5x, https:\/\/i0.wp.com\/www.shqiperia.com\/blog\/wp-content\/uploads\/2026\/07\/protesta-e-4-korrikut1.jpg?fit=832%2C556&ssl=1&resize=700%2C400 2x"},"classes":[]},{"id":101400,"url":"https:\/\/www.shqiperia.com\/blog\/administrata-te-bashkohet-me-popullin-sot-antimitingu-i-rames-kjo-eshte-thirrja-qe-kane-perhapur-protestuesit\/","url_meta":{"origin":102863,"position":2},"title":"\u201cAdministrata t\u00eb bashkohet me popullin\u201d! Sot, antimitingu i Ram\u00ebs, kjo \u00ebsht\u00eb thirrja q\u00eb kan\u00eb p\u00ebrhapur protestuesit","author":"Kurt Farka","date":"June 12, 2026","format":false,"excerpt":"Nj\u00eb thirrje u shp\u00ebrnda nga protestuesit p\u00ebr tubimin e dit\u00ebs s\u00eb sotme. Nd\u00ebrsa protesta kund\u00ebr qeveris\u00eb dhe klas\u00ebs politike ka kaluar dit\u00ebn e saj t\u00eb 12-t\u00eb, qytetar\u00ebt po k\u00ebrkojn\u00eb nj\u00eb mobilizim akoma m\u00eb t\u00eb madh p\u00ebr t\u2019iu p\u00ebrgjigjur asaj q\u00eb e konsiderojn\u00eb si provokim nga ana e kryeministrit Edi Rama.\u2026","rel":"","context":"In &quot;Blogu i Udh\u00ebtarit&quot;","block_context":{"text":"Blogu i Udh\u00ebtarit","link":"https:\/\/www.shqiperia.com\/blog\/category\/blogu-i-udhetarit\/"},"img":{"alt_text":"","src":"https:\/\/i0.wp.com\/www.shqiperia.com\/blog\/wp-content\/uploads\/2026\/06\/ga1-11-2.jpg?fit=600%2C315&ssl=1&resize=350%2C200","width":350,"height":200,"srcset":"https:\/\/i0.wp.com\/www.shqiperia.com\/blog\/wp-content\/uploads\/2026\/06\/ga1-11-2.jpg?fit=600%2C315&ssl=1&resize=350%2C200 1x, https:\/\/i0.wp.com\/www.shqiperia.com\/blog\/wp-content\/uploads\/2026\/06\/ga1-11-2.jpg?fit=600%2C315&ssl=1&resize=525%2C300 1.5x"},"classes":[]},{"id":102924,"url":"https:\/\/www.shqiperia.com\/blog\/rama-jepe-doreheqjen-sot-dita-e-50-te-e-rezistences-qytetare-per-rrezimin-e-qeverise\/","url_meta":{"origin":102863,"position":3},"title":"\u201cRama jepe dor\u00ebheqjen\u201d- Sot dita e 50-t\u00eb e rezistenc\u00ebs qytetare p\u00ebr rr\u00ebzimin e qeveris\u00eb","author":"Kurt Farka","date":"July 19, 2026","format":false,"excerpt":"19 Korrik 2026 Qytetar\u00ebt k\u00ebrkojn\u00eb nd\u00ebrrimin e saj dhe rr\u00ebzimin e qeveris\u00eb aktuale, duke pasur si k\u00ebrkes\u00eb kryesore dor\u00ebheqjen e kryeministrit Edi Rama. K\u00ebrkesa \u00ebsht\u00eb e panegocueshme, teksa mij\u00ebra qytetar\u00eb shqiptar\u00eb mblidhen \u00e7do nat\u00eb n\u00eb bulevardin para Kryeministris\u00eb ku mbajn\u00eb fjalime dhe m\u00eb pas marshojn\u00eb rrug\u00ebve t\u00eb Tiran\u00ebs, duke sensibilizuar.\u2026","rel":"","context":"In &quot;Blogu i Udh\u00ebtarit&quot;","block_context":{"text":"Blogu i Udh\u00ebtarit","link":"https:\/\/www.shqiperia.com\/blog\/category\/blogu-i-udhetarit\/"},"img":{"alt_text":"","src":"https:\/\/i0.wp.com\/www.shqiperia.com\/blog\/wp-content\/uploads\/2026\/07\/der-spiegel-protesta-433x300-1.jpg?fit=433%2C300&ssl=1&resize=350%2C200","width":350,"height":200},"classes":[]},{"id":102832,"url":"https:\/\/www.shqiperia.com\/blog\/rama-eshte-ne-vdekje-klinike-politike-pensionisti-kjo-qeveri-e-ka-cuar-shoqerine-ne-gremine-kryeministri-ka-ardhur-permes-dhunes-te-ik-permes-dhunes\/","url_meta":{"origin":102863,"position":4},"title":"\u201cRama \u00ebsht\u00eb n\u00eb vdekje klinike politike!\u201d- Pensionisti: &#8211; Kjo qeveri e ka \u00e7uar shoq\u00ebrin\u00eb n\u00eb gremin\u00eb! Kryeministri ka ardhur p\u00ebrmes dhun\u00ebs, t\u00eb ik p\u00ebrmes dhun\u00ebs","author":"Kurt Farka","date":"July 17, 2026","format":false,"excerpt":"17 Korrik 2026 N\u00eb protest\u00ebn e 48-t\u00eb kund\u00ebr qeveris\u00eb dhe kryeministrit Edi Rama, nj\u00eb pensionist ka akuzuar mazhoranc\u00ebn se sipas tij ka d\u00ebshtuar n\u00eb drejtimin e vendit dhe e ka \u00e7uar shtetin n\u00eb gremin\u00eb Ai\u00a0deklaroi se qeveria nuk ka b\u00ebr\u00eb asgj\u00eb p\u00ebr p\u00ebrmir\u00ebsimin e jet\u00ebs s\u00eb qytetar\u00ebve, nd\u00ebrsa e cil\u00ebsoi\u2026","rel":"","context":"In &quot;Blogu i Udh\u00ebtarit&quot;","block_context":{"text":"Blogu i Udh\u00ebtarit","link":"https:\/\/www.shqiperia.com\/blog\/category\/blogu-i-udhetarit\/"},"img":{"alt_text":"","src":"https:\/\/i0.wp.com\/www.shqiperia.com\/blog\/wp-content\/uploads\/2026\/07\/Screenshot-2026-07-17-192741-433x300-1.jpg?fit=433%2C300&ssl=1&resize=350%2C200","width":350,"height":200},"classes":[]},{"id":101545,"url":"https:\/\/www.shqiperia.com\/blog\/doreheqje-pa-kompromis-e-edi-rames-sheshet-dhe-rruget-plot-me-qytetare-sot-ne-1900-protesta-e-18-te-per-largimin-e-kryeministrit\/","url_meta":{"origin":102863,"position":5},"title":"\u201cDor\u00ebheqje pa kompromis e Edi Ram\u00ebs\u201d\/ Sheshet dhe rrug\u00ebt plot me qytetar\u00eb, sot n\u00eb 19:00 protesta e 18-t\u00eb p\u00ebr largimin e kryeministrit","author":"Kurt Farka","date":"June 17, 2026","format":false,"excerpt":"Mbahet sot n\u00eb or\u00ebn 19:00 protesta e 18 ku qytetar\u00ebt k\u00ebrkojn\u00eb dor\u00ebheqjen e kryeministrit Edi Rama dhe largimin e qeveris\u00eb s\u00eb tij. Ndryshimi i orarit u mor si vendim p\u00ebr shkak t\u00eb temperaturave t\u00eb larta q\u00eb kan\u00eb p\u00ebrfshir\u00eb vendin.Edhe pse kan\u00eb kaluar plot 17 dit\u00eb nga nisja e protestave, pjes\u00ebmarrja\u2026","rel":"","context":"In &quot;Blogu i Udh\u00ebtarit&quot;","block_context":{"text":"Blogu i Udh\u00ebtarit","link":"https:\/\/www.shqiperia.com\/blog\/category\/blogu-i-udhetarit\/"},"img":{"alt_text":"","src":"https:\/\/i0.wp.com\/www.shqiperia.com\/blog\/wp-content\/uploads\/2026\/06\/ga1-11-2-1.jpg?fit=600%2C315&ssl=1&resize=350%2C200","width":350,"height":200,"srcset":"https:\/\/i0.wp.com\/www.shqiperia.com\/blog\/wp-content\/uploads\/2026\/06\/ga1-11-2-1.jpg?fit=600%2C315&ssl=1&resize=350%2C200 1x, https:\/\/i0.wp.com\/www.shqiperia.com\/blog\/wp-content\/uploads\/2026\/06\/ga1-11-2-1.jpg?fit=600%2C315&ssl=1&resize=525%2C300 1.5x"},"classes":[]}],"_links":{"self":[{"href":"https:\/\/www.shqiperia.com\/blog\/wp-json\/wp\/v2\/posts\/102863","targetHints":{"allow":["GET"]}}],"collection":[{"href":"https:\/\/www.shqiperia.com\/blog\/wp-json\/wp\/v2\/posts"}],"about":[{"href":"https:\/\/www.shqiperia.com\/blog\/wp-json\/wp\/v2\/types\/post"}],"author":[{"embeddable":true,"href":"https:\/\/www.shqiperia.com\/blog\/wp-json\/wp\/v2\/users\/9"}],"replies":[{"embeddable":true,"href":"https:\/\/www.shqiperia.com\/blog\/wp-json\/wp\/v2\/comments?post=102863"}],"version-history":[{"count":1,"href":"https:\/\/www.shqiperia.com\/blog\/wp-json\/wp\/v2\/posts\/102863\/revisions"}],"predecessor-version":[{"id":102865,"href":"https:\/\/www.shqiperia.com\/blog\/wp-json\/wp\/v2\/posts\/102863\/revisions\/102865"}],"wp:featuredmedia":[{"embeddable":true,"href":"https:\/\/www.shqiperia.com\/blog\/wp-json\/wp\/v2\/media\/102864"}],"wp:attachment":[{"href":"https:\/\/www.shqiperia.com\/blog\/wp-json\/wp\/v2\/media?parent=102863"}],"wp:term":[{"taxonomy":"category","embeddable":true,"href":"https:\/\/www.shqiperia.com\/blog\/wp-json\/wp\/v2\/categories?post=102863"},{"taxonomy":"post_tag","embeddable":true,"href":"https:\/\/www.shqiperia.com\/blog\/wp-json\/wp\/v2\/tags?post=102863"}],"curies":[{"name":"wp","href":"https:\/\/api.w.org\/{rel}","templated":true}]}}