{"id":102854,"date":"2026-07-18T01:07:45","date_gmt":"2026-07-18T01:07:45","guid":{"rendered":"https:\/\/www.shqiperia.com\/blog\/?p=102854"},"modified":"2026-07-18T01:07:45","modified_gmt":"2026-07-18T01:07:45","slug":"motra-tone-e-kole-idromenos-dhe-shqiptarja-e-jean-baptiste-camille-corot-nje-perballje-e-bukurise-ne-dy-pasqyrime-te-te-njejtave-tipare","status":"publish","type":"post","link":"https:\/\/www.shqiperia.com\/blog\/motra-tone-e-kole-idromenos-dhe-shqiptarja-e-jean-baptiste-camille-corot-nje-perballje-e-bukurise-ne-dy-pasqyrime-te-te-njejtave-tipare\/","title":{"rendered":"\u201cMotra Tone\u201d e Kol\u00eb Idromenos dhe \u201cShqiptarja\u201d e Jean-Baptiste Camille Corot, nj\u00eb p\u00ebrballje e bukuris\u00eb n\u00eb dy pasqyrime t\u00eb t\u00eb nj\u00ebjtave tipare"},"content":{"rendered":"<p data-a11y-orig-inline=\"\" data-a11y-base-fs=\"18\"><img data-recalc-dims=\"1\" loading=\"lazy\" decoding=\"async\" data-attachment-id=\"102855\" data-permalink=\"https:\/\/www.shqiperia.com\/blog\/motra-tone-e-kole-idromenos-dhe-shqiptarja-e-jean-baptiste-camille-corot-nje-perballje-e-bukurise-ne-dy-pasqyrime-te-te-njejtave-tipare\/640-0-tonejpg-1784295349\/\" data-orig-file=\"https:\/\/i0.wp.com\/www.shqiperia.com\/blog\/wp-content\/uploads\/2026\/07\/640-0-tonejpg-1784295349.jpg?fit=640%2C325&amp;ssl=1\" data-orig-size=\"640,325\" data-comments-opened=\"1\" data-image-meta=\"{&quot;aperture&quot;:&quot;0&quot;,&quot;credit&quot;:&quot;&quot;,&quot;camera&quot;:&quot;&quot;,&quot;caption&quot;:&quot;&quot;,&quot;created_timestamp&quot;:&quot;0&quot;,&quot;copyright&quot;:&quot;&quot;,&quot;focal_length&quot;:&quot;0&quot;,&quot;iso&quot;:&quot;0&quot;,&quot;shutter_speed&quot;:&quot;0&quot;,&quot;title&quot;:&quot;&quot;,&quot;orientation&quot;:&quot;0&quot;}\" data-image-title=\"-640-0-tonejpg-1784295349\" data-image-description=\"\" data-image-caption=\"\" data-medium-file=\"https:\/\/i0.wp.com\/www.shqiperia.com\/blog\/wp-content\/uploads\/2026\/07\/640-0-tonejpg-1784295349.jpg?fit=300%2C152&amp;ssl=1\" data-large-file=\"https:\/\/i0.wp.com\/www.shqiperia.com\/blog\/wp-content\/uploads\/2026\/07\/640-0-tonejpg-1784295349.jpg?fit=640%2C325&amp;ssl=1\" class=\"alignnone  wp-image-102855\" alt=\"\" src=\"https:\/\/i0.wp.com\/www.shqiperia.com\/blog\/wp-content\/uploads\/2026\/07\/640-0-tonejpg-1784295349.jpg?resize=732%2C371&#038;ssl=1\" width=\"732\" height=\"371\" srcset=\"https:\/\/i0.wp.com\/www.shqiperia.com\/blog\/wp-content\/uploads\/2026\/07\/640-0-tonejpg-1784295349.jpg?resize=300%2C152&amp;ssl=1 300w, https:\/\/i0.wp.com\/www.shqiperia.com\/blog\/wp-content\/uploads\/2026\/07\/640-0-tonejpg-1784295349.jpg?resize=450%2C229&amp;ssl=1 450w, https:\/\/i0.wp.com\/www.shqiperia.com\/blog\/wp-content\/uploads\/2026\/07\/640-0-tonejpg-1784295349.jpg?resize=600%2C305&amp;ssl=1 600w, https:\/\/i0.wp.com\/www.shqiperia.com\/blog\/wp-content\/uploads\/2026\/07\/640-0-tonejpg-1784295349.jpg?resize=400%2C203&amp;ssl=1 400w, https:\/\/i0.wp.com\/www.shqiperia.com\/blog\/wp-content\/uploads\/2026\/07\/640-0-tonejpg-1784295349.jpg?w=640&amp;ssl=1 640w\" sizes=\"auto, (max-width: 732px) 100vw, 732px\" \/><\/p>\n<p data-a11y-orig-inline=\"\" data-a11y-base-fs=\"18\">18 Korrik 2026<\/p>\n<p data-a11y-orig-inline=\"\" data-a11y-base-fs=\"18\">N\u00eb muzeumin e kujtes\u00ebs s\u00eb artit shqiptar dhe atij europian, rrijn\u00eb ball\u00eb p\u00ebr ball\u00eb dy portrete, t\u00eb heshtura, por rr\u00ebfimtar\u00eb t\u00eb fuqish\u00ebm, \u201cMotra Tone\u201d e Kol\u00eb Idromenos dhe \u201cShqiptarja\u201d e Jean-Baptiste Camille Corot. T\u00eb ndara nga kufij koh\u00ebsh dhe p\u00ebrfytytimesh, k\u00ebto dy figura fem\u00ebrore, t\u00eb skalitura me penel\u00eb t\u00eb ndrysh\u00ebm, ndajn\u00eb nj\u00eb rr\u00ebnj\u00eb t\u00eb p\u00ebrbashk\u00ebt, gruan shqiptare, t\u00eb p\u00ebrjet\u00ebsuar n\u00eb nj\u00eb \u00e7ast meditimi dhe q\u00ebndrese, meditimi dhe shprehie t\u00eb bot\u00ebs s\u00eb brendshme, q\u00eb guxojn\u00eb t\u00eb shfaqen lexuesh\u00ebm n\u00eb nevoj\u00ebn p\u00ebr t\u00eb d\u00ebshmuar dhe komunikuar. Nj\u00ebra e lindur prej dheut q\u00eb e mban mbi supe, tjetra e zbuluar p\u00ebrmes syve t\u00eb nj\u00eb udh\u00ebtari t\u00eb mahnitur nga e panjohura. T\u00eb dy qajes krijuese rreken t\u00eb shohin thell\u00eb, p\u00ebr t\u00eb rr\u00ebmuar aty zgjimin, q\u00eb vjen n\u00eb \u00e7dokohje p\u00ebr \u00ebndje dhe hir.<\/p>\n<p data-a11y-orig-inline=\"\" data-a11y-base-fs=\"18\">Kol\u00eb Idromeno, n\u00eb k\u00ebt\u00eb vep\u00ebr antologjike t\u00eb artit shqiptar, nuk pikturon thjesht nj\u00eb vajz\u00eb; ai vendos mbi telajo vet\u00eb Shqip\u00ebrin\u00eb, t\u00eb trup\u00ebzuar n\u00eb nj\u00eb fem\u00ebr t\u00eb heshtur e t\u00eb hijshme, me v\u00ebshtrim q\u00eb t\u00eb ngul si gozhd\u00eb. Ajo \u00ebsht\u00eb m\u00eb shum\u00eb se nj\u00eb portret; \u00ebsht\u00eb nj\u00eb shpirt q\u00eb q\u00ebndron p\u00ebrball\u00eb historis\u00eb, me hijeshi t\u00eb heshtur dhe drit\u00eb q\u00eb buron nga brenda. \u00c7ehreja e saj nuk \u00ebsht\u00eb ve\u00e7 pamje, por \u00ebsht\u00eb gjuh\u00eb; nj\u00eb gjuh\u00eb e ndjenj\u00ebs, e mendimit, e p\u00ebrmbajtjes q\u00eb flet pa fjal\u00eb p\u00ebr ndjenj\u00ebn e p\u00ebrkat\u00ebsis\u00eb, p\u00ebr madh\u00ebshtin\u00eb e thjesht\u00ebsis\u00eb dhe p\u00ebr sublimen q\u00eb ndri\u00e7on p\u00ebrmes p\u00ebrmbajtjes.<\/p>\n<p data-a11y-orig-inline=\"\" data-a11y-base-fs=\"18\">N\u00eb an\u00ebn tjet\u00ebr, \u201cShqiptarja\u201d e Corot \u00ebsht\u00eb nj\u00eb krijes\u00eb e p\u00ebrfytyrimit, nj\u00eb ndjesi e zbutur n\u00eb telajo. Ajo i p\u00ebrket m\u00eb shum\u00eb nj\u00eb peizazhi shpirt\u00ebror sesa nj\u00eb realiteti etnografik. N\u00eb syt\u00eb e saj nuk ka sfid\u00eb, por melankoli; nuk ka p\u00ebrballje, por p\u00ebrhumbje. E veshur me motive shqiptare, por e p\u00ebrshkuar nga drita e mjegullt e romantizmit, kjo grua \u00ebsht\u00eb m\u00eb shum\u00eb simbol i ekzotik\u00ebs, sesa mbart\u00ebse e nj\u00eb peshe historike. Corot, mjesht\u00ebr i drit\u00ebs dhe heshtjes, e sheh shqiptaren si nj\u00eb reflektim t\u00eb bukuris\u00eb s\u00eb nj\u00eb bote t\u00eb larg\u00ebt dhe t\u00eb pakapshme, nj\u00eb bot\u00eb q\u00eb ai e sodit, por nuk mund ta prek\u00eb.<\/p>\n<p data-a11y-orig-inline=\"\" data-a11y-base-fs=\"18\">Ajo q\u00eb i ndan k\u00ebto dy portrete nuk \u00ebsht\u00eb vet\u00ebm teknika apo stili, \u00ebsht\u00eb q\u00ebllimi. Idromeno krijon nj\u00eb monument komb\u00ebtar n\u00eb form\u00ebn e nj\u00eb portreti intim, Corot nd\u00ebrton nj\u00eb poem\u00eb t\u00eb but\u00eb p\u00ebrmes nj\u00eb imazhi q\u00eb p\u00ebrfton m\u00eb shum\u00eb \u00ebnd\u00ebrrim sesa identitet. Nj\u00ebra \u00ebsht\u00eb kryelart\u00eb n\u00eb p\u00ebrfaq\u00ebsim, tjetra e p\u00ebrhumbur n\u00eb simbolik\u00eb. Por q\u00eb t\u00eb dyja, me t\u00eb nj\u00ebjtin nderim, i b\u00ebjn\u00eb homazh asaj q\u00eb mbetet themel i \u00e7do kombi dhe frym\u00eb e \u00e7do shoq\u00ebrie, gruas.<\/p>\n<p data-a11y-orig-inline=\"\" data-a11y-base-fs=\"18\">N\u00eb \u201cMotr\u00ebn Tone\u201d, drita vjen nga brenda, nga forca e qet\u00eb e nj\u00eb personaliteti q\u00eb di kush \u00ebsht\u00eb dhe ku q\u00ebndron. Ajo \u00ebsht\u00eb nj\u00eb ndri\u00e7im q\u00eb t\u00eb detyron t\u00eb ndalesh, t\u00eb respektosh, t\u00eb reflektosh. N\u00eb \u201cShqiptaren\u201d e Corot, drita vjen nga jasht\u00eb,nga d\u00ebshira p\u00ebr ta kapur nj\u00eb bukuri q\u00eb i shp\u00ebton arsyes dhe p\u00ebrqafohet me ndjenj\u00ebn. E para \u00ebsht\u00eb kujtes\u00eb, e dyta \u00ebsht\u00eb imagjinat\u00eb. E para \u00ebsht\u00eb shpallje, e dyta \u00ebsht\u00eb ndjes\u00eb. E para \u00ebsht\u00eb identitet, e dyta \u00ebsht\u00eb mit.<\/p>\n<p data-a11y-orig-inline=\"\" data-a11y-base-fs=\"18\">Dy piktura, dy bot\u00eb, dy m\u00ebnyra p\u00ebr ta par\u00eb t\u00eb nj\u00ebjt\u00ebn fytyr\u00eb.<\/p>\n<p data-a11y-orig-inline=\"\" data-a11y-base-fs=\"18\">Ajo q\u00eb nj\u00ebri e pikturoi si pasuri t\u00eb shpirtit komb\u00ebtar, tjetri e p\u00ebrjet\u00ebsoi si mister t\u00eb dashuris\u00eb p\u00ebr t\u00eb panjohur\u00ebn. Por bashk\u00eb, ato rr\u00ebfejn\u00eb nj\u00eb t\u00eb v\u00ebrtet\u00eb t\u00eb thell\u00eb dhe universale, at\u00eb bukurin\u00eb e gruas shqiptare, q\u00eb nuk \u00ebsht\u00eb\u00a0 thjesht\u00eb nj\u00eb \u00e7\u00ebshtje estetik\u00eb, \u00ebsht\u00eb nj\u00eb form\u00eb e thell\u00eb e q\u00ebndres\u00ebs, e p\u00ebrkat\u00ebsis\u00eb dhe e poetik\u00ebs s\u00eb jet\u00ebs, q\u00eb vjen nga brenda, p\u00ebr t\u2019u kthyer n\u00eb drit\u00eb, nj\u00eb vezullim i shp\u00ebrthimt\u00eb q\u00eb mban t\u00eb ndezur n\u00eb ne diellin e adhurimit.<\/p>\n","protected":false},"excerpt":{"rendered":"<p>18 Korrik 2026 N\u00eb muzeumin e kujtes\u00ebs s\u00eb artit shqiptar dhe atij europian, rrijn\u00eb ball\u00eb p\u00ebr ball\u00eb dy portrete, t\u00eb heshtura, por rr\u00ebfimtar\u00eb t\u00eb fuqish\u00ebm, \u201cMotra Tone\u201d e Kol\u00eb Idromenos dhe \u201cShqiptarja\u201d e Jean-Baptiste Camille Corot. T\u00eb ndara nga kufij koh\u00ebsh dhe p\u00ebrfytytimesh, k\u00ebto dy figura fem\u00ebrore, t\u00eb skalitura me penel\u00eb t\u00eb ndrysh\u00ebm, ndajn\u00eb nj\u00eb [&hellip;]<\/p>\n","protected":false},"author":9,"featured_media":102855,"comment_status":"open","ping_status":"open","sticky":false,"template":"","format":"standard","meta":{"jetpack_post_was_ever_published":false,"_jetpack_newsletter_access":"","_jetpack_dont_email_post_to_subs":false,"_jetpack_newsletter_tier_id":0,"_jetpack_memberships_contains_paywalled_content":false,"_jetpack_memberships_contains_paid_content":false,"footnotes":"","jetpack_publicize_message":"","jetpack_publicize_feature_enabled":true,"jetpack_social_post_already_shared":true,"jetpack_social_options":{"image_generator_settings":{"template":"highway","default_image_id":0,"font":"","enabled":false},"version":2}},"categories":[87,85,10,1,86],"tags":[],"class_list":["post-102854","post","type-post","status-publish","format-standard","has-post-thumbnail","hentry","category-arte","category-histori","category-kultura","category-njoftime-shtypi","category-trashegimi-kulturore"],"jetpack_publicize_connections":[],"jetpack_featured_media_url":"https:\/\/i0.wp.com\/www.shqiperia.com\/blog\/wp-content\/uploads\/2026\/07\/640-0-tonejpg-1784295349.jpg?fit=640%2C325&ssl=1","jetpack_sharing_enabled":true,"jetpack_shortlink":"https:\/\/wp.me\/p5Z6wp-qKW","jetpack-related-posts":[{"id":105601,"url":"https:\/\/www.shqiperia.com\/blog\/vjedhja-e-kryevepres-se-rilindjes-nga-muzeu-sicilian-po-i-le-hetuesit-pa-fjale\/","url_meta":{"origin":102854,"position":0},"title":"Vjedhja e kryevepr\u00ebs s\u00eb Rilindjes nga muzeu si\u00e7ilian po i l\u00eb hetuesit pa fjal\u00eb","author":"Kurt Farka","date":"August 31, 2026","format":false,"excerpt":"31 Gusht 2026 Nj\u00eb grabitje po sfidon hetuesit n\u00eb Messina t\u00eb Si\u00e7ilis\u00eb. Hajdut\u00ebt arrit\u00ebn t\u00eb hynin n\u00eb muze, t\u00eb \u00e7montonin nj\u00eb prej kryeveprave m\u00eb t\u00eb r\u00ebnd\u00ebsishme t\u00eb Rilindjes italiane dhe t\u00eb largoheshin brenda pak minutash. Por m\u00eb pas b\u00ebn\u00eb di\u00e7ka q\u00eb askush nuk arrin ta shpjegoj\u00eb: lan\u00eb dy pjes\u00eb t\u00eb\u2026","rel":"","context":"In &quot;Arte&quot;","block_context":{"text":"Arte","link":"https:\/\/www.shqiperia.com\/blog\/category\/arte\/"},"img":{"alt_text":"","src":"https:\/\/i0.wp.com\/www.shqiperia.com\/blog\/wp-content\/uploads\/2026\/08\/640-0-screenshot-2026-08-30-180544-1788124377.png?fit=611%2C428&ssl=1&resize=350%2C200","width":350,"height":200,"srcset":"https:\/\/i0.wp.com\/www.shqiperia.com\/blog\/wp-content\/uploads\/2026\/08\/640-0-screenshot-2026-08-30-180544-1788124377.png?fit=611%2C428&ssl=1&resize=350%2C200 1x, https:\/\/i0.wp.com\/www.shqiperia.com\/blog\/wp-content\/uploads\/2026\/08\/640-0-screenshot-2026-08-30-180544-1788124377.png?fit=611%2C428&ssl=1&resize=525%2C300 1.5x"},"classes":[]},{"id":100616,"url":"https:\/\/www.shqiperia.com\/blog\/laboratore-copy-paste-i-njejti-mjek-firmos-analiza-ne-disa-pika-skema-qe-ngre-pikepyetje\/","url_meta":{"origin":102854,"position":1},"title":"Laborator\u00eb \u2018copy-paste\u2019: &#8211; I nj\u00ebjti mjek firmos analiza n\u00eb disa pika\/ Skema q\u00eb ngre pik\u00ebpyetje","author":"Kurt Farka","date":"May 24, 2026","format":false,"excerpt":"24 Maji 2026 Sipas Qendr\u00ebs Komb\u00ebtare t\u00eb Licensimit, n\u00eb Shqip\u00ebri operojn\u00eb rreth 957 laborator\u00eb klinik\u00eb, ku \u00e7do dit\u00eb analizohen mostra biologjike t\u00eb pacient\u00ebve, gjak, urin\u00eb, fe\u00e7e dhe l\u00ebngje t\u00eb tjera trupore, me q\u00ebllim diagnostikimin, monitorimin dhe ndjekjen e s\u00ebmundjeve. Por kur nj\u00eb analiz\u00eb interpretohet gabim, kostot p\u00ebr pacientin mund t\u00eb\u2026","rel":"","context":"In &quot;Blogu i Udh\u00ebtarit&quot;","block_context":{"text":"Blogu i Udh\u00ebtarit","link":"https:\/\/www.shqiperia.com\/blog\/category\/blogu-i-udhetarit\/"},"img":{"alt_text":"","src":"https:\/\/i0.wp.com\/www.shqiperia.com\/blog\/wp-content\/uploads\/2026\/05\/maxresdefault-2-1.jpg?fit=1200%2C675&ssl=1&resize=350%2C200","width":350,"height":200,"srcset":"https:\/\/i0.wp.com\/www.shqiperia.com\/blog\/wp-content\/uploads\/2026\/05\/maxresdefault-2-1.jpg?fit=1200%2C675&ssl=1&resize=350%2C200 1x, https:\/\/i0.wp.com\/www.shqiperia.com\/blog\/wp-content\/uploads\/2026\/05\/maxresdefault-2-1.jpg?fit=1200%2C675&ssl=1&resize=525%2C300 1.5x, https:\/\/i0.wp.com\/www.shqiperia.com\/blog\/wp-content\/uploads\/2026\/05\/maxresdefault-2-1.jpg?fit=1200%2C675&ssl=1&resize=700%2C400 2x, https:\/\/i0.wp.com\/www.shqiperia.com\/blog\/wp-content\/uploads\/2026\/05\/maxresdefault-2-1.jpg?fit=1200%2C675&ssl=1&resize=1050%2C600 3x"},"classes":[]},{"id":103004,"url":"https:\/\/www.shqiperia.com\/blog\/loja-e-drites-dhe-frymemarrja-e-mermerit-kariatidet-motrat-qe-mbajne-tempullin-prej-2400-vjetesh\/","url_meta":{"origin":102854,"position":2},"title":"Loja e drit\u00ebs dhe frym\u00ebmarrja e mermerit, Kariatidet, motrat q\u00eb mbajn\u00eb tempullin prej 2400 vjet\u00ebsh","author":"Kurt Farka","date":"July 21, 2026","format":false,"excerpt":"21 Korrik 2026 T\u00eb sodis\u00ebsh per\u00ebndimin e diellit nga Akropoli i Athin\u00ebs, n\u00eb \u00e7astin kur drita e art\u00eb rr\u00ebshqet mbi trupat e Kariatideve, \u00ebsht\u00eb nj\u00eb p\u00ebrvoj\u00eb q\u00eb mbetet gjat\u00eb n\u00eb kujtes\u00eb. N\u00eb ato minuta t\u00eb magjishme, kur dita ia dor\u00ebzon vendin mbr\u00ebmjes, koha duket sikur ndalet dhe mermeri fillon t\u00eb\u2026","rel":"","context":"In &quot;Blogu i Udh\u00ebtarit&quot;","block_context":{"text":"Blogu i Udh\u00ebtarit","link":"https:\/\/www.shqiperia.com\/blog\/category\/blogu-i-udhetarit\/"},"img":{"alt_text":"","src":"https:\/\/i0.wp.com\/www.shqiperia.com\/blog\/wp-content\/uploads\/2026\/07\/640-0-me-1784270963-Copy.jpg?fit=640%2C484&ssl=1&resize=350%2C200","width":350,"height":200,"srcset":"https:\/\/i0.wp.com\/www.shqiperia.com\/blog\/wp-content\/uploads\/2026\/07\/640-0-me-1784270963-Copy.jpg?fit=640%2C484&ssl=1&resize=350%2C200 1x, https:\/\/i0.wp.com\/www.shqiperia.com\/blog\/wp-content\/uploads\/2026\/07\/640-0-me-1784270963-Copy.jpg?fit=640%2C484&ssl=1&resize=525%2C300 1.5x"},"classes":[]},{"id":105250,"url":"https:\/\/www.shqiperia.com\/blog\/mbreteresha-nubiane-qe-i-beri-balle-ushtrise-se-cezarit\/","url_meta":{"origin":102854,"position":3},"title":"Mbret\u00ebresha nubiane q\u00eb i b\u00ebri ball\u00eb ushtris\u00eb s\u00eb Cezarit","author":"Kurt Farka","date":"August 26, 2026","format":false,"excerpt":"26 Gusht 2026 Nga viti 25 deri n\u00eb vitin 21 para Krishtit, Amanirenas, mbret\u00ebresha ose Kandake e Mbret\u00ebris\u00eb s\u00eb Kushit, arriti t\u00eb b\u00ebnte at\u00eb q\u00eb shum\u00eb udh\u00ebheq\u00ebs meshkuj t\u00eb koh\u00ebs s\u00eb saj nuk mund\u00ebn ta b\u00ebnin: t\u00eb zmbrapste nj\u00eb pushtim romak. N\u00ebn komand\u00ebn e mbret\u00ebresh\u00ebs Amanirenas, rreth 30,000 ushtar\u00eb t\u00eb\u2026","rel":"","context":"In &quot;Blogu i Udh\u00ebtarit&quot;","block_context":{"text":"Blogu i Udh\u00ebtarit","link":"https:\/\/www.shqiperia.com\/blog\/category\/blogu-i-udhetarit\/"},"img":{"alt_text":"","src":"https:\/\/i0.wp.com\/www.shqiperia.com\/blog\/wp-content\/uploads\/2026\/08\/lion-temples-1024x768-1.jpg?fit=1023%2C664&ssl=1&resize=350%2C200","width":350,"height":200,"srcset":"https:\/\/i0.wp.com\/www.shqiperia.com\/blog\/wp-content\/uploads\/2026\/08\/lion-temples-1024x768-1.jpg?fit=1023%2C664&ssl=1&resize=350%2C200 1x, https:\/\/i0.wp.com\/www.shqiperia.com\/blog\/wp-content\/uploads\/2026\/08\/lion-temples-1024x768-1.jpg?fit=1023%2C664&ssl=1&resize=525%2C300 1.5x, https:\/\/i0.wp.com\/www.shqiperia.com\/blog\/wp-content\/uploads\/2026\/08\/lion-temples-1024x768-1.jpg?fit=1023%2C664&ssl=1&resize=700%2C400 2x"},"classes":[]},{"id":104116,"url":"https:\/\/www.shqiperia.com\/blog\/i-mbushja-arkat-bosh-me-libra-qe-te-ruhej-pesha-si-vidheshin-parate-me-kile-brenda-bankes-se-shqiperise-vijimi-i-nje-procesi\/","url_meta":{"origin":102854,"position":4},"title":"\u201cI mbushja arkat bosh me libra q\u00eb t\u00eb ruhej pesha\u201d! Si vidheshin parat\u00eb me kile brenda Bank\u00ebs s\u00eb Shqip\u00ebris\u00eb, vijimi i nj\u00eb procesi","author":"Kurt Farka","date":"August 10, 2026","format":false,"excerpt":"10 Gusht 2026 Nga Gazeta Dita \u00c7\u00ebshtja penale e grabitjes s\u00eb Bank\u00ebs s\u00eb Shqip\u00ebris\u00eb, ndodhur p\u00ebrmbi nj\u00eb dekad\u00eb m\u00eb par\u00eb, \u00ebsht\u00eb mbyllur, por lufta civile p\u00ebr kthimin e nj\u00eb pjese t\u00eb shum\u00ebs s\u00eb vjedhur vazhdon. Dy gjykata civile kan\u00eb urdh\u00ebruar dy nga t\u00eb akuzuarit, ish-punonj\u00ebs t\u00eb Bank\u00ebs s\u00eb Shqip\u00ebris\u00eb, q\u00eb\u2026","rel":"","context":"In &quot;Blogu i Udh\u00ebtarit&quot;","block_context":{"text":"Blogu i Udh\u00ebtarit","link":"https:\/\/www.shqiperia.com\/blog\/category\/blogu-i-udhetarit\/"},"img":{"alt_text":"","src":"https:\/\/i0.wp.com\/www.shqiperia.com\/blog\/wp-content\/uploads\/2026\/08\/Ardian-Fullani.jpg?fit=720%2C587&ssl=1&resize=350%2C200","width":350,"height":200,"srcset":"https:\/\/i0.wp.com\/www.shqiperia.com\/blog\/wp-content\/uploads\/2026\/08\/Ardian-Fullani.jpg?fit=720%2C587&ssl=1&resize=350%2C200 1x, https:\/\/i0.wp.com\/www.shqiperia.com\/blog\/wp-content\/uploads\/2026\/08\/Ardian-Fullani.jpg?fit=720%2C587&ssl=1&resize=525%2C300 1.5x, https:\/\/i0.wp.com\/www.shqiperia.com\/blog\/wp-content\/uploads\/2026\/08\/Ardian-Fullani.jpg?fit=720%2C587&ssl=1&resize=700%2C400 2x"},"classes":[]},{"id":101598,"url":"https:\/\/www.shqiperia.com\/blog\/skandali-i-marines-se-durresit-dokumenti-qe-fundos-qeverine-ndryshoi-projektin-ne-dhjetor-2025\/","url_meta":{"origin":102854,"position":5},"title":"Skandali i Marin\u00ebs s\u00eb Durr\u00ebsit\/ Dokumenti q\u00eb fundos qeverin\u00eb, ndryshoi projektin n\u00eb dhjetor 2025!","author":"Kurt Farka","date":"June 18, 2026","format":false,"excerpt":"Fundosja e Marin\u00ebs s\u00eb Durr\u00ebsit merr nj\u00eb spirale t\u00eb re, pavar\u00ebsisht ndodhive m\u00eb t\u00eb fundit n\u00eb vendin ton\u00eb, ku skandalet kapin nj\u00ebra tjetr\u00ebn. Projekti q\u00eb nisi si nj\u00eb risi n\u00eb Shqip\u00ebri, po kthehet dal\u00ebngadal\u00eb n\u00eb nj\u00eb d\u00ebshtim, pasi dy nga shum\u00eb godinat q\u00eb do t\u00eb nd\u00ebrtohen n\u00eb at\u00eb territor kan\u00eb\u2026","rel":"","context":"In &quot;Blogu i Udh\u00ebtarit&quot;","block_context":{"text":"Blogu i Udh\u00ebtarit","link":"https:\/\/www.shqiperia.com\/blog\/category\/blogu-i-udhetarit\/"},"img":{"alt_text":"","src":"https:\/\/i0.wp.com\/www.shqiperia.com\/blog\/wp-content\/uploads\/2026\/06\/download-12-1.png?fit=600%2C400&ssl=1&resize=350%2C200","width":350,"height":200,"srcset":"https:\/\/i0.wp.com\/www.shqiperia.com\/blog\/wp-content\/uploads\/2026\/06\/download-12-1.png?fit=600%2C400&ssl=1&resize=350%2C200 1x, https:\/\/i0.wp.com\/www.shqiperia.com\/blog\/wp-content\/uploads\/2026\/06\/download-12-1.png?fit=600%2C400&ssl=1&resize=525%2C300 1.5x"},"classes":[]}],"_links":{"self":[{"href":"https:\/\/www.shqiperia.com\/blog\/wp-json\/wp\/v2\/posts\/102854","targetHints":{"allow":["GET"]}}],"collection":[{"href":"https:\/\/www.shqiperia.com\/blog\/wp-json\/wp\/v2\/posts"}],"about":[{"href":"https:\/\/www.shqiperia.com\/blog\/wp-json\/wp\/v2\/types\/post"}],"author":[{"embeddable":true,"href":"https:\/\/www.shqiperia.com\/blog\/wp-json\/wp\/v2\/users\/9"}],"replies":[{"embeddable":true,"href":"https:\/\/www.shqiperia.com\/blog\/wp-json\/wp\/v2\/comments?post=102854"}],"version-history":[{"count":1,"href":"https:\/\/www.shqiperia.com\/blog\/wp-json\/wp\/v2\/posts\/102854\/revisions"}],"predecessor-version":[{"id":102856,"href":"https:\/\/www.shqiperia.com\/blog\/wp-json\/wp\/v2\/posts\/102854\/revisions\/102856"}],"wp:featuredmedia":[{"embeddable":true,"href":"https:\/\/www.shqiperia.com\/blog\/wp-json\/wp\/v2\/media\/102855"}],"wp:attachment":[{"href":"https:\/\/www.shqiperia.com\/blog\/wp-json\/wp\/v2\/media?parent=102854"}],"wp:term":[{"taxonomy":"category","embeddable":true,"href":"https:\/\/www.shqiperia.com\/blog\/wp-json\/wp\/v2\/categories?post=102854"},{"taxonomy":"post_tag","embeddable":true,"href":"https:\/\/www.shqiperia.com\/blog\/wp-json\/wp\/v2\/tags?post=102854"}],"curies":[{"name":"wp","href":"https:\/\/api.w.org\/{rel}","templated":true}]}}