{"id":102848,"date":"2026-07-18T00:52:08","date_gmt":"2026-07-18T00:52:08","guid":{"rendered":"https:\/\/www.shqiperia.com\/blog\/?p=102848"},"modified":"2026-07-18T00:52:08","modified_gmt":"2026-07-18T00:52:08","slug":"qytetaret-marshojne-prane-air-albania-jehojne-thirrjet-per-revolucion-shqiperi-e-re","status":"publish","type":"post","link":"https:\/\/www.shqiperia.com\/blog\/qytetaret-marshojne-prane-air-albania-jehojne-thirrjet-per-revolucion-shqiperi-e-re\/","title":{"rendered":"Qytetar\u00ebt marshojn\u00eb pran\u00eb \u201cAir Albania\u201d, jehojn\u00eb thirrjet p\u00ebr revolucion: &#8211; Shqip\u00ebri e re!"},"content":{"rendered":"<p><img data-recalc-dims=\"1\" loading=\"lazy\" decoding=\"async\" data-attachment-id=\"102849\" data-permalink=\"https:\/\/www.shqiperia.com\/blog\/qytetaret-marshojne-prane-air-albania-jehojne-thirrjet-per-revolucion-shqiperi-e-re\/proteta-ok\/\" data-orig-file=\"https:\/\/i0.wp.com\/www.shqiperia.com\/blog\/wp-content\/uploads\/2026\/07\/proteta-ok.jpg?fit=1222%2C527&amp;ssl=1\" data-orig-size=\"1222,527\" data-comments-opened=\"1\" data-image-meta=\"{&quot;aperture&quot;:&quot;0&quot;,&quot;credit&quot;:&quot;&quot;,&quot;camera&quot;:&quot;&quot;,&quot;caption&quot;:&quot;&quot;,&quot;created_timestamp&quot;:&quot;0&quot;,&quot;copyright&quot;:&quot;&quot;,&quot;focal_length&quot;:&quot;0&quot;,&quot;iso&quot;:&quot;0&quot;,&quot;shutter_speed&quot;:&quot;0&quot;,&quot;title&quot;:&quot;&quot;,&quot;orientation&quot;:&quot;0&quot;}\" data-image-title=\"proteta-ok\" data-image-description=\"\" data-image-caption=\"\" data-medium-file=\"https:\/\/i0.wp.com\/www.shqiperia.com\/blog\/wp-content\/uploads\/2026\/07\/proteta-ok.jpg?fit=300%2C129&amp;ssl=1\" data-large-file=\"https:\/\/i0.wp.com\/www.shqiperia.com\/blog\/wp-content\/uploads\/2026\/07\/proteta-ok.jpg?fit=1024%2C442&amp;ssl=1\" class=\"alignnone  wp-image-102849\" alt=\"\" src=\"https:\/\/i0.wp.com\/www.shqiperia.com\/blog\/wp-content\/uploads\/2026\/07\/proteta-ok.jpg?resize=642%2C276&#038;ssl=1\" width=\"642\" height=\"276\" srcset=\"https:\/\/i0.wp.com\/www.shqiperia.com\/blog\/wp-content\/uploads\/2026\/07\/proteta-ok.jpg?resize=300%2C129&amp;ssl=1 300w, https:\/\/i0.wp.com\/www.shqiperia.com\/blog\/wp-content\/uploads\/2026\/07\/proteta-ok.jpg?resize=1024%2C442&amp;ssl=1 1024w, https:\/\/i0.wp.com\/www.shqiperia.com\/blog\/wp-content\/uploads\/2026\/07\/proteta-ok.jpg?resize=768%2C331&amp;ssl=1 768w, https:\/\/i0.wp.com\/www.shqiperia.com\/blog\/wp-content\/uploads\/2026\/07\/proteta-ok.jpg?resize=450%2C194&amp;ssl=1 450w, https:\/\/i0.wp.com\/www.shqiperia.com\/blog\/wp-content\/uploads\/2026\/07\/proteta-ok.jpg?resize=600%2C259&amp;ssl=1 600w, https:\/\/i0.wp.com\/www.shqiperia.com\/blog\/wp-content\/uploads\/2026\/07\/proteta-ok.jpg?resize=400%2C173&amp;ssl=1 400w, https:\/\/i0.wp.com\/www.shqiperia.com\/blog\/wp-content\/uploads\/2026\/07\/proteta-ok.jpg?w=1222&amp;ssl=1 1222w\" sizes=\"auto, (max-width: 642px) 100vw, 642px\" \/><\/p>\n<p>18 Korrik 2026<\/p>\n<p>Qytetar\u00ebt q\u00eb marrin pjes\u00eb n\u00eb protest\u00eb zhvilluan nj\u00eb marshim n\u00eb rrug\u00ebt pran\u00eb stadiumit \u201cAir Albania\u201d, duke vijuar aksionin e tyre p\u00ebr dor\u00ebheqjen e Ram\u00ebs.<\/p>\n<p>Gjat\u00eb marshimit, protestuesit brohorit\u00ebn parulla kund\u00ebr qeveris\u00eb dhe b\u00ebn\u00eb thirrje p\u00ebr ndryshim politik, nd\u00ebrsa n\u00eb m\u00ebnyr\u00eb t\u00eb p\u00ebrs\u00ebritur u d\u00ebgjua slogani: \u201cShqip\u00ebri e re!\u201d<\/p>\n<p>Marshimi u zhvillua n\u00eb m\u00ebnyr\u00eb paq\u00ebsore, nd\u00ebrsa pjes\u00ebmarr\u00ebsit theksuan se protesta do t\u00eb vazhdoj\u00eb edhe n\u00eb dit\u00ebt n\u00eb vijim, duke k\u00ebrkuar dor\u00ebheqjen e kryeministrit Edi Rama dhe p\u00ebrmbushjen e k\u00ebrkesave t\u00eb tyre.<\/p>\n","protected":false},"excerpt":{"rendered":"<p>18 Korrik 2026 Qytetar\u00ebt q\u00eb marrin pjes\u00eb n\u00eb protest\u00eb zhvilluan nj\u00eb marshim n\u00eb rrug\u00ebt pran\u00eb stadiumit \u201cAir Albania\u201d, duke vijuar aksionin e tyre p\u00ebr dor\u00ebheqjen e Ram\u00ebs. Gjat\u00eb marshimit, protestuesit brohorit\u00ebn parulla kund\u00ebr qeveris\u00eb dhe b\u00ebn\u00eb thirrje p\u00ebr ndryshim politik, nd\u00ebrsa n\u00eb m\u00ebnyr\u00eb t\u00eb p\u00ebrs\u00ebritur u d\u00ebgjua slogani: \u201cShqip\u00ebri e re!\u201d Marshimi u zhvillua n\u00eb [&hellip;]<\/p>\n","protected":false},"author":9,"featured_media":102849,"comment_status":"open","ping_status":"open","sticky":false,"template":"","format":"standard","meta":{"jetpack_post_was_ever_published":false,"_jetpack_newsletter_access":"","_jetpack_dont_email_post_to_subs":false,"_jetpack_newsletter_tier_id":0,"_jetpack_memberships_contains_paywalled_content":false,"_jetpack_memberships_contains_paid_content":false,"footnotes":"","jetpack_publicize_message":"","jetpack_publicize_feature_enabled":true,"jetpack_social_post_already_shared":true,"jetpack_social_options":{"image_generator_settings":{"template":"highway","default_image_id":0,"font":"","enabled":false},"version":2}},"categories":[27,1,2,35],"tags":[],"class_list":["post-102848","post","type-post","status-publish","format-standard","has-post-thumbnail","hentry","category-blogu-i-udhetarit","category-njoftime-shtypi","category-politika","category-shoqerore"],"jetpack_publicize_connections":[],"jetpack_featured_media_url":"https:\/\/i0.wp.com\/www.shqiperia.com\/blog\/wp-content\/uploads\/2026\/07\/proteta-ok.jpg?fit=1222%2C527&ssl=1","jetpack_sharing_enabled":true,"jetpack_shortlink":"https:\/\/wp.me\/p5Z6wp-qKQ","jetpack-related-posts":[{"id":103320,"url":"https:\/\/www.shqiperia.com\/blog\/asgje-nuk-e-ndal-revolten-protesta-antiqeveritare-hyn-sot-ne-diten-e-59-te-qytetaret-thirrje-rames-jep-doreheqjen\/","url_meta":{"origin":102848,"position":0},"title":"Asgj\u00eb nuk e ndal revolt\u00ebn, protesta antiqeveritare hyn sot n\u00eb dit\u00ebn e 59-t\u00eb, qytetar\u00ebt thirrje Ram\u00ebs: Jep dor\u00ebheqjen!","author":"Kurt Farka","date":"July 28, 2026","format":false,"excerpt":"28 Korrik 2026 Protesta antiqeveritare hyn sot n\u00eb dit\u00ebn e saj t\u00eb 59-t\u00eb, nd\u00ebrsa organizator\u00ebt kan\u00eb paralajm\u00ebruar se tubimet do t\u00eb vijojn\u00eb edhe k\u00ebt\u00eb t\u00eb mart\u00eb, duke k\u00ebmb\u00ebngulur se nuk do t\u00eb t\u00ebrhiqen deri n\u00eb plot\u00ebsimin e k\u00ebrkes\u00ebs s\u00eb tyre p\u00ebr largimin e kryeministrit Edi Rama. Dita e 58-t\u00eb e\u2026","rel":"","context":"In &quot;Blogu i Udh\u00ebtarit&quot;","block_context":{"text":"Blogu i Udh\u00ebtarit","link":"https:\/\/www.shqiperia.com\/blog\/category\/blogu-i-udhetarit\/"},"img":{"alt_text":"","src":"https:\/\/i0.wp.com\/www.shqiperia.com\/blog\/wp-content\/uploads\/2026\/07\/protesta-4-673x450-1-2-1-300x201.jpg?resize=350%2C200&ssl=1","width":350,"height":200,"srcset":"https:\/\/i0.wp.com\/www.shqiperia.com\/blog\/wp-content\/uploads\/2026\/07\/protesta-4-673x450-1-2-1-300x201.jpg?resize=350%2C200&ssl=1 1x, https:\/\/i0.wp.com\/www.shqiperia.com\/blog\/wp-content\/uploads\/2026\/07\/protesta-4-673x450-1-2-1-300x201.jpg?resize=525%2C300&ssl=1 1.5x, https:\/\/i0.wp.com\/www.shqiperia.com\/blog\/wp-content\/uploads\/2026\/07\/protesta-4-673x450-1-2-1-300x201.jpg?resize=700%2C400&ssl=1 2x"},"classes":[]},{"id":102701,"url":"https:\/\/www.shqiperia.com\/blog\/pjesemarrje-masive-mbyllet-protesta-e-45-te-per-doreheqjen-e-rames-qytetaret-thirrje-nga-bulevardi-ju-erdhi-fundi\/","url_meta":{"origin":102848,"position":1},"title":"Pjes\u00ebmarrje masive! Mbyllet protesta e 45-t\u00eb p\u00ebr dor\u00ebheqjen e Ram\u00ebs. Qytetar\u00ebt thirrje nga Bulevardi: Ju erdhi fundi!","author":"Kurt Farka","date":"July 14, 2026","format":false,"excerpt":"14 Korrik 2026 Shqip\u00ebria mbajti sot dit\u00ebn e 45-t\u00eb t\u00eb protestave qytetare, nd\u00ebrsa organizator\u00ebt kan\u00eb b\u00ebr\u00eb t\u00eb qart\u00eb se revolta nuk do t\u00eb ndalet, pavar\u00ebsisht temperaturave t\u00eb larta apo sezonit turistik. Edhe k\u00ebt\u00eb mbr\u00ebmje qytetar\u00ebt u mblodhen para Kryeministris\u00eb, duke k\u00ebrkuar dor\u00ebheqjen e kryeministrit Edi Rama dhe ndryshimin e sistemit\u2026","rel":"","context":"In &quot;Blogu i Udh\u00ebtarit&quot;","block_context":{"text":"Blogu i Udh\u00ebtarit","link":"https:\/\/www.shqiperia.com\/blog\/category\/blogu-i-udhetarit\/"},"img":{"alt_text":"","src":"https:\/\/i0.wp.com\/www.shqiperia.com\/blog\/wp-content\/uploads\/2026\/07\/protesta-masive-1.jpg?fit=1083%2C641&ssl=1&resize=350%2C200","width":350,"height":200,"srcset":"https:\/\/i0.wp.com\/www.shqiperia.com\/blog\/wp-content\/uploads\/2026\/07\/protesta-masive-1.jpg?fit=1083%2C641&ssl=1&resize=350%2C200 1x, https:\/\/i0.wp.com\/www.shqiperia.com\/blog\/wp-content\/uploads\/2026\/07\/protesta-masive-1.jpg?fit=1083%2C641&ssl=1&resize=525%2C300 1.5x, https:\/\/i0.wp.com\/www.shqiperia.com\/blog\/wp-content\/uploads\/2026\/07\/protesta-masive-1.jpg?fit=1083%2C641&ssl=1&resize=700%2C400 2x, https:\/\/i0.wp.com\/www.shqiperia.com\/blog\/wp-content\/uploads\/2026\/07\/protesta-masive-1.jpg?fit=1083%2C641&ssl=1&resize=1050%2C600 3x"},"classes":[]},{"id":104559,"url":"https:\/\/www.shqiperia.com\/blog\/sonte-qytetaret-dhe-pjesetaret-e-diaspores-pritet-te-mblidhen-serish-ne-shesh\/","url_meta":{"origin":102848,"position":2},"title":"Sonte qytetar\u00ebt dhe pjes\u00ebtar\u00ebt e diaspor\u00ebs pritet t\u00eb mblidhen s\u00ebrish n\u00eb shesh","author":"Kurt Farka","date":"August 16, 2026","format":false,"excerpt":"16 Gusht 2026 Protesta e 78-t\u00eb masive kund\u00ebr qeveris\u00eb dhe kryeministrit, diaspora i bashkohet s\u00ebrish sot qytetar\u00ebve n\u00eb shesh: Rama, jep dor\u00ebheqjen! Protesta qytetare kund\u00ebr qeveris\u00eb dhe kryeministrit Edi Rama sh\u00ebnon sot, 16 gusht, dit\u00ebn e 78-t\u00eb t\u00eb saj, nd\u00ebrsa n\u00eb shesh pritet s\u00ebrish nj\u00eb pjes\u00ebmarrje e konsiderueshme edhe nga\u2026","rel":"","context":"In &quot;Blogu i Udh\u00ebtarit&quot;","block_context":{"text":"Blogu i Udh\u00ebtarit","link":"https:\/\/www.shqiperia.com\/blog\/category\/blogu-i-udhetarit\/"},"img":{"alt_text":"","src":"https:\/\/i0.wp.com\/www.shqiperia.com\/blog\/wp-content\/uploads\/2026\/08\/protesta-dita-e-77-diaspora-14.jpeg?fit=1200%2C900&ssl=1&resize=350%2C200","width":350,"height":200,"srcset":"https:\/\/i0.wp.com\/www.shqiperia.com\/blog\/wp-content\/uploads\/2026\/08\/protesta-dita-e-77-diaspora-14.jpeg?fit=1200%2C900&ssl=1&resize=350%2C200 1x, https:\/\/i0.wp.com\/www.shqiperia.com\/blog\/wp-content\/uploads\/2026\/08\/protesta-dita-e-77-diaspora-14.jpeg?fit=1200%2C900&ssl=1&resize=525%2C300 1.5x, https:\/\/i0.wp.com\/www.shqiperia.com\/blog\/wp-content\/uploads\/2026\/08\/protesta-dita-e-77-diaspora-14.jpeg?fit=1200%2C900&ssl=1&resize=700%2C400 2x, https:\/\/i0.wp.com\/www.shqiperia.com\/blog\/wp-content\/uploads\/2026\/08\/protesta-dita-e-77-diaspora-14.jpeg?fit=1200%2C900&ssl=1&resize=1050%2C600 3x"},"classes":[]},{"id":101495,"url":"https:\/\/www.shqiperia.com\/blog\/qytetaret-thirrje-rames-per-doreheqje-jemi-shqiponja-jo-dele\/","url_meta":{"origin":102848,"position":3},"title":"Qytetar\u00ebt thirrje Ram\u00ebs p\u00ebr dor\u00ebheqje: &#8211; Jemi shqiponja, jo dele!","author":"Kurt Farka","date":"June 14, 2026","format":false,"excerpt":"Protesta kund\u00ebr qeveris\u00eb dhe kryeministrit Edi Rama ka hyr\u00eb n\u00eb dit\u00ebn e saj t\u00eb 15-t\u00eb, nd\u00ebrsa qytetar\u00ebt vijojn\u00eb t\u00eb k\u00ebrkojn\u00eb dor\u00ebheqjen e kreut t\u00eb qeveris\u00eb dhe ndryshime n\u00eb drejtimin e vendit. Pankartat e frym\u00ebzuara nga meme t\u00eb famshme n\u00eb rrjetet sociale, kan\u00eb t\u00ebrhequr v\u00ebmendjen, duke u b\u00ebr\u00eb z\u00ebri ndryshe dhe\u2026","rel":"","context":"In &quot;Blogu i Udh\u00ebtarit&quot;","block_context":{"text":"Blogu i Udh\u00ebtarit","link":"https:\/\/www.shqiperia.com\/blog\/category\/blogu-i-udhetarit\/"},"img":{"alt_text":"","src":"https:\/\/i0.wp.com\/www.shqiperia.com\/blog\/wp-content\/uploads\/2026\/06\/cover-1-1129x570-1.jpg?fit=1129%2C570&ssl=1&resize=350%2C200","width":350,"height":200,"srcset":"https:\/\/i0.wp.com\/www.shqiperia.com\/blog\/wp-content\/uploads\/2026\/06\/cover-1-1129x570-1.jpg?fit=1129%2C570&ssl=1&resize=350%2C200 1x, https:\/\/i0.wp.com\/www.shqiperia.com\/blog\/wp-content\/uploads\/2026\/06\/cover-1-1129x570-1.jpg?fit=1129%2C570&ssl=1&resize=525%2C300 1.5x, https:\/\/i0.wp.com\/www.shqiperia.com\/blog\/wp-content\/uploads\/2026\/06\/cover-1-1129x570-1.jpg?fit=1129%2C570&ssl=1&resize=700%2C400 2x, https:\/\/i0.wp.com\/www.shqiperia.com\/blog\/wp-content\/uploads\/2026\/06\/cover-1-1129x570-1.jpg?fit=1129%2C570&ssl=1&resize=1050%2C600 3x"},"classes":[]},{"id":103932,"url":"https:\/\/www.shqiperia.com\/blog\/68-dite-protesta-masive-qytetaret-nuk-terhiqen-ju-erdhi-fundi-revolucion\/","url_meta":{"origin":102848,"position":4},"title":"68 dit\u00eb protesta masive, qytetar\u00ebt nuk t\u00ebrhiqen! &#8211; Ju erdhi fundi! Revolucion!","author":"Kurt Farka","date":"August 7, 2026","format":false,"excerpt":"7 Gusht 2026 Pas p\u00ebrfundimit t\u00eb fjalimeve para Kryeministris\u00eb, protestuesit kan\u00eb nisur marshimin p\u00ebrgjat\u00eb Bulevardit \u201cD\u00ebshmor\u00ebt e Kombit\u201d, duke vijuar protest\u00ebn e 68-t\u00eb radhazi kund\u00ebr qeveris\u00eb. Me pankarta dhe flamuj n\u00eb duar, qytetar\u00ebt marshojn\u00eb duke brohoritur \u201cJu erdhi fundi\u201d dhe \u201cRevolucion\u201d, nd\u00ebrsa theksojn\u00eb se nuk do t\u00eb t\u00ebrhiqen deri n\u00eb\u2026","rel":"","context":"In &quot;Blogu i Udh\u00ebtarit&quot;","block_context":{"text":"Blogu i Udh\u00ebtarit","link":"https:\/\/www.shqiperia.com\/blog\/category\/blogu-i-udhetarit\/"},"img":{"alt_text":"","src":"https:\/\/i0.wp.com\/www.shqiperia.com\/blog\/wp-content\/uploads\/2026\/08\/87519ade-5306-4118-ab69-64096c4b2a84.jpg?fit=1200%2C675&ssl=1&resize=350%2C200","width":350,"height":200,"srcset":"https:\/\/i0.wp.com\/www.shqiperia.com\/blog\/wp-content\/uploads\/2026\/08\/87519ade-5306-4118-ab69-64096c4b2a84.jpg?fit=1200%2C675&ssl=1&resize=350%2C200 1x, https:\/\/i0.wp.com\/www.shqiperia.com\/blog\/wp-content\/uploads\/2026\/08\/87519ade-5306-4118-ab69-64096c4b2a84.jpg?fit=1200%2C675&ssl=1&resize=525%2C300 1.5x, https:\/\/i0.wp.com\/www.shqiperia.com\/blog\/wp-content\/uploads\/2026\/08\/87519ade-5306-4118-ab69-64096c4b2a84.jpg?fit=1200%2C675&ssl=1&resize=700%2C400 2x, https:\/\/i0.wp.com\/www.shqiperia.com\/blog\/wp-content\/uploads\/2026\/08\/87519ade-5306-4118-ab69-64096c4b2a84.jpg?fit=1200%2C675&ssl=1&resize=1050%2C600 3x"},"classes":[]},{"id":103452,"url":"https:\/\/www.shqiperia.com\/blog\/shqiperia-kerkon-revolucion-61-dite-revolte-qytetaret-mblidhen-sot-serish-ne-proteste-rama-jep-doreheqjen\/","url_meta":{"origin":102848,"position":5},"title":"\u201cShqip\u00ebria k\u00ebrkon revolucion\u201d\/ 61 dit\u00eb revolt\u00eb, qytetar\u00ebt mblidhen sot s\u00ebrish n\u00eb protest\u00eb: Rama jep dor\u00ebheqjen!","author":"Kurt Farka","date":"July 30, 2026","format":false,"excerpt":"30 Korrik 2026 Protesta kund\u00ebr qeveris\u00eb hyn sot n\u00eb dit\u00ebn e saj t\u00eb 61-t\u00eb, teksa edhe k\u00ebt\u00eb pasdite qytetar\u00ebt do t\u00eb mblidhen para godin\u00ebs s\u00eb Kryeministris\u00eb p\u00ebr t\u00eb vijuar mobilizimin e p\u00ebrditsh\u00ebm. Ajo q\u00eb nisi si nj\u00eb reagim ndaj zhvillimeve n\u00eb Zv\u00ebrnec \u00ebsht\u00eb shnd\u00ebrruar n\u00eb nj\u00eb l\u00ebvizje t\u00eb p\u00ebrditshme qytetare,\u2026","rel":"","context":"In &quot;Blogu i Udh\u00ebtarit&quot;","block_context":{"text":"Blogu i Udh\u00ebtarit","link":"https:\/\/www.shqiperia.com\/blog\/category\/blogu-i-udhetarit\/"},"img":{"alt_text":"","src":"https:\/\/i0.wp.com\/www.shqiperia.com\/blog\/wp-content\/uploads\/2026\/07\/protesta-4-673x450-1-2-1-1.jpg?fit=673%2C450&ssl=1&resize=350%2C200","width":350,"height":200,"srcset":"https:\/\/i0.wp.com\/www.shqiperia.com\/blog\/wp-content\/uploads\/2026\/07\/protesta-4-673x450-1-2-1-1.jpg?fit=673%2C450&ssl=1&resize=350%2C200 1x, https:\/\/i0.wp.com\/www.shqiperia.com\/blog\/wp-content\/uploads\/2026\/07\/protesta-4-673x450-1-2-1-1.jpg?fit=673%2C450&ssl=1&resize=525%2C300 1.5x"},"classes":[]}],"_links":{"self":[{"href":"https:\/\/www.shqiperia.com\/blog\/wp-json\/wp\/v2\/posts\/102848","targetHints":{"allow":["GET"]}}],"collection":[{"href":"https:\/\/www.shqiperia.com\/blog\/wp-json\/wp\/v2\/posts"}],"about":[{"href":"https:\/\/www.shqiperia.com\/blog\/wp-json\/wp\/v2\/types\/post"}],"author":[{"embeddable":true,"href":"https:\/\/www.shqiperia.com\/blog\/wp-json\/wp\/v2\/users\/9"}],"replies":[{"embeddable":true,"href":"https:\/\/www.shqiperia.com\/blog\/wp-json\/wp\/v2\/comments?post=102848"}],"version-history":[{"count":1,"href":"https:\/\/www.shqiperia.com\/blog\/wp-json\/wp\/v2\/posts\/102848\/revisions"}],"predecessor-version":[{"id":102850,"href":"https:\/\/www.shqiperia.com\/blog\/wp-json\/wp\/v2\/posts\/102848\/revisions\/102850"}],"wp:featuredmedia":[{"embeddable":true,"href":"https:\/\/www.shqiperia.com\/blog\/wp-json\/wp\/v2\/media\/102849"}],"wp:attachment":[{"href":"https:\/\/www.shqiperia.com\/blog\/wp-json\/wp\/v2\/media?parent=102848"}],"wp:term":[{"taxonomy":"category","embeddable":true,"href":"https:\/\/www.shqiperia.com\/blog\/wp-json\/wp\/v2\/categories?post=102848"},{"taxonomy":"post_tag","embeddable":true,"href":"https:\/\/www.shqiperia.com\/blog\/wp-json\/wp\/v2\/tags?post=102848"}],"curies":[{"name":"wp","href":"https:\/\/api.w.org\/{rel}","templated":true}]}}