{"id":102845,"date":"2026-07-18T00:48:04","date_gmt":"2026-07-18T00:48:04","guid":{"rendered":"https:\/\/www.shqiperia.com\/blog\/?p=102845"},"modified":"2026-07-18T00:48:04","modified_gmt":"2026-07-18T00:48:04","slug":"protesta-kunder-qeverise-qytetaret-ne-shengjin-marshojne-ne-mbeshtetje-te-tubimeve-ne-tirane","status":"publish","type":"post","link":"https:\/\/www.shqiperia.com\/blog\/protesta-kunder-qeverise-qytetaret-ne-shengjin-marshojne-ne-mbeshtetje-te-tubimeve-ne-tirane\/","title":{"rendered":"Protesta kund\u00ebr qeveris\u00eb, qytetar\u00ebt n\u00eb Sh\u00ebngjin marshojn\u00eb n\u00eb mb\u00ebshtetje t\u00eb tubimeve n\u00eb Tiran\u00eb"},"content":{"rendered":"<p><img data-recalc-dims=\"1\" loading=\"lazy\" decoding=\"async\" data-attachment-id=\"102846\" data-permalink=\"https:\/\/www.shqiperia.com\/blog\/protesta-kunder-qeverise-qytetaret-ne-shengjin-marshojne-ne-mbeshtetje-te-tubimeve-ne-tirane\/screenshot-2026-07-17-211403\/\" data-orig-file=\"https:\/\/i0.wp.com\/www.shqiperia.com\/blog\/wp-content\/uploads\/2026\/07\/Screenshot-2026-07-17-211403.jpg?fit=829%2C452&amp;ssl=1\" data-orig-size=\"829,452\" data-comments-opened=\"1\" data-image-meta=\"{&quot;aperture&quot;:&quot;0&quot;,&quot;credit&quot;:&quot;&quot;,&quot;camera&quot;:&quot;&quot;,&quot;caption&quot;:&quot;&quot;,&quot;created_timestamp&quot;:&quot;0&quot;,&quot;copyright&quot;:&quot;&quot;,&quot;focal_length&quot;:&quot;0&quot;,&quot;iso&quot;:&quot;0&quot;,&quot;shutter_speed&quot;:&quot;0&quot;,&quot;title&quot;:&quot;&quot;,&quot;orientation&quot;:&quot;0&quot;}\" data-image-title=\"Screenshot-2026-07-17-211403\" data-image-description=\"\" data-image-caption=\"\" data-medium-file=\"https:\/\/i0.wp.com\/www.shqiperia.com\/blog\/wp-content\/uploads\/2026\/07\/Screenshot-2026-07-17-211403.jpg?fit=300%2C164&amp;ssl=1\" data-large-file=\"https:\/\/i0.wp.com\/www.shqiperia.com\/blog\/wp-content\/uploads\/2026\/07\/Screenshot-2026-07-17-211403.jpg?fit=829%2C452&amp;ssl=1\" class=\"alignnone  wp-image-102846\" alt=\"\" src=\"https:\/\/i0.wp.com\/www.shqiperia.com\/blog\/wp-content\/uploads\/2026\/07\/Screenshot-2026-07-17-211403.jpg?resize=801%2C438&#038;ssl=1\" width=\"801\" height=\"438\" srcset=\"https:\/\/i0.wp.com\/www.shqiperia.com\/blog\/wp-content\/uploads\/2026\/07\/Screenshot-2026-07-17-211403.jpg?resize=300%2C164&amp;ssl=1 300w, https:\/\/i0.wp.com\/www.shqiperia.com\/blog\/wp-content\/uploads\/2026\/07\/Screenshot-2026-07-17-211403.jpg?resize=768%2C419&amp;ssl=1 768w, https:\/\/i0.wp.com\/www.shqiperia.com\/blog\/wp-content\/uploads\/2026\/07\/Screenshot-2026-07-17-211403.jpg?resize=450%2C245&amp;ssl=1 450w, https:\/\/i0.wp.com\/www.shqiperia.com\/blog\/wp-content\/uploads\/2026\/07\/Screenshot-2026-07-17-211403.jpg?resize=600%2C327&amp;ssl=1 600w, https:\/\/i0.wp.com\/www.shqiperia.com\/blog\/wp-content\/uploads\/2026\/07\/Screenshot-2026-07-17-211403.jpg?resize=400%2C218&amp;ssl=1 400w, https:\/\/i0.wp.com\/www.shqiperia.com\/blog\/wp-content\/uploads\/2026\/07\/Screenshot-2026-07-17-211403.jpg?w=829&amp;ssl=1 829w\" sizes=\"auto, (max-width: 801px) 100vw, 801px\" \/><\/p>\n<p>18 Korrik 2026<\/p>\n<p>Edhe n\u00eb Sh\u00ebngjin jan\u00eb zhvilluar thirrje n\u00eb mb\u00ebshtetje t\u00eb protestave q\u00eb prej m\u00eb shum\u00eb se nj\u00eb muaji po mbahen n\u00eb kryeqytet kund\u00ebr qeveris\u00eb.<\/p>\n<p>Qytetar\u00eb t\u00eb mbledhur p\u00ebrgjat\u00eb sh\u00ebtitores s\u00eb qytetit kan\u00eb zhvilluar nj\u00eb marshim paq\u00ebsor, duke ftuar banor\u00ebt dhe pushuesit t\u2019u bashkohen tubimeve t\u00eb p\u00ebrditshme n\u00eb Tiran\u00eb.<\/p>\n<p>Gjat\u00eb aktivitetit, protestuesit kan\u00eb p\u00ebrcjell\u00eb thirrje p\u00ebr pjes\u00ebmarrje sa m\u00eb t\u00eb gjer\u00eb dhe kan\u00eb k\u00ebrkuar largimin e qeveris\u00eb. Marshimi \u00ebsht\u00eb zhvilluar pa incidente p\u00ebrgjat\u00eb sh\u00ebtitores s\u00eb Sh\u00ebngjinit.<\/p>\n","protected":false},"excerpt":{"rendered":"<p>18 Korrik 2026 Edhe n\u00eb Sh\u00ebngjin jan\u00eb zhvilluar thirrje n\u00eb mb\u00ebshtetje t\u00eb protestave q\u00eb prej m\u00eb shum\u00eb se nj\u00eb muaji po mbahen n\u00eb kryeqytet kund\u00ebr qeveris\u00eb. Qytetar\u00eb t\u00eb mbledhur p\u00ebrgjat\u00eb sh\u00ebtitores s\u00eb qytetit kan\u00eb zhvilluar nj\u00eb marshim paq\u00ebsor, duke ftuar banor\u00ebt dhe pushuesit t\u2019u bashkohen tubimeve t\u00eb p\u00ebrditshme n\u00eb Tiran\u00eb. Gjat\u00eb aktivitetit, protestuesit kan\u00eb p\u00ebrcjell\u00eb [&hellip;]<\/p>\n","protected":false},"author":9,"featured_media":102846,"comment_status":"open","ping_status":"open","sticky":false,"template":"","format":"standard","meta":{"jetpack_post_was_ever_published":false,"_jetpack_newsletter_access":"","_jetpack_dont_email_post_to_subs":false,"_jetpack_newsletter_tier_id":0,"_jetpack_memberships_contains_paywalled_content":false,"_jetpack_memberships_contains_paid_content":false,"footnotes":"","jetpack_publicize_message":"","jetpack_publicize_feature_enabled":true,"jetpack_social_post_already_shared":true,"jetpack_social_options":{"image_generator_settings":{"template":"highway","default_image_id":0,"font":"","enabled":false},"version":2}},"categories":[27,1,2,35],"tags":[],"class_list":["post-102845","post","type-post","status-publish","format-standard","has-post-thumbnail","hentry","category-blogu-i-udhetarit","category-njoftime-shtypi","category-politika","category-shoqerore"],"jetpack_publicize_connections":[],"jetpack_featured_media_url":"https:\/\/i0.wp.com\/www.shqiperia.com\/blog\/wp-content\/uploads\/2026\/07\/Screenshot-2026-07-17-211403.jpg?fit=829%2C452&ssl=1","jetpack_sharing_enabled":true,"jetpack_shortlink":"https:\/\/wp.me\/p5Z6wp-qKN","jetpack-related-posts":[{"id":105565,"url":"https:\/\/www.shqiperia.com\/blog\/duhet-te-mobilizohemi-per-mosbindje-civile-me-12-shtator-diaspora-zbarkon-fuqimisht-ne-tirane\/","url_meta":{"origin":102845,"position":0},"title":"&#8220;Duhet t\u00eb mobilizohemi p\u00ebr mosbindje civile&#8221;\/ M\u00eb 12 shtator diaspora &#8216;zbarkon&#8217; fuqimisht n\u00eb Tiran\u00eb.","author":"Kurt Farka","date":"August 31, 2026","format":false,"excerpt":"31 Gusht 2026 Aktivisti shqiptar q\u00eb jeton n\u00eb Britani, Ilir Dedej, i ftuar ne nje lidhje te drejteperdrejte televizive ka komentuar protestat kund\u00ebr qeveris\u00eb, duke deklaruar se pas 93 dit\u00ebsh mobilizimi qytetar, sipas tij, pushteti i kryeministrit Edi Rama \u00ebsht\u00eb dob\u00ebsuar. Dedej tha se protesta duhet t\u00eb shkoj\u00eb p\u00ebrtej tubimeve\u2026","rel":"","context":"In &quot;Blogu i Udh\u00ebtarit&quot;","block_context":{"text":"Blogu i Udh\u00ebtarit","link":"https:\/\/www.shqiperia.com\/blog\/category\/blogu-i-udhetarit\/"},"img":{"alt_text":"","src":"https:\/\/i0.wp.com\/www.shqiperia.com\/blog\/wp-content\/uploads\/2026\/08\/Mijera-emigrante-shqiptare-proteste-ne-Londer.-Foto-Arkiv.jpg?fit=1200%2C675&ssl=1&resize=350%2C200","width":350,"height":200,"srcset":"https:\/\/i0.wp.com\/www.shqiperia.com\/blog\/wp-content\/uploads\/2026\/08\/Mijera-emigrante-shqiptare-proteste-ne-Londer.-Foto-Arkiv.jpg?fit=1200%2C675&ssl=1&resize=350%2C200 1x, https:\/\/i0.wp.com\/www.shqiperia.com\/blog\/wp-content\/uploads\/2026\/08\/Mijera-emigrante-shqiptare-proteste-ne-Londer.-Foto-Arkiv.jpg?fit=1200%2C675&ssl=1&resize=525%2C300 1.5x, https:\/\/i0.wp.com\/www.shqiperia.com\/blog\/wp-content\/uploads\/2026\/08\/Mijera-emigrante-shqiptare-proteste-ne-Londer.-Foto-Arkiv.jpg?fit=1200%2C675&ssl=1&resize=700%2C400 2x, https:\/\/i0.wp.com\/www.shqiperia.com\/blog\/wp-content\/uploads\/2026\/08\/Mijera-emigrante-shqiptare-proteste-ne-Londer.-Foto-Arkiv.jpg?fit=1200%2C675&ssl=1&resize=1050%2C600 3x"},"classes":[]},{"id":100665,"url":"https:\/\/www.shqiperia.com\/blog\/tirana-ngrihet-ne-mbeshtetje-te-studenteve-ne-rmv-nis-protesta-ne-sheshin-skenderbej-per-gjuhen-shqipe-ne-provimet-e-jurisprudences\/","url_meta":{"origin":102845,"position":1},"title":"Tirana ngrihet n\u00eb mb\u00ebshtetje t\u00eb student\u00ebve n\u00eb RMV\/ Nis protesta n\u00eb sheshin &#8220;Sk\u00ebnderbej&#8221; p\u00ebr gjuh\u00ebn shqipe n\u00eb provimet e Jurisprudenc\u00ebs","author":"Kurt Farka","date":"May 26, 2026","format":false,"excerpt":"26 Maji 2026 N\u00eb Sheshin \u201cSk\u00ebnderbej\u201d n\u00eb Tiran\u00eb \u00ebsht\u00eb zhvilluar nj\u00eb protest\u00eb n\u00eb mb\u00ebshtetje t\u00eb student\u00ebve shqiptar\u00eb n\u00eb Maqedonin\u00eb e Veriut, t\u00eb cil\u00ebt k\u00ebrkojn\u00eb q\u00eb provimi i Jurisprudenc\u00ebs t\u00eb zhvillohet n\u00eb gjuh\u00ebn shqipe. Protesta \u00ebsht\u00eb organizuar si\u00e7 ishte paralajm\u00ebruar m\u00eb her\u00ebt dhe ka mbledhur nj\u00eb num\u00ebr t\u00eb madh student\u00ebsh dhe\u2026","rel":"","context":"In &quot;Blogu i Udh\u00ebtarit&quot;","block_context":{"text":"Blogu i Udh\u00ebtarit","link":"https:\/\/www.shqiperia.com\/blog\/category\/blogu-i-udhetarit\/"},"img":{"alt_text":"","src":"https:\/\/i0.wp.com\/www.shqiperia.com\/blog\/wp-content\/uploads\/2026\/05\/600-388-whatsapp-image-2026-05-26-at-50647-pm-1779808532-1.jpeg?fit=600%2C388&ssl=1&resize=350%2C200","width":350,"height":200,"srcset":"https:\/\/i0.wp.com\/www.shqiperia.com\/blog\/wp-content\/uploads\/2026\/05\/600-388-whatsapp-image-2026-05-26-at-50647-pm-1779808532-1.jpeg?fit=600%2C388&ssl=1&resize=350%2C200 1x, https:\/\/i0.wp.com\/www.shqiperia.com\/blog\/wp-content\/uploads\/2026\/05\/600-388-whatsapp-image-2026-05-26-at-50647-pm-1779808532-1.jpeg?fit=600%2C388&ssl=1&resize=525%2C300 1.5x"},"classes":[]},{"id":101626,"url":"https:\/\/www.shqiperia.com\/blog\/parlament-i-krimit-parlament-i-turpit-doreheqje-protestuesit-marshojne-drejt-kuvendit\/","url_meta":{"origin":102845,"position":2},"title":"\u2018Parlament i krimit\u2019, \u2018Parlament i turpit\u2019, \u2018Dor\u00ebheqje\u2019 &#8211; Protestuesit marshojn\u00eb drejt Kuvendit","author":"Kurt Farka","date":"June 19, 2026","format":false,"excerpt":"N\u00eb dit\u00ebn e 19 t\u00eb protest\u00ebs masive, qytetar\u00ebt kan\u00eb nisur marshimin drejt Parlamentit, nd\u00ebrsa ky i fundit vijon punimet p\u00ebr t\u00eb votuar ligjin p\u00ebr amnistin\u00eb. Marshimin drejt Kuvendit, protestuesit e kan\u00eb shoq\u00ebruar me thirrjet: \u2018Parlament i krimit\u2019, \u2018parlament i turpit\u2019, \u2018dor\u00ebheqje\u2019 dhe 'Dor\u00ebzoni mandatet'. Qytetar\u00ebt k\u00ebrkojn\u00eb dor\u00ebheqjen e kryeministrit Edi\u2026","rel":"","context":"In &quot;Blogu i Udh\u00ebtarit&quot;","block_context":{"text":"Blogu i Udh\u00ebtarit","link":"https:\/\/www.shqiperia.com\/blog\/category\/blogu-i-udhetarit\/"},"img":{"alt_text":"","src":"https:\/\/i0.wp.com\/www.shqiperia.com\/blog\/wp-content\/uploads\/2026\/06\/download.jpg?resize=350%2C200&ssl=1","width":350,"height":200,"srcset":"https:\/\/i0.wp.com\/www.shqiperia.com\/blog\/wp-content\/uploads\/2026\/06\/download.jpg?resize=350%2C200&ssl=1 1x, https:\/\/i0.wp.com\/www.shqiperia.com\/blog\/wp-content\/uploads\/2026\/06\/download.jpg?resize=525%2C300&ssl=1 1.5x"},"classes":[]},{"id":104606,"url":"https:\/\/www.shqiperia.com\/blog\/nata-78-nga-gjermania-zvicra-e-shba-diaspora-ne-krye-te-marshimit\/","url_meta":{"origin":102845,"position":3},"title":"Nata 78\/ Nga Gjermania, Zvicra e SHBA, Diaspora n\u00eb krye t\u00eb marshimit","author":"Kurt Farka","date":"August 17, 2026","format":false,"excerpt":"17 Gusht 2026 Protesta e 78-t\u00eb kund\u00ebr qeveris\u00eb vijon n\u00eb Tiran\u00eb, nd\u00ebrsa qytetar\u00eb dhe pjes\u00ebtar\u00eb t\u00eb diaspor\u00ebs shqiptare jan\u00eb b\u00ebr\u00eb pjes\u00eb e marshimit t\u00eb madh n\u00eb rrug\u00ebt e kryeqytetit. Pas grumbullimit dhe protest\u00ebs p\u00ebrpara Kryeministris\u00eb, protestuesit kan\u00eb nisur marshimin n\u00ebp\u00ebr bulevardet dhe rrug\u00ebt e Tiran\u00ebs, duke mbushur hap\u00ebsirat e kryeqytetit.\u2026","rel":"","context":"In &quot;Blogu i Udh\u00ebtarit&quot;","block_context":{"text":"Blogu i Udh\u00ebtarit","link":"https:\/\/www.shqiperia.com\/blog\/category\/blogu-i-udhetarit\/"},"img":{"alt_text":"","src":"https:\/\/i0.wp.com\/www.shqiperia.com\/blog\/wp-content\/uploads\/2026\/08\/800-0-img-6559-6a821aadd8dfe.jpeg?fit=800%2C719&ssl=1&resize=350%2C200","width":350,"height":200,"srcset":"https:\/\/i0.wp.com\/www.shqiperia.com\/blog\/wp-content\/uploads\/2026\/08\/800-0-img-6559-6a821aadd8dfe.jpeg?fit=800%2C719&ssl=1&resize=350%2C200 1x, https:\/\/i0.wp.com\/www.shqiperia.com\/blog\/wp-content\/uploads\/2026\/08\/800-0-img-6559-6a821aadd8dfe.jpeg?fit=800%2C719&ssl=1&resize=525%2C300 1.5x, https:\/\/i0.wp.com\/www.shqiperia.com\/blog\/wp-content\/uploads\/2026\/08\/800-0-img-6559-6a821aadd8dfe.jpeg?fit=800%2C719&ssl=1&resize=700%2C400 2x"},"classes":[]},{"id":103415,"url":"https:\/\/www.shqiperia.com\/blog\/plot-per-2-muaj-pjesemarrje-masive-e-protestuesve-ne-diten-e-60-te-te-revoltes\/","url_meta":{"origin":102845,"position":4},"title":"Plot p\u00ebr 2 muaj, &#8211; Pjes\u00ebmarrje masive e protestuesve n\u00eb dit\u00ebn e 60-t\u00eb t\u00eb revolt\u00ebs","author":"Kurt Farka","date":"July 29, 2026","format":false,"excerpt":"29 Korrik 2026 Protesta antiqeveritare q\u00eb po mbahet sot n\u00eb Tiran\u00eb ka mbushur plot 60-t\u00eb, duke sh\u00ebnuar dy muaj mobilizim t\u00eb pand\u00ebrprer\u00eb n\u00eb rrug\u00ebt e Tiran\u00ebs. Ajo q\u00eb n\u00eb fillim u duk si nj\u00eb revolt\u00eb e kufizuar kund\u00ebr zhvillimeve n\u00eb Zv\u00ebrnec \u00ebsht\u00eb kthyer n\u00eb nj\u00eb l\u00ebvizje t\u00eb p\u00ebrditshme qytetare, e\u2026","rel":"","context":"In &quot;Blogu i Udh\u00ebtarit&quot;","block_context":{"text":"Blogu i Udh\u00ebtarit","link":"https:\/\/www.shqiperia.com\/blog\/category\/blogu-i-udhetarit\/"},"img":{"alt_text":"","src":"https:\/\/i0.wp.com\/www.shqiperia.com\/blog\/wp-content\/uploads\/2026\/07\/protestuesit11-433x300-2.jpg?fit=433%2C300&ssl=1&resize=350%2C200","width":350,"height":200},"classes":[]},{"id":101812,"url":"https:\/\/www.shqiperia.com\/blog\/eurodeputetja-me-29-qershor-do-te-jem-ne-proteste\/","url_meta":{"origin":102845,"position":5},"title":"Eurodeputetja: &#8211; M\u00eb 29 qershor do t\u00eb jem n\u00eb protest\u00eb!","author":"Kurt Farka","date":"June 25, 2026","format":false,"excerpt":"25 Qershor 2026 Delegacioni i BE \u201czbarkon\u201d n\u00eb Tiran\u00eb. Protestat q\u00eb k\u00ebrkojn\u00eb dor\u00ebheqjen e kryeministrit Edi Rama dhe largimin e qeveris\u00eb s\u00eb tij kan\u00eb hyr\u00eb n\u00eb dit\u00ebn e 26-t\u00eb, nd\u00ebrsa zhvillimet e fundit po t\u00ebrheqin gjithnj\u00eb e m\u00eb shum\u00eb v\u00ebmendjen nd\u00ebrkomb\u00ebtare. Mobilizimi qytetar po vazhdon \u00e7do dit\u00eb n\u00eb Tiran\u00eb, nd\u00ebrsa\u2026","rel":"","context":"In &quot;Blogu i Udh\u00ebtarit&quot;","block_context":{"text":"Blogu i Udh\u00ebtarit","link":"https:\/\/www.shqiperia.com\/blog\/category\/blogu-i-udhetarit\/"},"img":{"alt_text":"","src":"https:\/\/i0.wp.com\/www.shqiperia.com\/blog\/wp-content\/uploads\/2026\/06\/Capture-146-2.jpg?fit=646%2C340&ssl=1&resize=350%2C200","width":350,"height":200,"srcset":"https:\/\/i0.wp.com\/www.shqiperia.com\/blog\/wp-content\/uploads\/2026\/06\/Capture-146-2.jpg?fit=646%2C340&ssl=1&resize=350%2C200 1x, https:\/\/i0.wp.com\/www.shqiperia.com\/blog\/wp-content\/uploads\/2026\/06\/Capture-146-2.jpg?fit=646%2C340&ssl=1&resize=525%2C300 1.5x"},"classes":[]}],"_links":{"self":[{"href":"https:\/\/www.shqiperia.com\/blog\/wp-json\/wp\/v2\/posts\/102845","targetHints":{"allow":["GET"]}}],"collection":[{"href":"https:\/\/www.shqiperia.com\/blog\/wp-json\/wp\/v2\/posts"}],"about":[{"href":"https:\/\/www.shqiperia.com\/blog\/wp-json\/wp\/v2\/types\/post"}],"author":[{"embeddable":true,"href":"https:\/\/www.shqiperia.com\/blog\/wp-json\/wp\/v2\/users\/9"}],"replies":[{"embeddable":true,"href":"https:\/\/www.shqiperia.com\/blog\/wp-json\/wp\/v2\/comments?post=102845"}],"version-history":[{"count":1,"href":"https:\/\/www.shqiperia.com\/blog\/wp-json\/wp\/v2\/posts\/102845\/revisions"}],"predecessor-version":[{"id":102847,"href":"https:\/\/www.shqiperia.com\/blog\/wp-json\/wp\/v2\/posts\/102845\/revisions\/102847"}],"wp:featuredmedia":[{"embeddable":true,"href":"https:\/\/www.shqiperia.com\/blog\/wp-json\/wp\/v2\/media\/102846"}],"wp:attachment":[{"href":"https:\/\/www.shqiperia.com\/blog\/wp-json\/wp\/v2\/media?parent=102845"}],"wp:term":[{"taxonomy":"category","embeddable":true,"href":"https:\/\/www.shqiperia.com\/blog\/wp-json\/wp\/v2\/categories?post=102845"},{"taxonomy":"post_tag","embeddable":true,"href":"https:\/\/www.shqiperia.com\/blog\/wp-json\/wp\/v2\/tags?post=102845"}],"curies":[{"name":"wp","href":"https:\/\/api.w.org\/{rel}","templated":true}]}}