{"id":102829,"date":"2026-07-17T19:13:41","date_gmt":"2026-07-17T19:13:41","guid":{"rendered":"https:\/\/www.shqiperia.com\/blog\/?p=102829"},"modified":"2026-07-17T19:13:41","modified_gmt":"2026-07-17T19:13:41","slug":"dashnor-sula-shkeljet-nuk-mbeten-me-pa-denoncim-lancohet-sigurt-gov-al-raportimet-behen-edhe-ne-menyre-anonime","status":"publish","type":"post","link":"https:\/\/www.shqiperia.com\/blog\/dashnor-sula-shkeljet-nuk-mbeten-me-pa-denoncim-lancohet-sigurt-gov-al-raportimet-behen-edhe-ne-menyre-anonime\/","title":{"rendered":"Dashnor Sula &#8211; Shkeljet nuk mbeten m\u00eb pa denoncim\/ Lan\u00e7ohet &#8220;sigurt.gov.al&#8221;, raportimet b\u00ebhen edhe n\u00eb m\u00ebnyr\u00eb anonime"},"content":{"rendered":"<p data-a11y-orig-inline=\"\" data-a11y-base-fs=\"18\"><img data-recalc-dims=\"1\" loading=\"lazy\" decoding=\"async\" data-attachment-id=\"102830\" data-permalink=\"https:\/\/www.shqiperia.com\/blog\/dashnor-sula-shkeljet-nuk-mbeten-me-pa-denoncim-lancohet-sigurt-gov-al-raportimet-behen-edhe-ne-menyre-anonime\/dash-sula-6-768x554\/\" data-orig-file=\"https:\/\/i0.wp.com\/www.shqiperia.com\/blog\/wp-content\/uploads\/2026\/07\/dash-sula-6-768x554-1.jpg?fit=768%2C554&amp;ssl=1\" data-orig-size=\"768,554\" data-comments-opened=\"1\" data-image-meta=\"{&quot;aperture&quot;:&quot;0&quot;,&quot;credit&quot;:&quot;BwVideo&quot;,&quot;camera&quot;:&quot;&quot;,&quot;caption&quot;:&quot;&quot;,&quot;created_timestamp&quot;:&quot;1731924109&quot;,&quot;copyright&quot;:&quot;&quot;,&quot;focal_length&quot;:&quot;0&quot;,&quot;iso&quot;:&quot;0&quot;,&quot;shutter_speed&quot;:&quot;0&quot;,&quot;title&quot;:&quot;&quot;,&quot;orientation&quot;:&quot;0&quot;}\" data-image-title=\"Dashnor Sula\" data-image-description=\"\" data-image-caption=\"&lt;p&gt;Dashnor Sula&lt;\/p&gt;\n\" data-medium-file=\"https:\/\/i0.wp.com\/www.shqiperia.com\/blog\/wp-content\/uploads\/2026\/07\/dash-sula-6-768x554-1.jpg?fit=300%2C216&amp;ssl=1\" data-large-file=\"https:\/\/i0.wp.com\/www.shqiperia.com\/blog\/wp-content\/uploads\/2026\/07\/dash-sula-6-768x554-1.jpg?fit=768%2C554&amp;ssl=1\" class=\"alignnone  wp-image-102830\" alt=\"\" src=\"https:\/\/i0.wp.com\/www.shqiperia.com\/blog\/wp-content\/uploads\/2026\/07\/dash-sula-6-768x554-1.jpg?resize=672%2C484&#038;ssl=1\" width=\"672\" height=\"484\" srcset=\"https:\/\/i0.wp.com\/www.shqiperia.com\/blog\/wp-content\/uploads\/2026\/07\/dash-sula-6-768x554-1.jpg?resize=300%2C216&amp;ssl=1 300w, https:\/\/i0.wp.com\/www.shqiperia.com\/blog\/wp-content\/uploads\/2026\/07\/dash-sula-6-768x554-1.jpg?resize=450%2C325&amp;ssl=1 450w, https:\/\/i0.wp.com\/www.shqiperia.com\/blog\/wp-content\/uploads\/2026\/07\/dash-sula-6-768x554-1.jpg?resize=600%2C433&amp;ssl=1 600w, https:\/\/i0.wp.com\/www.shqiperia.com\/blog\/wp-content\/uploads\/2026\/07\/dash-sula-6-768x554-1.jpg?resize=400%2C289&amp;ssl=1 400w, https:\/\/i0.wp.com\/www.shqiperia.com\/blog\/wp-content\/uploads\/2026\/07\/dash-sula-6-768x554-1.jpg?w=768&amp;ssl=1 768w\" sizes=\"auto, (max-width: 672px) 100vw, 672px\" \/><\/p>\n<p data-a11y-orig-inline=\"\" data-a11y-base-fs=\"18\">17 Korrik 2026<\/p>\n<p data-a11y-orig-inline=\"\" data-a11y-base-fs=\"18\">Kryeinspektori i P\u00ebrgjithsh\u00ebm, Dashnor Sula, ka prezantuar platform\u00ebn komb\u00ebtare<span>\u00a0<\/span><a href=\"https:\/\/sigurt.gov.al\/\" data-a11y-orig-inline=\"\" data-a11y-base-fs=\"18\">sigurt.gov.al<\/a>, nj\u00eb sistem i ri online q\u00eb synon t\u00eb leht\u00ebsoj\u00eb raportimin e shkeljeve, t\u00eb rris\u00eb transparenc\u00ebn dhe t\u00eb forcoj\u00eb bashk\u00ebpunimin mes qytetar\u00ebve, bizneseve dhe institucioneve shtet\u00ebrore.<\/p>\n<p data-a11y-orig-inline=\"\" data-a11y-base-fs=\"18\">P\u00ebrmes platform\u00ebs, qytetar\u00ebt mund t\u00eb denoncojn\u00eb raste kur nj\u00eb subjekt shkel legjislacionin e pun\u00ebs, ndot mjedisin ose nuk zbaton ligje t\u00eb tjera t\u00eb shtetit shqiptar.<\/p>\n<p data-a11y-orig-inline=\"\" data-a11y-base-fs=\"18\">Raportimet mund t\u00eb b\u00ebhen me identitet ose n\u00eb m\u00ebnyr\u00eb anonime, sipas zgjedhjes s\u00eb p\u00ebrdoruesit.<\/p>\n<p data-a11y-orig-inline=\"\" data-a11y-base-fs=\"18\">Platforma u jep mund\u00ebsi edhe bizneseve t\u00eb raportojn\u00eb raste kur nj\u00eb inspektor nuk zbaton ligjin, rregulloret apo standardet etike gjat\u00eb ushtrimit t\u00eb detyr\u00ebs. Edhe n\u00eb k\u00ebt\u00eb rast, raportimi mund t\u00eb kryhet duke ruajtur anonimitetin ose duke u identifikuar.<\/p>\n<p data-a11y-orig-inline=\"\" data-a11y-base-fs=\"18\">\u00c7do denoncim pajiset me nj\u00eb kod unik gjurmimi, i cili u mund\u00ebson qytetar\u00ebve dhe bizneseve t\u00eb ndjekin online ecurin\u00eb dhe fazat e trajtimit t\u00eb rastit.<\/p>\n<p data-a11y-orig-inline=\"\" data-a11y-base-fs=\"18\">P\u00ebrve\u00e7 raportimeve, sigurt.gov.al ofron edhe lista kontrolli sipas sektor\u00ebve, materiale vet\u00ebvler\u00ebsimi, udh\u00ebzime praktike dhe rekomandime p\u00ebr bizneset, me q\u00ebllim p\u00ebrmir\u00ebsimin e p\u00ebrputhshm\u00ebris\u00eb me k\u00ebrkesat ligjore gjat\u00eb inspektimeve.<\/p>\n<p data-a11y-orig-inline=\"\" data-a11y-base-fs=\"18\">N\u00eb platform\u00eb do t\u00eb publikohen edhe statistika dhe t\u00eb dh\u00ebna t\u00eb agreguara mbi problematikat dhe tendencat e konstatuara, duke garantuar ruajtjen e anonimatit t\u00eb raportuesve dhe pa b\u00ebr\u00eb publike masat administrative ndaj subjekteve.<\/p>\n<div id=\"attachment_102830\" style=\"width: 871px\" class=\"wp-caption alignnone\"><img data-recalc-dims=\"1\" loading=\"lazy\" decoding=\"async\" aria-describedby=\"caption-attachment-102830\" data-attachment-id=\"102830\" data-permalink=\"https:\/\/www.shqiperia.com\/blog\/dashnor-sula-shkeljet-nuk-mbeten-me-pa-denoncim-lancohet-sigurt-gov-al-raportimet-behen-edhe-ne-menyre-anonime\/dash-sula-6-768x554\/\" data-orig-file=\"https:\/\/i0.wp.com\/www.shqiperia.com\/blog\/wp-content\/uploads\/2026\/07\/dash-sula-6-768x554-1.jpg?fit=768%2C554&amp;ssl=1\" data-orig-size=\"768,554\" data-comments-opened=\"1\" data-image-meta=\"{&quot;aperture&quot;:&quot;0&quot;,&quot;credit&quot;:&quot;BwVideo&quot;,&quot;camera&quot;:&quot;&quot;,&quot;caption&quot;:&quot;&quot;,&quot;created_timestamp&quot;:&quot;1731924109&quot;,&quot;copyright&quot;:&quot;&quot;,&quot;focal_length&quot;:&quot;0&quot;,&quot;iso&quot;:&quot;0&quot;,&quot;shutter_speed&quot;:&quot;0&quot;,&quot;title&quot;:&quot;&quot;,&quot;orientation&quot;:&quot;0&quot;}\" data-image-title=\"Dashnor Sula\" data-image-description=\"\" data-image-caption=\"&lt;p&gt;Dashnor Sula&lt;\/p&gt;\n\" data-medium-file=\"https:\/\/i0.wp.com\/www.shqiperia.com\/blog\/wp-content\/uploads\/2026\/07\/dash-sula-6-768x554-1.jpg?fit=300%2C216&amp;ssl=1\" data-large-file=\"https:\/\/i0.wp.com\/www.shqiperia.com\/blog\/wp-content\/uploads\/2026\/07\/dash-sula-6-768x554-1.jpg?fit=768%2C554&amp;ssl=1\" class=\" wp-image-102830\" alt=\"\" src=\"https:\/\/i0.wp.com\/www.shqiperia.com\/blog\/wp-content\/uploads\/2026\/07\/dash-sula-6-768x554-1.jpg?resize=861%2C620&#038;ssl=1\" width=\"861\" height=\"620\" srcset=\"https:\/\/i0.wp.com\/www.shqiperia.com\/blog\/wp-content\/uploads\/2026\/07\/dash-sula-6-768x554-1.jpg?resize=300%2C216&amp;ssl=1 300w, https:\/\/i0.wp.com\/www.shqiperia.com\/blog\/wp-content\/uploads\/2026\/07\/dash-sula-6-768x554-1.jpg?resize=450%2C325&amp;ssl=1 450w, https:\/\/i0.wp.com\/www.shqiperia.com\/blog\/wp-content\/uploads\/2026\/07\/dash-sula-6-768x554-1.jpg?resize=600%2C433&amp;ssl=1 600w, https:\/\/i0.wp.com\/www.shqiperia.com\/blog\/wp-content\/uploads\/2026\/07\/dash-sula-6-768x554-1.jpg?resize=400%2C289&amp;ssl=1 400w, https:\/\/i0.wp.com\/www.shqiperia.com\/blog\/wp-content\/uploads\/2026\/07\/dash-sula-6-768x554-1.jpg?w=768&amp;ssl=1 768w\" sizes=\"auto, (max-width: 861px) 100vw, 861px\" \/><p id=\"caption-attachment-102830\" class=\"wp-caption-text\">Dashnor Sula<\/p><\/div>\n<p data-a11y-orig-inline=\"\" data-a11y-base-fs=\"18\">Nisma synon t\u00eb rris\u00eb transparenc\u00ebn e sh\u00ebrbimeve publike dhe t\u00eb nxis\u00eb nj\u00eb bashk\u00ebpunim m\u00eb t\u00eb ngusht\u00eb mes qytetar\u00ebve, bizneseve dhe institucioneve p\u00ebrgjegj\u00ebse p\u00ebr inspektimin.<\/p>\n","protected":false},"excerpt":{"rendered":"<p>17 Korrik 2026 Kryeinspektori i P\u00ebrgjithsh\u00ebm, Dashnor Sula, ka prezantuar platform\u00ebn komb\u00ebtare\u00a0sigurt.gov.al, nj\u00eb sistem i ri online q\u00eb synon t\u00eb leht\u00ebsoj\u00eb raportimin e shkeljeve, t\u00eb rris\u00eb transparenc\u00ebn dhe t\u00eb forcoj\u00eb bashk\u00ebpunimin mes qytetar\u00ebve, bizneseve dhe institucioneve shtet\u00ebrore. P\u00ebrmes platform\u00ebs, qytetar\u00ebt mund t\u00eb denoncojn\u00eb raste kur nj\u00eb subjekt shkel legjislacionin e pun\u00ebs, ndot mjedisin ose nuk [&hellip;]<\/p>\n","protected":false},"author":9,"featured_media":102830,"comment_status":"open","ping_status":"open","sticky":false,"template":"","format":"standard","meta":{"jetpack_post_was_ever_published":false,"_jetpack_newsletter_access":"","_jetpack_dont_email_post_to_subs":false,"_jetpack_newsletter_tier_id":0,"_jetpack_memberships_contains_paywalled_content":false,"_jetpack_memberships_contains_paid_content":false,"footnotes":"","jetpack_publicize_message":"","jetpack_publicize_feature_enabled":true,"jetpack_social_post_already_shared":true,"jetpack_social_options":{"image_generator_settings":{"template":"highway","default_image_id":0,"font":"","enabled":false},"version":2}},"categories":[10],"tags":[],"class_list":["post-102829","post","type-post","status-publish","format-standard","has-post-thumbnail","hentry","category-kultura"],"jetpack_publicize_connections":[],"jetpack_featured_media_url":"https:\/\/i0.wp.com\/www.shqiperia.com\/blog\/wp-content\/uploads\/2026\/07\/dash-sula-6-768x554-1.jpg?fit=768%2C554&ssl=1","jetpack_sharing_enabled":true,"jetpack_shortlink":"https:\/\/wp.me\/p5Z6wp-qKx","jetpack-related-posts":[{"id":102508,"url":"https:\/\/www.shqiperia.com\/blog\/ambasadori-i-osbe-se-e-drejta-per-proteste-duhet-te-respektohet\/","url_meta":{"origin":102829,"position":0},"title":"Ambasadori i OSBE-s\u00eb: &#8211; E drejta p\u00ebr protest\u00eb duhet t\u00eb respektohet","author":"Kurt Farka","date":"July 11, 2026","format":false,"excerpt":"11 Korrik 2026 Ambasadori i OSBE-s\u00eb n\u00eb Shqip\u00ebri, Michel Tarran, gjat\u00eb nj\u00eb deklarate p\u00ebr mediat nga Kor\u00e7a, u ndal te e drejta e qytetar\u00ebve p\u00ebr t\u00eb protestuar, n\u00eb kuad\u00ebr t\u00eb tubimeve q\u00eb ndodhin n\u00eb Tiran\u00eb prej 41 dit\u00ebsh, klima politike n\u00eb vend dhe nevoja p\u00ebr forcimin e dialogut mes pal\u00ebve\u2026","rel":"","context":"In &quot;Blogu i Udh\u00ebtarit&quot;","block_context":{"text":"Blogu i Udh\u00ebtarit","link":"https:\/\/www.shqiperia.com\/blog\/category\/blogu-i-udhetarit\/"},"img":{"alt_text":"","src":"https:\/\/i0.wp.com\/www.shqiperia.com\/blog\/wp-content\/uploads\/2026\/07\/tarran_sd.webp?fit=1200%2C675&ssl=1&resize=350%2C200","width":350,"height":200,"srcset":"https:\/\/i0.wp.com\/www.shqiperia.com\/blog\/wp-content\/uploads\/2026\/07\/tarran_sd.webp?fit=1200%2C675&ssl=1&resize=350%2C200 1x, https:\/\/i0.wp.com\/www.shqiperia.com\/blog\/wp-content\/uploads\/2026\/07\/tarran_sd.webp?fit=1200%2C675&ssl=1&resize=525%2C300 1.5x, https:\/\/i0.wp.com\/www.shqiperia.com\/blog\/wp-content\/uploads\/2026\/07\/tarran_sd.webp?fit=1200%2C675&ssl=1&resize=700%2C400 2x, https:\/\/i0.wp.com\/www.shqiperia.com\/blog\/wp-content\/uploads\/2026\/07\/tarran_sd.webp?fit=1200%2C675&ssl=1&resize=1050%2C600 3x"},"classes":[]},{"id":103848,"url":"https:\/\/www.shqiperia.com\/blog\/sherif-bundo-politika-kunder-fshatit-a-po-gabojme-perseri\/","url_meta":{"origin":102829,"position":1},"title":"Sherif Bundo: &#8211; Politika kund\u00ebr fshatit. A po gabojm\u00eb p\u00ebrs\u00ebri?","author":"Kurt Farka","date":"August 5, 2026","format":false,"excerpt":"5 Gusht 2026 Nga Sherif BUNDO \u201cDymb\u00ebdhjet\u00eb vjet pas ndarjes s\u00eb vitit 2014, Shqip\u00ebria p\u00ebrballet me pyetjen n\u00ebse problemi q\u00ebndron te numri i bashkive apo te modeli i organizimit financiar dhe administrativ t\u00eb pushtetit vendor\u201d. Nuk d\u00ebshiroj t\u00eb mendoj se edhe kjo reform\u00eb e re p\u00ebr ndarjen teritoriale do t\u00eb\u2026","rel":"","context":"In &quot;Blogu i Udh\u00ebtarit&quot;","block_context":{"text":"Blogu i Udh\u00ebtarit","link":"https:\/\/www.shqiperia.com\/blog\/category\/blogu-i-udhetarit\/"},"img":{"alt_text":"","src":"https:\/\/i0.wp.com\/www.shqiperia.com\/blog\/wp-content\/uploads\/2026\/08\/Sherif-Bundo-1.jpeg?fit=1028%2C601&ssl=1&resize=350%2C200","width":350,"height":200,"srcset":"https:\/\/i0.wp.com\/www.shqiperia.com\/blog\/wp-content\/uploads\/2026\/08\/Sherif-Bundo-1.jpeg?fit=1028%2C601&ssl=1&resize=350%2C200 1x, https:\/\/i0.wp.com\/www.shqiperia.com\/blog\/wp-content\/uploads\/2026\/08\/Sherif-Bundo-1.jpeg?fit=1028%2C601&ssl=1&resize=525%2C300 1.5x, https:\/\/i0.wp.com\/www.shqiperia.com\/blog\/wp-content\/uploads\/2026\/08\/Sherif-Bundo-1.jpeg?fit=1028%2C601&ssl=1&resize=700%2C400 2x"},"classes":[]},{"id":100697,"url":"https:\/\/www.shqiperia.com\/blog\/e-drejta-e-vetos-kos-asgje-nuk-eshte-vendosur-ende\/","url_meta":{"origin":102829,"position":2},"title":"E drejta e vetos, Kos: &#8211; Asgj\u00eb nuk \u00ebsht\u00eb vendosur ende.","author":"Kurt Farka","date":"May 27, 2026","format":false,"excerpt":"27 Maji 2026 Pas p\u00ebrfundimit sot t\u00eb Konferenc\u00ebs s\u00eb 8-t\u00eb Nd\u00ebrqeveritare Shqip\u00ebri-BE, kryeministri Edi Rama, z\u00ebvend\u00ebsministrja p\u00ebr \u00c7\u00ebshtjet Evropiane t\u00eb Qipros, Marilena Raouna dhe Komisionerja p\u00ebr Zgjerimin e BE-s\u00eb s\u00eb Marta Kos, zhvilluan nj\u00eb konferenc\u00eb p\u00ebr mediet. Gjat\u00eb konferenc\u00ebs, nj\u00eb nga pyetjet lidhej me mund\u00ebsin\u00eb q\u00eb vendet kandidate si Mali\u2026","rel":"","context":"In &quot;Blogu i Udh\u00ebtarit&quot;","block_context":{"text":"Blogu i Udh\u00ebtarit","link":"https:\/\/www.shqiperia.com\/blog\/category\/blogu-i-udhetarit\/"},"img":{"alt_text":"","src":"https:\/\/i0.wp.com\/www.shqiperia.com\/blog\/wp-content\/uploads\/2026\/05\/800-0-a50f39518994f97abd661f0cbaacb890.png?fit=800%2C420&ssl=1&resize=350%2C200","width":350,"height":200,"srcset":"https:\/\/i0.wp.com\/www.shqiperia.com\/blog\/wp-content\/uploads\/2026\/05\/800-0-a50f39518994f97abd661f0cbaacb890.png?fit=800%2C420&ssl=1&resize=350%2C200 1x, https:\/\/i0.wp.com\/www.shqiperia.com\/blog\/wp-content\/uploads\/2026\/05\/800-0-a50f39518994f97abd661f0cbaacb890.png?fit=800%2C420&ssl=1&resize=525%2C300 1.5x, https:\/\/i0.wp.com\/www.shqiperia.com\/blog\/wp-content\/uploads\/2026\/05\/800-0-a50f39518994f97abd661f0cbaacb890.png?fit=800%2C420&ssl=1&resize=700%2C400 2x"},"classes":[]},{"id":100336,"url":"https:\/\/www.shqiperia.com\/blog\/kanabisi-rrezik-per-infarkte\/","url_meta":{"origin":102829,"position":3},"title":"Kanabisi rrezik p\u00ebr infarkte","author":"Kurt Farka","date":"May 16, 2026","format":false,"excerpt":"16 Maji 2026 Kardiolog\u00ebt ngren\u00eb alarmin p\u00ebr rrezikun nga infarktet p\u00ebr shkak t\u00eb p\u00ebrdorimit t\u00eb substancave narkotike. Ata thon\u00eb se t\u00eb ekspozuar nuk jan\u00eb vet\u00ebm p\u00ebrdoruesit ritual por edhe ata t\u00eb rast\u00ebsish\u00ebm. Kanabis rrit 6 her\u00eb rrezikun e infarkteve dhe t\u00eb ictuseve deri n\u00eb 40%. Ky \u00ebsht\u00eb alarmi q\u00eb l\u00ebshojne\u2026","rel":"","context":"In &quot;Kultura&quot;","block_context":{"text":"Kultura","link":"https:\/\/www.shqiperia.com\/blog\/category\/kultura\/"},"img":{"alt_text":"","src":"https:\/\/i0.wp.com\/www.shqiperia.com\/blog\/wp-content\/uploads\/2026\/05\/kanabisss-1024x683-1.jpg?fit=1024%2C683&ssl=1&resize=350%2C200","width":350,"height":200,"srcset":"https:\/\/i0.wp.com\/www.shqiperia.com\/blog\/wp-content\/uploads\/2026\/05\/kanabisss-1024x683-1.jpg?fit=1024%2C683&ssl=1&resize=350%2C200 1x, https:\/\/i0.wp.com\/www.shqiperia.com\/blog\/wp-content\/uploads\/2026\/05\/kanabisss-1024x683-1.jpg?fit=1024%2C683&ssl=1&resize=525%2C300 1.5x, https:\/\/i0.wp.com\/www.shqiperia.com\/blog\/wp-content\/uploads\/2026\/05\/kanabisss-1024x683-1.jpg?fit=1024%2C683&ssl=1&resize=700%2C400 2x"},"classes":[]},{"id":105236,"url":"https:\/\/www.shqiperia.com\/blog\/grate-e-martuara-si-i-kontrollonin-burrat-dhe-mbronin-martesen-nje-histori-nga-mesjeta\/","url_meta":{"origin":102829,"position":4},"title":"Grat\u00eb e martuara, si i \u201ckontrollonin\u201d burrat dhe mbronin martes\u00ebn? Nj\u00eb histori nga mesjeta","author":"Kurt Farka","date":"August 26, 2026","format":false,"excerpt":"26 Gusht 2026 Ka histori q\u00eb mbijetojn\u00eb jo sepse jan\u00eb domosdoshm\u00ebrisht t\u00eb v\u00ebrteta, por sepse jan\u00eb tep\u00ebr t\u00eb bukura, t\u00eb \u00e7uditshme ose ironike p\u00ebr t\u2019u harruar. Mes tyre qarkullon edhe nj\u00eb rr\u00ebfim i pazakont\u00eb, q\u00eb pretendon se disa gra n\u00eb Mesjet\u00eb p\u00ebrdornin nj\u00eb m\u00ebnyr\u00eb t\u00eb fsheht\u00eb p\u00ebr t\u2019i mbajtur burrat\u2026","rel":"","context":"In &quot;Blogu i Udh\u00ebtarit&quot;","block_context":{"text":"Blogu i Udh\u00ebtarit","link":"https:\/\/www.shqiperia.com\/blog\/category\/blogu-i-udhetarit\/"},"img":{"alt_text":"","src":"https:\/\/i0.wp.com\/www.shqiperia.com\/blog\/wp-content\/uploads\/2026\/08\/640-0-gr-1787642714.jpg?fit=640%2C515&ssl=1&resize=350%2C200","width":350,"height":200,"srcset":"https:\/\/i0.wp.com\/www.shqiperia.com\/blog\/wp-content\/uploads\/2026\/08\/640-0-gr-1787642714.jpg?fit=640%2C515&ssl=1&resize=350%2C200 1x, https:\/\/i0.wp.com\/www.shqiperia.com\/blog\/wp-content\/uploads\/2026\/08\/640-0-gr-1787642714.jpg?fit=640%2C515&ssl=1&resize=525%2C300 1.5x"},"classes":[]},{"id":103017,"url":"https:\/\/www.shqiperia.com\/blog\/studimi-njerezit-dhe-majmunet-kane-qeshur-ne-te-njejten-menyre-per-miliona-vjet\/","url_meta":{"origin":102829,"position":5},"title":"Studimi: &#8211; Njer\u00ebzit dhe majmun\u00ebt kan\u00eb qeshur n\u00eb t\u00eb nj\u00ebjt\u00ebn m\u00ebnyr\u00eb p\u00ebr miliona vjet","author":"Kurt Farka","date":"July 21, 2026","format":false,"excerpt":"21 Korrik 2026 Nj\u00eb ekip nd\u00ebrkomb\u00ebtar shkenc\u00ebtar\u00ebsh ka zbuluar se njer\u00ebzit dhe majmun\u00ebt e m\u00ebdhenj kan\u00eb ruajtur t\u00eb nj\u00ebjt\u00ebn tipar t\u00eb t\u00eb qeshur\u00ebs p\u00ebr rreth 15 milion\u00eb vjet. Rezultatet e studimit u botuan n\u00eb revist\u00ebn Communications Biology (ComBio). P\u00ebr t\u00eb studiuar origjin\u00ebn e t\u00eb qeshur\u00ebs, studiuesit gudulis\u00ebn kat\u00ebr orangutan\u00eb, tre\u2026","rel":"","context":"In &quot;Blogu i Udh\u00ebtarit&quot;","block_context":{"text":"Blogu i Udh\u00ebtarit","link":"https:\/\/www.shqiperia.com\/blog\/category\/blogu-i-udhetarit\/"},"img":{"alt_text":"","src":"https:\/\/i0.wp.com\/www.shqiperia.com\/blog\/wp-content\/uploads\/2026\/07\/Njerezit-dhe-majmunet.webp?fit=1200%2C674&ssl=1&resize=350%2C200","width":350,"height":200,"srcset":"https:\/\/i0.wp.com\/www.shqiperia.com\/blog\/wp-content\/uploads\/2026\/07\/Njerezit-dhe-majmunet.webp?fit=1200%2C674&ssl=1&resize=350%2C200 1x, https:\/\/i0.wp.com\/www.shqiperia.com\/blog\/wp-content\/uploads\/2026\/07\/Njerezit-dhe-majmunet.webp?fit=1200%2C674&ssl=1&resize=525%2C300 1.5x, https:\/\/i0.wp.com\/www.shqiperia.com\/blog\/wp-content\/uploads\/2026\/07\/Njerezit-dhe-majmunet.webp?fit=1200%2C674&ssl=1&resize=700%2C400 2x, https:\/\/i0.wp.com\/www.shqiperia.com\/blog\/wp-content\/uploads\/2026\/07\/Njerezit-dhe-majmunet.webp?fit=1200%2C674&ssl=1&resize=1050%2C600 3x"},"classes":[]}],"_links":{"self":[{"href":"https:\/\/www.shqiperia.com\/blog\/wp-json\/wp\/v2\/posts\/102829","targetHints":{"allow":["GET"]}}],"collection":[{"href":"https:\/\/www.shqiperia.com\/blog\/wp-json\/wp\/v2\/posts"}],"about":[{"href":"https:\/\/www.shqiperia.com\/blog\/wp-json\/wp\/v2\/types\/post"}],"author":[{"embeddable":true,"href":"https:\/\/www.shqiperia.com\/blog\/wp-json\/wp\/v2\/users\/9"}],"replies":[{"embeddable":true,"href":"https:\/\/www.shqiperia.com\/blog\/wp-json\/wp\/v2\/comments?post=102829"}],"version-history":[{"count":1,"href":"https:\/\/www.shqiperia.com\/blog\/wp-json\/wp\/v2\/posts\/102829\/revisions"}],"predecessor-version":[{"id":102831,"href":"https:\/\/www.shqiperia.com\/blog\/wp-json\/wp\/v2\/posts\/102829\/revisions\/102831"}],"wp:featuredmedia":[{"embeddable":true,"href":"https:\/\/www.shqiperia.com\/blog\/wp-json\/wp\/v2\/media\/102830"}],"wp:attachment":[{"href":"https:\/\/www.shqiperia.com\/blog\/wp-json\/wp\/v2\/media?parent=102829"}],"wp:term":[{"taxonomy":"category","embeddable":true,"href":"https:\/\/www.shqiperia.com\/blog\/wp-json\/wp\/v2\/categories?post=102829"},{"taxonomy":"post_tag","embeddable":true,"href":"https:\/\/www.shqiperia.com\/blog\/wp-json\/wp\/v2\/tags?post=102829"}],"curies":[{"name":"wp","href":"https:\/\/api.w.org\/{rel}","templated":true}]}}