{"id":102826,"date":"2026-07-17T19:07:45","date_gmt":"2026-07-17T19:07:45","guid":{"rendered":"https:\/\/www.shqiperia.com\/blog\/?p=102826"},"modified":"2026-07-17T19:07:45","modified_gmt":"2026-07-17T19:07:45","slug":"arrestime-pa-nisur-ende-protesta-policia-terheq-zvarre-qytetarin-para-kryministrise-gruaja-tenton-ti-ndaloje-efektivet","status":"publish","type":"post","link":"https:\/\/www.shqiperia.com\/blog\/arrestime-pa-nisur-ende-protesta-policia-terheq-zvarre-qytetarin-para-kryministrise-gruaja-tenton-ti-ndaloje-efektivet\/","title":{"rendered":"ARRESTIME PA NISUR ENDE PROTESTA! Policia t\u00ebrheq zvarr\u00eb qytetarin para Kryministris\u00eb, gruaja tenton t&#8217;i ndaloj\u00eb efektiv\u00ebt"},"content":{"rendered":"<p data-a11y-orig-inline=\"\" data-a11y-base-fs=\"18\"><img data-recalc-dims=\"1\" loading=\"lazy\" decoding=\"async\" data-attachment-id=\"102827\" data-permalink=\"https:\/\/www.shqiperia.com\/blog\/arrestime-pa-nisur-ende-protesta-policia-terheq-zvarre-qytetarin-para-kryministrise-gruaja-tenton-ti-ndaloje-efektivet\/600-388-whatsapp-image-2026-07-17-at-74620-pm-1784310404\/\" data-orig-file=\"https:\/\/i0.wp.com\/www.shqiperia.com\/blog\/wp-content\/uploads\/2026\/07\/600-388-whatsapp-image-2026-07-17-at-74620-pm-1784310404.jpeg?fit=600%2C388&amp;ssl=1\" data-orig-size=\"600,388\" data-comments-opened=\"1\" data-image-meta=\"{&quot;aperture&quot;:&quot;0&quot;,&quot;credit&quot;:&quot;&quot;,&quot;camera&quot;:&quot;&quot;,&quot;caption&quot;:&quot;&quot;,&quot;created_timestamp&quot;:&quot;0&quot;,&quot;copyright&quot;:&quot;&quot;,&quot;focal_length&quot;:&quot;0&quot;,&quot;iso&quot;:&quot;0&quot;,&quot;shutter_speed&quot;:&quot;0&quot;,&quot;title&quot;:&quot;&quot;,&quot;orientation&quot;:&quot;0&quot;}\" data-image-title=\"-600-388-whatsapp-image-2026-07-17-at-74620-pm-1784310404\" data-image-description=\"\" data-image-caption=\"\" data-medium-file=\"https:\/\/i0.wp.com\/www.shqiperia.com\/blog\/wp-content\/uploads\/2026\/07\/600-388-whatsapp-image-2026-07-17-at-74620-pm-1784310404.jpeg?fit=300%2C194&amp;ssl=1\" data-large-file=\"https:\/\/i0.wp.com\/www.shqiperia.com\/blog\/wp-content\/uploads\/2026\/07\/600-388-whatsapp-image-2026-07-17-at-74620-pm-1784310404.jpeg?fit=600%2C388&amp;ssl=1\" class=\"alignnone  wp-image-102827\" alt=\"\" src=\"https:\/\/i0.wp.com\/www.shqiperia.com\/blog\/wp-content\/uploads\/2026\/07\/600-388-whatsapp-image-2026-07-17-at-74620-pm-1784310404.jpeg?resize=581%2C376&#038;ssl=1\" width=\"581\" height=\"376\" srcset=\"https:\/\/i0.wp.com\/www.shqiperia.com\/blog\/wp-content\/uploads\/2026\/07\/600-388-whatsapp-image-2026-07-17-at-74620-pm-1784310404.jpeg?resize=300%2C194&amp;ssl=1 300w, https:\/\/i0.wp.com\/www.shqiperia.com\/blog\/wp-content\/uploads\/2026\/07\/600-388-whatsapp-image-2026-07-17-at-74620-pm-1784310404.jpeg?resize=450%2C291&amp;ssl=1 450w, https:\/\/i0.wp.com\/www.shqiperia.com\/blog\/wp-content\/uploads\/2026\/07\/600-388-whatsapp-image-2026-07-17-at-74620-pm-1784310404.jpeg?resize=400%2C259&amp;ssl=1 400w, https:\/\/i0.wp.com\/www.shqiperia.com\/blog\/wp-content\/uploads\/2026\/07\/600-388-whatsapp-image-2026-07-17-at-74620-pm-1784310404.jpeg?w=600&amp;ssl=1 600w\" sizes=\"auto, (max-width: 581px) 100vw, 581px\" \/><\/p>\n<p data-a11y-orig-inline=\"\" data-a11y-base-fs=\"18\">17 Korrik 2026<\/p>\n<p data-a11y-orig-inline=\"\" data-a11y-base-fs=\"18\">Nj\u00eb sken\u00eb e pazakont\u00eb ka ndodhur para godin\u00ebs s\u00eb Kryeministris\u00eb, ku policia papritur ka t\u00ebrhequr zvarr\u00eb nj\u00eb qytetar, i cili dyshohet se ishte protestues.<\/p>\n<p data-a11y-orig-inline=\"\" data-a11y-base-fs=\"18\">Ende nuk b\u00ebhet me dije arsyeja e shoq\u00ebrimit nga blut\u00eb, por n\u00eb videon e siguruar shihet edhe nj\u00eb grua, e cila mes ul\u00ebrimave tenton t\u00eb ndaloj\u00eb arrestimin e qytetarit.<\/p>\n<p data-a11y-orig-inline=\"\" data-a11y-base-fs=\"18\">Sipas pamjeve, para zyr\u00ebs s\u00eb Kryeministris\u00eb, pes\u00eb efektiv\u00eb policie kan\u00eb t\u00ebrhequr zvarr\u00eb qytetarin.<\/p>\n<p data-a11y-orig-inline=\"\" data-a11y-base-fs=\"18\">Ngjarja ka ndodhur pak para nisjes s\u00eb protest\u00ebs.<\/p>\n<p data-a11y-orig-inline=\"\" data-a11y-base-fs=\"18\">Nd\u00ebrkoh\u00eb, protestuesit kan\u00eb nisur marshimin drejt Kryeministris\u00eb, ku pritet t\u00eb vijojn\u00eb me fjalimet dhe tubimin e tyre t\u00eb p\u00ebrditsh\u00ebm. Mbetet p\u00ebr t\u2019u par\u00eb n\u00ebse do t\u00eb ket\u00eb p\u00ebrplasje t\u00eb tjera.<\/p>\n","protected":false},"excerpt":{"rendered":"<p>17 Korrik 2026 Nj\u00eb sken\u00eb e pazakont\u00eb ka ndodhur para godin\u00ebs s\u00eb Kryeministris\u00eb, ku policia papritur ka t\u00ebrhequr zvarr\u00eb nj\u00eb qytetar, i cili dyshohet se ishte protestues. Ende nuk b\u00ebhet me dije arsyeja e shoq\u00ebrimit nga blut\u00eb, por n\u00eb videon e siguruar shihet edhe nj\u00eb grua, e cila mes ul\u00ebrimave tenton t\u00eb ndaloj\u00eb arrestimin e [&hellip;]<\/p>\n","protected":false},"author":9,"featured_media":102827,"comment_status":"open","ping_status":"open","sticky":false,"template":"","format":"standard","meta":{"jetpack_post_was_ever_published":false,"_jetpack_newsletter_access":"","_jetpack_dont_email_post_to_subs":false,"_jetpack_newsletter_tier_id":0,"_jetpack_memberships_contains_paywalled_content":false,"_jetpack_memberships_contains_paid_content":false,"footnotes":"","jetpack_publicize_message":"","jetpack_publicize_feature_enabled":true,"jetpack_social_post_already_shared":true,"jetpack_social_options":{"image_generator_settings":{"template":"highway","default_image_id":0,"font":"","enabled":false},"version":2}},"categories":[27,1,2,35],"tags":[],"class_list":["post-102826","post","type-post","status-publish","format-standard","has-post-thumbnail","hentry","category-blogu-i-udhetarit","category-njoftime-shtypi","category-politika","category-shoqerore"],"jetpack_publicize_connections":[],"jetpack_featured_media_url":"https:\/\/i0.wp.com\/www.shqiperia.com\/blog\/wp-content\/uploads\/2026\/07\/600-388-whatsapp-image-2026-07-17-at-74620-pm-1784310404.jpeg?fit=600%2C388&ssl=1","jetpack_sharing_enabled":true,"jetpack_shortlink":"https:\/\/wp.me\/p5Z6wp-qKu","jetpack-related-posts":[{"id":23487,"url":"https:\/\/www.shqiperia.com\/blog\/shembja-e-teatrit-regjisori-i-njohur-terhiqet-zvarre-nga-policia\/","url_meta":{"origin":102826,"position":0},"title":"Shembja e teatrit, regjisori i njohur t\u00ebrhiqet zvarr\u00eb nga policia. &#8211;","author":"Kurt Farka","date":"July 24, 2019","format":false,"excerpt":"Shembja e teatrit, regjisori i njohur t\u00ebrhiqet zvarr\u00eb nga policia. - 24\/07\/19 Policia e Shtetit prej or\u00ebve t\u00eb para t\u00eb m\u00ebngjesit ka rrethuar Teatrin Komb\u00ebtar. Policia ka larguar me forc\u00eb disa prej artist\u00ebve q\u00eb protestonin aty, por edhe qytetar\u00eb dhe mes tyre ka pasur p\u00ebrplasje. Regjisori Edmond Budina, u shpreh\u2026","rel":"","context":"In &quot;Blogu i Udh\u00ebtarit&quot;","block_context":{"text":"Blogu i Udh\u00ebtarit","link":"https:\/\/www.shqiperia.com\/blog\/category\/blogu-i-udhetarit\/"},"img":{"alt_text":"","src":"https:\/\/i0.wp.com\/www.shqiperia.com\/blog\/wp-content\/uploads\/2019\/07\/auto_Screenshot_11563948551-770x433.jpg?fit=770%2C433&ssl=1&resize=350%2C200","width":350,"height":200,"srcset":"https:\/\/i0.wp.com\/www.shqiperia.com\/blog\/wp-content\/uploads\/2019\/07\/auto_Screenshot_11563948551-770x433.jpg?fit=770%2C433&ssl=1&resize=350%2C200 1x, https:\/\/i0.wp.com\/www.shqiperia.com\/blog\/wp-content\/uploads\/2019\/07\/auto_Screenshot_11563948551-770x433.jpg?fit=770%2C433&ssl=1&resize=525%2C300 1.5x, https:\/\/i0.wp.com\/www.shqiperia.com\/blog\/wp-content\/uploads\/2019\/07\/auto_Screenshot_11563948551-770x433.jpg?fit=770%2C433&ssl=1&resize=700%2C400 2x"},"classes":[]},{"id":102082,"url":"https:\/\/www.shqiperia.com\/blog\/protestuesit-u-terhoqen-zvarre-para-kuvendit-eurodeputetja-paulus-reagon-pas-perplasjeve-ne-tirane-dhuna-0820-01-07-2026-a-a-protestuesit-u-terhoqen-zvarre-para-kuvendit-eurodeputetja\/","url_meta":{"origin":102826,"position":1},"title":"Protestuesit u t\u00ebrhoq\u00ebn zvarr\u00eb para Kuvendit, eurodeputetja Paulus reagon pas p\u00ebrplasjeve n\u00eb Tiran\u00eb: Dhuna\u2026   08:20 | 01\/07\/2026 A A Protestuesit u t\u00ebrhoq\u00ebn zvarr\u00eb para Kuvendit, eurodeputetja Paulus reagon pas p\u00ebrplasjeve n\u00eb Tiran\u00eb: Dhuna\u2026 Eurodeputetja","author":"Kurt Farka","date":"July 1, 2026","format":false,"excerpt":"1 Korrik 2026 Eurodeputetja gjermane e grupit t\u00eb t\u00eb Gjelb\u00ebrve n\u00eb Parlamentin Evropian, Jutta Paulus, ka reaguar pas incidenteve mes protestuesve dhe policis\u00eb n\u00eb Tiran\u00eb, duke theksuar se \u00e7do form\u00eb dhune \u00ebsht\u00eb e papranueshme. N\u00eb nj\u00eb prononcim p\u00ebr Politico, Paulus tha se kishte marr\u00eb pjes\u00eb n\u00eb protest\u00ebn e s\u00eb h\u00ebn\u00ebs,\u2026","rel":"","context":"In &quot;Blogu i Udh\u00ebtarit&quot;","block_context":{"text":"Blogu i Udh\u00ebtarit","link":"https:\/\/www.shqiperia.com\/blog\/category\/blogu-i-udhetarit\/"},"img":{"alt_text":"","src":"https:\/\/i0.wp.com\/www.shqiperia.com\/blog\/wp-content\/uploads\/2026\/07\/polici-qellon-gent-prognin-1140x570-1.jpg?fit=1140%2C570&ssl=1&resize=350%2C200","width":350,"height":200,"srcset":"https:\/\/i0.wp.com\/www.shqiperia.com\/blog\/wp-content\/uploads\/2026\/07\/polici-qellon-gent-prognin-1140x570-1.jpg?fit=1140%2C570&ssl=1&resize=350%2C200 1x, https:\/\/i0.wp.com\/www.shqiperia.com\/blog\/wp-content\/uploads\/2026\/07\/polici-qellon-gent-prognin-1140x570-1.jpg?fit=1140%2C570&ssl=1&resize=525%2C300 1.5x, https:\/\/i0.wp.com\/www.shqiperia.com\/blog\/wp-content\/uploads\/2026\/07\/polici-qellon-gent-prognin-1140x570-1.jpg?fit=1140%2C570&ssl=1&resize=700%2C400 2x, https:\/\/i0.wp.com\/www.shqiperia.com\/blog\/wp-content\/uploads\/2026\/07\/polici-qellon-gent-prognin-1140x570-1.jpg?fit=1140%2C570&ssl=1&resize=1050%2C600 3x"},"classes":[]},{"id":27588,"url":"https:\/\/www.shqiperia.com\/blog\/ajaksi-me-qeleshe-ne-koke-ne-nje-murale-ne-pompei\/","url_meta":{"origin":102826,"position":2},"title":"Ajaksi me qeleshe ne koke ne nje murale ne Pompei.","author":"Kurt Farka","date":"November 1, 2019","format":false,"excerpt":"Ajaksi me qeleshe ne koke ne nje murale ne Pompei. Kasandra duke u terhequr zvarre nga Ajaksi pas pushtimit te Trojes nga Akejt, teksa ajo mbahet pas statujes se Athina Palladium, ndersa ne cep Priam Dardani, i pafuqishem, qe nuk mund t'i ndaloje Akejt. Ky eshte nje punim mural i\u2026","rel":"","context":"In &quot;Histori&quot;","block_context":{"text":"Histori","link":"https:\/\/www.shqiperia.com\/blog\/category\/histori\/"},"img":{"alt_text":"","src":"https:\/\/i0.wp.com\/www.shqiperia.com\/blog\/wp-content\/uploads\/2019\/11\/Kasandra.jpg?fit=573%2C312&ssl=1&resize=350%2C200","width":350,"height":200,"srcset":"https:\/\/i0.wp.com\/www.shqiperia.com\/blog\/wp-content\/uploads\/2019\/11\/Kasandra.jpg?fit=573%2C312&ssl=1&resize=350%2C200 1x, https:\/\/i0.wp.com\/www.shqiperia.com\/blog\/wp-content\/uploads\/2019\/11\/Kasandra.jpg?fit=573%2C312&ssl=1&resize=525%2C300 1.5x"},"classes":[]},{"id":105513,"url":"https:\/\/www.shqiperia.com\/blog\/italiani-vodhi-audin-q5-perplaset-me-disa-makina-gjate-arratisjes-arrestohet-nga-policia-nje-efektiv-mbeti-i-plagosur\/","url_meta":{"origin":102826,"position":3},"title":"Italiani vodhi Audin Q5, p\u00ebrplaset me disa makina gjat\u00eb arratisjes, arrestohet nga policia! Nj\u00eb efektiv mbeti i plagosur","author":"Kurt Farka","date":"August 30, 2026","format":false,"excerpt":"30 Gusht 2026 Nj\u00eb\u00a0italian \u00ebsht\u00eb arrestuar n\u00eb Tiran\u00eb pasi dyshohet se ka vjedhur nj\u00eb automjet tip Audi Q5 dhe m\u00eb pas ka tentuar t\u00eb arratiset.\u00a0 Gazetarja Xhensila Kodra raporton se ngjarja ka ndodhur n\u00eb nj\u00eb rrug\u00eb dyt\u00ebsore, ku pronari i automjetit sapo kishte dal\u00eb nga makina, duke e l\u00ebn\u00eb at\u00eb\u2026","rel":"","context":"In &quot;Blogu i Udh\u00ebtarit&quot;","block_context":{"text":"Blogu i Udh\u00ebtarit","link":"https:\/\/www.shqiperia.com\/blog\/category\/blogu-i-udhetarit\/"},"img":{"alt_text":"","src":"https:\/\/i0.wp.com\/www.shqiperia.com\/blog\/wp-content\/uploads\/2026\/08\/Policia-naten.jpg?fit=640%2C371&ssl=1&resize=350%2C200","width":350,"height":200,"srcset":"https:\/\/i0.wp.com\/www.shqiperia.com\/blog\/wp-content\/uploads\/2026\/08\/Policia-naten.jpg?fit=640%2C371&ssl=1&resize=350%2C200 1x, https:\/\/i0.wp.com\/www.shqiperia.com\/blog\/wp-content\/uploads\/2026\/08\/Policia-naten.jpg?fit=640%2C371&ssl=1&resize=525%2C300 1.5x"},"classes":[]},{"id":101200,"url":"https:\/\/www.shqiperia.com\/blog\/o-plak-i-lige-ne-jemi-rinia-protestuesi-mesazh-te-ashper-rames-mos-e-detyro-turmen-te-humbase-kontrollin-rojet-e-tua-do-te-te-sjellin-vete-zvarre-ketu\/","url_meta":{"origin":102826,"position":4},"title":"\u201cO plak i lig\u00eb, ne jemi rinia\u201d\/ Protestuesi mesazh t\u00eb ashp\u00ebr Ram\u00ebs: &#8211; Mos e detyro turm\u00ebn t\u00eb humbas\u00eb kontrollin! &#8211; Rojet e tua do t\u00eb t\u00eb sjellin vet\u00eb zvarr\u00eb k\u00ebtu!","author":"Kurt Farka","date":"June 6, 2026","format":false,"excerpt":"6 Qershor 2026 Nj\u00eb fjalim tejet i fort\u00eb dhe me tone paralajm\u00ebruese ka ushtuar p\u00ebrpara godin\u00ebs s\u00eb Kryeministris\u00eb, ku nj\u00eb protestues ka shigjetuar drejtp\u00ebrdrejt Edi Ram\u00ebn, duke i v\u00ebn\u00eb p\u00ebrball\u00eb forc\u00ebn e rinis\u00eb dhe vendosm\u00ebrin\u00eb p\u00ebr q\u00ebndres\u00eb t\u00eb pand\u00ebrprer\u00eb. Me nj\u00eb gjuh\u00eb t\u00eb ashp\u00ebr, qytetari ka b\u00ebr\u00eb thirrje p\u00ebr largimin\u2026","rel":"","context":"In &quot;Blogu i Udh\u00ebtarit&quot;","block_context":{"text":"Blogu i Udh\u00ebtarit","link":"https:\/\/www.shqiperia.com\/blog\/category\/blogu-i-udhetarit\/"},"img":{"alt_text":"","src":"https:\/\/i0.wp.com\/www.shqiperia.com\/blog\/wp-content\/uploads\/2026\/06\/ertertetert.jpg?fit=1050%2C538&ssl=1&resize=350%2C200","width":350,"height":200,"srcset":"https:\/\/i0.wp.com\/www.shqiperia.com\/blog\/wp-content\/uploads\/2026\/06\/ertertetert.jpg?fit=1050%2C538&ssl=1&resize=350%2C200 1x, https:\/\/i0.wp.com\/www.shqiperia.com\/blog\/wp-content\/uploads\/2026\/06\/ertertetert.jpg?fit=1050%2C538&ssl=1&resize=525%2C300 1.5x, https:\/\/i0.wp.com\/www.shqiperia.com\/blog\/wp-content\/uploads\/2026\/06\/ertertetert.jpg?fit=1050%2C538&ssl=1&resize=700%2C400 2x, https:\/\/i0.wp.com\/www.shqiperia.com\/blog\/wp-content\/uploads\/2026\/06\/ertertetert.jpg?fit=1050%2C538&ssl=1&resize=1050%2C600 3x"},"classes":[]},{"id":61784,"url":"https:\/\/www.shqiperia.com\/blog\/policet-terhoqen-zvarre-turistin-e-huaj-ne-gjendje-te-dehur-pezullohen-efektivet-e-sarandes\/","url_meta":{"origin":102826,"position":5},"title":"Policet t\u00ebrhoq\u00ebn zvarr\u00eb turistin e huaj n\u00eb gjendje t\u00eb dehur, pezullohen efektiv\u00ebt e Sarand\u00ebs!","author":"Kurt Farka","date":"September 4, 2022","format":false,"excerpt":"4 Shtator 2022 Dy efektiv\u00eb policie t\u00eb Sarand\u00ebs jan\u00eb pezulluar nga detyra pasi gjat\u00eb nj\u00eb kontrolli n\u00eb Ksamil jan\u00eb filmuar duke t\u00ebrhequr zvarr\u00eb nj\u00eb turist t\u00eb huaj i cili ishte n\u00eb gjendje t\u00eb dehur. Sipas policis\u00eb b\u00ebhet fjal\u00eb p\u00ebr inspektor E. M. dhe inspektor D. B., me detyr\u00eb punonj\u00ebs t\u00eb\u2026","rel":"","context":"In &quot;Blogu i Udh\u00ebtarit&quot;","block_context":{"text":"Blogu i Udh\u00ebtarit","link":"https:\/\/www.shqiperia.com\/blog\/category\/blogu-i-udhetarit\/"},"img":{"alt_text":"","src":"https:\/\/i0.wp.com\/www.shqiperia.com\/blog\/wp-content\/uploads\/2022\/09\/Policia-sarande.jpg?fit=1062%2C597&ssl=1&resize=350%2C200","width":350,"height":200,"srcset":"https:\/\/i0.wp.com\/www.shqiperia.com\/blog\/wp-content\/uploads\/2022\/09\/Policia-sarande.jpg?fit=1062%2C597&ssl=1&resize=350%2C200 1x, https:\/\/i0.wp.com\/www.shqiperia.com\/blog\/wp-content\/uploads\/2022\/09\/Policia-sarande.jpg?fit=1062%2C597&ssl=1&resize=525%2C300 1.5x, https:\/\/i0.wp.com\/www.shqiperia.com\/blog\/wp-content\/uploads\/2022\/09\/Policia-sarande.jpg?fit=1062%2C597&ssl=1&resize=700%2C400 2x, https:\/\/i0.wp.com\/www.shqiperia.com\/blog\/wp-content\/uploads\/2022\/09\/Policia-sarande.jpg?fit=1062%2C597&ssl=1&resize=1050%2C600 3x"},"classes":[]}],"_links":{"self":[{"href":"https:\/\/www.shqiperia.com\/blog\/wp-json\/wp\/v2\/posts\/102826","targetHints":{"allow":["GET"]}}],"collection":[{"href":"https:\/\/www.shqiperia.com\/blog\/wp-json\/wp\/v2\/posts"}],"about":[{"href":"https:\/\/www.shqiperia.com\/blog\/wp-json\/wp\/v2\/types\/post"}],"author":[{"embeddable":true,"href":"https:\/\/www.shqiperia.com\/blog\/wp-json\/wp\/v2\/users\/9"}],"replies":[{"embeddable":true,"href":"https:\/\/www.shqiperia.com\/blog\/wp-json\/wp\/v2\/comments?post=102826"}],"version-history":[{"count":1,"href":"https:\/\/www.shqiperia.com\/blog\/wp-json\/wp\/v2\/posts\/102826\/revisions"}],"predecessor-version":[{"id":102828,"href":"https:\/\/www.shqiperia.com\/blog\/wp-json\/wp\/v2\/posts\/102826\/revisions\/102828"}],"wp:featuredmedia":[{"embeddable":true,"href":"https:\/\/www.shqiperia.com\/blog\/wp-json\/wp\/v2\/media\/102827"}],"wp:attachment":[{"href":"https:\/\/www.shqiperia.com\/blog\/wp-json\/wp\/v2\/media?parent=102826"}],"wp:term":[{"taxonomy":"category","embeddable":true,"href":"https:\/\/www.shqiperia.com\/blog\/wp-json\/wp\/v2\/categories?post=102826"},{"taxonomy":"post_tag","embeddable":true,"href":"https:\/\/www.shqiperia.com\/blog\/wp-json\/wp\/v2\/tags?post=102826"}],"curies":[{"name":"wp","href":"https:\/\/api.w.org\/{rel}","templated":true}]}}