{"id":102823,"date":"2026-07-17T19:06:19","date_gmt":"2026-07-17T19:06:19","guid":{"rendered":"https:\/\/www.shqiperia.com\/blog\/?p=102823"},"modified":"2026-07-17T19:06:19","modified_gmt":"2026-07-17T19:06:19","slug":"cpo-ndodh-para-kryeministrise-ne-prag-te-marshimit-te-protestuesve-nje-grua-mes-ulerimave-shoqerohet-nga-policia","status":"publish","type":"post","link":"https:\/\/www.shqiperia.com\/blog\/cpo-ndodh-para-kryeministrise-ne-prag-te-marshimit-te-protestuesve-nje-grua-mes-ulerimave-shoqerohet-nga-policia\/","title":{"rendered":"\u00c7&#8217;PO NDODH PARA KRYEMINISTRIS\u00cb? N\u00eb prag t\u00eb marshimit t\u00eb protestuesve, nj\u00eb grua mes ul\u00ebrimave shoq\u00ebrohet nga policia"},"content":{"rendered":"<p data-a11y-orig-inline=\"\" data-a11y-base-fs=\"18\"><img data-recalc-dims=\"1\" loading=\"lazy\" decoding=\"async\" data-attachment-id=\"102824\" data-permalink=\"https:\/\/www.shqiperia.com\/blog\/cpo-ndodh-para-kryeministrise-ne-prag-te-marshimit-te-protestuesve-nje-grua-mes-ulerimave-shoqerohet-nga-policia\/600-388-loiuyr45tjpg-1784309327\/\" data-orig-file=\"https:\/\/i0.wp.com\/www.shqiperia.com\/blog\/wp-content\/uploads\/2026\/07\/600-388-loiuyr45tjpg-1784309327.jpg?fit=600%2C388&amp;ssl=1\" data-orig-size=\"600,388\" data-comments-opened=\"1\" data-image-meta=\"{&quot;aperture&quot;:&quot;0&quot;,&quot;credit&quot;:&quot;&quot;,&quot;camera&quot;:&quot;&quot;,&quot;caption&quot;:&quot;&quot;,&quot;created_timestamp&quot;:&quot;0&quot;,&quot;copyright&quot;:&quot;&quot;,&quot;focal_length&quot;:&quot;0&quot;,&quot;iso&quot;:&quot;0&quot;,&quot;shutter_speed&quot;:&quot;0&quot;,&quot;title&quot;:&quot;&quot;,&quot;orientation&quot;:&quot;0&quot;}\" data-image-title=\"-600-388-loiuyr45tjpg-1784309327\" data-image-description=\"\" data-image-caption=\"\" data-medium-file=\"https:\/\/i0.wp.com\/www.shqiperia.com\/blog\/wp-content\/uploads\/2026\/07\/600-388-loiuyr45tjpg-1784309327.jpg?fit=300%2C194&amp;ssl=1\" data-large-file=\"https:\/\/i0.wp.com\/www.shqiperia.com\/blog\/wp-content\/uploads\/2026\/07\/600-388-loiuyr45tjpg-1784309327.jpg?fit=600%2C388&amp;ssl=1\" class=\"alignnone  wp-image-102824\" alt=\"\" src=\"https:\/\/i0.wp.com\/www.shqiperia.com\/blog\/wp-content\/uploads\/2026\/07\/600-388-loiuyr45tjpg-1784309327.jpg?resize=557%2C360&#038;ssl=1\" width=\"557\" height=\"360\" srcset=\"https:\/\/i0.wp.com\/www.shqiperia.com\/blog\/wp-content\/uploads\/2026\/07\/600-388-loiuyr45tjpg-1784309327.jpg?resize=300%2C194&amp;ssl=1 300w, https:\/\/i0.wp.com\/www.shqiperia.com\/blog\/wp-content\/uploads\/2026\/07\/600-388-loiuyr45tjpg-1784309327.jpg?resize=450%2C291&amp;ssl=1 450w, https:\/\/i0.wp.com\/www.shqiperia.com\/blog\/wp-content\/uploads\/2026\/07\/600-388-loiuyr45tjpg-1784309327.jpg?resize=400%2C259&amp;ssl=1 400w, https:\/\/i0.wp.com\/www.shqiperia.com\/blog\/wp-content\/uploads\/2026\/07\/600-388-loiuyr45tjpg-1784309327.jpg?w=600&amp;ssl=1 600w\" sizes=\"auto, (max-width: 557px) 100vw, 557px\" \/><\/p>\n<p data-a11y-orig-inline=\"\" data-a11y-base-fs=\"18\">17 Korrik 2026<\/p>\n<p data-a11y-orig-inline=\"\" data-a11y-base-fs=\"18\">N\u00eb redaksin\u00eb e Ora News ka mb\u00ebrritur nj\u00eb video e pazakont\u00eb ku n\u00eb prag t\u00eb nisjes s\u00eb protest\u00ebs, v\u00ebrrehet nj\u00eb grua q\u00eb shoq\u00ebrohet nga polica para godin\u00ebs s\u00eb Kryeministris\u00eb.<\/p>\n<p data-a11y-orig-inline=\"\" data-a11y-base-fs=\"18\">Qytetarja d\u00ebgjohet duke ul\u00ebritur n\u00eb kund\u00ebrshtim, nd\u00ebrkoh\u00eb q\u00eb rrethohet nga uniformat blu dhe nga disa protestues.<\/p>\n<p data-a11y-orig-inline=\"\" data-a11y-base-fs=\"18\">Nuk b\u00ebhet me dije motivi i shoq\u00ebrimit t\u00eb saj nga efektiv\u00ebt.<\/p>\n<p data-a11y-orig-inline=\"\" data-a11y-base-fs=\"18\">Nd\u00ebrkaq n\u00eb sheshin &#8220;Sk\u00ebnderbej&#8221; protestuesit jan\u00eb duke u grumbulluar p\u00ebr tubimin e rradh\u00ebs para Kryeministris\u00eb.<\/p>\n","protected":false},"excerpt":{"rendered":"<p>17 Korrik 2026 N\u00eb redaksin\u00eb e Ora News ka mb\u00ebrritur nj\u00eb video e pazakont\u00eb ku n\u00eb prag t\u00eb nisjes s\u00eb protest\u00ebs, v\u00ebrrehet nj\u00eb grua q\u00eb shoq\u00ebrohet nga polica para godin\u00ebs s\u00eb Kryeministris\u00eb. Qytetarja d\u00ebgjohet duke ul\u00ebritur n\u00eb kund\u00ebrshtim, nd\u00ebrkoh\u00eb q\u00eb rrethohet nga uniformat blu dhe nga disa protestues. Nuk b\u00ebhet me dije motivi i shoq\u00ebrimit [&hellip;]<\/p>\n","protected":false},"author":9,"featured_media":102824,"comment_status":"open","ping_status":"open","sticky":false,"template":"","format":"standard","meta":{"jetpack_post_was_ever_published":false,"_jetpack_newsletter_access":"","_jetpack_dont_email_post_to_subs":false,"_jetpack_newsletter_tier_id":0,"_jetpack_memberships_contains_paywalled_content":false,"_jetpack_memberships_contains_paid_content":false,"footnotes":"","jetpack_publicize_message":"","jetpack_publicize_feature_enabled":true,"jetpack_social_post_already_shared":true,"jetpack_social_options":{"image_generator_settings":{"template":"highway","default_image_id":0,"font":"","enabled":false},"version":2}},"categories":[10],"tags":[],"class_list":["post-102823","post","type-post","status-publish","format-standard","has-post-thumbnail","hentry","category-kultura"],"jetpack_publicize_connections":[],"jetpack_featured_media_url":"https:\/\/i0.wp.com\/www.shqiperia.com\/blog\/wp-content\/uploads\/2026\/07\/600-388-loiuyr45tjpg-1784309327.jpg?fit=600%2C388&ssl=1","jetpack_sharing_enabled":true,"jetpack_shortlink":"https:\/\/wp.me\/p5Z6wp-qKr","jetpack-related-posts":[{"id":102905,"url":"https:\/\/www.shqiperia.com\/blog\/marjana-koceku-ne-mesin-e-protestuesve-para-kryeministrise-qe-kerkojne-doreheqjen-e-rames\/","url_meta":{"origin":102823,"position":0},"title":"Marjana Ko\u00e7eku n\u00eb mesin e protestuesve para Kryeministris\u00eb, q\u00eb k\u00ebrkojn\u00eb dor\u00ebheqjen e Ram\u00ebs","author":"Kurt Farka","date":"July 18, 2026","format":false,"excerpt":"19 Korrik 2026 Deputetja e larguar nga PS, tashm\u00eb e pavarur, Marjana Ko\u00e7eku, i \u00ebsht\u00eb bashkuar s\u00ebrish protestuesve n\u00eb shesh duke k\u00ebrkuar largimin e Edi Ram\u00ebs. Deputetja e paralajm\u00ebroi edhe m\u00eb her\u00ebt p\u00ebrmes nj\u00eb videoje n\u00eb rrjete sociale se do t\u00eb dilte n\u00eb shesh n\u00eb k\u00ebt\u00eb dit\u00eb t\u00eb 49-t\u00eb t\u00eb\u2026","rel":"","context":"In &quot;Blogu i Udh\u00ebtarit&quot;","block_context":{"text":"Blogu i Udh\u00ebtarit","link":"https:\/\/www.shqiperia.com\/blog\/category\/blogu-i-udhetarit\/"},"img":{"alt_text":"","src":"https:\/\/i0.wp.com\/www.shqiperia.com\/blog\/wp-content\/uploads\/2026\/07\/800-0-6a5bd45ea9ed1.jpg?fit=800%2C540&ssl=1&resize=350%2C200","width":350,"height":200,"srcset":"https:\/\/i0.wp.com\/www.shqiperia.com\/blog\/wp-content\/uploads\/2026\/07\/800-0-6a5bd45ea9ed1.jpg?fit=800%2C540&ssl=1&resize=350%2C200 1x, https:\/\/i0.wp.com\/www.shqiperia.com\/blog\/wp-content\/uploads\/2026\/07\/800-0-6a5bd45ea9ed1.jpg?fit=800%2C540&ssl=1&resize=525%2C300 1.5x, https:\/\/i0.wp.com\/www.shqiperia.com\/blog\/wp-content\/uploads\/2026\/07\/800-0-6a5bd45ea9ed1.jpg?fit=800%2C540&ssl=1&resize=700%2C400 2x"},"classes":[]},{"id":101203,"url":"https:\/\/www.shqiperia.com\/blog\/onkologjiku-eshte-nje-aushvic-fjalimi-rreqethes-i-protestuesit-qe-vuan-nga-kanceri-kjo-godine-e-ndyre-duhet-shembur-ketu-ka-vetem-hajduteri\/","url_meta":{"origin":102823,"position":1},"title":"\u201cOnkologjiku \u00ebsht\u00eb nj\u00eb Aushvic\u201d\/ Fjalimi rr\u00ebqeth\u00ebs i protestuesit q\u00eb vuan nga kanceri: &#8211; Kjo godin\u00eb e ndyr\u00eb duhet shembur, k\u00ebtu ka vet\u00ebm hajdut\u00ebri!","author":"Kurt Farka","date":"June 6, 2026","format":false,"excerpt":"6 Qershor 2026 Nj\u00eb d\u00ebshmi rr\u00ebqeth\u00ebse dhe tejet e fuqishme ka p\u00ebrlotur dhe elektrizuar mij\u00ebra protestuesit e mbledhur p\u00ebrpara Kryeministris\u00eb. Nj\u00eb qytetar q\u00eb vuan prej tre vitesh nga s\u00ebmundja e r\u00ebnd\u00eb e kancerit ka marr\u00eb fjal\u00ebn n\u00eb podium, duke b\u00ebr\u00eb nj\u00eb denoncim trondit\u00ebs p\u00ebr gjendjen n\u00eb spitalin Onkologjik, t\u00eb cilin\u2026","rel":"","context":"In &quot;Blogu i Udh\u00ebtarit&quot;","block_context":{"text":"Blogu i Udh\u00ebtarit","link":"https:\/\/www.shqiperia.com\/blog\/category\/blogu-i-udhetarit\/"},"img":{"alt_text":"","src":"https:\/\/i0.wp.com\/www.shqiperia.com\/blog\/wp-content\/uploads\/2026\/06\/protestuesi-ne-shesh.jpg?fit=1147%2C553&ssl=1&resize=350%2C200","width":350,"height":200,"srcset":"https:\/\/i0.wp.com\/www.shqiperia.com\/blog\/wp-content\/uploads\/2026\/06\/protestuesi-ne-shesh.jpg?fit=1147%2C553&ssl=1&resize=350%2C200 1x, https:\/\/i0.wp.com\/www.shqiperia.com\/blog\/wp-content\/uploads\/2026\/06\/protestuesi-ne-shesh.jpg?fit=1147%2C553&ssl=1&resize=525%2C300 1.5x, https:\/\/i0.wp.com\/www.shqiperia.com\/blog\/wp-content\/uploads\/2026\/06\/protestuesi-ne-shesh.jpg?fit=1147%2C553&ssl=1&resize=700%2C400 2x, https:\/\/i0.wp.com\/www.shqiperia.com\/blog\/wp-content\/uploads\/2026\/06\/protestuesi-ne-shesh.jpg?fit=1147%2C553&ssl=1&resize=1050%2C600 3x"},"classes":[]},{"id":102124,"url":"https:\/\/www.shqiperia.com\/blog\/ne-1000-para-kuvendit-ne-1900-para-kryeministrise-mbahet-sot-protesta-e-33-te-shqiptaret-kerkojne-doreheqjen-e-pa-negociueshme-te-rames\/","url_meta":{"origin":102823,"position":2},"title":"N\u00eb 10:00 para Kuvendit, n\u00eb 19:00 para Kryeministris\u00eb\/ Mbahet sot protesta e 33-t\u00eb, shqiptar\u00ebt k\u00ebrkojn\u00eb dor\u00ebheqjen e pa negociueshme t\u00eb Ram\u00ebs","author":"Kurt Farka","date":"July 2, 2026","format":false,"excerpt":"2 Korrik 2026 Sot n\u00eb or\u00ebn 10:00 organizimi i radh\u00ebs nga protestuesit kund\u00ebr kryeministrit Edi Rama dhe qeveris\u00eb s\u00eb drejtuar prej tij. Qytetar\u00ebt do t\u00eb mblidhen para Kuvendit ku do t\u00eb mbahet edhe seanca e radh\u00ebs plenare. Nd\u00ebrkoh\u00eb n\u00eb or\u00ebn 19:00 do t\u00eb mbahet protesta masive e 33-t\u00eb radhazi ku\u2026","rel":"","context":"In &quot;Blogu i Udh\u00ebtarit&quot;","block_context":{"text":"Blogu i Udh\u00ebtarit","link":"https:\/\/www.shqiperia.com\/blog\/category\/blogu-i-udhetarit\/"},"img":{"alt_text":"","src":"https:\/\/i0.wp.com\/www.shqiperia.com\/blog\/wp-content\/uploads\/2026\/07\/kryeministria-e-rrethuar2-1.jpg?fit=809%2C456&ssl=1&resize=350%2C200","width":350,"height":200,"srcset":"https:\/\/i0.wp.com\/www.shqiperia.com\/blog\/wp-content\/uploads\/2026\/07\/kryeministria-e-rrethuar2-1.jpg?fit=809%2C456&ssl=1&resize=350%2C200 1x, https:\/\/i0.wp.com\/www.shqiperia.com\/blog\/wp-content\/uploads\/2026\/07\/kryeministria-e-rrethuar2-1.jpg?fit=809%2C456&ssl=1&resize=525%2C300 1.5x, https:\/\/i0.wp.com\/www.shqiperia.com\/blog\/wp-content\/uploads\/2026\/07\/kryeministria-e-rrethuar2-1.jpg?fit=809%2C456&ssl=1&resize=700%2C400 2x"},"classes":[]},{"id":101086,"url":"https:\/\/www.shqiperia.com\/blog\/proteste-madheshtore-ne-tirane-rama-te-jape-doreheqjen-shqiperia-nuk-shitet\/","url_meta":{"origin":102823,"position":3},"title":"Protest\u00eb madh\u00ebshtore n\u00eb Tiran\u00eb: &#8211; Rama t\u00eb jap\u00eb dor\u00ebheqjen! &#8211; Shqip\u00ebria nuk shitet!","author":"Kurt Farka","date":"June 4, 2026","format":false,"excerpt":"4 Qershor 2026 Mij\u00ebra qytetar\u00eb kan\u00eb mbushur k\u00ebt\u00eb mbr\u00ebmje bulevardin \u201cD\u00ebshmor\u00ebt e Kombit\u201d, duke iu bashkuar protest\u00ebs kund\u00ebr projektit p\u00ebr nd\u00ebrtimin e nj\u00eb resorti turistik n\u00eb zon\u00ebn e mbrojtur t\u00eb Zv\u00ebrnecit Pas grumbullimit n\u00eb sheshin \u201cSk\u00ebnderbej\u201d, protestuesit marshuan drejt Kryeministris\u00eb, duke mbajtur pankarta dhe flamuj, nd\u00ebrsa brohorisnin slogane kund\u00ebr qeveris\u00eb\u2026","rel":"","context":"In &quot;Blogu i Udh\u00ebtarit&quot;","block_context":{"text":"Blogu i Udh\u00ebtarit","link":"https:\/\/www.shqiperia.com\/blog\/category\/blogu-i-udhetarit\/"},"img":{"alt_text":"","src":"https:\/\/i0.wp.com\/www.shqiperia.com\/blog\/wp-content\/uploads\/2026\/06\/protesta-ne-bulevard-4-qershor-2026.jpg?fit=632%2C278&ssl=1&resize=350%2C200","width":350,"height":200,"srcset":"https:\/\/i0.wp.com\/www.shqiperia.com\/blog\/wp-content\/uploads\/2026\/06\/protesta-ne-bulevard-4-qershor-2026.jpg?fit=632%2C278&ssl=1&resize=350%2C200 1x, https:\/\/i0.wp.com\/www.shqiperia.com\/blog\/wp-content\/uploads\/2026\/06\/protesta-ne-bulevard-4-qershor-2026.jpg?fit=632%2C278&ssl=1&resize=525%2C300 1.5x"},"classes":[]},{"id":103935,"url":"https:\/\/www.shqiperia.com\/blog\/unicef-nje-femije-vrtet-perdite-ne-gaza-pavaresisht-se-ka-armepushim\/","url_meta":{"origin":102823,"position":4},"title":"UNICEF: &#8211; Nj\u00eb f\u00ebmij\u00eb vr*tet p\u00ebrdit\u00eb n\u00eb Gaza, pavar\u00ebsisht se ka arm\u00ebpushim","author":"Kurt Farka","date":"August 7, 2026","format":false,"excerpt":"7 Gusht 2026 Sipas UNICEF-it, rreth 300 f\u00ebmij\u00eb jan\u00eb vrar\u00eb n\u00eb Rripin e Gaz\u00ebs gjat\u00eb af\u00ebrsisht 300 dit\u00ebve q\u00eb nga shpallja e arm\u00ebpushimit m\u00eb 10 tetor 2025, nj\u00eb mesatare prej nj\u00eb f\u00ebmije t\u00eb vrar\u00eb \u00e7do dit\u00eb. Agjencia e Kombeve t\u00eb Bashkuara p\u00ebr F\u00ebmij\u00ebt thekson se qindra t\u00eb tjer\u00eb jan\u00eb plagosur,\u2026","rel":"","context":"In &quot;Blogu i Udh\u00ebtarit&quot;","block_context":{"text":"Blogu i Udh\u00ebtarit","link":"https:\/\/www.shqiperia.com\/blog\/category\/blogu-i-udhetarit\/"},"img":{"alt_text":"","src":"https:\/\/i0.wp.com\/www.shqiperia.com\/blog\/wp-content\/uploads\/2026\/08\/640-0-ea06a5263a9386f0a3b65b1866d7df87.webp?fit=640%2C409&ssl=1&resize=350%2C200","width":350,"height":200,"srcset":"https:\/\/i0.wp.com\/www.shqiperia.com\/blog\/wp-content\/uploads\/2026\/08\/640-0-ea06a5263a9386f0a3b65b1866d7df87.webp?fit=640%2C409&ssl=1&resize=350%2C200 1x, https:\/\/i0.wp.com\/www.shqiperia.com\/blog\/wp-content\/uploads\/2026\/08\/640-0-ea06a5263a9386f0a3b65b1866d7df87.webp?fit=640%2C409&ssl=1&resize=525%2C300 1.5x"},"classes":[]},{"id":101206,"url":"https:\/\/www.shqiperia.com\/blog\/protestuesit-ne-kor-rama-jepe-doreheqjen-edhe-studentet-e-diaspores-do-i-kesh-ketu\/","url_meta":{"origin":102823,"position":5},"title":"Protestuesit n\u00eb kor: Rama jepe dor\u00ebheqjen! &#8211; Edhe student\u00ebt e diaspor\u00ebs do i kesh k\u00ebtu","author":"Kurt Farka","date":"June 6, 2026","format":false,"excerpt":"6 Qershor 2026 Rama jepe dor\u00ebheqjen, Rama jep dor\u00ebheqjen! Rama jep dor\u00ebheqjen!\u2019 Ishte thirrja me z\u00eb t\u00eb lart\u00eb e protestuesve mbr\u00ebmjen e sotme para kryeministris\u00eb. Protesta e nisur n\u00eb or\u00ebn 18:00 vijon ende edhe tani n\u00eb or\u00ebn 21:40 minuta. Nj\u00eb student duke marr\u00eb fjal\u00ebn n\u00eb podiumin e improvizuar para kryeministris\u00eb\u2026","rel":"","context":"In &quot;Blogu i Udh\u00ebtarit&quot;","block_context":{"text":"Blogu i Udh\u00ebtarit","link":"https:\/\/www.shqiperia.com\/blog\/category\/blogu-i-udhetarit\/"},"img":{"alt_text":"","src":"https:\/\/i0.wp.com\/www.shqiperia.com\/blog\/wp-content\/uploads\/2026\/06\/800-0-1780775936xcapturepng-938.png?fit=800%2C507&ssl=1&resize=350%2C200","width":350,"height":200,"srcset":"https:\/\/i0.wp.com\/www.shqiperia.com\/blog\/wp-content\/uploads\/2026\/06\/800-0-1780775936xcapturepng-938.png?fit=800%2C507&ssl=1&resize=350%2C200 1x, https:\/\/i0.wp.com\/www.shqiperia.com\/blog\/wp-content\/uploads\/2026\/06\/800-0-1780775936xcapturepng-938.png?fit=800%2C507&ssl=1&resize=525%2C300 1.5x, https:\/\/i0.wp.com\/www.shqiperia.com\/blog\/wp-content\/uploads\/2026\/06\/800-0-1780775936xcapturepng-938.png?fit=800%2C507&ssl=1&resize=700%2C400 2x"},"classes":[]}],"_links":{"self":[{"href":"https:\/\/www.shqiperia.com\/blog\/wp-json\/wp\/v2\/posts\/102823","targetHints":{"allow":["GET"]}}],"collection":[{"href":"https:\/\/www.shqiperia.com\/blog\/wp-json\/wp\/v2\/posts"}],"about":[{"href":"https:\/\/www.shqiperia.com\/blog\/wp-json\/wp\/v2\/types\/post"}],"author":[{"embeddable":true,"href":"https:\/\/www.shqiperia.com\/blog\/wp-json\/wp\/v2\/users\/9"}],"replies":[{"embeddable":true,"href":"https:\/\/www.shqiperia.com\/blog\/wp-json\/wp\/v2\/comments?post=102823"}],"version-history":[{"count":1,"href":"https:\/\/www.shqiperia.com\/blog\/wp-json\/wp\/v2\/posts\/102823\/revisions"}],"predecessor-version":[{"id":102825,"href":"https:\/\/www.shqiperia.com\/blog\/wp-json\/wp\/v2\/posts\/102823\/revisions\/102825"}],"wp:featuredmedia":[{"embeddable":true,"href":"https:\/\/www.shqiperia.com\/blog\/wp-json\/wp\/v2\/media\/102824"}],"wp:attachment":[{"href":"https:\/\/www.shqiperia.com\/blog\/wp-json\/wp\/v2\/media?parent=102823"}],"wp:term":[{"taxonomy":"category","embeddable":true,"href":"https:\/\/www.shqiperia.com\/blog\/wp-json\/wp\/v2\/categories?post=102823"},{"taxonomy":"post_tag","embeddable":true,"href":"https:\/\/www.shqiperia.com\/blog\/wp-json\/wp\/v2\/tags?post=102823"}],"curies":[{"name":"wp","href":"https:\/\/api.w.org\/{rel}","templated":true}]}}