{"id":102820,"date":"2026-07-17T18:59:12","date_gmt":"2026-07-17T18:59:12","guid":{"rendered":"https:\/\/www.shqiperia.com\/blog\/?p=102820"},"modified":"2026-07-17T18:59:12","modified_gmt":"2026-07-17T18:59:12","slug":"shqiperia-nder-me-te-prekurat-ne-europe-nga-renia-e-lindjeve-dhe-popullsise","status":"publish","type":"post","link":"https:\/\/www.shqiperia.com\/blog\/shqiperia-nder-me-te-prekurat-ne-europe-nga-renia-e-lindjeve-dhe-popullsise\/","title":{"rendered":"Shqip\u00ebria, nd\u00ebr m\u00eb t\u00eb prekurat n\u00eb Europ\u00eb nga r\u00ebnia e lindjeve dhe popullsis\u00eb"},"content":{"rendered":"<p><img data-recalc-dims=\"1\" loading=\"lazy\" decoding=\"async\" data-attachment-id=\"102821\" data-permalink=\"https:\/\/www.shqiperia.com\/blog\/shqiperia-nder-me-te-prekurat-ne-europe-nga-renia-e-lindjeve-dhe-popullsise\/screenshot_8-1\/\" data-orig-file=\"https:\/\/i0.wp.com\/www.shqiperia.com\/blog\/wp-content\/uploads\/2026\/07\/Screenshot_8-1.jpeg?fit=870%2C585&amp;ssl=1\" data-orig-size=\"870,585\" data-comments-opened=\"1\" data-image-meta=\"{&quot;aperture&quot;:&quot;0&quot;,&quot;credit&quot;:&quot;&quot;,&quot;camera&quot;:&quot;&quot;,&quot;caption&quot;:&quot;&quot;,&quot;created_timestamp&quot;:&quot;0&quot;,&quot;copyright&quot;:&quot;&quot;,&quot;focal_length&quot;:&quot;0&quot;,&quot;iso&quot;:&quot;0&quot;,&quot;shutter_speed&quot;:&quot;0&quot;,&quot;title&quot;:&quot;&quot;,&quot;orientation&quot;:&quot;0&quot;}\" data-image-title=\"Screenshot_8-1\" data-image-description=\"\" data-image-caption=\"\" data-medium-file=\"https:\/\/i0.wp.com\/www.shqiperia.com\/blog\/wp-content\/uploads\/2026\/07\/Screenshot_8-1.jpeg?fit=300%2C202&amp;ssl=1\" data-large-file=\"https:\/\/i0.wp.com\/www.shqiperia.com\/blog\/wp-content\/uploads\/2026\/07\/Screenshot_8-1.jpeg?fit=870%2C585&amp;ssl=1\" class=\"alignnone  wp-image-102821\" alt=\"\" src=\"https:\/\/i0.wp.com\/www.shqiperia.com\/blog\/wp-content\/uploads\/2026\/07\/Screenshot_8-1.jpeg?resize=610%2C411&#038;ssl=1\" width=\"610\" height=\"411\" srcset=\"https:\/\/i0.wp.com\/www.shqiperia.com\/blog\/wp-content\/uploads\/2026\/07\/Screenshot_8-1.jpeg?resize=300%2C202&amp;ssl=1 300w, https:\/\/i0.wp.com\/www.shqiperia.com\/blog\/wp-content\/uploads\/2026\/07\/Screenshot_8-1.jpeg?resize=768%2C516&amp;ssl=1 768w, https:\/\/i0.wp.com\/www.shqiperia.com\/blog\/wp-content\/uploads\/2026\/07\/Screenshot_8-1.jpeg?resize=450%2C303&amp;ssl=1 450w, https:\/\/i0.wp.com\/www.shqiperia.com\/blog\/wp-content\/uploads\/2026\/07\/Screenshot_8-1.jpeg?resize=600%2C403&amp;ssl=1 600w, https:\/\/i0.wp.com\/www.shqiperia.com\/blog\/wp-content\/uploads\/2026\/07\/Screenshot_8-1.jpeg?resize=400%2C269&amp;ssl=1 400w, https:\/\/i0.wp.com\/www.shqiperia.com\/blog\/wp-content\/uploads\/2026\/07\/Screenshot_8-1.jpeg?w=870&amp;ssl=1 870w\" sizes=\"auto, (max-width: 610px) 100vw, 610px\" \/><\/p>\n<p>17 Korrik 2026<\/p>\n<p>Shqip\u00ebria renditet nd\u00ebr vendet europiane m\u00eb t\u00eb prekura nga kriza demografike, ku r\u00ebnia e lindshm\u00ebris\u00eb dhe emigrimi i popullsis\u00eb n\u00eb mosh\u00eb riprodhuese po krijojn\u00eb pasoja afatgjata p\u00ebr t\u00eb ardhmen e vendit.<\/p>\n<p>Sipas Raportit Bot\u00ebror t\u00eb Migracionit 2026, vendi yn\u00eb p\u00ebrfshihet n\u00eb grupin e shteteve ku largimi i t\u00eb rinjve po ndikon drejtp\u00ebrdrejt n\u00eb uljen e numrit t\u00eb lindjeve t\u00eb mundshme.<\/p>\n<p>Raporti evidenton se, nd\u00ebrsa Europa ka par\u00eb nj\u00eb r\u00ebnie t\u00eb numrit t\u00eb qytetar\u00ebve t\u00eb saj q\u00eb jetojn\u00eb jasht\u00eb vendit, nga rreth 20 milion\u00eb n\u00eb vitin 1990 n\u00eb 16 milion\u00eb n\u00eb vitin 2024, Shqip\u00ebria ka ndjekur nj\u00eb drejtim t\u00eb kund\u00ebrt, me nj\u00eb rritje t\u00eb ndjeshme t\u00eb numrit t\u00eb qytetar\u00ebve q\u00eb jetojn\u00eb jasht\u00eb kufijve.<\/p>\n<p>Shqip\u00ebria klasifikohet nd\u00ebr vendet me norm\u00eb lindshm\u00ebrie n\u00ebn nivelin e z\u00ebvend\u00ebsimit t\u00eb brezave. Emigrimi i t\u00eb rinjve n\u00eb mosh\u00eb riprodhuese e thellon k\u00ebt\u00eb problem, pasi redukton numrin e familjeve q\u00eb mund t\u00eb kontribuojn\u00eb n\u00eb rritjen natyrore t\u00eb popullsis\u00eb.<\/p>\n<p>Sipas analiz\u00ebs s\u00eb t\u00eb dh\u00ebnave p\u00ebr periudh\u00ebn 2005-2024, vende si Luksemburgu, Malta dhe Irlanda kan\u00eb sh\u00ebnuar rritje t\u00eb popullsis\u00eb, nd\u00ebrsa shum\u00eb shtete t\u00eb Europ\u00ebs Lindore dhe Ballkanit, p\u00ebrfshir\u00eb Shqip\u00ebrin\u00eb, kan\u00eb p\u00ebrjetuar r\u00ebnie t\u00eb ndjeshme.<\/p>\n<p>Raporti thekson se, nd\u00ebrsa vende si Gjermania dhe Italia po p\u00ebrpiqen t\u00eb zbusin tkurrjen demografike p\u00ebrmes imigracionit, vendet e Ballkanit Per\u00ebndimor po p\u00ebrballen me humbje t\u00eb vazhdueshme t\u00eb fuqis\u00eb s\u00eb re pun\u00ebtore.<\/p>\n<p>P\u00ebr Shqip\u00ebrin\u00eb, sfida kryesore mbetet frenimi i largimit t\u00eb t\u00eb rinjve dhe krijimi i kushteve q\u00eb t\u00eb ruhet kapitali njer\u00ebzor, n\u00eb nj\u00eb koh\u00eb kur plakja e popullsis\u00eb po p\u00ebrshpejtohet.<\/p>\n","protected":false},"excerpt":{"rendered":"<p>17 Korrik 2026 Shqip\u00ebria renditet nd\u00ebr vendet europiane m\u00eb t\u00eb prekura nga kriza demografike, ku r\u00ebnia e lindshm\u00ebris\u00eb dhe emigrimi i popullsis\u00eb n\u00eb mosh\u00eb riprodhuese po krijojn\u00eb pasoja afatgjata p\u00ebr t\u00eb ardhmen e vendit. Sipas Raportit Bot\u00ebror t\u00eb Migracionit 2026, vendi yn\u00eb p\u00ebrfshihet n\u00eb grupin e shteteve ku largimi i t\u00eb rinjve po ndikon drejtp\u00ebrdrejt [&hellip;]<\/p>\n","protected":false},"author":9,"featured_media":102821,"comment_status":"open","ping_status":"open","sticky":false,"template":"","format":"standard","meta":{"jetpack_post_was_ever_published":false,"_jetpack_newsletter_access":"","_jetpack_dont_email_post_to_subs":false,"_jetpack_newsletter_tier_id":0,"_jetpack_memberships_contains_paywalled_content":false,"_jetpack_memberships_contains_paid_content":false,"footnotes":"","jetpack_publicize_message":"","jetpack_publicize_feature_enabled":true,"jetpack_social_post_already_shared":true,"jetpack_social_options":{"image_generator_settings":{"template":"highway","default_image_id":0,"font":"","enabled":false},"version":2}},"categories":[27,1,2,35],"tags":[],"class_list":["post-102820","post","type-post","status-publish","format-standard","has-post-thumbnail","hentry","category-blogu-i-udhetarit","category-njoftime-shtypi","category-politika","category-shoqerore"],"jetpack_publicize_connections":[],"jetpack_featured_media_url":"https:\/\/i0.wp.com\/www.shqiperia.com\/blog\/wp-content\/uploads\/2026\/07\/Screenshot_8-1.jpeg?fit=870%2C585&ssl=1","jetpack_sharing_enabled":true,"jetpack_shortlink":"https:\/\/wp.me\/p5Z6wp-qKo","jetpack-related-posts":[{"id":102627,"url":"https:\/\/www.shqiperia.com\/blog\/shqiperia-humbi-gati-nje-te-katerten-e-popullsise-ne-25-vjet-renia-me-e-larte-ne-europe\/","url_meta":{"origin":102820,"position":0},"title":"Shqip\u00ebria humbi gati nj\u00eb t\u00eb kat\u00ebrt\u00ebn e popullsis\u00eb n\u00eb 25 vjet, r\u00ebnia m\u00eb e lart\u00eb n\u00eb Europ\u00eb","author":"Kurt Farka","date":"July 13, 2026","format":false,"excerpt":"13 Korrik 2926 Shqip\u00ebria ka humbur gati nj\u00eb t\u00eb kat\u00ebrt\u00ebn e popullsis\u00eb q\u00eb nga fillimi i viteve 2000, duke sh\u00ebnuar tkurrjen m\u00eb t\u00eb fort\u00eb mes vendeve europiane. Sipas t\u00eb dh\u00ebnave t\u00eb Eurostat, m\u00eb 1 janar 2026 Shqip\u00ebria num\u00ebronte rreth 2.34 milion\u00eb banor\u00eb, nga 3.06 milion\u00eb n\u00eb vitin 2000 (Eurostat raporton\u2026","rel":"","context":"In &quot;Blogu i Udh\u00ebtarit&quot;","block_context":{"text":"Blogu i Udh\u00ebtarit","link":"https:\/\/www.shqiperia.com\/blog\/category\/blogu-i-udhetarit\/"},"img":{"alt_text":"","src":"https:\/\/i0.wp.com\/www.shqiperia.com\/blog\/wp-content\/uploads\/2026\/07\/800-0-capture-54-6a54ad600c482-1.jpg?fit=800%2C441&ssl=1&resize=350%2C200","width":350,"height":200,"srcset":"https:\/\/i0.wp.com\/www.shqiperia.com\/blog\/wp-content\/uploads\/2026\/07\/800-0-capture-54-6a54ad600c482-1.jpg?fit=800%2C441&ssl=1&resize=350%2C200 1x, https:\/\/i0.wp.com\/www.shqiperia.com\/blog\/wp-content\/uploads\/2026\/07\/800-0-capture-54-6a54ad600c482-1.jpg?fit=800%2C441&ssl=1&resize=525%2C300 1.5x, https:\/\/i0.wp.com\/www.shqiperia.com\/blog\/wp-content\/uploads\/2026\/07\/800-0-capture-54-6a54ad600c482-1.jpg?fit=800%2C441&ssl=1&resize=700%2C400 2x"},"classes":[]},{"id":102593,"url":"https:\/\/www.shqiperia.com\/blog\/instat-shqiperia-humbi-gati-nje-te-katerten-e-popullsise-ne-25-vjet-humbjet-me-e-larte-ne-europe\/","url_meta":{"origin":102820,"position":1},"title":"INSTAT: Shqip\u00ebria humbi gati nj\u00eb t\u00eb kat\u00ebrt\u00ebn e popullsis\u00eb n\u00eb 25 vjet, humbjet m\u00eb e lart\u00eb n\u00eb Europ\u00eb","author":"Kurt Farka","date":"July 13, 2026","format":false,"excerpt":"13 Korrik 2026 Shqip\u00ebria ka humbur gati nj\u00eb t\u00eb kat\u00ebrt\u00ebn e popullsis\u00eb q\u00eb nga fillimi i viteve 2000, duke sh\u00ebnuar tkurrjen m\u00eb t\u00eb fort\u00eb mes vendeve europiane. Sipas t\u00eb dh\u00ebnave t\u00eb Eurostat, m\u00eb 1 janar 2026 Shqip\u00ebria num\u00ebronte rreth 2.34 milion\u00eb banor\u00eb, nga 3.06 milion\u00eb n\u00eb vitin 2000 (Eurostat raporton\u2026","rel":"","context":"In &quot;Blogu i Udh\u00ebtarit&quot;","block_context":{"text":"Blogu i Udh\u00ebtarit","link":"https:\/\/www.shqiperia.com\/blog\/category\/blogu-i-udhetarit\/"},"img":{"alt_text":"","src":"https:\/\/i0.wp.com\/www.shqiperia.com\/blog\/wp-content\/uploads\/2026\/07\/turizem-njerez-popullsi-sheshi-skenderbej.webp?fit=1181%2C788&ssl=1&resize=350%2C200","width":350,"height":200,"srcset":"https:\/\/i0.wp.com\/www.shqiperia.com\/blog\/wp-content\/uploads\/2026\/07\/turizem-njerez-popullsi-sheshi-skenderbej.webp?fit=1181%2C788&ssl=1&resize=350%2C200 1x, https:\/\/i0.wp.com\/www.shqiperia.com\/blog\/wp-content\/uploads\/2026\/07\/turizem-njerez-popullsi-sheshi-skenderbej.webp?fit=1181%2C788&ssl=1&resize=525%2C300 1.5x, https:\/\/i0.wp.com\/www.shqiperia.com\/blog\/wp-content\/uploads\/2026\/07\/turizem-njerez-popullsi-sheshi-skenderbej.webp?fit=1181%2C788&ssl=1&resize=700%2C400 2x, https:\/\/i0.wp.com\/www.shqiperia.com\/blog\/wp-content\/uploads\/2026\/07\/turizem-njerez-popullsi-sheshi-skenderbej.webp?fit=1181%2C788&ssl=1&resize=1050%2C600 3x"},"classes":[]},{"id":100339,"url":"https:\/\/www.shqiperia.com\/blog\/cfare-ndodh-kur-vdekjet-tejkalojne-lindjet\/","url_meta":{"origin":102820,"position":2},"title":"\u00c7far\u00eb ndodh kur vdekjet tejkalojn\u00eb lindjet?","author":"Kurt Farka","date":"May 16, 2026","format":false,"excerpt":"16 Maji 2026 N\u00eb Japoni, tashm\u00eb ka kompani q\u00eb specializohen n\u00eb pastrimin e apartamenteve t\u00eb t\u00eb moshuarve q\u00eb kan\u00eb vdekur vet\u00ebm dhe jan\u00eb zbuluar jav\u00eb apo muaj m\u00eb von\u00eb, nd\u00ebrsa shitjet e pelenave p\u00ebr t\u00eb rritur kan\u00eb tejkaluar shitjet e pelenave p\u00ebr f\u00ebmij\u00eb p\u00ebr m\u00eb shum\u00eb se nj\u00eb dekad\u00eb. N\u00eb\u2026","rel":"","context":"In &quot;Njoftime Shtypi&quot;","block_context":{"text":"Njoftime Shtypi","link":"https:\/\/www.shqiperia.com\/blog\/category\/njoftime-shtypi\/"},"img":{"alt_text":"","src":"https:\/\/i0.wp.com\/www.shqiperia.com\/blog\/wp-content\/uploads\/2026\/05\/Screenshot-2026-05-02-192700-1024x573-1.jpg?fit=1024%2C573&ssl=1&resize=350%2C200","width":350,"height":200,"srcset":"https:\/\/i0.wp.com\/www.shqiperia.com\/blog\/wp-content\/uploads\/2026\/05\/Screenshot-2026-05-02-192700-1024x573-1.jpg?fit=1024%2C573&ssl=1&resize=350%2C200 1x, https:\/\/i0.wp.com\/www.shqiperia.com\/blog\/wp-content\/uploads\/2026\/05\/Screenshot-2026-05-02-192700-1024x573-1.jpg?fit=1024%2C573&ssl=1&resize=525%2C300 1.5x, https:\/\/i0.wp.com\/www.shqiperia.com\/blog\/wp-content\/uploads\/2026\/05\/Screenshot-2026-05-02-192700-1024x573-1.jpg?fit=1024%2C573&ssl=1&resize=700%2C400 2x"},"classes":[]},{"id":105081,"url":"https:\/\/www.shqiperia.com\/blog\/shqiperia-po-mbushet-me-punetore-te-huaj-india-dhe-filipinet-kryesojne-rritjen\/","url_meta":{"origin":102820,"position":3},"title":"Shqip\u00ebria po mbushet me pun\u00ebtor\u00eb t\u00eb huaj, India dhe Filipinet kryesojn\u00eb rritjen","author":"Kurt Farka","date":"August 24, 2026","format":false,"excerpt":"24 Gusht 2026 Shqip\u00ebria po shnd\u00ebrrohet gjithnj\u00eb e m\u00eb shum\u00eb nga nj\u00eb vend q\u00eb eksporton fuqi pun\u00ebtore, n\u00eb nj\u00eb treg q\u00eb po t\u00ebrheq punonj\u00ebs nga jasht\u00eb. T\u00eb dh\u00ebnat m\u00eb t\u00eb fundit t\u00eb INSTAT tregojn\u00eb nj\u00eb rritje t\u00eb fort\u00eb t\u00eb numrit t\u00eb t\u00eb huajve q\u00eb jetojn\u00eb ligj\u00ebrisht n\u00eb vend, ku pun\u00ebsimi\u2026","rel":"","context":"In &quot;Blogu i Udh\u00ebtarit&quot;","block_context":{"text":"Blogu i Udh\u00ebtarit","link":"https:\/\/www.shqiperia.com\/blog\/category\/blogu-i-udhetarit\/"},"img":{"alt_text":"","src":"https:\/\/i0.wp.com\/www.shqiperia.com\/blog\/wp-content\/uploads\/2026\/08\/IMG_8507.jpeg?fit=754%2C407&ssl=1&resize=350%2C200","width":350,"height":200,"srcset":"https:\/\/i0.wp.com\/www.shqiperia.com\/blog\/wp-content\/uploads\/2026\/08\/IMG_8507.jpeg?fit=754%2C407&ssl=1&resize=350%2C200 1x, https:\/\/i0.wp.com\/www.shqiperia.com\/blog\/wp-content\/uploads\/2026\/08\/IMG_8507.jpeg?fit=754%2C407&ssl=1&resize=525%2C300 1.5x, https:\/\/i0.wp.com\/www.shqiperia.com\/blog\/wp-content\/uploads\/2026\/08\/IMG_8507.jpeg?fit=754%2C407&ssl=1&resize=700%2C400 2x"},"classes":[]},{"id":103940,"url":"https:\/\/www.shqiperia.com\/blog\/miliona-per-fasada-deshtim-me-kanalizimet-shqiperia-ne-fund-te-europes\/","url_meta":{"origin":102820,"position":4},"title":"Miliona p\u00ebr fasada, d\u00ebshtim me kanalizimet, Shqip\u00ebria n\u00eb fund t\u00eb Europ\u00ebs","author":"Kurt Farka","date":"August 7, 2026","format":false,"excerpt":"7 Gusht 2026 Shqip\u00ebria ka nj\u00eb nga nivelet m\u00eb t\u00eb ul\u00ebta n\u00eb Europ\u00eb p\u00ebr lidhjen e popullsis\u00eb me sistemet e trajtimit t\u00eb uj\u00ebrave t\u00eb ndotura. N\u00eb vitin 2024, vet\u00ebm 12.6% e popullsis\u00eb rezultonte e lidhur me impiante q\u00eb ofrojn\u00eb t\u00eb pakt\u00ebn trajtim dyt\u00ebsor t\u00eb uj\u00ebrave t\u00eb ndotura, sipas t\u00eb dh\u00ebnave\u2026","rel":"","context":"In &quot;Blogu i Udh\u00ebtarit&quot;","block_context":{"text":"Blogu i Udh\u00ebtarit","link":"https:\/\/www.shqiperia.com\/blog\/category\/blogu-i-udhetarit\/"},"img":{"alt_text":"","src":"https:\/\/i0.wp.com\/www.shqiperia.com\/blog\/wp-content\/uploads\/2026\/08\/800-0-262f71bb-6046-40a2-b05b-bfc47f349664-6a757b9f26058.png?fit=800%2C534&ssl=1&resize=350%2C200","width":350,"height":200,"srcset":"https:\/\/i0.wp.com\/www.shqiperia.com\/blog\/wp-content\/uploads\/2026\/08\/800-0-262f71bb-6046-40a2-b05b-bfc47f349664-6a757b9f26058.png?fit=800%2C534&ssl=1&resize=350%2C200 1x, https:\/\/i0.wp.com\/www.shqiperia.com\/blog\/wp-content\/uploads\/2026\/08\/800-0-262f71bb-6046-40a2-b05b-bfc47f349664-6a757b9f26058.png?fit=800%2C534&ssl=1&resize=525%2C300 1.5x, https:\/\/i0.wp.com\/www.shqiperia.com\/blog\/wp-content\/uploads\/2026\/08\/800-0-262f71bb-6046-40a2-b05b-bfc47f349664-6a757b9f26058.png?fit=800%2C534&ssl=1&resize=700%2C400 2x"},"classes":[]},{"id":100948,"url":"https:\/\/www.shqiperia.com\/blog\/shtohet-varesia-nga-produktet-e-huaja-rriten-me-16-importet-e-ushqimeve-ne-janar-prill\/","url_meta":{"origin":102820,"position":5},"title":"Shtohet var\u00ebsia nga produktet e huaja, rriten me 16% importet e ushqimeve n\u00eb janar-prill","author":"Kurt Farka","date":"June 2, 2026","format":false,"excerpt":"2 Qershor 2026 Artikujt ushqimore p\u00ebsuan rritje t\u00eb ndjeshme t\u00eb importeve p\u00ebr 4-mujorin e par\u00eb t\u00eb vitit 2026, duke p\u00ebrfshir\u00eb edhe ato mallra q\u00eb Shqip\u00ebria ka t\u00eb gjitha kapacitetet dhe kushtet klimatike t\u2019i prodhoj\u00eb vet\u00eb. Sipas dh\u00ebnave zyrtare nga INSTAT sasia e p\u00ebrgjithshme e importeve t\u00eb ushqimeve sh\u00ebnoi rritje me\u2026","rel":"","context":"In &quot;Blogu i Udh\u00ebtarit&quot;","block_context":{"text":"Blogu i Udh\u00ebtarit","link":"https:\/\/www.shqiperia.com\/blog\/category\/blogu-i-udhetarit\/"},"img":{"alt_text":"","src":"https:\/\/i0.wp.com\/www.shqiperia.com\/blog\/wp-content\/uploads\/2026\/06\/IMPORTI-I-USHQIMEVE-1.jpg?fit=653%2C415&ssl=1&resize=350%2C200","width":350,"height":200,"srcset":"https:\/\/i0.wp.com\/www.shqiperia.com\/blog\/wp-content\/uploads\/2026\/06\/IMPORTI-I-USHQIMEVE-1.jpg?fit=653%2C415&ssl=1&resize=350%2C200 1x, https:\/\/i0.wp.com\/www.shqiperia.com\/blog\/wp-content\/uploads\/2026\/06\/IMPORTI-I-USHQIMEVE-1.jpg?fit=653%2C415&ssl=1&resize=525%2C300 1.5x"},"classes":[]}],"_links":{"self":[{"href":"https:\/\/www.shqiperia.com\/blog\/wp-json\/wp\/v2\/posts\/102820","targetHints":{"allow":["GET"]}}],"collection":[{"href":"https:\/\/www.shqiperia.com\/blog\/wp-json\/wp\/v2\/posts"}],"about":[{"href":"https:\/\/www.shqiperia.com\/blog\/wp-json\/wp\/v2\/types\/post"}],"author":[{"embeddable":true,"href":"https:\/\/www.shqiperia.com\/blog\/wp-json\/wp\/v2\/users\/9"}],"replies":[{"embeddable":true,"href":"https:\/\/www.shqiperia.com\/blog\/wp-json\/wp\/v2\/comments?post=102820"}],"version-history":[{"count":1,"href":"https:\/\/www.shqiperia.com\/blog\/wp-json\/wp\/v2\/posts\/102820\/revisions"}],"predecessor-version":[{"id":102822,"href":"https:\/\/www.shqiperia.com\/blog\/wp-json\/wp\/v2\/posts\/102820\/revisions\/102822"}],"wp:featuredmedia":[{"embeddable":true,"href":"https:\/\/www.shqiperia.com\/blog\/wp-json\/wp\/v2\/media\/102821"}],"wp:attachment":[{"href":"https:\/\/www.shqiperia.com\/blog\/wp-json\/wp\/v2\/media?parent=102820"}],"wp:term":[{"taxonomy":"category","embeddable":true,"href":"https:\/\/www.shqiperia.com\/blog\/wp-json\/wp\/v2\/categories?post=102820"},{"taxonomy":"post_tag","embeddable":true,"href":"https:\/\/www.shqiperia.com\/blog\/wp-json\/wp\/v2\/tags?post=102820"}],"curies":[{"name":"wp","href":"https:\/\/api.w.org\/{rel}","templated":true}]}}