{"id":102817,"date":"2026-07-17T18:56:25","date_gmt":"2026-07-17T18:56:25","guid":{"rendered":"https:\/\/www.shqiperia.com\/blog\/?p=102817"},"modified":"2026-07-17T18:56:25","modified_gmt":"2026-07-17T18:56:25","slug":"rama-ne-fillim-e-perbuzi-protesten-tani-e-konsideron-opozite-te-rrezikshme-kikia-protesta-shte-kthyer-ne-institucion","status":"publish","type":"post","link":"https:\/\/www.shqiperia.com\/blog\/rama-ne-fillim-e-perbuzi-protesten-tani-e-konsideron-opozite-te-rrezikshme-kikia-protesta-shte-kthyer-ne-institucion\/","title":{"rendered":"\u2018Rama n\u00eb fillim e p\u00ebrbuzi protest\u00ebn, tani e konsideron opozit\u00eb t\u00eb rrezikshme\u2019, Kikia: &#8211; Protesta sht\u00eb kthyer n\u00eb institucion\u2026"},"content":{"rendered":"<p><img data-recalc-dims=\"1\" loading=\"lazy\" decoding=\"async\" data-attachment-id=\"102818\" data-permalink=\"https:\/\/www.shqiperia.com\/blog\/rama-ne-fillim-e-perbuzi-protesten-tani-e-konsideron-opozite-te-rrezikshme-kikia-protesta-shte-kthyer-ne-institucion\/edi-rama-166\/\" data-orig-file=\"https:\/\/i0.wp.com\/www.shqiperia.com\/blog\/wp-content\/uploads\/2026\/07\/Edi-Rama-1.jpg?fit=526%2C374&amp;ssl=1\" data-orig-size=\"526,374\" data-comments-opened=\"1\" data-image-meta=\"{&quot;aperture&quot;:&quot;0&quot;,&quot;credit&quot;:&quot;&quot;,&quot;camera&quot;:&quot;&quot;,&quot;caption&quot;:&quot;&quot;,&quot;created_timestamp&quot;:&quot;0&quot;,&quot;copyright&quot;:&quot;&quot;,&quot;focal_length&quot;:&quot;0&quot;,&quot;iso&quot;:&quot;0&quot;,&quot;shutter_speed&quot;:&quot;0&quot;,&quot;title&quot;:&quot;&quot;,&quot;orientation&quot;:&quot;0&quot;}\" data-image-title=\"Edi Rama\" data-image-description=\"\" data-image-caption=\"\" data-medium-file=\"https:\/\/i0.wp.com\/www.shqiperia.com\/blog\/wp-content\/uploads\/2026\/07\/Edi-Rama-1.jpg?fit=300%2C213&amp;ssl=1\" data-large-file=\"https:\/\/i0.wp.com\/www.shqiperia.com\/blog\/wp-content\/uploads\/2026\/07\/Edi-Rama-1.jpg?fit=526%2C374&amp;ssl=1\" class=\"alignnone  wp-image-102818\" alt=\"\" src=\"https:\/\/i0.wp.com\/www.shqiperia.com\/blog\/wp-content\/uploads\/2026\/07\/Edi-Rama-1.jpg?resize=559%2C397&#038;ssl=1\" width=\"559\" height=\"397\" srcset=\"https:\/\/i0.wp.com\/www.shqiperia.com\/blog\/wp-content\/uploads\/2026\/07\/Edi-Rama-1.jpg?resize=300%2C213&amp;ssl=1 300w, https:\/\/i0.wp.com\/www.shqiperia.com\/blog\/wp-content\/uploads\/2026\/07\/Edi-Rama-1.jpg?resize=450%2C320&amp;ssl=1 450w, https:\/\/i0.wp.com\/www.shqiperia.com\/blog\/wp-content\/uploads\/2026\/07\/Edi-Rama-1.jpg?resize=400%2C284&amp;ssl=1 400w, https:\/\/i0.wp.com\/www.shqiperia.com\/blog\/wp-content\/uploads\/2026\/07\/Edi-Rama-1.jpg?w=526&amp;ssl=1 526w\" sizes=\"auto, (max-width: 559px) 100vw, 559px\" \/><\/p>\n<p>17 Korrik 2026<\/p>\n<p>Analisti Mentor Kikia, i ftuar n\u00eb nj\u00eb studio televizive deklaroi se k\u00ebrkesa kryesore e protestuesve \u00ebsht\u00eb dor\u00ebheqja e kryeministrit Edi Rama. Ai tha se n\u00ebse Rama n\u00eb fillim e p\u00ebrbuzi tani e konsideron si opozit\u00ebn m\u00eb t\u00eb rrezikshme.<\/p>\n<p>Sipas analistit protesta pati disa arritje dhe nj\u00eb nd\u00ebr to \u00ebst\u00eb bahskimi n\u00eb shesh i forcave opozitare gj\u00eb q\u00eb nuk e arrit\u00ebn n\u00eb zgjedhje.<\/p>\n<p>\u201cK\u00ebrkesa kryesore e protestuesve \u00ebsht\u00eb dor\u00ebheqja e kryeministrit Edi Rama. Protesta ka sjell\u00eb nj\u00eb p\u00ebrmir\u00ebsim t\u00eb jasht\u00ebzakonsh\u00ebm n\u00eb shoq\u00ebri dhe mjedisin politik shqiptar. PD kishte licens\u00ebn e opozitarizmit ku I duheshin 3 jav\u00eb p\u00ebr t\u00eb p\u00ebrgatitur nj\u00eb protest\u00eb q\u00eb ishin me molotov\u00eb dhe agresive, tani protestat jan\u00eb pa molotov.<\/p>\n<p>Edhe pse protesta \u00ebsht\u00eb e mpakur n\u00eb pjes\u00ebmarrje tani \u00ebsht\u00eb nj\u00eb institucion sepse nuk themi qytetar\u00ebt q\u00eb dalin n\u00eb protest\u00eb, por protesta, \u00ebht\u00eb aktor i r\u00ebnd\u00ebsish\u00ebm i politk\u00ebs. B\u00ebri disa gj\u00ebra q\u00eb s\u2019kan\u00eb ndodhur m\u00eb her\u00ebt: I hoqi ekskluzivitetin e protestave PD, baskoi PD, L\u00ebvizja Bashk\u00eb, Shqip\u00ebria B\u00ebhet q\u00eb nuk mund\u00ebn t\u00eb bashkoheshin as n\u00eb zgjedhje. Aty \u00ebsht\u00eb PD dhe mb\u00ebshtet\u00ebsit, Adriatik Lapaj, Agron Shehaj, Arlind Qori.<\/p>\n<p>Protesta \u00ebsht\u00eb nj\u00eb mejdan ku secili jep kontribute dhe merr p\u00ebrfitime. Ka ndryshuar rr\u00ebnj\u00ebsisht m\u00ebnyra e t\u00eb b\u00ebrit politik\u00eb, nuk ka m\u00eb p\u00ebrplasje fizike dhe nuk ka nevoj\u00eb p\u00ebr nj\u00eb shishe molotovi. Ka vet\u00ebm banera denoncues dhe akuzues. N\u00eb fillim mazhoranca e p\u00ebrbuzi tani e konsideron si opozit\u00ebn m\u00eb t\u00eb rrezikshme dhe t\u00eb r\u00ebnd\u00ebsishme\u201d, tha ai.<\/p>\n","protected":false},"excerpt":{"rendered":"<p>17 Korrik 2026 Analisti Mentor Kikia, i ftuar n\u00eb nj\u00eb studio televizive deklaroi se k\u00ebrkesa kryesore e protestuesve \u00ebsht\u00eb dor\u00ebheqja e kryeministrit Edi Rama. Ai tha se n\u00ebse Rama n\u00eb fillim e p\u00ebrbuzi tani e konsideron si opozit\u00ebn m\u00eb t\u00eb rrezikshme. Sipas analistit protesta pati disa arritje dhe nj\u00eb nd\u00ebr to \u00ebst\u00eb bahskimi n\u00eb shesh [&hellip;]<\/p>\n","protected":false},"author":9,"featured_media":102818,"comment_status":"open","ping_status":"open","sticky":false,"template":"","format":"standard","meta":{"jetpack_post_was_ever_published":false,"_jetpack_newsletter_access":"","_jetpack_dont_email_post_to_subs":false,"_jetpack_newsletter_tier_id":0,"_jetpack_memberships_contains_paywalled_content":false,"_jetpack_memberships_contains_paid_content":false,"footnotes":"","jetpack_publicize_message":"","jetpack_publicize_feature_enabled":true,"jetpack_social_post_already_shared":true,"jetpack_social_options":{"image_generator_settings":{"template":"highway","default_image_id":0,"font":"","enabled":false},"version":2}},"categories":[27,1,2,35],"tags":[],"class_list":["post-102817","post","type-post","status-publish","format-standard","has-post-thumbnail","hentry","category-blogu-i-udhetarit","category-njoftime-shtypi","category-politika","category-shoqerore"],"jetpack_publicize_connections":[],"jetpack_featured_media_url":"https:\/\/i0.wp.com\/www.shqiperia.com\/blog\/wp-content\/uploads\/2026\/07\/Edi-Rama-1.jpg?fit=526%2C374&ssl=1","jetpack_sharing_enabled":true,"jetpack_shortlink":"https:\/\/wp.me\/p5Z6wp-qKl","jetpack-related-posts":[{"id":104759,"url":"https:\/\/www.shqiperia.com\/blog\/nderkombetaret-po-vezhgojne-protesten-te-mos-kemi-me-dhune-policore-dhe-presion\/","url_meta":{"origin":102817,"position":0},"title":"Nd\u00ebrkomb\u00ebtar\u00ebt po v\u00ebzhgojn\u00eb Protest\u00ebn: &#8211; T\u00eb mos kemi m\u00eb dhun\u00eb policore dhe presion!","author":"Kurt Farka","date":"August 19, 2026","format":false,"excerpt":"19 Gusht 2026 Protesta kund\u00ebr kryeministrit Edi Rama ka hyr\u00eb n\u00eb dit\u00ebn e 81-t\u00eb, nd\u00ebrsa pjes\u00ebmarr\u00ebsit deklarojn\u00eb se do t\u00eb vijojn\u00eb q\u00ebndrimin e tyre n\u00eb shesh deri n\u00eb dor\u00ebheqjen e kreut t\u00eb qeveris\u00eb. Gjat\u00eb protest\u00ebs, nj\u00eb prej qytetar\u00ebve b\u00ebri t\u00eb ditur se grupi koordinues i l\u00ebvizjes, s\u00eb bashku me protestues\u2026","rel":"","context":"In &quot;Blogu i Udh\u00ebtarit&quot;","block_context":{"text":"Blogu i Udh\u00ebtarit","link":"https:\/\/www.shqiperia.com\/blog\/category\/blogu-i-udhetarit\/"},"img":{"alt_text":"","src":"https:\/\/i0.wp.com\/www.shqiperia.com\/blog\/wp-content\/uploads\/2026\/08\/nn-770x343-6a85f989cc28a.jpg?fit=770%2C343&ssl=1&resize=350%2C200","width":350,"height":200,"srcset":"https:\/\/i0.wp.com\/www.shqiperia.com\/blog\/wp-content\/uploads\/2026\/08\/nn-770x343-6a85f989cc28a.jpg?fit=770%2C343&ssl=1&resize=350%2C200 1x, https:\/\/i0.wp.com\/www.shqiperia.com\/blog\/wp-content\/uploads\/2026\/08\/nn-770x343-6a85f989cc28a.jpg?fit=770%2C343&ssl=1&resize=525%2C300 1.5x, https:\/\/i0.wp.com\/www.shqiperia.com\/blog\/wp-content\/uploads\/2026\/08\/nn-770x343-6a85f989cc28a.jpg?fit=770%2C343&ssl=1&resize=700%2C400 2x"},"classes":[]},{"id":104105,"url":"https:\/\/www.shqiperia.com\/blog\/71-dite-revolte-kombetare-kunder-kastes-politike-qytetaret-te-vendosur-deri-ne-realizimin-e-objektivave\/","url_meta":{"origin":102817,"position":1},"title":"71 dit\u00eb revolt\u00eb komb\u00ebtare kund\u00ebr Kast\u00ebs politike, qytetar\u00ebt t\u00eb vendosur deri n\u00eb realizimin e objektivave","author":"Kurt Farka","date":"August 10, 2026","format":false,"excerpt":"10 Gusht 2026 Protesta qytetare kund\u00ebr qeveris\u00eb dhe klas\u00ebs politike do t\u00eb vijoj\u00eb edhe sot, duke hyr\u00eb n\u00eb dit\u00ebn e 71-t\u00eb. Qytetar\u00ebt edhe k\u00ebt\u00eb t\u00eb die; pritet t\u00eb mblidhen n\u00eb sheshin \u201cSk\u00ebnderbej\u201d, nga ku do t\u00eb marshojn\u00eb drejt Kryeministris\u00eb. K\u00ebrkesa kryesore e protestuesve mbetet dor\u00ebheqja e kryeministrit Edi Rama. Protesta,\u2026","rel":"","context":"In &quot;Blogu i Udh\u00ebtarit&quot;","block_context":{"text":"Blogu i Udh\u00ebtarit","link":"https:\/\/www.shqiperia.com\/blog\/category\/blogu-i-udhetarit\/"},"img":{"alt_text":"","src":"https:\/\/i0.wp.com\/www.shqiperia.com\/blog\/wp-content\/uploads\/2026\/08\/auto_Protesta-foto-masive11785863100-1.jpg?fit=900%2C506&ssl=1&resize=350%2C200","width":350,"height":200,"srcset":"https:\/\/i0.wp.com\/www.shqiperia.com\/blog\/wp-content\/uploads\/2026\/08\/auto_Protesta-foto-masive11785863100-1.jpg?fit=900%2C506&ssl=1&resize=350%2C200 1x, https:\/\/i0.wp.com\/www.shqiperia.com\/blog\/wp-content\/uploads\/2026\/08\/auto_Protesta-foto-masive11785863100-1.jpg?fit=900%2C506&ssl=1&resize=525%2C300 1.5x, https:\/\/i0.wp.com\/www.shqiperia.com\/blog\/wp-content\/uploads\/2026\/08\/auto_Protesta-foto-masive11785863100-1.jpg?fit=900%2C506&ssl=1&resize=700%2C400 2x"},"classes":[]},{"id":104915,"url":"https:\/\/www.shqiperia.com\/blog\/protestuesit-riperserisin-kerkesat-kryesore-ne-protesten-e-83-te-nga-doreheqja-e-panegociueshme-e-rames-te-qeveria-teknike\/","url_meta":{"origin":102817,"position":2},"title":"Protestuesit rip\u00ebrs\u00ebrisin k\u00ebrkesat kryesore n\u00eb protest\u00ebn e 83-t\u00eb: &#8211; Nga dor\u00ebheqja e panegociueshme e Ram\u00ebs te qeveria teknike.","author":"Kurt Farka","date":"August 22, 2026","format":false,"excerpt":"22 Gusht 2026 N\u00eb protest\u00ebn e 83 kund\u00ebr kryeministrit Edi Rama, protestuesit kan\u00eb rilistuar edhe nj\u00ebher\u00eb k\u00ebrkesat e tyre. Ata shprehen se k\u00ebrkesa p\u00ebr dor\u00ebheqjen e kryeministrit Edi Rama \u00a0\u00ebsht\u00eb nj\u00eb k\u00ebkes\u00eb e panegociueshme.1-Dor\u00ebheqjen e panegociueshme t\u00eb kryeministrit dhe qeveris\u00eb. -Krijimin e nj\u00eb qeverie teknike dhe tranzitore, jopartiake dhe me\u2026","rel":"","context":"In &quot;Blogu i Udh\u00ebtarit&quot;","block_context":{"text":"Blogu i Udh\u00ebtarit","link":"https:\/\/www.shqiperia.com\/blog\/category\/blogu-i-udhetarit\/"},"img":{"alt_text":"","src":"https:\/\/i0.wp.com\/www.shqiperia.com\/blog\/wp-content\/uploads\/2026\/08\/Protesta-22-Gusht.jpg?fit=1200%2C531&ssl=1&resize=350%2C200","width":350,"height":200,"srcset":"https:\/\/i0.wp.com\/www.shqiperia.com\/blog\/wp-content\/uploads\/2026\/08\/Protesta-22-Gusht.jpg?fit=1200%2C531&ssl=1&resize=350%2C200 1x, https:\/\/i0.wp.com\/www.shqiperia.com\/blog\/wp-content\/uploads\/2026\/08\/Protesta-22-Gusht.jpg?fit=1200%2C531&ssl=1&resize=525%2C300 1.5x, https:\/\/i0.wp.com\/www.shqiperia.com\/blog\/wp-content\/uploads\/2026\/08\/Protesta-22-Gusht.jpg?fit=1200%2C531&ssl=1&resize=700%2C400 2x, https:\/\/i0.wp.com\/www.shqiperia.com\/blog\/wp-content\/uploads\/2026\/08\/Protesta-22-Gusht.jpg?fit=1200%2C531&ssl=1&resize=1050%2C600 3x"},"classes":[]},{"id":101189,"url":"https:\/\/www.shqiperia.com\/blog\/protesta-qytetare-rritet-nga-ora-ne-ore-vlon-sheshi-rama-jep-doreheqjen\/","url_meta":{"origin":102817,"position":3},"title":"Protesta qytetare rritet nga ora n\u00eb or\u00eb\/ \u201cVlon\u201d sheshi: Rama jep dor\u00ebheqjen!","author":"Kurt Farka","date":"June 6, 2026","format":false,"excerpt":"6 Qershor 2026 Ndryshe nga protestat politike, t\u00eb cilat me kalimin e koh\u00ebs humbasin pjes\u00ebmarr\u00ebs dhe besueshm\u00ebri p\u00ebr shkak t\u00eb zhg\u00ebnjimit ndaj lidershipit t\u00eb tyre, protestat qytetare po tregojn\u00eb nj\u00eb dinamik\u00eb krejt tjet\u00ebr. Mb\u00ebshtetja p\u00ebr to sa vjen dhe zgjerohet, nd\u00ebrsa njer\u00ebzit vazhdojn\u00eb t\u2019u bashkohen tubimeve edhe pasi kan\u00eb nisur\u2026","rel":"","context":"In &quot;Blogu i Udh\u00ebtarit&quot;","block_context":{"text":"Blogu i Udh\u00ebtarit","link":"https:\/\/www.shqiperia.com\/blog\/category\/blogu-i-udhetarit\/"},"img":{"alt_text":"","src":"https:\/\/i0.wp.com\/www.shqiperia.com\/blog\/wp-content\/uploads\/2026\/06\/Protesta-6-qershori-2026-958x570-1.jpg?fit=958%2C570&ssl=1&resize=350%2C200","width":350,"height":200,"srcset":"https:\/\/i0.wp.com\/www.shqiperia.com\/blog\/wp-content\/uploads\/2026\/06\/Protesta-6-qershori-2026-958x570-1.jpg?fit=958%2C570&ssl=1&resize=350%2C200 1x, https:\/\/i0.wp.com\/www.shqiperia.com\/blog\/wp-content\/uploads\/2026\/06\/Protesta-6-qershori-2026-958x570-1.jpg?fit=958%2C570&ssl=1&resize=525%2C300 1.5x, https:\/\/i0.wp.com\/www.shqiperia.com\/blog\/wp-content\/uploads\/2026\/06\/Protesta-6-qershori-2026-958x570-1.jpg?fit=958%2C570&ssl=1&resize=700%2C400 2x"},"classes":[]},{"id":104968,"url":"https:\/\/www.shqiperia.com\/blog\/dita-e-84-te-e-protestes-nis-marshimi-drejt-kryeministrise\/","url_meta":{"origin":102817,"position":4},"title":"Dita e 84-t\u00eb e protest\u00ebs\/ Nis marshimi drejt Kryeministris\u00eb","author":"Kurt Farka","date":"August 22, 2026","format":false,"excerpt":"22 Gusht 2026 22 Gusht 2026 Ora 19 e 45. Thirrjet: - Shikoni Sheshi Plot. Pjesmarrja esht\u00eb masive, pasi dhe mbremjet kan\u00eb sjellur nj\u00eb freskim t\u00eb leht\u00eb. Ka nisur marshimi i qytetar\u00ebve n\u00eb kuad\u00ebr t\u00eb dit\u00ebs s\u00eb 84-t\u00eb t\u00eb protest\u00ebs kund\u00ebr qeveris\u00eb s\u00eb Edi Ram\u00ebs. Protestuesit, t\u00eb mbledhur fillimisht n\u00eb\u2026","rel":"","context":"In &quot;Njoftime Shtypi&quot;","block_context":{"text":"Njoftime Shtypi","link":"https:\/\/www.shqiperia.com\/blog\/category\/njoftime-shtypi\/"},"img":{"alt_text":"","src":"https:\/\/i0.wp.com\/www.shqiperia.com\/blog\/wp-content\/uploads\/2026\/08\/marsh.jpg?fit=1165%2C565&ssl=1&resize=350%2C200","width":350,"height":200,"srcset":"https:\/\/i0.wp.com\/www.shqiperia.com\/blog\/wp-content\/uploads\/2026\/08\/marsh.jpg?fit=1165%2C565&ssl=1&resize=350%2C200 1x, https:\/\/i0.wp.com\/www.shqiperia.com\/blog\/wp-content\/uploads\/2026\/08\/marsh.jpg?fit=1165%2C565&ssl=1&resize=525%2C300 1.5x, https:\/\/i0.wp.com\/www.shqiperia.com\/blog\/wp-content\/uploads\/2026\/08\/marsh.jpg?fit=1165%2C565&ssl=1&resize=700%2C400 2x, https:\/\/i0.wp.com\/www.shqiperia.com\/blog\/wp-content\/uploads\/2026\/08\/marsh.jpg?fit=1165%2C565&ssl=1&resize=1050%2C600 3x"},"classes":[]},{"id":103415,"url":"https:\/\/www.shqiperia.com\/blog\/plot-per-2-muaj-pjesemarrje-masive-e-protestuesve-ne-diten-e-60-te-te-revoltes\/","url_meta":{"origin":102817,"position":5},"title":"Plot p\u00ebr 2 muaj, &#8211; Pjes\u00ebmarrje masive e protestuesve n\u00eb dit\u00ebn e 60-t\u00eb t\u00eb revolt\u00ebs","author":"Kurt Farka","date":"July 29, 2026","format":false,"excerpt":"29 Korrik 2026 Protesta antiqeveritare q\u00eb po mbahet sot n\u00eb Tiran\u00eb ka mbushur plot 60-t\u00eb, duke sh\u00ebnuar dy muaj mobilizim t\u00eb pand\u00ebrprer\u00eb n\u00eb rrug\u00ebt e Tiran\u00ebs. Ajo q\u00eb n\u00eb fillim u duk si nj\u00eb revolt\u00eb e kufizuar kund\u00ebr zhvillimeve n\u00eb Zv\u00ebrnec \u00ebsht\u00eb kthyer n\u00eb nj\u00eb l\u00ebvizje t\u00eb p\u00ebrditshme qytetare, e\u2026","rel":"","context":"In &quot;Blogu i Udh\u00ebtarit&quot;","block_context":{"text":"Blogu i Udh\u00ebtarit","link":"https:\/\/www.shqiperia.com\/blog\/category\/blogu-i-udhetarit\/"},"img":{"alt_text":"","src":"https:\/\/i0.wp.com\/www.shqiperia.com\/blog\/wp-content\/uploads\/2026\/07\/protestuesit11-433x300-2.jpg?fit=433%2C300&ssl=1&resize=350%2C200","width":350,"height":200},"classes":[]}],"_links":{"self":[{"href":"https:\/\/www.shqiperia.com\/blog\/wp-json\/wp\/v2\/posts\/102817","targetHints":{"allow":["GET"]}}],"collection":[{"href":"https:\/\/www.shqiperia.com\/blog\/wp-json\/wp\/v2\/posts"}],"about":[{"href":"https:\/\/www.shqiperia.com\/blog\/wp-json\/wp\/v2\/types\/post"}],"author":[{"embeddable":true,"href":"https:\/\/www.shqiperia.com\/blog\/wp-json\/wp\/v2\/users\/9"}],"replies":[{"embeddable":true,"href":"https:\/\/www.shqiperia.com\/blog\/wp-json\/wp\/v2\/comments?post=102817"}],"version-history":[{"count":1,"href":"https:\/\/www.shqiperia.com\/blog\/wp-json\/wp\/v2\/posts\/102817\/revisions"}],"predecessor-version":[{"id":102819,"href":"https:\/\/www.shqiperia.com\/blog\/wp-json\/wp\/v2\/posts\/102817\/revisions\/102819"}],"wp:featuredmedia":[{"embeddable":true,"href":"https:\/\/www.shqiperia.com\/blog\/wp-json\/wp\/v2\/media\/102818"}],"wp:attachment":[{"href":"https:\/\/www.shqiperia.com\/blog\/wp-json\/wp\/v2\/media?parent=102817"}],"wp:term":[{"taxonomy":"category","embeddable":true,"href":"https:\/\/www.shqiperia.com\/blog\/wp-json\/wp\/v2\/categories?post=102817"},{"taxonomy":"post_tag","embeddable":true,"href":"https:\/\/www.shqiperia.com\/blog\/wp-json\/wp\/v2\/tags?post=102817"}],"curies":[{"name":"wp","href":"https:\/\/api.w.org\/{rel}","templated":true}]}}