{"id":102812,"date":"2026-07-17T18:53:00","date_gmt":"2026-07-17T18:53:00","guid":{"rendered":"https:\/\/www.shqiperia.com\/blog\/?p=102812"},"modified":"2026-07-17T18:53:00","modified_gmt":"2026-07-17T18:53:00","slug":"komisioni-europian-tenderet-ppp-te-dhe-tatimet-te-ekspozuara-ndaj-korrupsionit-transparenca-e-kufizuar","status":"publish","type":"post","link":"https:\/\/www.shqiperia.com\/blog\/komisioni-europian-tenderet-ppp-te-dhe-tatimet-te-ekspozuara-ndaj-korrupsionit-transparenca-e-kufizuar\/","title":{"rendered":"Komisioni Europian: Tender\u00ebt, PPP-t\u00eb dhe Tatimet, t\u00eb ekspozuara ndaj korrupsionit . &#8211; Transparenca e kufizuar."},"content":{"rendered":"<p><img data-recalc-dims=\"1\" loading=\"lazy\" decoding=\"async\" data-attachment-id=\"102814\" data-permalink=\"https:\/\/www.shqiperia.com\/blog\/komisioni-europian-tenderet-ppp-te-dhe-tatimet-te-ekspozuara-ndaj-korrupsionit-transparenca-e-kufizuar\/ke-raporti-1140x570-1\/\" data-orig-file=\"https:\/\/i0.wp.com\/www.shqiperia.com\/blog\/wp-content\/uploads\/2026\/07\/ke-raporti-1140x570-1-1.jpeg?fit=997%2C570&amp;ssl=1\" data-orig-size=\"997,570\" data-comments-opened=\"1\" data-image-meta=\"{&quot;aperture&quot;:&quot;0&quot;,&quot;credit&quot;:&quot;&quot;,&quot;camera&quot;:&quot;&quot;,&quot;caption&quot;:&quot;&quot;,&quot;created_timestamp&quot;:&quot;0&quot;,&quot;copyright&quot;:&quot;&quot;,&quot;focal_length&quot;:&quot;0&quot;,&quot;iso&quot;:&quot;0&quot;,&quot;shutter_speed&quot;:&quot;0&quot;,&quot;title&quot;:&quot;&quot;,&quot;orientation&quot;:&quot;0&quot;}\" data-image-title=\"ke-raporti-1140&#215;570 (1)\" data-image-description=\"\" data-image-caption=\"\" data-medium-file=\"https:\/\/i0.wp.com\/www.shqiperia.com\/blog\/wp-content\/uploads\/2026\/07\/ke-raporti-1140x570-1-1.jpeg?fit=300%2C172&amp;ssl=1\" data-large-file=\"https:\/\/i0.wp.com\/www.shqiperia.com\/blog\/wp-content\/uploads\/2026\/07\/ke-raporti-1140x570-1-1.jpeg?fit=997%2C570&amp;ssl=1\" class=\"alignnone  wp-image-102814\" alt=\"\" src=\"https:\/\/i0.wp.com\/www.shqiperia.com\/blog\/wp-content\/uploads\/2026\/07\/ke-raporti-1140x570-1-1.jpeg?resize=680%2C390&#038;ssl=1\" width=\"680\" height=\"390\" srcset=\"https:\/\/i0.wp.com\/www.shqiperia.com\/blog\/wp-content\/uploads\/2026\/07\/ke-raporti-1140x570-1-1.jpeg?resize=300%2C172&amp;ssl=1 300w, https:\/\/i0.wp.com\/www.shqiperia.com\/blog\/wp-content\/uploads\/2026\/07\/ke-raporti-1140x570-1-1.jpeg?resize=768%2C439&amp;ssl=1 768w, https:\/\/i0.wp.com\/www.shqiperia.com\/blog\/wp-content\/uploads\/2026\/07\/ke-raporti-1140x570-1-1.jpeg?resize=450%2C257&amp;ssl=1 450w, https:\/\/i0.wp.com\/www.shqiperia.com\/blog\/wp-content\/uploads\/2026\/07\/ke-raporti-1140x570-1-1.jpeg?resize=600%2C343&amp;ssl=1 600w, https:\/\/i0.wp.com\/www.shqiperia.com\/blog\/wp-content\/uploads\/2026\/07\/ke-raporti-1140x570-1-1.jpeg?resize=400%2C229&amp;ssl=1 400w, https:\/\/i0.wp.com\/www.shqiperia.com\/blog\/wp-content\/uploads\/2026\/07\/ke-raporti-1140x570-1-1.jpeg?w=997&amp;ssl=1 997w\" sizes=\"auto, (max-width: 680px) 100vw, 680px\" \/><\/p>\n<p>17 Korrik 2026<\/p>\n<p>Komisioni Europian ka ngritur shqet\u00ebsime p\u00ebr nivelin e ekspozimit ndaj korrupsionit n\u00eb disa sektor\u00eb ky\u00e7 t\u00eb administrat\u00ebs publike n\u00eb Shqip\u00ebri, duke theksuar se masat parandaluese duhet t\u00eb jen\u00eb m\u00eb t\u00eb fokusuara dhe m\u00eb efektive.<\/p>\n<p>KE &#8211; Raporti<\/p>\n<p>N\u00eb raportin e tij p\u00ebr sundimin e ligjit, KE vler\u00ebson se Shqip\u00ebria ka miratuar nj\u00eb kuad\u00ebr t\u00eb strukturuar p\u00ebr identifikimin dhe vler\u00ebsimin e rreziqeve t\u00eb korrupsionit, por n\u00ebnvizon se disa fusha vijojn\u00eb t\u00eb mbeten ve\u00e7an\u00ebrisht t\u00eb prekshme.<\/p>\n<p>Sipas dokumentit, sektor\u00ebt me rrezikun m\u00eb t\u00eb lart\u00eb t\u00eb korrupsionit jan\u00eb sh\u00ebndet\u00ebsia, arsimi, prokurimi publik, partneritetet publike-private, organet ligjzbatuese, prona, administrata tatimore dhe doganat.<\/p>\n<p>\u201cDisa sektor\u00eb vazhdojn\u00eb t\u00eb konsiderohen ve\u00e7an\u00ebrisht t\u00eb ekspozuar ndaj korrupsionit, n\u00eb ve\u00e7anti sh\u00ebndet\u00ebsia, arsimi, prokurimi publik, partneritetet publike-private, organet ligjzbatuese, prona, administrata tatimore dhe doganat\u201d, thot\u00eb KE, nd\u00ebrsa evidenton munges\u00eb transparence, ve\u00e7an\u00ebrisht sa i p\u00ebrket dh\u00ebnies s\u00eb statusit t\u00eb investitorit strategjik.<\/p>\n<p>\u201cTransparenca e procedurave t\u00eb prokurimit publik, ve\u00e7an\u00ebrisht n\u00eb partneritetet publike-private, mbetet e kufizuar\u201d, thuhet n\u00eb raport, nd\u00ebrsa theksohet se nd\u00ebrhyrja politike vijon t\u00eb jet\u00eb nj\u00eb problem q\u00eb k\u00ebrkon masa m\u00eb t\u00eb forta mbrojt\u00ebse.<\/p>\n<p>Sipas raportit, rreziqe t\u00eb korrupsionit vazhdojn\u00eb t\u00eb ekzistojn\u00eb n\u00eb procedurat e prokurimit n\u00eb sektor\u00eb si digjitalizimi, infrastruktura dhe projektet e financuara nga Bashkimi Europian.<\/p>\n<p>\u201cMegjith\u00ebse \u00ebsht\u00eb miratuar dhe zbatuar nj\u00eb kuad\u00ebr i strukturuar p\u00ebr vler\u00ebsimin e rrezikut t\u00eb korrupsionit n\u00eb disa sektor\u00eb me rrezik t\u00eb lart\u00eb, nevojiten masa parandaluese m\u00eb t\u00eb targetuara. Disa sektor\u00eb vazhdojn\u00eb t\u00eb konsiderohen ve\u00e7an\u00ebrisht t\u00eb ekspozuar ndaj korrupsionit, n\u00eb ve\u00e7anti sh\u00ebndet\u00ebsia, arsimi, prokurimi publik, partneritetet publike-private, organet ligjzbatuese, prona, administrata tatimore dhe doganat. Integriteti i biznesit mbetet nj\u00eb fush\u00eb q\u00eb k\u00ebrkon v\u00ebmendje t\u00eb ve\u00e7ant\u00eb.<\/p>\n<p>Rreziqet e korrupsionit vazhdojn\u00eb t\u00eb jen\u00eb t\u00eb pranishme edhe n\u00eb nd\u00ebrmarrjet shtet\u00ebrore ose pjes\u00ebrisht shtet\u00ebrore, t\u00eb cilave u jan\u00eb besuar p\u00ebrgjegj\u00ebsi t\u00eb r\u00ebnd\u00ebsishme publike, p\u00ebrfshir\u00eb procedurat e prokurimit publik n\u00eb sektor\u00ebt e digjitalizimit dhe infrastruktur\u00ebs, si dhe n\u00eb projektet q\u00eb financohen nga Bashkimi Evropian. Transparenca e procedurave t\u00eb prokurimit publik, ve\u00e7an\u00ebrisht n\u00eb partneritetet publike-private, mbetet e kufizuar, sidomos sa i p\u00ebrket dh\u00ebnies s\u00eb statusit t\u00eb investitorit strategjik. Nd\u00ebrhyrja politike vazhdon t\u00eb jet\u00eb e p\u00ebrhapur dhe k\u00ebrkon vendosjen e garancive m\u00eb t\u00eb forta.<\/p>\n<p>Strategjia e re Kund\u00ebr Korrupsionit p\u00ebrqendrohet n\u00eb sektor\u00ebt m\u00eb t\u00eb ekspozuar ndaj rrezikut, ve\u00e7an\u00ebrisht infrastruktur\u00ebn publike, kadastr\u00ebn dhe t\u00eb drejtat e pron\u00ebsis\u00eb, doganat, administrat\u00ebn tatimore, arsimin, sh\u00ebndet\u00ebsin\u00eb dhe prokurimin publik.<\/p>\n<p>Zbatimi efektiv i saj, i orientuar drejt rezultateve, me mekanizma t\u00eb fort\u00eb monitorimi dhe koordinim institucional, duhet t\u00eb vazhdoj\u00eb. N\u00eb prill 2025 u miratua metodologjia p\u00ebr vler\u00ebsimin e rrezikut t\u00eb korrupsionit n\u00eb sektorin publik, duke krijuar nj\u00eb kuad\u00ebr t\u00eb strukturuar p\u00ebr identifikimin dhe minimizimin e rreziqeve t\u00eb korrupsionit n\u00eb institucionet publike.<\/p>\n<p>Gjat\u00eb periudh\u00ebs s\u00eb raportimit, vler\u00ebsime t\u00eb rrezikut jan\u00eb kryer ose kan\u00eb nisur n\u00eb disa sektor\u00eb me rrezik t\u00eb lart\u00eb, p\u00ebrfshir\u00eb prokurimin publik, sh\u00ebndet\u00ebsin\u00eb dhe sektorin e pron\u00ebs. Pas vler\u00ebsimit t\u00eb kryer n\u00eb sektorin e pron\u00ebs, Agjencia Shtet\u00ebrore e Kadastr\u00ebs miratoi Planin e Integritetit 2025\u20132027, i cili parashikon masa parandaluese t\u00eb synuara\u201d thuhet n\u00eb raport.<\/p>\n","protected":false},"excerpt":{"rendered":"<p>17 Korrik 2026 Komisioni Europian ka ngritur shqet\u00ebsime p\u00ebr nivelin e ekspozimit ndaj korrupsionit n\u00eb disa sektor\u00eb ky\u00e7 t\u00eb administrat\u00ebs publike n\u00eb Shqip\u00ebri, duke theksuar se masat parandaluese duhet t\u00eb jen\u00eb m\u00eb t\u00eb fokusuara dhe m\u00eb efektive. KE &#8211; Raporti N\u00eb raportin e tij p\u00ebr sundimin e ligjit, KE vler\u00ebson se Shqip\u00ebria ka miratuar nj\u00eb [&hellip;]<\/p>\n","protected":false},"author":9,"featured_media":102813,"comment_status":"open","ping_status":"open","sticky":false,"template":"","format":"standard","meta":{"jetpack_post_was_ever_published":false,"_jetpack_newsletter_access":"","_jetpack_dont_email_post_to_subs":false,"_jetpack_newsletter_tier_id":0,"_jetpack_memberships_contains_paywalled_content":false,"_jetpack_memberships_contains_paid_content":false,"footnotes":"","jetpack_publicize_message":"","jetpack_publicize_feature_enabled":true,"jetpack_social_post_already_shared":true,"jetpack_social_options":{"image_generator_settings":{"template":"highway","default_image_id":0,"font":"","enabled":false},"version":2}},"categories":[27,1,2,35],"tags":[],"class_list":["post-102812","post","type-post","status-publish","format-standard","has-post-thumbnail","hentry","category-blogu-i-udhetarit","category-njoftime-shtypi","category-politika","category-shoqerore"],"jetpack_publicize_connections":[],"jetpack_featured_media_url":"https:\/\/i0.wp.com\/www.shqiperia.com\/blog\/wp-content\/uploads\/2026\/07\/ke-raporti-1140x570-1.jpeg?fit=1140%2C570&ssl=1","jetpack_sharing_enabled":true,"jetpack_shortlink":"https:\/\/wp.me\/p5Z6wp-qKg","jetpack-related-posts":[{"id":103337,"url":"https:\/\/www.shqiperia.com\/blog\/departamenti-amerikan-i-shtetit-ngre-alarmin-per-shqiperine-pandeshkueshmeria-mbetet-nje-problem-serioz-zyrtaret-i-shmangen-ndjekjes-penale-shqetesim-korrupsioni-dhe-krimi\/","url_meta":{"origin":102812,"position":0},"title":"Departamenti Amerikan i Shtetit ngre alarmin p\u00ebr Shqip\u00ebrin\u00eb: &#8211; Pand\u00ebshkueshm\u00ebria mbetet nj\u00eb problem serioz! &#8211; Zyrtar\u00ebt i shmangen ndjekjes penale! &#8211; Shqet\u00ebsim korrupsioni dhe krimi","author":"Kurt Farka","date":"July 28, 2026","format":false,"excerpt":"28 Korrik 2026 Raporti i fundit i siguris\u00eb p\u00ebr Shqip\u00ebrin\u00eb nga Overseas Security Advisory Council (OSAC), nj\u00eb struktur\u00eb e Departamentit Amerikan t\u00eb Shtetit evidenton disa problematika q\u00eb lidhen me luft\u00ebn kund\u00ebr korrupsionit. Sipas raportit, vendi yn\u00eb vazhdon t\u00eb p\u00ebrballet me probleme t\u00eb thella q\u00eb lidhen me korrupsionin, krimin e organizuar\u2026","rel":"","context":"In &quot;Blogu i Udh\u00ebtarit&quot;","block_context":{"text":"Blogu i Udh\u00ebtarit","link":"https:\/\/www.shqiperia.com\/blog\/category\/blogu-i-udhetarit\/"},"img":{"alt_text":"","src":"https:\/\/i0.wp.com\/www.shqiperia.com\/blog\/wp-content\/uploads\/2026\/07\/osac-1.png?fit=1200%2C630&ssl=1&resize=350%2C200","width":350,"height":200,"srcset":"https:\/\/i0.wp.com\/www.shqiperia.com\/blog\/wp-content\/uploads\/2026\/07\/osac-1.png?fit=1200%2C630&ssl=1&resize=350%2C200 1x, https:\/\/i0.wp.com\/www.shqiperia.com\/blog\/wp-content\/uploads\/2026\/07\/osac-1.png?fit=1200%2C630&ssl=1&resize=525%2C300 1.5x, https:\/\/i0.wp.com\/www.shqiperia.com\/blog\/wp-content\/uploads\/2026\/07\/osac-1.png?fit=1200%2C630&ssl=1&resize=700%2C400 2x, https:\/\/i0.wp.com\/www.shqiperia.com\/blog\/wp-content\/uploads\/2026\/07\/osac-1.png?fit=1200%2C630&ssl=1&resize=1050%2C600 3x"},"classes":[]},{"id":100425,"url":"https:\/\/www.shqiperia.com\/blog\/rendohen-kushtet-e-raportit-te-ibar-ne-bruksel-keshilli-i-be-konfirmon-zyrtarisht-se-disa-shtete-anetare-nuk-japin\/","url_meta":{"origin":102812,"position":1},"title":"R\u00ebndohen kushtet e raportit t\u00eb IBAR n\u00eb Bruksel, K\u00ebshilli i BE konfirmon zyrtarisht se disa shtete an\u00ebtare nuk japin\u2026","author":"Kurt Farka","date":"May 19, 2026","format":false,"excerpt":"19 Maji 2026 Sot n\u00eb or\u00ebn 10:00 COELA do mblidhet s\u00ebrish p\u00ebr t\u00eb diskutuar Raportin e IBAR p\u00ebr Shqip\u00ebrin\u00eb. K\u00ebshilli i Bashkimit Evropian tha se shtetet an\u00ebtare jan\u00eb pran\u00eb nj\u00eb dakord\u00ebsie, edhe pse jan\u00eb ende disa shtete q\u00eb nuk e kan\u00eb dh\u00ebn\u00eb ende drit\u00ebn jeshile p\u00ebr draftin e Pozicionit t\u00eb\u2026","rel":"","context":"In &quot;Blogu i Udh\u00ebtarit&quot;","block_context":{"text":"Blogu i Udh\u00ebtarit","link":"https:\/\/www.shqiperia.com\/blog\/category\/blogu-i-udhetarit\/"},"img":{"alt_text":"","src":"https:\/\/i0.wp.com\/www.shqiperia.com\/blog\/wp-content\/uploads\/2026\/05\/foto-9-5-900x570-1.jpg?fit=900%2C570&ssl=1&resize=350%2C200","width":350,"height":200,"srcset":"https:\/\/i0.wp.com\/www.shqiperia.com\/blog\/wp-content\/uploads\/2026\/05\/foto-9-5-900x570-1.jpg?fit=900%2C570&ssl=1&resize=350%2C200 1x, https:\/\/i0.wp.com\/www.shqiperia.com\/blog\/wp-content\/uploads\/2026\/05\/foto-9-5-900x570-1.jpg?fit=900%2C570&ssl=1&resize=525%2C300 1.5x, https:\/\/i0.wp.com\/www.shqiperia.com\/blog\/wp-content\/uploads\/2026\/05\/foto-9-5-900x570-1.jpg?fit=900%2C570&ssl=1&resize=700%2C400 2x"},"classes":[]},{"id":100318,"url":"https:\/\/www.shqiperia.com\/blog\/u-propozua-si-ambasador-i-shba-ne-shqiperi-shkrimi-i-kostelancik-rama-mbrojti-aleaten-e-tij-balluku-ne-kuvend-lufta-antikorrupsion-ka-deshtuar\/","url_meta":{"origin":102812,"position":2},"title":"U propozua si ambasador i SHBA n\u00eb Shqip\u00ebri, shkrimi i Kostelancik: &#8211; Rama mbrojti aleaten e tij Balluku n\u00eb Kuvend, lufta antikorrupsion ka d\u00ebshtuar","author":"Kurt Farka","date":"May 15, 2026","format":false,"excerpt":"15 Maji 2026 Diplomati David J. Kostelancik, i cili u propozua nga Joe Biden n\u00eb koh\u00ebn kur ishte president i SHBA-s\u00eb p\u00ebr t\u00eb qen\u00eb ambasadori amerikan n\u00eb vendin ton\u00eb, por u refuzua nga Kongresi, i ka kushtuar nj\u00eb shkrim t\u00eb gjat\u00eb Shqip\u00ebris\u00eb. Kostelancik, n\u00eb shkrimin e tij bashk\u00eb me autorin\u2026","rel":"","context":"In &quot;Politika&quot;","block_context":{"text":"Politika","link":"https:\/\/www.shqiperia.com\/blog\/category\/politika\/"},"img":{"alt_text":"","src":"https:\/\/i0.wp.com\/www.shqiperia.com\/blog\/wp-content\/uploads\/2026\/05\/640-0-david-j-kostelancik-1704393273.jpg?fit=544%2C426&ssl=1&resize=350%2C200","width":350,"height":200,"srcset":"https:\/\/i0.wp.com\/www.shqiperia.com\/blog\/wp-content\/uploads\/2026\/05\/640-0-david-j-kostelancik-1704393273.jpg?fit=544%2C426&ssl=1&resize=350%2C200 1x, https:\/\/i0.wp.com\/www.shqiperia.com\/blog\/wp-content\/uploads\/2026\/05\/640-0-david-j-kostelancik-1704393273.jpg?fit=544%2C426&ssl=1&resize=525%2C300 1.5x"},"classes":[]},{"id":100722,"url":"https:\/\/www.shqiperia.com\/blog\/belinda-balluku-mban-peng-integrimin-drejt-be-holanda-dush-te-ftohte-per-qeverine-pas-raportit-ibar-ambasadori\/","url_meta":{"origin":102812,"position":3},"title":"Belinda Balluku mban peng integrimin drejt BE, Holanda \u201cdush t\u00eb ftoht\u00eb\u201d p\u00ebr qeverin\u00eb pas raportit IBAR, ambasadori\u2026","author":"Kurt Farka","date":"May 29, 2026","format":false,"excerpt":"29 Maji 2026 Q\u00ebndrimi i mazhoranc\u00ebs socialiste p\u00ebr t\u00eb mbrojtur me vot\u00eb n\u00eb Parlament kolegen e tyre, ish-zv\/kryeministren Belinda Balluku, duke refuzuar k\u00ebrkes\u00ebn e Prokuroris\u00eb s\u00eb Posa\u00e7me (SPAK) q\u00eb do t\u2019i hapte rrug\u00eb arrestimit t\u00eb saj, jovet\u00ebm q\u00eb po mban peng procesin e integrimit t\u00eb Shqip\u00ebris\u00eb n\u00eb Bashkimin Evropian, por\u2026","rel":"","context":"In &quot;Blogu i Udh\u00ebtarit&quot;","block_context":{"text":"Blogu i Udh\u00ebtarit","link":"https:\/\/www.shqiperia.com\/blog\/category\/blogu-i-udhetarit\/"},"img":{"alt_text":"","src":"https:\/\/i0.wp.com\/www.shqiperia.com\/blog\/wp-content\/uploads\/2026\/05\/Reinout-Vos.jpg?fit=728%2C485&ssl=1&resize=350%2C200","width":350,"height":200,"srcset":"https:\/\/i0.wp.com\/www.shqiperia.com\/blog\/wp-content\/uploads\/2026\/05\/Reinout-Vos.jpg?fit=728%2C485&ssl=1&resize=350%2C200 1x, https:\/\/i0.wp.com\/www.shqiperia.com\/blog\/wp-content\/uploads\/2026\/05\/Reinout-Vos.jpg?fit=728%2C485&ssl=1&resize=525%2C300 1.5x, https:\/\/i0.wp.com\/www.shqiperia.com\/blog\/wp-content\/uploads\/2026\/05\/Reinout-Vos.jpg?fit=728%2C485&ssl=1&resize=700%2C400 2x"},"classes":[]},{"id":100560,"url":"https:\/\/www.shqiperia.com\/blog\/korrupsionit-ne-nivele-te-larta-qeverisese-shehaj-paralajmeron-spak-nuk-ben-show-rama-do-te-perfundoje-ne-qeli\/","url_meta":{"origin":102812,"position":4},"title":"\u201cKorrupsionit n\u00eb nivele t\u00eb larta qeveris\u00ebse\u201d, Shehaj paralajm\u00ebron: &#8211; SPAK nuk b\u00ebn show, Rama do t\u00eb p\u00ebrfundoj\u00eb n\u00eb qeli..","author":"Kurt Farka","date":"May 22, 2026","format":false,"excerpt":"22 Maji 2026 Kreu i Partis\u00eb Mund\u00ebsia, Agron Shehaj ka komentuar situat\u00ebn politike n\u00eb vend dhe zhvillimet e fundit me fjalimin e kandidatit t\u00eb SHBA si ambasador n\u00eb Tiran\u00eb dhe raportin IBAR t\u00eb BE. N\u00eb nj\u00eb emision televiziv, ai u shpreh se SHBA dhe BE jan\u00eb n\u00eb nj\u00eb linj\u00eb sa\u2026","rel":"","context":"In &quot;Blogu i Udh\u00ebtarit&quot;","block_context":{"text":"Blogu i Udh\u00ebtarit","link":"https:\/\/www.shqiperia.com\/blog\/category\/blogu-i-udhetarit\/"},"img":{"alt_text":"","src":"https:\/\/i0.wp.com\/www.shqiperia.com\/blog\/wp-content\/uploads\/2026\/05\/640-0-agron-shehaj-edi-rama-300.jpg?fit=640%2C416&ssl=1&resize=350%2C200","width":350,"height":200,"srcset":"https:\/\/i0.wp.com\/www.shqiperia.com\/blog\/wp-content\/uploads\/2026\/05\/640-0-agron-shehaj-edi-rama-300.jpg?fit=640%2C416&ssl=1&resize=350%2C200 1x, https:\/\/i0.wp.com\/www.shqiperia.com\/blog\/wp-content\/uploads\/2026\/05\/640-0-agron-shehaj-edi-rama-300.jpg?fit=640%2C416&ssl=1&resize=525%2C300 1.5x"},"classes":[]},{"id":105459,"url":"https:\/\/www.shqiperia.com\/blog\/belinda-ballukun-mbledh-sot-12-deputete-te-ps-ne-hekal-te-mallakastres-dhe-i-dergon-mesazhin-e-forte-rames\/","url_meta":{"origin":102812,"position":5},"title":"Belinda Ballukun mbledh sot 12 deputet\u00eb t\u00eb PS n\u00eb Hekal t\u00eb Mallakastr\u00ebs dhe i d\u00ebrgon mesazhin e fort\u00eb Ram\u00ebs","author":"Kurt Farka","date":"August 29, 2026","format":false,"excerpt":"29 Gusht 2026 Ngushtimi i lakut hetimor nga Prokuroria e Posa\u00e7me (SPAK) ndaj ish-z\u00ebvend\u00ebskryeministres Belinda Balluku ka ndezur alarmin e kuq brenda mazhoranc\u00ebs socialiste, duke krijuar nj\u00eb trazir\u00eb t\u00eb madhe politike. Teksa disa dit\u00eb m\u00eb par\u00eb drejtuesi i Prokuroris\u00eb s\u00eb Posa\u00e7me, Klodjan Braho, la t\u00eb hapur mund\u00ebsin\u00eb e nj\u00eb k\u00ebrkese\u2026","rel":"","context":"In &quot;Blogu i Udh\u00ebtarit&quot;","block_context":{"text":"Blogu i Udh\u00ebtarit","link":"https:\/\/www.shqiperia.com\/blog\/category\/blogu-i-udhetarit\/"},"img":{"alt_text":"","src":"https:\/\/i0.wp.com\/www.shqiperia.com\/blog\/wp-content\/uploads\/2026\/08\/800-0-capture-6a9296a44aef9.png?fit=800%2C363&ssl=1&resize=350%2C200","width":350,"height":200,"srcset":"https:\/\/i0.wp.com\/www.shqiperia.com\/blog\/wp-content\/uploads\/2026\/08\/800-0-capture-6a9296a44aef9.png?fit=800%2C363&ssl=1&resize=350%2C200 1x, https:\/\/i0.wp.com\/www.shqiperia.com\/blog\/wp-content\/uploads\/2026\/08\/800-0-capture-6a9296a44aef9.png?fit=800%2C363&ssl=1&resize=525%2C300 1.5x, https:\/\/i0.wp.com\/www.shqiperia.com\/blog\/wp-content\/uploads\/2026\/08\/800-0-capture-6a9296a44aef9.png?fit=800%2C363&ssl=1&resize=700%2C400 2x"},"classes":[]}],"_links":{"self":[{"href":"https:\/\/www.shqiperia.com\/blog\/wp-json\/wp\/v2\/posts\/102812","targetHints":{"allow":["GET"]}}],"collection":[{"href":"https:\/\/www.shqiperia.com\/blog\/wp-json\/wp\/v2\/posts"}],"about":[{"href":"https:\/\/www.shqiperia.com\/blog\/wp-json\/wp\/v2\/types\/post"}],"author":[{"embeddable":true,"href":"https:\/\/www.shqiperia.com\/blog\/wp-json\/wp\/v2\/users\/9"}],"replies":[{"embeddable":true,"href":"https:\/\/www.shqiperia.com\/blog\/wp-json\/wp\/v2\/comments?post=102812"}],"version-history":[{"count":1,"href":"https:\/\/www.shqiperia.com\/blog\/wp-json\/wp\/v2\/posts\/102812\/revisions"}],"predecessor-version":[{"id":102815,"href":"https:\/\/www.shqiperia.com\/blog\/wp-json\/wp\/v2\/posts\/102812\/revisions\/102815"}],"wp:featuredmedia":[{"embeddable":true,"href":"https:\/\/www.shqiperia.com\/blog\/wp-json\/wp\/v2\/media\/102813"}],"wp:attachment":[{"href":"https:\/\/www.shqiperia.com\/blog\/wp-json\/wp\/v2\/media?parent=102812"}],"wp:term":[{"taxonomy":"category","embeddable":true,"href":"https:\/\/www.shqiperia.com\/blog\/wp-json\/wp\/v2\/categories?post=102812"},{"taxonomy":"post_tag","embeddable":true,"href":"https:\/\/www.shqiperia.com\/blog\/wp-json\/wp\/v2\/tags?post=102812"}],"curies":[{"name":"wp","href":"https:\/\/api.w.org\/{rel}","templated":true}]}}