{"id":102809,"date":"2026-07-17T11:15:40","date_gmt":"2026-07-17T11:15:40","guid":{"rendered":"https:\/\/www.shqiperia.com\/blog\/?p=102809"},"modified":"2026-07-17T11:15:40","modified_gmt":"2026-07-17T11:15:40","slug":"alarm-ne-treg-specat-toksik-qe-refuzoi-kroacia-a-po-shiten-ne-shqiperi-groposen-14-6-tone","status":"publish","type":"post","link":"https:\/\/www.shqiperia.com\/blog\/alarm-ne-treg-specat-toksik-qe-refuzoi-kroacia-a-po-shiten-ne-shqiperi-groposen-14-6-tone\/","title":{"rendered":"ALARM N\u00cb TREG\/ Specat toksik q\u00eb refuzoi Kroacia a po shiten n\u00eb Shqip\u00ebri? &#8211; Groposen 14.6 ton\u00eb."},"content":{"rendered":"<p data-a11y-orig-inline=\"\" data-a11y-base-fs=\"18\"><img data-recalc-dims=\"1\" loading=\"lazy\" decoding=\"async\" data-attachment-id=\"102810\" data-permalink=\"https:\/\/www.shqiperia.com\/blog\/alarm-ne-treg-specat-toksik-qe-refuzoi-kroacia-a-po-shiten-ne-shqiperi-groposen-14-6-tone\/600-388-cover-specat-toksike-1784276887\/\" data-orig-file=\"https:\/\/i0.wp.com\/www.shqiperia.com\/blog\/wp-content\/uploads\/2026\/07\/600-388-cover-specat-toksike-1784276887.jpg?fit=600%2C388&amp;ssl=1\" data-orig-size=\"600,388\" data-comments-opened=\"1\" data-image-meta=\"{&quot;aperture&quot;:&quot;0&quot;,&quot;credit&quot;:&quot;&quot;,&quot;camera&quot;:&quot;&quot;,&quot;caption&quot;:&quot;&quot;,&quot;created_timestamp&quot;:&quot;0&quot;,&quot;copyright&quot;:&quot;&quot;,&quot;focal_length&quot;:&quot;0&quot;,&quot;iso&quot;:&quot;0&quot;,&quot;shutter_speed&quot;:&quot;0&quot;,&quot;title&quot;:&quot;&quot;,&quot;orientation&quot;:&quot;0&quot;}\" data-image-title=\"-600-388-cover-specat-toksike-1784276887\" data-image-description=\"\" data-image-caption=\"\" data-medium-file=\"https:\/\/i0.wp.com\/www.shqiperia.com\/blog\/wp-content\/uploads\/2026\/07\/600-388-cover-specat-toksike-1784276887.jpg?fit=300%2C194&amp;ssl=1\" data-large-file=\"https:\/\/i0.wp.com\/www.shqiperia.com\/blog\/wp-content\/uploads\/2026\/07\/600-388-cover-specat-toksike-1784276887.jpg?fit=600%2C388&amp;ssl=1\" class=\"alignnone  wp-image-102810\" alt=\"\" src=\"https:\/\/i0.wp.com\/www.shqiperia.com\/blog\/wp-content\/uploads\/2026\/07\/600-388-cover-specat-toksike-1784276887.jpg?resize=513%2C332&#038;ssl=1\" width=\"513\" height=\"332\" srcset=\"https:\/\/i0.wp.com\/www.shqiperia.com\/blog\/wp-content\/uploads\/2026\/07\/600-388-cover-specat-toksike-1784276887.jpg?resize=300%2C194&amp;ssl=1 300w, https:\/\/i0.wp.com\/www.shqiperia.com\/blog\/wp-content\/uploads\/2026\/07\/600-388-cover-specat-toksike-1784276887.jpg?resize=450%2C291&amp;ssl=1 450w, https:\/\/i0.wp.com\/www.shqiperia.com\/blog\/wp-content\/uploads\/2026\/07\/600-388-cover-specat-toksike-1784276887.jpg?resize=400%2C259&amp;ssl=1 400w, https:\/\/i0.wp.com\/www.shqiperia.com\/blog\/wp-content\/uploads\/2026\/07\/600-388-cover-specat-toksike-1784276887.jpg?w=600&amp;ssl=1 600w\" sizes=\"auto, (max-width: 513px) 100vw, 513px\" \/><\/p>\n<p data-a11y-orig-inline=\"\" data-a11y-base-fs=\"18\">17 Korrik 2026<\/p>\n<p data-a11y-orig-inline=\"\" data-a11y-base-fs=\"18\">T\u00eb kontaktuar nga Ora News \u201cRINALDI\u201d SHPK\u201d na ka informuar se sasia totale e specave te\u00a0 grumbulluar p\u00ebr eksport\u00a0 nga fermer\u00ebt e qarkut Fier dhe Berat eshte 14.6 ton. E gjithe kjo sasi \u00ebsht\u00eb asgjesuar n\u00eb shtetin Kroat.<\/p>\n<p data-a11y-orig-inline=\"\" data-a11y-base-fs=\"18\">Autoritetet kroate kan\u00eb bllokuar n\u00eb kufi nj\u00eb ngarkes\u00eb masive me speca t\u00eb importuar nga Shqip\u00ebria. Kjo pasi analizat laboratorike zbuluan pranin\u00eb e insekticidit t\u00eb rreziksh\u00ebm Acetamiprid n\u00eb mas\u00ebn rekord 0.41 miligram\u00eb p\u00ebr kilogram. Kjo shif\u00ebr tejkalon me pothuajse pes\u00eb her\u00eb norm\u00ebn maksimale t\u00eb lejuar nga Bashkimi Evropian.<\/p>\n<p data-a11y-orig-inline=\"\" data-a11y-base-fs=\"18\">Acetamiprid \u00ebsht\u00eb nj\u00eb insekticid i fuqish\u00ebm q\u00eb sulmon sistemin nervor t\u00eb insekteve, por q\u00eb tek njer\u00ebzit mund t\u00eb ket\u00eb pasoja shkat\u00ebrruese. Ekspert\u00ebt e sh\u00ebndet\u00ebsis\u00eb paralajm\u00ebrojn\u00eb se konsumi i produkteve me doza t\u00eb larta shkakton helmime akute, d\u00ebmton sistemin nervor qendror, m\u00ebl\u00e7in\u00eb dhe veshkat.<\/p>\n<p data-a11y-orig-inline=\"\" data-a11y-base-fs=\"18\">Dokumentet zyrtare t\u00eb siguruara ekskluzivisht\u00a0 nga Ora News tregojn\u00eb se subjekti eksportues \u00ebsht\u00eb kompania \u201cRINALDI\u201d SHPK, me qend\u00ebr n\u00eb Velmish t\u00eb Roskovecit.<\/p>\n<p data-a11y-orig-inline=\"\" data-a11y-base-fs=\"18\">Ky biznes grumbullon produktet nga fermat e zon\u00ebs dhe i nis ato drejt Evrop\u00ebs, por k\u00ebsaj radhe, Evropa ua ktheu mbrapsht me vul\u00ebn e &#8220;helmit&#8221;.<\/p>\n<p data-a11y-orig-inline=\"\" data-a11y-base-fs=\"18\">Pyetjes s\u00eb drejtp\u00ebrdrejte se \u00e7far\u00eb masash administrative ose penale mori AKU ndaj\u00a0 subjekteve qe kane p\u00ebrdorur doza te larta\u00a0 pesticidesh, ky institucion iu shmang p\u00ebrgjigjes, duke mos raportuar \u00a0masa konkrete si\u00a0 gjoba apo ndjekje penale.<\/p>\n<p data-a11y-orig-inline=\"\" data-a11y-base-fs=\"18\">P\u00ebrgjigja tregon se rasti \u00ebsht\u00eb referuar p\u00ebr &#8220;k\u00ebshillim dhe mbik\u00ebqyrje&#8221; t\u00eb fermer\u00ebve.<\/p>\n<p data-a11y-orig-inline=\"\" data-a11y-base-fs=\"18\">Nd\u00ebrsa Kroacia mbron konsumatorin me laborator\u00eb dhe dor\u00eb t\u00eb hekurt, institucionet tona, i luftojn\u00eb pesticidet me &#8216;seanca k\u00ebshillimi&#8217; dhe shkresa burokratike, pik\u00ebrisht pasi specat toksik\u00eb kan\u00eb mbytur tregun.<\/p>\n<p data-a11y-orig-inline=\"\" data-a11y-base-fs=\"18\">Burime p\u00ebr Ora News b\u00ebjn\u00eb me dije se specat e vjel\u00eb nga t\u00eb nj\u00ebjtat parcela, jan\u00eb hedhur tashm\u00eb edhe n\u00eb tregun vendas.<\/p>\n<p data-a11y-orig-inline=\"\" data-a11y-base-fs=\"18\">Teksa Kroacia mori masa urgjente per\u00a0 qytetaret e saj, konsumator\u00ebt shqiptar\u00a0 jane te pambrojtur dhe t\u00eb pa informuar rreth produkteve q\u00eb p\u00ebrfundojn\u00eb n\u00eb tryezat e tyre.<\/p>\n<p data-a11y-orig-inline=\"\" data-a11y-base-fs=\"18\">T\u00eb kontaktuar nga Ora News \u201cRINALDI\u201d SHPK\u201d na ka informuar se sasia totale e specave te\u00a0 grumbulluar p\u00ebr eksport\u00a0 nga fermer\u00ebt e qarkut Fier dhe Berat eshte 14.6 ton. E gjithe kjo sasi \u00ebsht\u00eb asgjesuar n\u00eb shtetin Kroat.<\/p>\n","protected":false},"excerpt":{"rendered":"<p>17 Korrik 2026 T\u00eb kontaktuar nga Ora News \u201cRINALDI\u201d SHPK\u201d na ka informuar se sasia totale e specave te\u00a0 grumbulluar p\u00ebr eksport\u00a0 nga fermer\u00ebt e qarkut Fier dhe Berat eshte 14.6 ton. E gjithe kjo sasi \u00ebsht\u00eb asgjesuar n\u00eb shtetin Kroat. Autoritetet kroate kan\u00eb bllokuar n\u00eb kufi nj\u00eb ngarkes\u00eb masive me speca t\u00eb importuar nga [&hellip;]<\/p>\n","protected":false},"author":9,"featured_media":102810,"comment_status":"open","ping_status":"open","sticky":false,"template":"","format":"standard","meta":{"jetpack_post_was_ever_published":false,"_jetpack_newsletter_access":"","_jetpack_dont_email_post_to_subs":false,"_jetpack_newsletter_tier_id":0,"_jetpack_memberships_contains_paywalled_content":false,"_jetpack_memberships_contains_paid_content":false,"footnotes":"","jetpack_publicize_message":"","jetpack_publicize_feature_enabled":true,"jetpack_social_post_already_shared":true,"jetpack_social_options":{"image_generator_settings":{"template":"highway","default_image_id":0,"font":"","enabled":false},"version":2}},"categories":[10],"tags":[],"class_list":["post-102809","post","type-post","status-publish","format-standard","has-post-thumbnail","hentry","category-kultura"],"jetpack_publicize_connections":[],"jetpack_featured_media_url":"https:\/\/i0.wp.com\/www.shqiperia.com\/blog\/wp-content\/uploads\/2026\/07\/600-388-cover-specat-toksike-1784276887.jpg?fit=600%2C388&ssl=1","jetpack_sharing_enabled":true,"jetpack_shortlink":"https:\/\/wp.me\/p5Z6wp-qKd","jetpack-related-posts":[{"id":101483,"url":"https:\/\/www.shqiperia.com\/blog\/rama-sulmon-protestuesit-hajvane-fryme-fashiste-po-demtojne-turizmin\/","url_meta":{"origin":102809,"position":0},"title":"Rama sulmon protestuesit: -Hajvan\u00eb, frym\u00eb fashiste! Po d\u00ebmtojn\u00eb turizmin","author":"Kurt Farka","date":"June 14, 2026","format":false,"excerpt":"Kryeministri Edi Rama ka zgjedhur q\u00eb s\u00ebrish t\u00eb sulmoj\u00eb protestuesit, q\u00eb prej dy jav\u00ebsh dalin \u00e7do dit\u00eb n\u00eb shesh p\u00ebr t\u00eb k\u00ebrkuar largimin e tij nga qeveria. N\u00eb rubrik\u00ebn \u2018sh\u00ebnimet e jav\u00ebs\u2019 n\u00eb potkastin e tij \u201cFlasim\u201d, kreu i qeveris\u00eb i konsideroi protestuesit si \u2018hajvan\u00eb\u2019 me mend\u00ebsi fashiste, q\u00eb si\u00e7\u2026","rel":"","context":"In &quot;Blogu i Udh\u00ebtarit&quot;","block_context":{"text":"Blogu i Udh\u00ebtarit","link":"https:\/\/www.shqiperia.com\/blog\/category\/blogu-i-udhetarit\/"},"img":{"alt_text":"","src":"https:\/\/i0.wp.com\/www.shqiperia.com\/blog\/wp-content\/uploads\/2026\/06\/rama-protestat1-433x300-1.jpg?fit=433%2C300&ssl=1&resize=350%2C200","width":350,"height":200},"classes":[]},{"id":101203,"url":"https:\/\/www.shqiperia.com\/blog\/onkologjiku-eshte-nje-aushvic-fjalimi-rreqethes-i-protestuesit-qe-vuan-nga-kanceri-kjo-godine-e-ndyre-duhet-shembur-ketu-ka-vetem-hajduteri\/","url_meta":{"origin":102809,"position":1},"title":"\u201cOnkologjiku \u00ebsht\u00eb nj\u00eb Aushvic\u201d\/ Fjalimi rr\u00ebqeth\u00ebs i protestuesit q\u00eb vuan nga kanceri: &#8211; Kjo godin\u00eb e ndyr\u00eb duhet shembur, k\u00ebtu ka vet\u00ebm hajdut\u00ebri!","author":"Kurt Farka","date":"June 6, 2026","format":false,"excerpt":"6 Qershor 2026 Nj\u00eb d\u00ebshmi rr\u00ebqeth\u00ebse dhe tejet e fuqishme ka p\u00ebrlotur dhe elektrizuar mij\u00ebra protestuesit e mbledhur p\u00ebrpara Kryeministris\u00eb. Nj\u00eb qytetar q\u00eb vuan prej tre vitesh nga s\u00ebmundja e r\u00ebnd\u00eb e kancerit ka marr\u00eb fjal\u00ebn n\u00eb podium, duke b\u00ebr\u00eb nj\u00eb denoncim trondit\u00ebs p\u00ebr gjendjen n\u00eb spitalin Onkologjik, t\u00eb cilin\u2026","rel":"","context":"In &quot;Blogu i Udh\u00ebtarit&quot;","block_context":{"text":"Blogu i Udh\u00ebtarit","link":"https:\/\/www.shqiperia.com\/blog\/category\/blogu-i-udhetarit\/"},"img":{"alt_text":"","src":"https:\/\/i0.wp.com\/www.shqiperia.com\/blog\/wp-content\/uploads\/2026\/06\/protestuesi-ne-shesh.jpg?fit=1147%2C553&ssl=1&resize=350%2C200","width":350,"height":200,"srcset":"https:\/\/i0.wp.com\/www.shqiperia.com\/blog\/wp-content\/uploads\/2026\/06\/protestuesi-ne-shesh.jpg?fit=1147%2C553&ssl=1&resize=350%2C200 1x, https:\/\/i0.wp.com\/www.shqiperia.com\/blog\/wp-content\/uploads\/2026\/06\/protestuesi-ne-shesh.jpg?fit=1147%2C553&ssl=1&resize=525%2C300 1.5x, https:\/\/i0.wp.com\/www.shqiperia.com\/blog\/wp-content\/uploads\/2026\/06\/protestuesi-ne-shesh.jpg?fit=1147%2C553&ssl=1&resize=700%2C400 2x, https:\/\/i0.wp.com\/www.shqiperia.com\/blog\/wp-content\/uploads\/2026\/06\/protestuesi-ne-shesh.jpg?fit=1147%2C553&ssl=1&resize=1050%2C600 3x"},"classes":[]},{"id":103966,"url":"https:\/\/www.shqiperia.com\/blog\/shqiptari-nga-gjermania-ia-numeron-rames-na-ka-vjedhur-kjo-eshte-mundesia-e-fundit-per-ndryshim\/","url_meta":{"origin":102809,"position":2},"title":"Shqiptari nga Gjermania ia num\u00ebron Ram\u00ebs: = Na ka vjedhur! Kjo \u00ebsht\u00eb mund\u00ebsia e fundit p\u00ebr ndryshim","author":"Kurt Farka","date":"August 7, 2026","format":false,"excerpt":"7 Gusht 2026 \u201cPo mos t\u00eb ishte News24, protesta do t\u00eb ishte shuar\u201d. Nj\u00eb qytetar shqiptar q\u00eb jeton n\u00eb Gjermani i \u00ebsht\u00eb bashkuar protest\u00ebs s\u00eb zhvilluar n\u00eb Sheshin Sk\u00ebnderbej, duke e cil\u00ebsuar at\u00eb si nj\u00eb nga momentet m\u00eb t\u00eb r\u00ebnd\u00ebsishme p\u00ebr vendin gjat\u00eb dekadave t\u00eb fundit. Ai tha se protesta\u2026","rel":"","context":"In &quot;Blogu i Udh\u00ebtarit&quot;","block_context":{"text":"Blogu i Udh\u00ebtarit","link":"https:\/\/www.shqiperia.com\/blog\/category\/blogu-i-udhetarit\/"},"img":{"alt_text":"","src":"https:\/\/i0.wp.com\/www.shqiperia.com\/blog\/wp-content\/uploads\/2026\/08\/diaspora-1.jpg?fit=1200%2C549&ssl=1&resize=350%2C200","width":350,"height":200,"srcset":"https:\/\/i0.wp.com\/www.shqiperia.com\/blog\/wp-content\/uploads\/2026\/08\/diaspora-1.jpg?fit=1200%2C549&ssl=1&resize=350%2C200 1x, https:\/\/i0.wp.com\/www.shqiperia.com\/blog\/wp-content\/uploads\/2026\/08\/diaspora-1.jpg?fit=1200%2C549&ssl=1&resize=525%2C300 1.5x, https:\/\/i0.wp.com\/www.shqiperia.com\/blog\/wp-content\/uploads\/2026\/08\/diaspora-1.jpg?fit=1200%2C549&ssl=1&resize=700%2C400 2x, https:\/\/i0.wp.com\/www.shqiperia.com\/blog\/wp-content\/uploads\/2026\/08\/diaspora-1.jpg?fit=1200%2C549&ssl=1&resize=1050%2C600 3x"},"classes":[]},{"id":101236,"url":"https:\/\/www.shqiperia.com\/blog\/shqiperia-nuk-eshte-ne-shitje-lubonja-flet-nga-protesta-sistemi-i-rames-ka-grabitur-vendin-te-permbysim-pushtetin\/","url_meta":{"origin":102809,"position":3},"title":"\u2018Shqip\u00ebria nuk \u00ebsht\u00eb n\u00eb shitje\u2019, Lubonja flet nga protesta: Sistemi i Ram\u00ebs ka grabitur vendin, t\u00eb p\u00ebrmbysim pushtetin","author":"Kurt Farka","date":"June 7, 2026","format":false,"excerpt":"7 Qershor 2026 Dita e tet\u00eb e protest\u00ebs pa s\u00ebrish mij\u00ebra qytetar\u00eb q\u00eb marshuan nga sheshi Sk\u00ebnderbej te Kryeministria ku protestuan s\u00ebrish kund\u00ebr nd\u00ebrtimit t\u00eb resortit n\u00eb Zv\u00ebrnec. Sakaq, n\u00eb podiumin e improvizuar foli edhe analisti Fatos Lubonja. Ai u shpreh se rasti i Zv\u00ebrnecit tregoi se si funksionon sistemi\u2026","rel":"","context":"In &quot;Blogu i Udh\u00ebtarit&quot;","block_context":{"text":"Blogu i Udh\u00ebtarit","link":"https:\/\/www.shqiperia.com\/blog\/category\/blogu-i-udhetarit\/"},"img":{"alt_text":"","src":"https:\/\/i0.wp.com\/www.shqiperia.com\/blog\/wp-content\/uploads\/2026\/06\/luboinja-979x570-1.jpg?fit=979%2C570&ssl=1&resize=350%2C200","width":350,"height":200,"srcset":"https:\/\/i0.wp.com\/www.shqiperia.com\/blog\/wp-content\/uploads\/2026\/06\/luboinja-979x570-1.jpg?fit=979%2C570&ssl=1&resize=350%2C200 1x, https:\/\/i0.wp.com\/www.shqiperia.com\/blog\/wp-content\/uploads\/2026\/06\/luboinja-979x570-1.jpg?fit=979%2C570&ssl=1&resize=525%2C300 1.5x, https:\/\/i0.wp.com\/www.shqiperia.com\/blog\/wp-content\/uploads\/2026\/06\/luboinja-979x570-1.jpg?fit=979%2C570&ssl=1&resize=700%2C400 2x"},"classes":[]},{"id":102688,"url":"https:\/\/www.shqiperia.com\/blog\/institucionet-ne-sherbim-te-droges-bushkolaj-albanian-files-skaneri-i-asaj-qe-ka-ndodhur-me-shqiperine-1901-14-07-2026-a-a-institucionet-ne-sherbim\/","url_meta":{"origin":102809,"position":4},"title":"\u2018Institucionet n\u00eb sh\u00ebrbim t\u00eb drog\u00ebs\u2019, Bushkolaj: \u2018Albanian Files\u2019, skaneri i asaj q\u00eb ka ndodhur me Shqip\u00ebrin\u00eb   19:01 | 14\/07\/2026 A A \u2018Institucionet n\u00eb sh\u00ebrbim t\u00eb drog\u00ebs\u2019, Bushkolaj: \u2018Albanian Files\u2019, skaneri i asaj q\u00eb ka ndodhur me Shqip\u00ebrin\u00eb Gazetari","author":"Kurt Farka","date":"July 14, 2026","format":false,"excerpt":"14 Korrik 2026 Gazetari Elklier Bushkolaj deklaroi n\u00eb nj\u00eb emision televiziv, se sfida m\u00eb e madhe e Shqip\u00ebris\u00eb n\u00eb rrug\u00ebn drejt Bashkimit Europian nuk lidhet me \u00e7\u00ebshtje dyt\u00ebsore, por me at\u00eb q\u00eb ai e cil\u00ebsoi si kapjen e shtetit nga krimi i organizuar dhe korrupsioni. Sipas Bushkolajt, libri Albanian Files\u2026","rel":"","context":"In &quot;Blogu i Udh\u00ebtarit&quot;","block_context":{"text":"Blogu i Udh\u00ebtarit","link":"https:\/\/www.shqiperia.com\/blog\/category\/blogu-i-udhetarit\/"},"img":{"alt_text":"","src":"https:\/\/i0.wp.com\/www.shqiperia.com\/blog\/wp-content\/uploads\/2026\/07\/900-0-1782635797xcoveri-image-jun-26-2026-12-54-56-pm-copy-958-900x570-1.png?fit=900%2C570&ssl=1&resize=350%2C200","width":350,"height":200,"srcset":"https:\/\/i0.wp.com\/www.shqiperia.com\/blog\/wp-content\/uploads\/2026\/07\/900-0-1782635797xcoveri-image-jun-26-2026-12-54-56-pm-copy-958-900x570-1.png?fit=900%2C570&ssl=1&resize=350%2C200 1x, https:\/\/i0.wp.com\/www.shqiperia.com\/blog\/wp-content\/uploads\/2026\/07\/900-0-1782635797xcoveri-image-jun-26-2026-12-54-56-pm-copy-958-900x570-1.png?fit=900%2C570&ssl=1&resize=525%2C300 1.5x, https:\/\/i0.wp.com\/www.shqiperia.com\/blog\/wp-content\/uploads\/2026\/07\/900-0-1782635797xcoveri-image-jun-26-2026-12-54-56-pm-copy-958-900x570-1.png?fit=900%2C570&ssl=1&resize=700%2C400 2x"},"classes":[]},{"id":104134,"url":"https:\/\/www.shqiperia.com\/blog\/nga-skandali-i-ministrit-te-jashtem-qe-i-humbi-laptopi-me-te-dhenat-sekrete-te-nato-s-ne-shba-shtatzenia-e-belinda\/","url_meta":{"origin":102809,"position":5},"title":"Nga skandali i ministrit t\u00eb Jasht\u00ebm q\u00eb i humbi laptopi me t\u00eb dh\u00ebnat sekrete t\u00eb NATO-s n\u00eb SHBA, shtatz\u00ebnia e Belinda\u2026","author":"Kurt Farka","date":"August 10, 2026","format":false,"excerpt":"10 Gusht 2026 Grid Rroji tregon se \u00e7far\u00eb po p\u00ebrgatitet n\u00eb prapasken\u00eb Grid\u00a0Rroji,\u00a0analist dhe\u00a0pedagog i shkencave politike n\u00eb universitetin\u00a0\u201cCUNY-New\u00a0York\u201d\u00a0n\u00eb Shtetet e Bashkuara t\u00eb Amerik\u00ebs, ka dh\u00ebn\u00eb nj\u00eb intervist\u00eb t\u00eb fort\u00eb p\u00ebr \u201cVip\u00a0Magazine\u201d mbi zhvillimet e fundit politike n\u00eb Shqip\u00ebri. I pyetur mbi aludimet p\u00ebr shtatz\u00ebnin\u00eb e Belinda Ballukut pasi u\u2026","rel":"","context":"In &quot;Blogu i Udh\u00ebtarit&quot;","block_context":{"text":"Blogu i Udh\u00ebtarit","link":"https:\/\/www.shqiperia.com\/blog\/category\/blogu-i-udhetarit\/"},"img":{"alt_text":"","src":"https:\/\/i0.wp.com\/www.shqiperia.com\/blog\/wp-content\/uploads\/2026\/08\/IMG_2264-1140x570-1.jpeg?fit=1140%2C570&ssl=1&resize=350%2C200","width":350,"height":200,"srcset":"https:\/\/i0.wp.com\/www.shqiperia.com\/blog\/wp-content\/uploads\/2026\/08\/IMG_2264-1140x570-1.jpeg?fit=1140%2C570&ssl=1&resize=350%2C200 1x, https:\/\/i0.wp.com\/www.shqiperia.com\/blog\/wp-content\/uploads\/2026\/08\/IMG_2264-1140x570-1.jpeg?fit=1140%2C570&ssl=1&resize=525%2C300 1.5x, https:\/\/i0.wp.com\/www.shqiperia.com\/blog\/wp-content\/uploads\/2026\/08\/IMG_2264-1140x570-1.jpeg?fit=1140%2C570&ssl=1&resize=700%2C400 2x, https:\/\/i0.wp.com\/www.shqiperia.com\/blog\/wp-content\/uploads\/2026\/08\/IMG_2264-1140x570-1.jpeg?fit=1140%2C570&ssl=1&resize=1050%2C600 3x"},"classes":[]}],"_links":{"self":[{"href":"https:\/\/www.shqiperia.com\/blog\/wp-json\/wp\/v2\/posts\/102809","targetHints":{"allow":["GET"]}}],"collection":[{"href":"https:\/\/www.shqiperia.com\/blog\/wp-json\/wp\/v2\/posts"}],"about":[{"href":"https:\/\/www.shqiperia.com\/blog\/wp-json\/wp\/v2\/types\/post"}],"author":[{"embeddable":true,"href":"https:\/\/www.shqiperia.com\/blog\/wp-json\/wp\/v2\/users\/9"}],"replies":[{"embeddable":true,"href":"https:\/\/www.shqiperia.com\/blog\/wp-json\/wp\/v2\/comments?post=102809"}],"version-history":[{"count":1,"href":"https:\/\/www.shqiperia.com\/blog\/wp-json\/wp\/v2\/posts\/102809\/revisions"}],"predecessor-version":[{"id":102811,"href":"https:\/\/www.shqiperia.com\/blog\/wp-json\/wp\/v2\/posts\/102809\/revisions\/102811"}],"wp:featuredmedia":[{"embeddable":true,"href":"https:\/\/www.shqiperia.com\/blog\/wp-json\/wp\/v2\/media\/102810"}],"wp:attachment":[{"href":"https:\/\/www.shqiperia.com\/blog\/wp-json\/wp\/v2\/media?parent=102809"}],"wp:term":[{"taxonomy":"category","embeddable":true,"href":"https:\/\/www.shqiperia.com\/blog\/wp-json\/wp\/v2\/categories?post=102809"},{"taxonomy":"post_tag","embeddable":true,"href":"https:\/\/www.shqiperia.com\/blog\/wp-json\/wp\/v2\/tags?post=102809"}],"curies":[{"name":"wp","href":"https:\/\/api.w.org\/{rel}","templated":true}]}}