{"id":102806,"date":"2026-07-17T11:10:57","date_gmt":"2026-07-17T11:10:57","guid":{"rendered":"https:\/\/www.shqiperia.com\/blog\/?p=102806"},"modified":"2026-07-17T11:10:57","modified_gmt":"2026-07-17T11:10:57","slug":"guvernatori-si-zot-preket-ligji-kreret-e-bsh-se-arrestohen-vetem-me-leje-te-kushtetueses-ndalohet-kontrolli-personal-e-i-baneses-pa","status":"publish","type":"post","link":"https:\/\/www.shqiperia.com\/blog\/guvernatori-si-zot-preket-ligji-kreret-e-bsh-se-arrestohen-vetem-me-leje-te-kushtetueses-ndalohet-kontrolli-personal-e-i-baneses-pa\/","title":{"rendered":"GUVERNATORI SI \u201cZOT\u201d\/ Preket ligji: Krer\u00ebt e BSH-s\u00eb arrestohen vet\u00ebm me leje t\u00eb Kushtetueses! Ndalohet kontrolli personal e i banes\u00ebs pa &#8230;"},"content":{"rendered":"<p data-a11y-orig-inline=\"\" data-a11y-base-fs=\"18\"><img data-recalc-dims=\"1\" loading=\"lazy\" decoding=\"async\" data-attachment-id=\"102807\" data-permalink=\"https:\/\/www.shqiperia.com\/blog\/guvernatori-si-zot-preket-ligji-kreret-e-bsh-se-arrestohen-vetem-me-leje-te-kushtetueses-ndalohet-kontrolli-personal-e-i-baneses-pa\/600-388-gurveer-1784285038\/\" data-orig-file=\"https:\/\/i0.wp.com\/www.shqiperia.com\/blog\/wp-content\/uploads\/2026\/07\/600-388-gurveer-1784285038.png?fit=600%2C388&amp;ssl=1\" data-orig-size=\"600,388\" data-comments-opened=\"1\" data-image-meta=\"{&quot;aperture&quot;:&quot;0&quot;,&quot;credit&quot;:&quot;&quot;,&quot;camera&quot;:&quot;&quot;,&quot;caption&quot;:&quot;&quot;,&quot;created_timestamp&quot;:&quot;0&quot;,&quot;copyright&quot;:&quot;&quot;,&quot;focal_length&quot;:&quot;0&quot;,&quot;iso&quot;:&quot;0&quot;,&quot;shutter_speed&quot;:&quot;0&quot;,&quot;title&quot;:&quot;&quot;,&quot;orientation&quot;:&quot;0&quot;}\" data-image-title=\"-600-388-gurveer-1784285038\" data-image-description=\"\" data-image-caption=\"\" data-medium-file=\"https:\/\/i0.wp.com\/www.shqiperia.com\/blog\/wp-content\/uploads\/2026\/07\/600-388-gurveer-1784285038.png?fit=300%2C194&amp;ssl=1\" data-large-file=\"https:\/\/i0.wp.com\/www.shqiperia.com\/blog\/wp-content\/uploads\/2026\/07\/600-388-gurveer-1784285038.png?fit=600%2C388&amp;ssl=1\" class=\"alignnone  wp-image-102807\" alt=\"\" src=\"https:\/\/i0.wp.com\/www.shqiperia.com\/blog\/wp-content\/uploads\/2026\/07\/600-388-gurveer-1784285038.png?resize=507%2C328&#038;ssl=1\" width=\"507\" height=\"328\" srcset=\"https:\/\/i0.wp.com\/www.shqiperia.com\/blog\/wp-content\/uploads\/2026\/07\/600-388-gurveer-1784285038.png?resize=300%2C194&amp;ssl=1 300w, https:\/\/i0.wp.com\/www.shqiperia.com\/blog\/wp-content\/uploads\/2026\/07\/600-388-gurveer-1784285038.png?resize=450%2C291&amp;ssl=1 450w, https:\/\/i0.wp.com\/www.shqiperia.com\/blog\/wp-content\/uploads\/2026\/07\/600-388-gurveer-1784285038.png?resize=400%2C259&amp;ssl=1 400w, https:\/\/i0.wp.com\/www.shqiperia.com\/blog\/wp-content\/uploads\/2026\/07\/600-388-gurveer-1784285038.png?w=600&amp;ssl=1 600w\" sizes=\"auto, (max-width: 507px) 100vw, 507px\" \/><\/p>\n<p data-a11y-orig-inline=\"\" data-a11y-base-fs=\"18\">17 Korrik 2026<\/p>\n<p data-a11y-orig-inline=\"\" data-a11y-base-fs=\"18\">Guvernatori dhe z\u00ebvend\u00ebsguvernator\u00ebt e Bank\u00ebs s\u00eb Shqip\u00ebris\u00eb mund t\u00eb p\u00ebrfitojn\u00eb mbrojtje t\u00eb posa\u00e7me nga arrestimi dhe kontrollet, n\u00ebse miratohet projektligji i ri p\u00ebr Bank\u00ebn e Shqip\u00ebris\u00eb, i cili ndodhet aktualisht n\u00eb konsultim publik.<\/p>\n<p data-a11y-orig-inline=\"\" data-a11y-base-fs=\"18\">Drafti parashikon q\u00eb drejtuesit e bank\u00ebs qendrore nuk mund t\u00eb arrestohen, t\u00eb privohen nga liria, apo t\u2019i n\u00ebnshtrohen kontrollit personal ose t\u00eb banes\u00ebs pa autorizimin paraprak t\u00eb Gjykat\u00ebs Kushtetuese.<\/p>\n<p data-a11y-orig-inline=\"\" data-a11y-base-fs=\"18\">P\u00ebrjashtim nga ky rregull b\u00ebjn\u00eb vet\u00ebm rastet kur guvernatori ose z\u00ebvend\u00ebsguvernator\u00ebt kapen n\u00eb flagranc\u00eb ose gjat\u00eb ndjekjes s\u00eb menj\u00ebhershme pas kryerjes s\u00eb nj\u00eb vepre penale.<\/p>\n<p data-a11y-orig-inline=\"\" data-a11y-base-fs=\"18\">Sipas nenit 72 t\u00eb projektligjit, n\u00eb rast se organi i akuz\u00ebs k\u00ebrkon vendosjen e mas\u00ebs s\u00eb arrestit ose kontrollin e banes\u00ebs, prokurori duhet t\u2019i drejtohet menj\u00ebher\u00eb Gjykat\u00ebs Kushtetuese p\u00ebr autorizim.<\/p>\n<p data-a11y-orig-inline=\"\" data-a11y-base-fs=\"18\">Gjykata Kushtetuese do t\u00eb ket\u00eb nj\u00eb afat prej dy jav\u00ebsh p\u00ebr t\u00eb shqyrtuar k\u00ebrkes\u00ebn. N\u00ebse brenda k\u00ebtij afati nuk jepet nj\u00eb vendim, k\u00ebrkesa konsiderohet automatikisht e rr\u00ebzuar.<\/p>\n<p data-a11y-orig-inline=\"\" data-a11y-base-fs=\"18\">Projektligji rikthen n\u00eb v\u00ebmendje edhe precedentin e vitit 2014, kur ish-guvernatori i Bank\u00ebs s\u00eb Shqip\u00ebris\u00eb, Ardian Fullani, u arrestua pas skandalit t\u00eb vjedhjes s\u00eb 713 milion\u00eb lek\u00ebve n\u00eb Departamentin e Emisionit t\u00eb Monedh\u00ebs. Ai u hetua p\u00ebr akuz\u00ebn e shp\u00ebrdorimit t\u00eb detyr\u00ebs.<\/p>\n<p data-a11y-orig-inline=\"\" data-a11y-base-fs=\"18\">Aktualisht, legjislacioni shqiptar parashikon imunitet p\u00ebr nj\u00eb s\u00ebr\u00eb funksionar\u00ebsh t\u00eb lart\u00eb shtet\u00ebror\u00eb, p\u00ebrfshir\u00eb Presidentin e Republik\u00ebs, Kryeministrin, ministrat, deputet\u00ebt dhe gjyqtar\u00ebt e Gjykat\u00ebs Kushtetuese.<\/p>\n<p data-a11y-orig-inline=\"\" data-a11y-base-fs=\"18\">N\u00ebse drafti miratohet, edhe guvernatori dhe z\u00ebvend\u00ebsguvernator\u00ebt e Bank\u00ebs s\u00eb Shqip\u00ebris\u00eb do t\u2019i shtohen k\u00ebsaj kategorie, duke b\u00ebr\u00eb q\u00eb \u00e7do mas\u00eb kufizuese ndaj tyre t\u00eb k\u00ebrkoj\u00eb m\u00eb par\u00eb miratimin e Gjykat\u00ebs Kushtetuese<\/p>\n","protected":false},"excerpt":{"rendered":"<p>17 Korrik 2026 Guvernatori dhe z\u00ebvend\u00ebsguvernator\u00ebt e Bank\u00ebs s\u00eb Shqip\u00ebris\u00eb mund t\u00eb p\u00ebrfitojn\u00eb mbrojtje t\u00eb posa\u00e7me nga arrestimi dhe kontrollet, n\u00ebse miratohet projektligji i ri p\u00ebr Bank\u00ebn e Shqip\u00ebris\u00eb, i cili ndodhet aktualisht n\u00eb konsultim publik. Drafti parashikon q\u00eb drejtuesit e bank\u00ebs qendrore nuk mund t\u00eb arrestohen, t\u00eb privohen nga liria, apo t\u2019i n\u00ebnshtrohen kontrollit [&hellip;]<\/p>\n","protected":false},"author":9,"featured_media":102807,"comment_status":"open","ping_status":"open","sticky":false,"template":"","format":"standard","meta":{"jetpack_post_was_ever_published":false,"_jetpack_newsletter_access":"","_jetpack_dont_email_post_to_subs":false,"_jetpack_newsletter_tier_id":0,"_jetpack_memberships_contains_paywalled_content":false,"_jetpack_memberships_contains_paid_content":false,"footnotes":"","jetpack_publicize_message":"","jetpack_publicize_feature_enabled":true,"jetpack_social_post_already_shared":true,"jetpack_social_options":{"image_generator_settings":{"template":"highway","default_image_id":0,"font":"","enabled":false},"version":2}},"categories":[27,1,2,35],"tags":[],"class_list":["post-102806","post","type-post","status-publish","format-standard","has-post-thumbnail","hentry","category-blogu-i-udhetarit","category-njoftime-shtypi","category-politika","category-shoqerore"],"jetpack_publicize_connections":[],"jetpack_featured_media_url":"https:\/\/i0.wp.com\/www.shqiperia.com\/blog\/wp-content\/uploads\/2026\/07\/600-388-gurveer-1784285038.png?fit=600%2C388&ssl=1","jetpack_sharing_enabled":true,"jetpack_shortlink":"https:\/\/wp.me\/p5Z6wp-qKa","jetpack-related-posts":[{"id":102879,"url":"https:\/\/www.shqiperia.com\/blog\/ligji-shqiptar-edhe-presidenti-i-republikes-mund-te-hetohet-ligji-i-maligjit-nuk-lejohet-hetimi-i-krereve-te-bankes-se-shqiperise\/","url_meta":{"origin":102806,"position":0},"title":"Ligji Shqiptar &#8211; Edhe Presidenti i Republikes mund te hetohet, Ligji i Maligjit &#8211; Nuk lejohet hetimi i Krereve te Bankes se Shqiperise.","author":"Kurt Farka","date":"July 18, 2026","format":false,"excerpt":"18 Korrik 2026 Nga Orgen Peci Nj\u00eb projektligj i ri p\u00ebr Bank\u00ebn e Shqip\u00ebris\u00eb ka ofruar nj\u00eb mburoj\u00eb penale p\u00ebr drejtuesit e institucionit p\u00ebrmes forcimit t\u00eb imunitetit p\u00ebrball\u00eb ndjekjes penale dhe masave t\u00eb arrestit. Neni 72 i projektligjit ndalon \u00e7do form\u00eb arrestimi apo kontrolli personal e t\u00eb banes\u00ebs p\u00ebr guvernatorin\u2026","rel":"","context":"In &quot;Blogu i Udh\u00ebtarit&quot;","block_context":{"text":"Blogu i Udh\u00ebtarit","link":"https:\/\/www.shqiperia.com\/blog\/category\/blogu-i-udhetarit\/"},"img":{"alt_text":"","src":"https:\/\/i0.wp.com\/www.shqiperia.com\/blog\/wp-content\/uploads\/2026\/07\/bsh-750x375-1-jpg.webp?fit=750%2C375&ssl=1&resize=350%2C200","width":350,"height":200,"srcset":"https:\/\/i0.wp.com\/www.shqiperia.com\/blog\/wp-content\/uploads\/2026\/07\/bsh-750x375-1-jpg.webp?fit=750%2C375&ssl=1&resize=350%2C200 1x, https:\/\/i0.wp.com\/www.shqiperia.com\/blog\/wp-content\/uploads\/2026\/07\/bsh-750x375-1-jpg.webp?fit=750%2C375&ssl=1&resize=525%2C300 1.5x, https:\/\/i0.wp.com\/www.shqiperia.com\/blog\/wp-content\/uploads\/2026\/07\/bsh-750x375-1-jpg.webp?fit=750%2C375&ssl=1&resize=700%2C400 2x"},"classes":[]},{"id":104116,"url":"https:\/\/www.shqiperia.com\/blog\/i-mbushja-arkat-bosh-me-libra-qe-te-ruhej-pesha-si-vidheshin-parate-me-kile-brenda-bankes-se-shqiperise-vijimi-i-nje-procesi\/","url_meta":{"origin":102806,"position":1},"title":"\u201cI mbushja arkat bosh me libra q\u00eb t\u00eb ruhej pesha\u201d! Si vidheshin parat\u00eb me kile brenda Bank\u00ebs s\u00eb Shqip\u00ebris\u00eb, vijimi i nj\u00eb procesi","author":"Kurt Farka","date":"August 10, 2026","format":false,"excerpt":"10 Gusht 2026 Nga Gazeta Dita \u00c7\u00ebshtja penale e grabitjes s\u00eb Bank\u00ebs s\u00eb Shqip\u00ebris\u00eb, ndodhur p\u00ebrmbi nj\u00eb dekad\u00eb m\u00eb par\u00eb, \u00ebsht\u00eb mbyllur, por lufta civile p\u00ebr kthimin e nj\u00eb pjese t\u00eb shum\u00ebs s\u00eb vjedhur vazhdon. Dy gjykata civile kan\u00eb urdh\u00ebruar dy nga t\u00eb akuzuarit, ish-punonj\u00ebs t\u00eb Bank\u00ebs s\u00eb Shqip\u00ebris\u00eb, q\u00eb\u2026","rel":"","context":"In &quot;Blogu i Udh\u00ebtarit&quot;","block_context":{"text":"Blogu i Udh\u00ebtarit","link":"https:\/\/www.shqiperia.com\/blog\/category\/blogu-i-udhetarit\/"},"img":{"alt_text":"","src":"https:\/\/i0.wp.com\/www.shqiperia.com\/blog\/wp-content\/uploads\/2026\/08\/Ardian-Fullani.jpg?fit=720%2C587&ssl=1&resize=350%2C200","width":350,"height":200,"srcset":"https:\/\/i0.wp.com\/www.shqiperia.com\/blog\/wp-content\/uploads\/2026\/08\/Ardian-Fullani.jpg?fit=720%2C587&ssl=1&resize=350%2C200 1x, https:\/\/i0.wp.com\/www.shqiperia.com\/blog\/wp-content\/uploads\/2026\/08\/Ardian-Fullani.jpg?fit=720%2C587&ssl=1&resize=525%2C300 1.5x, https:\/\/i0.wp.com\/www.shqiperia.com\/blog\/wp-content\/uploads\/2026\/08\/Ardian-Fullani.jpg?fit=720%2C587&ssl=1&resize=700%2C400 2x"},"classes":[]},{"id":104174,"url":"https:\/\/www.shqiperia.com\/blog\/euro-93-07-leke\/","url_meta":{"origin":102806,"position":2},"title":"Euro 93.07 lek\u00eb","author":"Kurt Farka","date":"August 10, 2026","format":false,"excerpt":"10 Gusht 2026 Krahasuar me nivelin m\u00eb t\u00eb lart\u00eb historik, prej 140.4 lek\u00ebsh, t\u00eb arritur n\u00eb shkurt t\u00eb vitit 2011, euro k\u00ebmbehet me 47.5 lek\u00eb m\u00eb pak, me nj\u00eb r\u00ebnie prej 34%. Monedha e p\u00ebrbashk\u00ebt ka sh\u00ebnuar nj\u00eb tjet\u00ebr r\u00ebnie n\u00eb tregun e brendsh\u00ebm valutor gjat\u00eb dit\u00ebs s\u00eb sotme, duke\u2026","rel":"","context":"In &quot;Blogu i Udh\u00ebtarit&quot;","block_context":{"text":"Blogu i Udh\u00ebtarit","link":"https:\/\/www.shqiperia.com\/blog\/category\/blogu-i-udhetarit\/"},"img":{"alt_text":"","src":"https:\/\/i0.wp.com\/www.shqiperia.com\/blog\/wp-content\/uploads\/2026\/08\/640-0-410eb219b20ada053ba73ced0a9e4da6.jpg?fit=640%2C430&ssl=1&resize=350%2C200","width":350,"height":200,"srcset":"https:\/\/i0.wp.com\/www.shqiperia.com\/blog\/wp-content\/uploads\/2026\/08\/640-0-410eb219b20ada053ba73ced0a9e4da6.jpg?fit=640%2C430&ssl=1&resize=350%2C200 1x, https:\/\/i0.wp.com\/www.shqiperia.com\/blog\/wp-content\/uploads\/2026\/08\/640-0-410eb219b20ada053ba73ced0a9e4da6.jpg?fit=640%2C430&ssl=1&resize=525%2C300 1.5x"},"classes":[]},{"id":103571,"url":"https:\/\/www.shqiperia.com\/blog\/tregu-i-pronave-ne-shqiperi-cmimet-rriten-me-shpejt-se-pagat-rrezik-mbivleresimi\/","url_meta":{"origin":102806,"position":3},"title":"Tregu i pronave n\u00eb Shqip\u00ebri\/ \u00c7mimet rriten m\u00eb shpejt se pagat, rrezik mbivler\u00ebsimi","author":"Kurt Farka","date":"August 1, 2026","format":false,"excerpt":"1 Gusht 2026 A \u00ebsht\u00eb tregu imobiliar shqiptar n\u00eb nj\u00eb fllusk\u00eb, apo rritja e \u00e7mimeve mb\u00ebshtetet ende nga faktor\u00eb ekonomik\u00eb? Nj\u00eb perspektiv\u00eb investimi e bazuar n\u00eb t\u00eb dh\u00ebna nga Banka e Shqip\u00ebris\u00eb, INSTAT, Fondi Monetar Komb\u00ebtar dhe Banka Bot\u00ebrore Tregu i pasurive t\u00eb paluajtshme \u00ebsht\u00eb mesatarisht i mbivler\u00ebsuar, por nuk\u2026","rel":"","context":"In &quot;Blogu i Udh\u00ebtarit&quot;","block_context":{"text":"Blogu i Udh\u00ebtarit","link":"https:\/\/www.shqiperia.com\/blog\/category\/blogu-i-udhetarit\/"},"img":{"alt_text":"","src":"https:\/\/i0.wp.com\/www.shqiperia.com\/blog\/wp-content\/uploads\/2026\/08\/OIP-1-1.webp?fit=474%2C249&ssl=1&resize=350%2C200","width":350,"height":200},"classes":[]},{"id":102521,"url":"https:\/\/www.shqiperia.com\/blog\/juristi-romeo-kara-i-plas-skandalin-fatmir-xhafajt-kushtetuta-ndalon-kontrollin-e-klsh-ja-pse-kuvendi-nuk-ka-asnje\/","url_meta":{"origin":102806,"position":4},"title":"Juristi Romeo Kara i plas skandalin Fatmir Xhafajt: &#8211; Kushtetuta ndalon kontrollin e KLSH, ja pse Kuvendi nuk ka asnj\u00eb\u2026","author":"Kurt Farka","date":"July 12, 2026","format":false,"excerpt":"12 Korrik 2026 Raportet e fundit t\u00eb Kontrollit t\u00eb Lart\u00eb t\u00eb Shtetit (KLSH) duket se kan\u00eb shkaktuar nervoziz\u00ebm n\u00eb radh\u00ebt e mazhoranc\u00ebs. Kryeministri Edi Rama \u00ebsht\u00eb irrituar nga konstatimet e auditimeve, t\u00eb cilat kan\u00eb zbuluar abuzime n\u00eb nj\u00eb s\u00ebr\u00eb institucionesh shtet\u00ebrore. P\u00ebr pasoj\u00eb, n\u00eb sken\u00eb \u00ebsht\u00eb rikthyer nj\u00eb nga figurat\u2026","rel":"","context":"In &quot;Blogu i Udh\u00ebtarit&quot;","block_context":{"text":"Blogu i Udh\u00ebtarit","link":"https:\/\/www.shqiperia.com\/blog\/category\/blogu-i-udhetarit\/"},"img":{"alt_text":"","src":"https:\/\/i0.wp.com\/www.shqiperia.com\/blog\/wp-content\/uploads\/2026\/07\/IMG_1986-1140x570-1.jpeg?fit=1140%2C570&ssl=1&resize=350%2C200","width":350,"height":200,"srcset":"https:\/\/i0.wp.com\/www.shqiperia.com\/blog\/wp-content\/uploads\/2026\/07\/IMG_1986-1140x570-1.jpeg?fit=1140%2C570&ssl=1&resize=350%2C200 1x, https:\/\/i0.wp.com\/www.shqiperia.com\/blog\/wp-content\/uploads\/2026\/07\/IMG_1986-1140x570-1.jpeg?fit=1140%2C570&ssl=1&resize=525%2C300 1.5x, https:\/\/i0.wp.com\/www.shqiperia.com\/blog\/wp-content\/uploads\/2026\/07\/IMG_1986-1140x570-1.jpeg?fit=1140%2C570&ssl=1&resize=700%2C400 2x, https:\/\/i0.wp.com\/www.shqiperia.com\/blog\/wp-content\/uploads\/2026\/07\/IMG_1986-1140x570-1.jpeg?fit=1140%2C570&ssl=1&resize=1050%2C600 3x"},"classes":[]},{"id":102461,"url":"https:\/\/www.shqiperia.com\/blog\/paradoksi-i-ekonomise-shqiptare-euro-bie-inflacioni-rritet-dhe-prodhimi-vendas-humbet-terren\/","url_meta":{"origin":102806,"position":5},"title":"Paradoksi i ekonomis\u00eb shqiptare: &#8211; Euro bie, inflacioni rritet dhe prodhimi vendas humbet terren","author":"Kurt Farka","date":"July 10, 2026","format":false,"excerpt":"10 Korrik 2026 N\u00ebse nuk nd\u00ebrmerren politika t\u00eb koordinuara nga Banka e Shqip\u00ebris\u00eb dhe Qeveria p\u00ebr t\u00eb mb\u00ebshtetur sektor\u00ebt prodhues dhe eksportues, rreziku \u00ebsht\u00eb q\u00eb vendi t\u00eb hyj\u00eb n\u00eb nj\u00eb cik\u00ebl ku rritja mb\u00ebshtetet gjithnj\u00eb e m\u00eb pak te prodhimi dhe gjithnj\u00eb e m\u00eb shum\u00eb te importet, konsumi dhe sektor\u00ebt\u2026","rel":"","context":"In &quot;Blogu i Udh\u00ebtarit&quot;","block_context":{"text":"Blogu i Udh\u00ebtarit","link":"https:\/\/www.shqiperia.com\/blog\/category\/blogu-i-udhetarit\/"},"img":{"alt_text":"","src":"https:\/\/i0.wp.com\/www.shqiperia.com\/blog\/wp-content\/uploads\/2026\/07\/IMG-20260709-WA0000.jpg?fit=1200%2C800&ssl=1&resize=350%2C200","width":350,"height":200,"srcset":"https:\/\/i0.wp.com\/www.shqiperia.com\/blog\/wp-content\/uploads\/2026\/07\/IMG-20260709-WA0000.jpg?fit=1200%2C800&ssl=1&resize=350%2C200 1x, https:\/\/i0.wp.com\/www.shqiperia.com\/blog\/wp-content\/uploads\/2026\/07\/IMG-20260709-WA0000.jpg?fit=1200%2C800&ssl=1&resize=525%2C300 1.5x, https:\/\/i0.wp.com\/www.shqiperia.com\/blog\/wp-content\/uploads\/2026\/07\/IMG-20260709-WA0000.jpg?fit=1200%2C800&ssl=1&resize=700%2C400 2x, https:\/\/i0.wp.com\/www.shqiperia.com\/blog\/wp-content\/uploads\/2026\/07\/IMG-20260709-WA0000.jpg?fit=1200%2C800&ssl=1&resize=1050%2C600 3x"},"classes":[]}],"_links":{"self":[{"href":"https:\/\/www.shqiperia.com\/blog\/wp-json\/wp\/v2\/posts\/102806","targetHints":{"allow":["GET"]}}],"collection":[{"href":"https:\/\/www.shqiperia.com\/blog\/wp-json\/wp\/v2\/posts"}],"about":[{"href":"https:\/\/www.shqiperia.com\/blog\/wp-json\/wp\/v2\/types\/post"}],"author":[{"embeddable":true,"href":"https:\/\/www.shqiperia.com\/blog\/wp-json\/wp\/v2\/users\/9"}],"replies":[{"embeddable":true,"href":"https:\/\/www.shqiperia.com\/blog\/wp-json\/wp\/v2\/comments?post=102806"}],"version-history":[{"count":1,"href":"https:\/\/www.shqiperia.com\/blog\/wp-json\/wp\/v2\/posts\/102806\/revisions"}],"predecessor-version":[{"id":102808,"href":"https:\/\/www.shqiperia.com\/blog\/wp-json\/wp\/v2\/posts\/102806\/revisions\/102808"}],"wp:featuredmedia":[{"embeddable":true,"href":"https:\/\/www.shqiperia.com\/blog\/wp-json\/wp\/v2\/media\/102807"}],"wp:attachment":[{"href":"https:\/\/www.shqiperia.com\/blog\/wp-json\/wp\/v2\/media?parent=102806"}],"wp:term":[{"taxonomy":"category","embeddable":true,"href":"https:\/\/www.shqiperia.com\/blog\/wp-json\/wp\/v2\/categories?post=102806"},{"taxonomy":"post_tag","embeddable":true,"href":"https:\/\/www.shqiperia.com\/blog\/wp-json\/wp\/v2\/tags?post=102806"}],"curies":[{"name":"wp","href":"https:\/\/api.w.org\/{rel}","templated":true}]}}