{"id":102803,"date":"2026-07-17T02:55:59","date_gmt":"2026-07-17T02:55:59","guid":{"rendered":"https:\/\/www.shqiperia.com\/blog\/?p=102803"},"modified":"2026-07-17T02:55:59","modified_gmt":"2026-07-17T02:55:59","slug":"masaker-mjedisore-ne-sevran-te-skraparit-firma-rrafshon-pyllin-pa-patur-leje-punetoret-e-pranojne-para-kameres","status":"publish","type":"post","link":"https:\/\/www.shqiperia.com\/blog\/masaker-mjedisore-ne-sevran-te-skraparit-firma-rrafshon-pyllin-pa-patur-leje-punetoret-e-pranojne-para-kameres\/","title":{"rendered":"Masak\u00ebr mjedisore n\u00eb Sevran t\u00eb Skraparit, firma rrafshon pyllin pa patur leje. &#8211; Pun\u00ebtor\u00ebt e pranojn\u00eb para kamer\u00ebs"},"content":{"rendered":"<div class=\"firstP\">\n<p><img data-recalc-dims=\"1\" loading=\"lazy\" decoding=\"async\" data-attachment-id=\"102804\" data-permalink=\"https:\/\/www.shqiperia.com\/blog\/masaker-mjedisore-ne-sevran-te-skraparit-firma-rrafshon-pyllin-pa-patur-leje-punetoret-e-pranojne-para-kameres\/still1201_00001_sd-1200x675\/\" data-orig-file=\"https:\/\/i0.wp.com\/www.shqiperia.com\/blog\/wp-content\/uploads\/2026\/07\/Still1201_00001_sd-1200x675-1.webp?fit=1200%2C675&amp;ssl=1\" data-orig-size=\"1200,675\" data-comments-opened=\"1\" data-image-meta=\"{&quot;aperture&quot;:&quot;0&quot;,&quot;credit&quot;:&quot;&quot;,&quot;camera&quot;:&quot;&quot;,&quot;caption&quot;:&quot;&quot;,&quot;created_timestamp&quot;:&quot;0&quot;,&quot;copyright&quot;:&quot;&quot;,&quot;focal_length&quot;:&quot;0&quot;,&quot;iso&quot;:&quot;0&quot;,&quot;shutter_speed&quot;:&quot;0&quot;,&quot;title&quot;:&quot;&quot;,&quot;orientation&quot;:&quot;0&quot;}\" data-image-title=\"Still1201_00001_sd-1200&#215;675\" data-image-description=\"\" data-image-caption=\"\" data-medium-file=\"https:\/\/i0.wp.com\/www.shqiperia.com\/blog\/wp-content\/uploads\/2026\/07\/Still1201_00001_sd-1200x675-1.webp?fit=300%2C169&amp;ssl=1\" data-large-file=\"https:\/\/i0.wp.com\/www.shqiperia.com\/blog\/wp-content\/uploads\/2026\/07\/Still1201_00001_sd-1200x675-1.webp?fit=1024%2C576&amp;ssl=1\" class=\"alignnone  wp-image-102804\" alt=\"\" src=\"https:\/\/i0.wp.com\/www.shqiperia.com\/blog\/wp-content\/uploads\/2026\/07\/Still1201_00001_sd-1200x675-1.webp?resize=620%2C349&#038;ssl=1\" width=\"620\" height=\"349\" srcset=\"https:\/\/i0.wp.com\/www.shqiperia.com\/blog\/wp-content\/uploads\/2026\/07\/Still1201_00001_sd-1200x675-1.webp?resize=300%2C169&amp;ssl=1 300w, https:\/\/i0.wp.com\/www.shqiperia.com\/blog\/wp-content\/uploads\/2026\/07\/Still1201_00001_sd-1200x675-1.webp?resize=1024%2C576&amp;ssl=1 1024w, https:\/\/i0.wp.com\/www.shqiperia.com\/blog\/wp-content\/uploads\/2026\/07\/Still1201_00001_sd-1200x675-1.webp?resize=768%2C432&amp;ssl=1 768w, https:\/\/i0.wp.com\/www.shqiperia.com\/blog\/wp-content\/uploads\/2026\/07\/Still1201_00001_sd-1200x675-1.webp?resize=450%2C253&amp;ssl=1 450w, https:\/\/i0.wp.com\/www.shqiperia.com\/blog\/wp-content\/uploads\/2026\/07\/Still1201_00001_sd-1200x675-1.webp?resize=600%2C338&amp;ssl=1 600w, https:\/\/i0.wp.com\/www.shqiperia.com\/blog\/wp-content\/uploads\/2026\/07\/Still1201_00001_sd-1200x675-1.webp?resize=400%2C225&amp;ssl=1 400w, https:\/\/i0.wp.com\/www.shqiperia.com\/blog\/wp-content\/uploads\/2026\/07\/Still1201_00001_sd-1200x675-1.webp?w=1200&amp;ssl=1 1200w\" sizes=\"auto, (max-width: 620px) 100vw, 620px\" \/><\/p>\n<p>17 Korrik 2026<\/p>\n<p>Nj\u00eb masak\u00ebr mjedisore po ndodh n\u00eb malin e Sevranit n\u00eb Skrapar, aty ku nj\u00eb kompani e licencuar p\u00ebr shfryt\u00ebzimin e pyllit dyshohet se ka prer\u00eb pa kriter qindra pem\u00eb, duke shkelur procedurat ligjore q\u00eb rregullojn\u00eb administrimin e fondit pyjor.<\/p>\n<\/div>\n<p>Pamjet e siguruara nga emisioni \u00a0Fiks Fare tregojn\u00eb stiva drush t\u00eb vendosura p\u00ebrgjat\u00eb rrug\u00ebs, me gjat\u00ebsi q\u00eb arrijn\u00eb deri n\u00eb 10 metra, nd\u00ebrsa n\u00eb zon\u00eb shihen sip\u00ebrfaqe t\u00eb t\u00ebra t\u00eb zhveshura nga pem\u00ebt. Pun\u00ebtor\u00ebt e firm\u00ebs vijojn\u00eb prerjen e pyllit, por sapo konstatojn\u00eb pranin\u00eb e dronit largohen nga vendi.<\/p>\n<p><img data-recalc-dims=\"1\" loading=\"lazy\" decoding=\"async\" class=\"alignnone size-medium wp-image-3392193\" alt=\"\" src=\"https:\/\/i0.wp.com\/top-channel.tv\/wp-content\/uploads\/2026\/07\/Still1201_00007_sd-1-800x450.jpg?resize=800%2C450&#038;ssl=1\" width=\"800\" height=\"450\" \/><\/p>\n<p>Gjat\u00eb bised\u00ebs me gazetar\u00ebt, dy pun\u00ebtor\u00eb q\u00eb kryenin prerjen e druve pranojn\u00eb se nuk kan\u00eb par\u00eb asnj\u00eb pem\u00eb t\u00eb damkosur p\u00ebrpara prerjes. Ata deklarojn\u00eb se njohin vet\u00ebm emrin e pronarit t\u00eb firm\u00ebs, Sokol, nd\u00ebrsa nj\u00ebri prej tyre tregon se ka punuar prej vitesh n\u00eb sektorin pyjor dhe se n\u00eb raste t\u00eb tjera pem\u00ebt q\u00eb duheshin prer\u00eb ishin t\u00eb identifikuara m\u00eb par\u00eb nga autoritetet.<\/p>\n<p><img data-recalc-dims=\"1\" loading=\"lazy\" decoding=\"async\" class=\"alignnone size-medium wp-image-3392194\" alt=\"\" src=\"https:\/\/i0.wp.com\/top-channel.tv\/wp-content\/uploads\/2026\/07\/Still1201_00006_sd-1-800x450.jpg?resize=800%2C450&#038;ssl=1\" width=\"800\" height=\"450\" \/><\/p>\n<p>\u201cKam punuar gjith\u00eb jet\u00ebn n\u00eb pyje. Kur kam punuar n\u00eb Kor\u00e7\u00eb, pem\u00ebt ishin t\u00eb damkosura. K\u00ebtu po i presim vet\u00eb dhe jemi munduar t\u00eb l\u00ebm\u00eb ndonj\u00eb pa prer\u00eb\u201d, shprehet ai.<\/p>\n<p><img data-recalc-dims=\"1\" loading=\"lazy\" decoding=\"async\" class=\"alignnone size-medium wp-image-3392195\" alt=\"\" src=\"https:\/\/i0.wp.com\/top-channel.tv\/wp-content\/uploads\/2026\/07\/Still1201_00005_sd-1-800x450.jpg?resize=800%2C450&#038;ssl=1\" width=\"800\" height=\"450\" \/><\/p>\n<p>P\u00ebrball\u00eb gazetar\u00ebve mb\u00ebrrin edhe pronari i firm\u00ebs, i cili deklaron se disponon leje t\u00eb rregullt shfryt\u00ebzimi. Por kur pyetet se kush ka p\u00ebrcaktuar pem\u00ebt q\u00eb duhej t\u00eb priteshin dhe ku ndodhen pem\u00ebt e damkosura, ai fillimisht pretendon se procedurat jan\u00eb ndjekur, por m\u00eb pas nuk arrin t\u00eb tregoj\u00eb asnj\u00eb pem\u00eb t\u00eb damkosur n\u00eb terren. N\u00eb fund t\u00eb bised\u00ebs ai k\u00ebrkon nd\u00ebrprerjen e xhirimeve.<\/p>\n<p><img data-recalc-dims=\"1\" loading=\"lazy\" decoding=\"async\" class=\"alignnone size-medium wp-image-3392196\" alt=\"\" src=\"https:\/\/i0.wp.com\/top-channel.tv\/wp-content\/uploads\/2026\/07\/Still1201_00004_sd-800x450.jpg?resize=800%2C450&#038;ssl=1\" width=\"800\" height=\"450\" \/><\/p>\n<p>Edhe drejtori i sh\u00ebrbimit pyjor pran\u00eb Bashkis\u00eb Skrapar pranon se pem\u00ebt nuk jan\u00eb damkosur, ndon\u00ebse kjo \u00ebsht\u00eb nj\u00eb procedur\u00eb e detyrueshme p\u00ebrpara \u00e7do prerjeje. Sipas tij, firma \u00ebsht\u00eb e pajisur me leje p\u00ebr prerje drush zjarri, nd\u00ebrsa inspektori i zon\u00ebs ka kryer kontroll, por ende nuk ka dor\u00ebzuar procesverbalin p\u00ebrkat\u00ebs.<\/p>\n<p><img data-recalc-dims=\"1\" loading=\"lazy\" decoding=\"async\" class=\"alignnone size-medium wp-image-3392197\" alt=\"\" src=\"https:\/\/i0.wp.com\/top-channel.tv\/wp-content\/uploads\/2026\/07\/Still1201_00003_sd-1-800x450.jpg?resize=800%2C450&#038;ssl=1\" width=\"800\" height=\"450\" \/><\/p>\n<p>Drejtori pranoi se damkosja e pem\u00ebve duhej t\u00eb ishte kryer dhe premtoi se do t\u00eb dilte menj\u00ebher\u00eb n\u00eb terren p\u00ebr t\u00eb verifikuar situat\u00ebn dhe p\u00ebr t\u00eb marr\u00eb masa ndaj firm\u00ebs n\u00ebse konstatohen shkelje.<\/p>\n<p><img data-recalc-dims=\"1\" loading=\"lazy\" decoding=\"async\" class=\"alignnone size-medium wp-image-3392198\" alt=\"\" src=\"https:\/\/i0.wp.com\/top-channel.tv\/wp-content\/uploads\/2026\/07\/Still1201_00002_sd-800x450.jpg?resize=800%2C450&#038;ssl=1\" width=\"800\" height=\"450\" \/><\/p>\n<p>Pas interesimit t\u00eb gazetar\u00ebve, n\u00eb dijeni t\u00eb rastit u vu edhe kryetari i Bashkis\u00eb Skrapar, i cili premtoi verifikimin e plot\u00eb t\u00eb procedurave dhe marrjen e masave administrative ndaj \u00e7do personi apo institucioni q\u00eb ka shkelur ligjin, duke pranuar edhe p\u00ebrgjegj\u00ebsin\u00eb institucionale p\u00ebr situat\u00ebn e krijuar.<\/p>\n<p><img data-recalc-dims=\"1\" loading=\"lazy\" decoding=\"async\" class=\"alignnone size-medium wp-image-3392199\" alt=\"\" src=\"https:\/\/i0.wp.com\/top-channel.tv\/wp-content\/uploads\/2026\/07\/Still1201_00001_sd-800x450.jpg?resize=800%2C450&#038;ssl=1\" width=\"800\" height=\"450\" \/><\/p>\n<p><img data-recalc-dims=\"1\" loading=\"lazy\" decoding=\"async\" class=\"alignnone size-medium wp-image-3392200\" alt=\"\" src=\"https:\/\/i0.wp.com\/top-channel.tv\/wp-content\/uploads\/2026\/07\/Still1201_00000_sd-800x450.jpg?resize=800%2C450&#038;ssl=1\" width=\"800\" height=\"450\" \/><\/p>\n","protected":false},"excerpt":{"rendered":"<p>17 Korrik 2026 Nj\u00eb masak\u00ebr mjedisore po ndodh n\u00eb malin e Sevranit n\u00eb Skrapar, aty ku nj\u00eb kompani e licencuar p\u00ebr shfryt\u00ebzimin e pyllit dyshohet se ka prer\u00eb pa kriter qindra pem\u00eb, duke shkelur procedurat ligjore q\u00eb rregullojn\u00eb administrimin e fondit pyjor. Pamjet e siguruara nga emisioni \u00a0Fiks Fare tregojn\u00eb stiva drush t\u00eb vendosura p\u00ebrgjat\u00eb [&hellip;]<\/p>\n","protected":false},"author":9,"featured_media":102804,"comment_status":"open","ping_status":"open","sticky":false,"template":"","format":"standard","meta":{"jetpack_post_was_ever_published":false,"_jetpack_newsletter_access":"","_jetpack_dont_email_post_to_subs":false,"_jetpack_newsletter_tier_id":0,"_jetpack_memberships_contains_paywalled_content":false,"_jetpack_memberships_contains_paid_content":false,"footnotes":"","jetpack_publicize_message":"","jetpack_publicize_feature_enabled":true,"jetpack_social_post_already_shared":true,"jetpack_social_options":{"image_generator_settings":{"template":"highway","default_image_id":0,"font":"","enabled":false},"version":2}},"categories":[27,10,1,2,35],"tags":[],"class_list":["post-102803","post","type-post","status-publish","format-standard","has-post-thumbnail","hentry","category-blogu-i-udhetarit","category-kultura","category-njoftime-shtypi","category-politika","category-shoqerore"],"jetpack_publicize_connections":[],"jetpack_featured_media_url":"https:\/\/i0.wp.com\/www.shqiperia.com\/blog\/wp-content\/uploads\/2026\/07\/Still1201_00001_sd-1200x675-1.webp?fit=1200%2C675&ssl=1","jetpack_sharing_enabled":true,"jetpack_shortlink":"https:\/\/wp.me\/p5Z6wp-qK7","jetpack-related-posts":[{"id":103303,"url":"https:\/\/www.shqiperia.com\/blog\/zjarri-ne-pyllin-e-sodes-5-hektare-me-pisha-te-djegura-rama-jemi-gati-tu-shkojme-ne-ndihme-frances-dhe-spanjes-nese\/","url_meta":{"origin":102803,"position":0},"title":"Zjarri n\u00eb pyllin e Sod\u00ebs, 5 hektar\u00eb me pisha t\u00eb djegura!  &#8211; Rama Jemi gati t\u2019u shkojm\u00eb n\u00eb ndihm\u00eb Frances dhe Spanjes  n\u00ebse\u2026","author":"Kurt Farka","date":"July 27, 2026","format":false,"excerpt":"27 Korrik 2026 Rreth 5 hektar\u00eb pyll me pisha n\u00eb zon\u00ebn e Pyllit t\u00eb Sod\u00ebs u dogj\u00ebn nga zjarri q\u00eb shp\u00ebrtheu mesdit\u00ebn e s\u00eb diel\u00ebs dhe u vu n\u00ebn kontroll vet\u00ebm n\u00eb or\u00ebt e vona t\u00eb mbr\u00ebmjes, pas nj\u00eb operacioni t\u00eb gjat\u00eb dhe t\u00eb v\u00ebshtir\u00eb. N\u00eb terren u angazhuan forcat\u2026","rel":"","context":"In &quot;Blogu i Udh\u00ebtarit&quot;","block_context":{"text":"Blogu i Udh\u00ebtarit","link":"https:\/\/www.shqiperia.com\/blog\/category\/blogu-i-udhetarit\/"},"img":{"alt_text":"","src":"https:\/\/i0.wp.com\/www.shqiperia.com\/blog\/wp-content\/uploads\/2026\/07\/Shutterstock_13001250f.jpg?fit=440%2C293&ssl=1&resize=350%2C200","width":350,"height":200},"classes":[]},{"id":103830,"url":"https:\/\/www.shqiperia.com\/blog\/prokuroria-e-vlores-nis-hetimet-per-punime-te-paligjshme-ne-zvernec-nuk-ka-ende-persona-nen-hetim-per-akuza\/","url_meta":{"origin":102803,"position":1},"title":"Prokuroria e Vlor\u00ebs nis hetimet p\u00ebr punime t\u00eb paligjshme n\u00eb Zv\u00ebrnec: &#8211; Nuk ka ende persona n\u00ebn hetim p\u00ebr akuza","author":"Kurt Farka","date":"August 5, 2026","format":false,"excerpt":"Nga Vladimir Karaj Prokuroria e Vlor\u00ebs ka nisur zyrtarisht hetimet p\u00ebr nd\u00ebrhyrjet e paligjshme dhe d\u00ebmtimin e mjedisit n\u00eb zon\u00ebn e mbrojtur t\u00eb Zv\u00ebrnecit, ku planifikohet nd\u00ebrtimi i nj\u00eb resorti luksoz t\u00eb lidhur me familjar\u00ebt e presidentit amerikan, Donald Trump. Tre muaj pasi makinerit\u00eb e r\u00ebnda nd\u00ebrhyn\u00eb n\u00eb zon\u00ebn e\u2026","rel":"","context":"In &quot;Blogu i Udh\u00ebtarit&quot;","block_context":{"text":"Blogu i Udh\u00ebtarit","link":"https:\/\/www.shqiperia.com\/blog\/category\/blogu-i-udhetarit\/"},"img":{"alt_text":"","src":"https:\/\/i0.wp.com\/www.shqiperia.com\/blog\/wp-content\/uploads\/2026\/08\/710537798_1387786336707150_2485825779914567109_n-1-750x422-1.jpg?fit=750%2C422&ssl=1&resize=350%2C200","width":350,"height":200,"srcset":"https:\/\/i0.wp.com\/www.shqiperia.com\/blog\/wp-content\/uploads\/2026\/08\/710537798_1387786336707150_2485825779914567109_n-1-750x422-1.jpg?fit=750%2C422&ssl=1&resize=350%2C200 1x, https:\/\/i0.wp.com\/www.shqiperia.com\/blog\/wp-content\/uploads\/2026\/08\/710537798_1387786336707150_2485825779914567109_n-1-750x422-1.jpg?fit=750%2C422&ssl=1&resize=525%2C300 1.5x, https:\/\/i0.wp.com\/www.shqiperia.com\/blog\/wp-content\/uploads\/2026\/08\/710537798_1387786336707150_2485825779914567109_n-1-750x422-1.jpg?fit=750%2C422&ssl=1&resize=700%2C400 2x"},"classes":[]},{"id":101982,"url":"https:\/\/www.shqiperia.com\/blog\/plaget-e-buldozereve-mbi-folene-e-zogjve-te-eger-ne-zvernec\/","url_meta":{"origin":102803,"position":2},"title":"Plag\u00ebt e buldozer\u00ebve mbi \u2018Folen\u00eb e Zogjve t\u00eb Eg\u00ebr\u2019 n\u00eb Zv\u00ebrnec","author":"Kurt Farka","date":"June 29, 2026","format":false,"excerpt":"30 Qershor 2026 Parakalimi i buldozer\u00ebve deri nj\u00eb muaj m\u00eb par\u00eb n\u00eb zon\u00ebn e mbrojtur Pish\u00eb Poro \u2013 Nart\u00eb duket ende si nj\u00eb plag\u00eb e fresk\u00ebt mbi peizazh. N\u00eb disa zona gjenden gur\u00eb t\u00eb thyer t\u00eb hedhur mbi r\u00ebr\u00eb, gjurm\u00eb gomash, barishte t\u00eb shtypura dhe pem\u00eb e deg\u00eb t\u00eb rr\u00ebzuara\u2026","rel":"","context":"In &quot;Blogu i Udh\u00ebtarit&quot;","block_context":{"text":"Blogu i Udh\u00ebtarit","link":"https:\/\/www.shqiperia.com\/blog\/category\/blogu-i-udhetarit\/"},"img":{"alt_text":"","src":"https:\/\/i0.wp.com\/www.shqiperia.com\/blog\/wp-content\/uploads\/2026\/06\/Gjurmet-e-kamioneve-1-1.jpg?fit=1150%2C871&ssl=1&resize=350%2C200","width":350,"height":200,"srcset":"https:\/\/i0.wp.com\/www.shqiperia.com\/blog\/wp-content\/uploads\/2026\/06\/Gjurmet-e-kamioneve-1-1.jpg?fit=1150%2C871&ssl=1&resize=350%2C200 1x, https:\/\/i0.wp.com\/www.shqiperia.com\/blog\/wp-content\/uploads\/2026\/06\/Gjurmet-e-kamioneve-1-1.jpg?fit=1150%2C871&ssl=1&resize=525%2C300 1.5x, https:\/\/i0.wp.com\/www.shqiperia.com\/blog\/wp-content\/uploads\/2026\/06\/Gjurmet-e-kamioneve-1-1.jpg?fit=1150%2C871&ssl=1&resize=700%2C400 2x, https:\/\/i0.wp.com\/www.shqiperia.com\/blog\/wp-content\/uploads\/2026\/06\/Gjurmet-e-kamioneve-1-1.jpg?fit=1150%2C871&ssl=1&resize=1050%2C600 3x"},"classes":[]},{"id":104070,"url":"https:\/\/www.shqiperia.com\/blog\/kruje-cfare-la-pas-beteja-me-flaket\/","url_meta":{"origin":102803,"position":3},"title":"Kruj\u00eb, \u00e7far\u00eb la pas beteja me flak\u00ebt","author":"Kurt Farka","date":"August 9, 2026","format":false,"excerpt":"9 Gusht 2026 Or\u00ebt e mbr\u00ebmjes s\u00eb t\u00eb shtun\u00ebs u kthyen n\u00eb nj\u00eb makth p\u00ebr banor\u00ebt e Kruj\u00ebs, pasi nj\u00eb zjarr masiv p\u00ebrfshiu territorin malor dhe u afrua rreziksh\u00ebm pran\u00eb zonave t\u00eb banuara. Flak\u00ebt p\u00ebrfshin\u00eb sip\u00ebrfaqe t\u00eb m\u00ebdha me ullishte, pem\u00eb frutore dhe bim\u00ebsi, nd\u00ebrsa n\u00eb disa momente zjarri k\u00ebrc\u00ebnoi\u2026","rel":"","context":"In &quot;Blogu i Udh\u00ebtarit&quot;","block_context":{"text":"Blogu i Udh\u00ebtarit","link":"https:\/\/www.shqiperia.com\/blog\/category\/blogu-i-udhetarit\/"},"img":{"alt_text":"","src":"https:\/\/i0.wp.com\/www.shqiperia.com\/blog\/wp-content\/uploads\/2026\/08\/Zjarri-ne-Kruje-4.jpg?fit=1080%2C670&ssl=1&resize=350%2C200","width":350,"height":200,"srcset":"https:\/\/i0.wp.com\/www.shqiperia.com\/blog\/wp-content\/uploads\/2026\/08\/Zjarri-ne-Kruje-4.jpg?fit=1080%2C670&ssl=1&resize=350%2C200 1x, https:\/\/i0.wp.com\/www.shqiperia.com\/blog\/wp-content\/uploads\/2026\/08\/Zjarri-ne-Kruje-4.jpg?fit=1080%2C670&ssl=1&resize=525%2C300 1.5x, https:\/\/i0.wp.com\/www.shqiperia.com\/blog\/wp-content\/uploads\/2026\/08\/Zjarri-ne-Kruje-4.jpg?fit=1080%2C670&ssl=1&resize=700%2C400 2x, https:\/\/i0.wp.com\/www.shqiperia.com\/blog\/wp-content\/uploads\/2026\/08\/Zjarri-ne-Kruje-4.jpg?fit=1080%2C670&ssl=1&resize=1050%2C600 3x"},"classes":[]},{"id":100573,"url":"https:\/\/www.shqiperia.com\/blog\/nga-vjen-pambuku-nje-studim-gjenetik-thur-historine-e-mijera-viteve\/","url_meta":{"origin":102803,"position":4},"title":"Nga vjen pambuku? Nj\u00eb studim gjenetik \u201cthur\u201d historin\u00eb e mij\u00ebra viteve","author":"Kurt Farka","date":"May 22, 2026","format":false,"excerpt":"22 Maji 2026 I njohur p\u00ebr q\u00ebndrueshm\u00ebrin\u00eb dhe rehatin\u00eb q\u00eb ofron, pambuku p\u00ebrdoret sot m\u00eb shum\u00eb se \u00e7do tjet\u00ebr fib\u00ebr bimore dhe \u00ebsht\u00eb nj\u00eb nga kulturat m\u00eb fitimprur\u00ebse t\u00eb bim\u00ebve jo-ushqimore n\u00eb bot\u00eb. Sot kultivohen kat\u00ebr lloje kryesore pambuku n\u00eb mbar\u00eb bot\u00ebn, por nj\u00eb prej tyre, Gossypium hirsutum, dominon me\u2026","rel":"","context":"In &quot;Histori&quot;","block_context":{"text":"Histori","link":"https:\/\/www.shqiperia.com\/blog\/category\/histori\/"},"img":{"alt_text":"","src":"https:\/\/i0.wp.com\/www.shqiperia.com\/blog\/wp-content\/uploads\/2026\/05\/pambuk-1024x678-1.jpg?fit=1024%2C678&ssl=1&resize=350%2C200","width":350,"height":200,"srcset":"https:\/\/i0.wp.com\/www.shqiperia.com\/blog\/wp-content\/uploads\/2026\/05\/pambuk-1024x678-1.jpg?fit=1024%2C678&ssl=1&resize=350%2C200 1x, https:\/\/i0.wp.com\/www.shqiperia.com\/blog\/wp-content\/uploads\/2026\/05\/pambuk-1024x678-1.jpg?fit=1024%2C678&ssl=1&resize=525%2C300 1.5x, https:\/\/i0.wp.com\/www.shqiperia.com\/blog\/wp-content\/uploads\/2026\/05\/pambuk-1024x678-1.jpg?fit=1024%2C678&ssl=1&resize=700%2C400 2x"},"classes":[]},{"id":100735,"url":"https:\/\/www.shqiperia.com\/blog\/shqiperia-po-shitet-cope-cope-media-europiane-bregdeti-dhe-zonat-e-mbrojtura-po-privatizohen-per-resortet-e-luksit\/","url_meta":{"origin":102803,"position":5},"title":"\u201cShqip\u00ebria po shitet cop\u00eb-cop\u00eb\u201d\/ Media europiane: &#8211; Bregdeti dhe zonat e mbrojtura po privatizohen p\u00ebr resortet e luksit","author":"Kurt Farka","date":"May 30, 2026","format":false,"excerpt":"30 Maji 2026 Nj\u00eb artikull i medias europiane\u00a0EUobserver\u00a0kritikon ashp\u00ebr m\u00ebnyr\u00ebn si po zhvillohen investimet turistike n\u00eb Shqip\u00ebri, duke paralajm\u00ebruar se zonat e mbrojtura dhe bregdeti po privatizohen n\u00eb favor t\u00eb resorteve luksoze dhe investitor\u00ebve t\u00eb huaj. N\u00eb fokus vihet projekti i lidhur me Jared Kushner n\u00eb ishullin e Sazanit, si\u2026","rel":"","context":"In &quot;Njoftime Shtypi&quot;","block_context":{"text":"Njoftime Shtypi","link":"https:\/\/www.shqiperia.com\/blog\/category\/njoftime-shtypi\/"},"img":{"alt_text":"","src":"https:\/\/i0.wp.com\/www.shqiperia.com\/blog\/wp-content\/uploads\/2026\/05\/38131838_10155594599342541_8591222760066252800_o.jpg?fit=1200%2C675&ssl=1&resize=350%2C200","width":350,"height":200,"srcset":"https:\/\/i0.wp.com\/www.shqiperia.com\/blog\/wp-content\/uploads\/2026\/05\/38131838_10155594599342541_8591222760066252800_o.jpg?fit=1200%2C675&ssl=1&resize=350%2C200 1x, https:\/\/i0.wp.com\/www.shqiperia.com\/blog\/wp-content\/uploads\/2026\/05\/38131838_10155594599342541_8591222760066252800_o.jpg?fit=1200%2C675&ssl=1&resize=525%2C300 1.5x, https:\/\/i0.wp.com\/www.shqiperia.com\/blog\/wp-content\/uploads\/2026\/05\/38131838_10155594599342541_8591222760066252800_o.jpg?fit=1200%2C675&ssl=1&resize=700%2C400 2x, https:\/\/i0.wp.com\/www.shqiperia.com\/blog\/wp-content\/uploads\/2026\/05\/38131838_10155594599342541_8591222760066252800_o.jpg?fit=1200%2C675&ssl=1&resize=1050%2C600 3x"},"classes":[]}],"_links":{"self":[{"href":"https:\/\/www.shqiperia.com\/blog\/wp-json\/wp\/v2\/posts\/102803","targetHints":{"allow":["GET"]}}],"collection":[{"href":"https:\/\/www.shqiperia.com\/blog\/wp-json\/wp\/v2\/posts"}],"about":[{"href":"https:\/\/www.shqiperia.com\/blog\/wp-json\/wp\/v2\/types\/post"}],"author":[{"embeddable":true,"href":"https:\/\/www.shqiperia.com\/blog\/wp-json\/wp\/v2\/users\/9"}],"replies":[{"embeddable":true,"href":"https:\/\/www.shqiperia.com\/blog\/wp-json\/wp\/v2\/comments?post=102803"}],"version-history":[{"count":1,"href":"https:\/\/www.shqiperia.com\/blog\/wp-json\/wp\/v2\/posts\/102803\/revisions"}],"predecessor-version":[{"id":102805,"href":"https:\/\/www.shqiperia.com\/blog\/wp-json\/wp\/v2\/posts\/102803\/revisions\/102805"}],"wp:featuredmedia":[{"embeddable":true,"href":"https:\/\/www.shqiperia.com\/blog\/wp-json\/wp\/v2\/media\/102804"}],"wp:attachment":[{"href":"https:\/\/www.shqiperia.com\/blog\/wp-json\/wp\/v2\/media?parent=102803"}],"wp:term":[{"taxonomy":"category","embeddable":true,"href":"https:\/\/www.shqiperia.com\/blog\/wp-json\/wp\/v2\/categories?post=102803"},{"taxonomy":"post_tag","embeddable":true,"href":"https:\/\/www.shqiperia.com\/blog\/wp-json\/wp\/v2\/tags?post=102803"}],"curies":[{"name":"wp","href":"https:\/\/api.w.org\/{rel}","templated":true}]}}