{"id":102799,"date":"2026-07-17T02:38:50","date_gmt":"2026-07-17T02:38:50","guid":{"rendered":"https:\/\/www.shqiperia.com\/blog\/?p=102799"},"modified":"2026-07-17T02:38:51","modified_gmt":"2026-07-17T02:38:51","slug":"shperblim-per-kapjen-e-peshkut-sferik-ne-greqi-eshte-helmues-dhe-shkakton-crregullime-ne-ekosistemin-detar","status":"publish","type":"post","link":"https:\/\/www.shqiperia.com\/blog\/shperblim-per-kapjen-e-peshkut-sferik-ne-greqi-eshte-helmues-dhe-shkakton-crregullime-ne-ekosistemin-detar\/","title":{"rendered":"Shp\u00ebrblim p\u00ebr kapjen e peshkut sferik n\u00eb Greqi, \u00ebsht\u00eb helmues dhe shkakton \u00e7rregullime n\u00eb ekosistemin detar"},"content":{"rendered":"<p><img data-recalc-dims=\"1\" loading=\"lazy\" decoding=\"async\" data-attachment-id=\"102801\" data-permalink=\"https:\/\/www.shqiperia.com\/blog\/shperblim-per-kapjen-e-peshkut-sferik-ne-greqi-eshte-helmues-dhe-shkakton-crregullime-ne-ekosistemin-detar\/6a4374d1f295f\/\" data-orig-file=\"https:\/\/i0.wp.com\/www.shqiperia.com\/blog\/wp-content\/uploads\/2026\/07\/6a4374d1f295f.jpg?fit=722%2C340&amp;ssl=1\" data-orig-size=\"722,340\" data-comments-opened=\"1\" data-image-meta=\"{&quot;aperture&quot;:&quot;0&quot;,&quot;credit&quot;:&quot;&quot;,&quot;camera&quot;:&quot;&quot;,&quot;caption&quot;:&quot;&quot;,&quot;created_timestamp&quot;:&quot;0&quot;,&quot;copyright&quot;:&quot;&quot;,&quot;focal_length&quot;:&quot;0&quot;,&quot;iso&quot;:&quot;0&quot;,&quot;shutter_speed&quot;:&quot;0&quot;,&quot;title&quot;:&quot;&quot;,&quot;orientation&quot;:&quot;0&quot;}\" data-image-title=\"6a4374d1f295f\" data-image-description=\"\" data-image-caption=\"\" data-medium-file=\"https:\/\/i0.wp.com\/www.shqiperia.com\/blog\/wp-content\/uploads\/2026\/07\/6a4374d1f295f.jpg?fit=300%2C141&amp;ssl=1\" data-large-file=\"https:\/\/i0.wp.com\/www.shqiperia.com\/blog\/wp-content\/uploads\/2026\/07\/6a4374d1f295f.jpg?fit=722%2C340&amp;ssl=1\" class=\"alignnone  wp-image-102801\" alt=\"\" src=\"https:\/\/i0.wp.com\/www.shqiperia.com\/blog\/wp-content\/uploads\/2026\/07\/6a4374d1f295f.jpg?resize=570%2C268&#038;ssl=1\" width=\"570\" height=\"268\" srcset=\"https:\/\/i0.wp.com\/www.shqiperia.com\/blog\/wp-content\/uploads\/2026\/07\/6a4374d1f295f.jpg?resize=300%2C141&amp;ssl=1 300w, https:\/\/i0.wp.com\/www.shqiperia.com\/blog\/wp-content\/uploads\/2026\/07\/6a4374d1f295f.jpg?resize=450%2C212&amp;ssl=1 450w, https:\/\/i0.wp.com\/www.shqiperia.com\/blog\/wp-content\/uploads\/2026\/07\/6a4374d1f295f.jpg?resize=600%2C283&amp;ssl=1 600w, https:\/\/i0.wp.com\/www.shqiperia.com\/blog\/wp-content\/uploads\/2026\/07\/6a4374d1f295f.jpg?resize=400%2C188&amp;ssl=1 400w, https:\/\/i0.wp.com\/www.shqiperia.com\/blog\/wp-content\/uploads\/2026\/07\/6a4374d1f295f.jpg?w=722&amp;ssl=1 722w\" sizes=\"auto, (max-width: 570px) 100vw, 570px\" \/><\/p>\n<div>\n<p>17 Korrik 2026<\/p>\n<p>Peshku sferik po p\u00ebrhapet me shpejt\u00ebsi n\u00eb Detin Egje. Ky peshk invaziv \u00ebsht\u00eb helmues dhe po shkakton edhe \u00e7rregullime n\u00eb ekosistemin detar.<\/p>\n<\/div>\n<p>Ministria greke e Zhvillimit Rural dhe e Ushqimit njoftoi se do t\u00eb ofroj\u00eb shp\u00ebrblim financiar p\u00ebr kapjen e peshkut sferik. Oferta p\u00ebr kapjen e k\u00ebtij peshku invaziv vlen p\u00ebr peshkatar\u00ebt profesionist\u00eb rreth Kret\u00ebs dhe n\u00eb jug t\u00eb Detit Egje. P\u00ebr \u00e7do kilogram t\u00eb k\u00ebsaj specieje invazive do t\u00eb paguhen 5,33 euro. Shoqatat e peshkatar\u00ebve e p\u00ebrsh\u00ebndet\u00ebn k\u00ebt\u00eb program, pasi ky peshk ua v\u00ebshtir\u00ebson ndjesh\u00ebm pun\u00ebn peshkatar\u00ebve dhe po shkakton edhe \u00e7rregullime n\u00eb ekosistemin detar.<\/p>\n<div>Sipas Qendr\u00ebs greke p\u00ebr K\u00ebrkime Detare (HCMR) kjo specie p\u00ebrshtatet shum\u00eb ndaj mjediseve t\u00eb ndryshme dhe ka pak grabitqar\u00eb natyror\u00eb, gj\u00eb q\u00eb favorizon p\u00ebrhapjen e saj. Po ashtu peshku sferik shumohet me shpejt\u00ebsi duke zhvendosur dhe k\u00ebrc\u00ebnuar speciet vendase.<\/div>\n<p>Peshku sferik, i cili mund t\u00eb arrij\u00eb rreth 40 centimetra gjat\u00ebsi dhe pesh\u00eb deri n\u00eb 9 kilogram\u00eb e ka origjin\u00ebn nga Oqeanin Indian dhe Paq\u00ebsor dhe ka dep\u00ebrtuar n\u00eb Detin Mesdhe p\u00ebrmes Kanalit t\u00eb Suezit, ku u konstatua p\u00ebr her\u00eb t\u00eb par\u00eb n\u00eb vitin 2003.<\/p>\n<p><img data-recalc-dims=\"1\" loading=\"lazy\" decoding=\"async\" alt=\"\" src=\"https:\/\/i0.wp.com\/cdnimpuls.com\/alfapress.al\/media4\/6a4374d237a0a.jpg?resize=800%2C446&#038;ssl=1\" width=\"800\" height=\"446\" \/><\/p>\n<p>Ministri grek i Zhvillimit Rural dhe Ushqimit, Margaritis Skinas tha p\u00ebr mediat greke se \u201cq\u00ebllimi yn\u00eb \u00ebsht\u00eb t\u00eb krijojm\u00eb stimuj, por, t\u00eb them t\u00eb drejt\u00ebn, nuk besoj se do t\u00eb shohim ndryshime spektakolare\u201d, sepse sipas tij, zhdukja e plot\u00eb e k\u00ebsaj specieje nuk \u00ebsht\u00eb e mundur. Synimi kryesor \u00ebsht\u00eb kufizimi i popullat\u00ebs s\u00eb peshkut sfer\u00eb.<\/p>\n<p>N\u00eb uj\u00ebrat turke, ku ky peshk \u00ebsht\u00eb kthyer n\u00eb problem prej vitesh dhe ku gjithashtu jepen shp\u00ebrblime p\u00ebr kapjen e tij, kjo mas\u00eb konsiderohet e suksesshme.<\/p>\n<p>Sipas Ministris\u00eb turke t\u00eb Bujq\u00ebsis\u00eb dhe Pylltaris\u00eb vitin e kaluar u kap\u00ebn rreth 290.000 ekzemplar\u00eb peshku sferik, gj\u00eb q\u00eb mendohet se ka parandaluar shtimin e rreth 22 milion\u00eb individ\u00ebve t\u00eb rinj t\u00eb k\u00ebsaj specieje.<\/p>\n","protected":false},"excerpt":{"rendered":"<p>17 Korrik 2026 Peshku sferik po p\u00ebrhapet me shpejt\u00ebsi n\u00eb Detin Egje. Ky peshk invaziv \u00ebsht\u00eb helmues dhe po shkakton edhe \u00e7rregullime n\u00eb ekosistemin detar. Ministria greke e Zhvillimit Rural dhe e Ushqimit njoftoi se do t\u00eb ofroj\u00eb shp\u00ebrblim financiar p\u00ebr kapjen e peshkut sferik. Oferta p\u00ebr kapjen e k\u00ebtij peshku invaziv vlen p\u00ebr peshkatar\u00ebt [&hellip;]<\/p>\n","protected":false},"author":9,"featured_media":102801,"comment_status":"open","ping_status":"open","sticky":false,"template":"","format":"standard","meta":{"jetpack_post_was_ever_published":false,"_jetpack_newsletter_access":"","_jetpack_dont_email_post_to_subs":false,"_jetpack_newsletter_tier_id":0,"_jetpack_memberships_contains_paywalled_content":false,"_jetpack_memberships_contains_paid_content":false,"footnotes":"","jetpack_publicize_message":"","jetpack_publicize_feature_enabled":true,"jetpack_social_post_already_shared":true,"jetpack_social_options":{"image_generator_settings":{"template":"highway","default_image_id":0,"font":"","enabled":false},"version":2}},"categories":[27,1,35],"tags":[],"class_list":["post-102799","post","type-post","status-publish","format-standard","has-post-thumbnail","hentry","category-blogu-i-udhetarit","category-njoftime-shtypi","category-shoqerore"],"jetpack_publicize_connections":[],"jetpack_featured_media_url":"https:\/\/i0.wp.com\/www.shqiperia.com\/blog\/wp-content\/uploads\/2026\/07\/6a4374d1f295f.jpg?fit=722%2C340&ssl=1","jetpack_sharing_enabled":true,"jetpack_shortlink":"https:\/\/wp.me\/p5Z6wp-qK3","jetpack-related-posts":[{"id":91945,"url":"https:\/\/www.shqiperia.com\/blog\/peshku-alien-po-pushton-detin-adriatik-studiuesit-japin-alarmin-eshte-vdekjeprures\/","url_meta":{"origin":102799,"position":0},"title":"Peshku \u201calien\u201d po pushton detin Adriatik, studiuesit japin alarmin: &#8211; \u00cbsht\u00eb vdekjeprur\u00ebs!","author":"Kurt Farka","date":"April 27, 2025","format":false,"excerpt":"28 Prill 2025 Nj\u00eb k\u00ebrc\u00ebnim i ri po p\u00ebrhapet me shpejt\u00ebsi n\u00eb uj\u00ebrat e Mesdheut: peshku \u201cLagocephalus sceleratus\u201d, nj\u00eb specie jasht\u00ebzakonisht toksike dhe pushtuese, po zgjerohet drejt brigjeve t\u00eb Italis\u00eb, Shqip\u00ebris\u00eb e Kroacis\u00eb. Origjina e tij \u00ebsht\u00eb nga Oqeani Indian, por ka hyr\u00eb n\u00eb Mesdhe p\u00ebrmes Kanalit t\u00eb Suezit, p\u00ebrmes\u2026","rel":"","context":"In &quot;Blogu i Udh\u00ebtarit&quot;","block_context":{"text":"Blogu i Udh\u00ebtarit","link":"https:\/\/www.shqiperia.com\/blog\/category\/blogu-i-udhetarit\/"},"img":{"alt_text":"","src":"https:\/\/i0.wp.com\/www.shqiperia.com\/blog\/wp-content\/uploads\/2025\/04\/800-0-ba44047c09cce74bb78e56eb4002ed59.jpg?fit=800%2C420&ssl=1&resize=350%2C200","width":350,"height":200,"srcset":"https:\/\/i0.wp.com\/www.shqiperia.com\/blog\/wp-content\/uploads\/2025\/04\/800-0-ba44047c09cce74bb78e56eb4002ed59.jpg?fit=800%2C420&ssl=1&resize=350%2C200 1x, https:\/\/i0.wp.com\/www.shqiperia.com\/blog\/wp-content\/uploads\/2025\/04\/800-0-ba44047c09cce74bb78e56eb4002ed59.jpg?fit=800%2C420&ssl=1&resize=525%2C300 1.5x, https:\/\/i0.wp.com\/www.shqiperia.com\/blog\/wp-content\/uploads\/2025\/04\/800-0-ba44047c09cce74bb78e56eb4002ed59.jpg?fit=800%2C420&ssl=1&resize=700%2C400 2x"},"classes":[]},{"id":100629,"url":"https:\/\/www.shqiperia.com\/blog\/perplasjet-me-greqine-deti-per-integrimin-ministri-dendias-takohet-me-ramen-ne-tirane\/","url_meta":{"origin":102799,"position":1},"title":"P\u00ebrplasjet me Greqin\u00eb &#8211; Deti p\u00ebr integrimin! Ministri Dendias takohet me Ram\u00ebn n\u00eb Tiran\u00eb","author":"Kurt Farka","date":"May 25, 2026","format":false,"excerpt":"25 Maji 2026 Kryeministri Edi Rama po josh Greqin\u00eb n\u00eb mb\u00ebshtetje t\u00eb integrimit t\u00eb Shqip\u00ebris\u00eb duke i riaktivizuar negociatat p\u00ebr Detin, ku Greqia k\u00ebrkon 12 milje. Teksa i mbajti t\u00eb bllokuara p\u00ebr vite me radh\u00eb k\u00ebto negociata, dhe krijoj\u00eb nj\u00eb klim\u00eb tensioni, duket se kryeministri shqiptar k\u00ebrkon ndryshimin e raporteve\u2026","rel":"","context":"In &quot;Njoftime Shtypi&quot;","block_context":{"text":"Njoftime Shtypi","link":"https:\/\/www.shqiperia.com\/blog\/category\/njoftime-shtypi\/"},"img":{"alt_text":"","src":"https:\/\/i0.wp.com\/www.shqiperia.com\/blog\/wp-content\/uploads\/2026\/05\/images-3-1.jpg?resize=350%2C200&ssl=1","width":350,"height":200,"srcset":"https:\/\/i0.wp.com\/www.shqiperia.com\/blog\/wp-content\/uploads\/2026\/05\/images-3-1.jpg?resize=350%2C200&ssl=1 1x, https:\/\/i0.wp.com\/www.shqiperia.com\/blog\/wp-content\/uploads\/2026\/05\/images-3-1.jpg?resize=525%2C300&ssl=1 1.5x"},"classes":[]},{"id":103748,"url":"https:\/\/www.shqiperia.com\/blog\/nxehtesia-po-vret-midhjet-dhe-molusqet-ndersa-gaforrja-blu-po-shumohet-pa-pushim\/","url_meta":{"origin":102799,"position":2},"title":"Nxeht\u00ebsia po vret midhjet dhe molusqet, nd\u00ebrsa gaforrja blu po shumohet pa pushim","author":"Kurt Farka","date":"August 4, 2026","format":false,"excerpt":"4 Gusht 2026 Val\u00ebt e t\u00eb nxehtit po i mbytin midhjet, molusqet dhe prodhimin e peshkut n\u00eb laguna dhe pellgje, por jo gaforren blu, e cila, p\u00ebrkundrazi, vazhdon t\u00eb zgjerohet pa probleme. Konfirmimi vjen p\u00ebr ANSA-n nga Confcooperative Agroalimentare e Pesca, duke raportuar nj\u00eb p\u00ebrkeq\u00ebsim t\u00eb emergjenc\u00ebs nga Adriatiku i\u2026","rel":"","context":"In &quot;Blogu i Udh\u00ebtarit&quot;","block_context":{"text":"Blogu i Udh\u00ebtarit","link":"https:\/\/www.shqiperia.com\/blog\/category\/blogu-i-udhetarit\/"},"img":{"alt_text":"","src":"https:\/\/i0.wp.com\/www.shqiperia.com\/blog\/wp-content\/uploads\/2026\/08\/auto_GAFORRJA1785655123.jpg?fit=900%2C600&ssl=1&resize=350%2C200","width":350,"height":200,"srcset":"https:\/\/i0.wp.com\/www.shqiperia.com\/blog\/wp-content\/uploads\/2026\/08\/auto_GAFORRJA1785655123.jpg?fit=900%2C600&ssl=1&resize=350%2C200 1x, https:\/\/i0.wp.com\/www.shqiperia.com\/blog\/wp-content\/uploads\/2026\/08\/auto_GAFORRJA1785655123.jpg?fit=900%2C600&ssl=1&resize=525%2C300 1.5x, https:\/\/i0.wp.com\/www.shqiperia.com\/blog\/wp-content\/uploads\/2026\/08\/auto_GAFORRJA1785655123.jpg?fit=900%2C600&ssl=1&resize=700%2C400 2x"},"classes":[]},{"id":103805,"url":"https:\/\/www.shqiperia.com\/blog\/toka-po-behet-me-e-erret-shkencetaret-japin-alarmin-ngrohja-globale-po-pershpejton-ndryshimin-e-planetit\/","url_meta":{"origin":102799,"position":3},"title":"Toka po b\u00ebhet m\u00eb e err\u00ebt, shkenc\u00ebtar\u00ebt japin alarmin: &#8211; Ngrohja globale po p\u00ebrshpejton ndryshimin e planetit","author":"Kurt Farka","date":"August 4, 2026","format":false,"excerpt":"4 Gusht 2026 Ndryshimi i klim\u00ebs nuk po matet vet\u00ebm p\u00ebrmes rritjes s\u00eb temperaturave. Nj\u00eb tjet\u00ebr tregues shqet\u00ebsues q\u00eb po v\u00ebzhgojn\u00eb shkenc\u00ebtar\u00ebt \u00ebsht\u00eb edhe ndryshimi i shk\u00eblqimit t\u00eb Tok\u00ebs: planeti po humbet gradualisht aft\u00ebsin\u00eb e tij natyrore p\u00ebr t\u00eb reflektuar rrezet e Diellit drejt hap\u00ebsir\u00ebs. Ky fenomen njihet si ulja\u2026","rel":"","context":"In &quot;Blogu i Udh\u00ebtarit&quot;","block_context":{"text":"Blogu i Udh\u00ebtarit","link":"https:\/\/www.shqiperia.com\/blog\/category\/blogu-i-udhetarit\/"},"img":{"alt_text":"","src":"https:\/\/i0.wp.com\/www.shqiperia.com\/blog\/wp-content\/uploads\/2026\/08\/b78dde7c-ap19227568082481.jpg?fit=1200%2C720&ssl=1&resize=350%2C200","width":350,"height":200,"srcset":"https:\/\/i0.wp.com\/www.shqiperia.com\/blog\/wp-content\/uploads\/2026\/08\/b78dde7c-ap19227568082481.jpg?fit=1200%2C720&ssl=1&resize=350%2C200 1x, https:\/\/i0.wp.com\/www.shqiperia.com\/blog\/wp-content\/uploads\/2026\/08\/b78dde7c-ap19227568082481.jpg?fit=1200%2C720&ssl=1&resize=525%2C300 1.5x, https:\/\/i0.wp.com\/www.shqiperia.com\/blog\/wp-content\/uploads\/2026\/08\/b78dde7c-ap19227568082481.jpg?fit=1200%2C720&ssl=1&resize=700%2C400 2x, https:\/\/i0.wp.com\/www.shqiperia.com\/blog\/wp-content\/uploads\/2026\/08\/b78dde7c-ap19227568082481.jpg?fit=1200%2C720&ssl=1&resize=1050%2C600 3x"},"classes":[]},{"id":101701,"url":"https:\/\/www.shqiperia.com\/blog\/kriza-politike-lidhet-me-kapjen-e-pushtetit-shkullaku-kushti-numer-1-eshte-doreheqje-e-panegociueshme-e-edi-rames\/","url_meta":{"origin":102799,"position":4},"title":"\u201cKriza politike, lidhet me kapjen e pushtetit\u201d\/ Shkullaku: &#8211; Kushti num\u00ebr 1 \u00ebsht\u00eb dor\u00ebheqje e panegociueshme e Edi Ram\u00ebs","author":"Kurt Farka","date":"June 22, 2026","format":false,"excerpt":"Gazetari Armand Shkullaku, i ftuar n\u00eb nje studio televizive ka folur p\u00ebr protest\u00ebn qytetare n\u00eb dit\u00ebn e 23-t\u00eb t\u00eb saj n\u00eb Tiran\u00eb, duke e vendosur theksin te p\u00ebrgjegj\u00ebsia politike dhe situata brenda mazhoranc\u00ebs. Shkullaku u shpreh se k\u00ebrkesa kryesore e protest\u00ebs p\u00ebr largimin e qeveris\u00eb ka rr\u00ebzuar, sipas tij, narrativ\u00ebn\u2026","rel":"","context":"In &quot;Njoftime Shtypi&quot;","block_context":{"text":"Njoftime Shtypi","link":"https:\/\/www.shqiperia.com\/blog\/category\/njoftime-shtypi\/"},"img":{"alt_text":"","src":"https:\/\/i0.wp.com\/www.shqiperia.com\/blog\/wp-content\/uploads\/2026\/06\/rama-shkullaku.jpg?fit=900%2C500&ssl=1&resize=350%2C200","width":350,"height":200,"srcset":"https:\/\/i0.wp.com\/www.shqiperia.com\/blog\/wp-content\/uploads\/2026\/06\/rama-shkullaku.jpg?fit=900%2C500&ssl=1&resize=350%2C200 1x, https:\/\/i0.wp.com\/www.shqiperia.com\/blog\/wp-content\/uploads\/2026\/06\/rama-shkullaku.jpg?fit=900%2C500&ssl=1&resize=525%2C300 1.5x, https:\/\/i0.wp.com\/www.shqiperia.com\/blog\/wp-content\/uploads\/2026\/06\/rama-shkullaku.jpg?fit=900%2C500&ssl=1&resize=700%2C400 2x"},"classes":[]},{"id":98679,"url":"https:\/\/www.shqiperia.com\/blog\/foto-lajm-kapet-nga-peshkataret-ne-vlore-peshku-helmues\/","url_meta":{"origin":102799,"position":5},"title":"FOTO-LAJM\/ Kapet nga peshkatar\u00ebt n\u00eb Vlor\u00eb peshku helmues","author":"Kurt Farka","date":"March 25, 2026","format":false,"excerpt":"25 Mars 2026 Peshkatar\u00ebt n\u00eb Vlor\u00eb kan\u00eb kapur her\u00eb t\u00eb dyt\u00eb peshkun Para, ose njohur ndryshe peshku Gjyle, peshku m\u00eb helmues i uj\u00ebrave t\u00eb kripura. Ky lloj konsiderohet nj\u00eb peshk tep\u00ebr i rreziksh\u00ebm. Drejtuesi i Portit t\u00eb Peshkimit Radhim\u00eb Sherif Dyrmishi thot\u00eb se peshkatar\u00ebt dhe qytetar\u00ebt duhet t\u00eb jen\u00eb t\u00eb\u2026","rel":"","context":"In &quot;Blogu i Udh\u00ebtarit&quot;","block_context":{"text":"Blogu i Udh\u00ebtarit","link":"https:\/\/www.shqiperia.com\/blog\/category\/blogu-i-udhetarit\/"},"img":{"alt_text":"","src":"https:\/\/i0.wp.com\/www.shqiperia.com\/blog\/wp-content\/uploads\/2026\/03\/640-0-ed23d30bfbf15c51678ae1223e33bd0b.jpg?fit=640%2C336&ssl=1&resize=350%2C200","width":350,"height":200,"srcset":"https:\/\/i0.wp.com\/www.shqiperia.com\/blog\/wp-content\/uploads\/2026\/03\/640-0-ed23d30bfbf15c51678ae1223e33bd0b.jpg?fit=640%2C336&ssl=1&resize=350%2C200 1x, https:\/\/i0.wp.com\/www.shqiperia.com\/blog\/wp-content\/uploads\/2026\/03\/640-0-ed23d30bfbf15c51678ae1223e33bd0b.jpg?fit=640%2C336&ssl=1&resize=525%2C300 1.5x"},"classes":[]}],"_links":{"self":[{"href":"https:\/\/www.shqiperia.com\/blog\/wp-json\/wp\/v2\/posts\/102799","targetHints":{"allow":["GET"]}}],"collection":[{"href":"https:\/\/www.shqiperia.com\/blog\/wp-json\/wp\/v2\/posts"}],"about":[{"href":"https:\/\/www.shqiperia.com\/blog\/wp-json\/wp\/v2\/types\/post"}],"author":[{"embeddable":true,"href":"https:\/\/www.shqiperia.com\/blog\/wp-json\/wp\/v2\/users\/9"}],"replies":[{"embeddable":true,"href":"https:\/\/www.shqiperia.com\/blog\/wp-json\/wp\/v2\/comments?post=102799"}],"version-history":[{"count":1,"href":"https:\/\/www.shqiperia.com\/blog\/wp-json\/wp\/v2\/posts\/102799\/revisions"}],"predecessor-version":[{"id":102802,"href":"https:\/\/www.shqiperia.com\/blog\/wp-json\/wp\/v2\/posts\/102799\/revisions\/102802"}],"wp:featuredmedia":[{"embeddable":true,"href":"https:\/\/www.shqiperia.com\/blog\/wp-json\/wp\/v2\/media\/102801"}],"wp:attachment":[{"href":"https:\/\/www.shqiperia.com\/blog\/wp-json\/wp\/v2\/media?parent=102799"}],"wp:term":[{"taxonomy":"category","embeddable":true,"href":"https:\/\/www.shqiperia.com\/blog\/wp-json\/wp\/v2\/categories?post=102799"},{"taxonomy":"post_tag","embeddable":true,"href":"https:\/\/www.shqiperia.com\/blog\/wp-json\/wp\/v2\/tags?post=102799"}],"curies":[{"name":"wp","href":"https:\/\/api.w.org\/{rel}","templated":true}]}}