{"id":102790,"date":"2026-07-16T14:57:28","date_gmt":"2026-07-16T14:57:28","guid":{"rendered":"https:\/\/www.shqiperia.com\/blog\/?p=102790"},"modified":"2026-07-16T14:57:28","modified_gmt":"2026-07-16T14:57:28","slug":"perimet-u-shtrenjtuan-ekspertet-cmimet-u-rriten-edhe-per-shkak-oligopoleve-importi-vetem-ne-pak-duar","status":"publish","type":"post","link":"https:\/\/www.shqiperia.com\/blog\/perimet-u-shtrenjtuan-ekspertet-cmimet-u-rriten-edhe-per-shkak-oligopoleve-importi-vetem-ne-pak-duar\/","title":{"rendered":"Perimet u shtrenjtuan, ekspert\u00ebt: &#8211; \u00c7mimet u rrit\u00ebn edhe p\u00ebr shkak oligopoleve, importi vet\u00ebm n\u00eb pak duar"},"content":{"rendered":"<div class=\"firstP\">\n<p><img data-recalc-dims=\"1\" loading=\"lazy\" decoding=\"async\" data-attachment-id=\"102791\" data-permalink=\"https:\/\/www.shqiperia.com\/blog\/perimet-u-shtrenjtuan-ekspertet-cmimet-u-rriten-edhe-per-shkak-oligopoleve-importi-vetem-ne-pak-duar\/greke_sd-800x450\/\" data-orig-file=\"https:\/\/i0.wp.com\/www.shqiperia.com\/blog\/wp-content\/uploads\/2026\/07\/greke_sd-800x450-1.webp?fit=800%2C450&amp;ssl=1\" data-orig-size=\"800,450\" data-comments-opened=\"1\" data-image-meta=\"{&quot;aperture&quot;:&quot;0&quot;,&quot;credit&quot;:&quot;&quot;,&quot;camera&quot;:&quot;&quot;,&quot;caption&quot;:&quot;&quot;,&quot;created_timestamp&quot;:&quot;0&quot;,&quot;copyright&quot;:&quot;&quot;,&quot;focal_length&quot;:&quot;0&quot;,&quot;iso&quot;:&quot;0&quot;,&quot;shutter_speed&quot;:&quot;0&quot;,&quot;title&quot;:&quot;&quot;,&quot;orientation&quot;:&quot;0&quot;}\" data-image-title=\"greke_sd-800&#215;450\" data-image-description=\"\" data-image-caption=\"\" data-medium-file=\"https:\/\/i0.wp.com\/www.shqiperia.com\/blog\/wp-content\/uploads\/2026\/07\/greke_sd-800x450-1.webp?fit=300%2C169&amp;ssl=1\" data-large-file=\"https:\/\/i0.wp.com\/www.shqiperia.com\/blog\/wp-content\/uploads\/2026\/07\/greke_sd-800x450-1.webp?fit=800%2C450&amp;ssl=1\" class=\"alignnone  wp-image-102791\" alt=\"\" src=\"https:\/\/i0.wp.com\/www.shqiperia.com\/blog\/wp-content\/uploads\/2026\/07\/greke_sd-800x450-1.webp?resize=753%2C424&#038;ssl=1\" width=\"753\" height=\"424\" srcset=\"https:\/\/i0.wp.com\/www.shqiperia.com\/blog\/wp-content\/uploads\/2026\/07\/greke_sd-800x450-1.webp?resize=300%2C169&amp;ssl=1 300w, https:\/\/i0.wp.com\/www.shqiperia.com\/blog\/wp-content\/uploads\/2026\/07\/greke_sd-800x450-1.webp?resize=768%2C432&amp;ssl=1 768w, https:\/\/i0.wp.com\/www.shqiperia.com\/blog\/wp-content\/uploads\/2026\/07\/greke_sd-800x450-1.webp?resize=450%2C253&amp;ssl=1 450w, https:\/\/i0.wp.com\/www.shqiperia.com\/blog\/wp-content\/uploads\/2026\/07\/greke_sd-800x450-1.webp?resize=600%2C338&amp;ssl=1 600w, https:\/\/i0.wp.com\/www.shqiperia.com\/blog\/wp-content\/uploads\/2026\/07\/greke_sd-800x450-1.webp?resize=400%2C225&amp;ssl=1 400w, https:\/\/i0.wp.com\/www.shqiperia.com\/blog\/wp-content\/uploads\/2026\/07\/greke_sd-800x450-1.webp?w=800&amp;ssl=1 800w\" sizes=\"auto, (max-width: 753px) 100vw, 753px\" \/><\/p>\n<p>16 Korrik 2026<\/p>\n<p>Muaji qershor sh\u00ebnon kulmin e prodhimit bujq\u00ebsor, por k\u00ebt\u00eb sezon perimet nuk jan\u00eb b\u00ebr\u00eb m\u00eb t\u00eb lira.<\/p>\n<\/div>\n<p>P\u00ebrkundrazi, sipas t\u00eb dh\u00ebnave t\u00eb INSTAT-it, \u00e7mimi i zarzavateve \u00ebsht\u00eb rritur me 3.8% krahasuar me t\u00eb nj\u00ebjt\u00ebn periudh\u00eb t\u00eb nj\u00eb viti m\u00eb par\u00eb. Sipas ekspert\u00ebve, n\u00eb k\u00ebt\u00eb rritje kan\u00eb ndikuar tre faktor\u00eb kryesor\u00eb.<\/p>\n<p>\u201c<em>Faktori i par\u00eb lidhet me p\u00ebrmbytjet e fundit t\u00eb janarit, t\u00eb cilat soll\u00ebn ulje t\u00eb prodhimit vendas. S\u00eb dyti, rritja e importeve ndikoi n\u00eb \u00e7mime m\u00eb t\u00eb larta. Nd\u00ebrsa faktori i tret\u00eb \u00ebsht\u00eb lufta n\u00eb Lindjen e Mesme, efektet e s\u00eb cil\u00ebs po ndihen edhe n\u00eb treg. K\u00ebto produkte pritet t\u00eb kushtojn\u00eb edhe m\u00eb shum\u00eb, pasi pasojat e konfliktit ende nuk kan\u00eb p\u00ebrfunduar<\/em>\u201d, shprehet Ergis Sefa, ekspert ekonomie.<\/p>\n<p>Rritja e \u00e7mimeve t\u00eb perimeve ka r\u00ebnduar m\u00eb tep\u00ebr n\u00eb xhepat e pensionist\u00ebve, t\u00eb cil\u00ebt kan\u00eb t\u00eb ardhura t\u00eb ul\u00ebta.<\/p>\n<p>\u201c<em>\u00c7mimet p\u00ebr ne pensionist\u00ebt jan\u00eb shum\u00eb t\u00eb larta. \u00c7far\u00eb mund t\u00eb b\u00ebj un\u00eb me 140 mij\u00eb lek\u00eb n\u00eb muaj?<\/em>\u201d, thon\u00eb qytetar\u00ebt.<\/p>\n<p>\u201c<em>Shtresa q\u00eb vuan m\u00eb tep\u00ebr jemi ne<\/em>\u201d, thot\u00eb nj\u00eb tjet\u00ebr qytetar.<\/p>\n<p>\u201c<em>T\u00eb lutem, t\u00eb mos flasim p\u00ebr \u00e7mimet, sepse nuk blej dot<\/em>\u201d, shprehet po ashtu nj\u00eb qytetar tjet\u00ebr.<\/p>\n<p>Por si mund t\u00eb frenohet kjo rritje \u00e7mimesh?<\/p>\n<p><em>\u201cKjo situat\u00eb mund t\u00eb marr\u00eb fund n\u00ebse frenohet oligopoli, pasi vet\u00ebm kat\u00ebr ose pes\u00eb subjekte importojn\u00eb pjes\u00ebn m\u00eb t\u00eb madhe t\u00eb fruta-perimeve. Nj\u00eb tjet\u00ebr faktor i r\u00ebnd\u00ebsish\u00ebm \u00ebsht\u00eb promovimi dhe mb\u00ebshtetja e produkteve shqiptare<\/em>\u201d, argumenton Sefa.<\/p>\n<p>N\u00eb kahun e kund\u00ebrt, frutat rezultojn\u00eb t\u00eb ken\u00eb kushtuar m\u00eb lir\u00eb. Sipas INSTAT-it, \u00e7mimi i nektarinave \u00ebsht\u00eb ulur me 2.8%.<\/p>\n<p>\u201c<em>Mua m\u00eb duket se frutat jan\u00eb m\u00eb t\u00eb lira se vitin e kaluar<\/em>\u201d, thot\u00eb nj\u00eb qytetar.<\/p>\n<p>Braktisja e fshatit po rrit var\u00ebsin\u00eb nga importet, \u00e7ka ndikon drejtp\u00ebrdrejt n\u00eb shtrenjtimin e tryez\u00ebs s\u00eb konsumatorit shqiptar.<\/p>\n","protected":false},"excerpt":{"rendered":"<p>16 Korrik 2026 Muaji qershor sh\u00ebnon kulmin e prodhimit bujq\u00ebsor, por k\u00ebt\u00eb sezon perimet nuk jan\u00eb b\u00ebr\u00eb m\u00eb t\u00eb lira. P\u00ebrkundrazi, sipas t\u00eb dh\u00ebnave t\u00eb INSTAT-it, \u00e7mimi i zarzavateve \u00ebsht\u00eb rritur me 3.8% krahasuar me t\u00eb nj\u00ebjt\u00ebn periudh\u00eb t\u00eb nj\u00eb viti m\u00eb par\u00eb. Sipas ekspert\u00ebve, n\u00eb k\u00ebt\u00eb rritje kan\u00eb ndikuar tre faktor\u00eb kryesor\u00eb. \u201cFaktori i [&hellip;]<\/p>\n","protected":false},"author":9,"featured_media":102791,"comment_status":"open","ping_status":"open","sticky":false,"template":"","format":"standard","meta":{"jetpack_post_was_ever_published":false,"_jetpack_newsletter_access":"","_jetpack_dont_email_post_to_subs":false,"_jetpack_newsletter_tier_id":0,"_jetpack_memberships_contains_paywalled_content":false,"_jetpack_memberships_contains_paid_content":false,"footnotes":"","jetpack_publicize_message":"","jetpack_publicize_feature_enabled":true,"jetpack_social_post_already_shared":true,"jetpack_social_options":{"image_generator_settings":{"template":"highway","default_image_id":0,"font":"","enabled":false},"version":2}},"categories":[27,1,2,35],"tags":[],"class_list":["post-102790","post","type-post","status-publish","format-standard","has-post-thumbnail","hentry","category-blogu-i-udhetarit","category-njoftime-shtypi","category-politika","category-shoqerore"],"jetpack_publicize_connections":[],"jetpack_featured_media_url":"https:\/\/i0.wp.com\/www.shqiperia.com\/blog\/wp-content\/uploads\/2026\/07\/greke_sd-800x450-1.webp?fit=800%2C450&ssl=1","jetpack_sharing_enabled":true,"jetpack_shortlink":"https:\/\/wp.me\/p5Z6wp-qJU","jetpack-related-posts":[{"id":102458,"url":"https:\/\/www.shqiperia.com\/blog\/ne-kulmin-e-sezonit-prodhues-fluturojne-cmimet-e-perimeve\/","url_meta":{"origin":102790,"position":0},"title":"N\u00eb kulmin e sezonit prodhues, fluturojn\u00eb \u00e7mimet e perimeve","author":"Kurt Farka","date":"July 10, 2026","format":false,"excerpt":"10 Korrik 2026 \u00c7mimet e perimeve sh\u00ebnuan nj\u00eb rritje t\u00eb fort\u00eb n\u00eb qershor, pik\u00ebrisht n\u00eb periudh\u00ebn kur prodhimi vendas dhe oferta sezonale pritet t\u00eb jen\u00eb m\u00eb t\u00eb larta. Sipas t\u00eb dh\u00ebnave zyrtare te INSTAT mbi inflacionin, grupi \u201cPerime, zarzavate dhe bishtajore\u201d u shtrenjtua me 8.5% krahasuar me t\u00eb nj\u00ebjt\u00ebn periudh\u00eb\u2026","rel":"","context":"In &quot;Blogu i Udh\u00ebtarit&quot;","block_context":{"text":"Blogu i Udh\u00ebtarit","link":"https:\/\/www.shqiperia.com\/blog\/category\/blogu-i-udhetarit\/"},"img":{"alt_text":"","src":"https:\/\/i0.wp.com\/www.shqiperia.com\/blog\/wp-content\/uploads\/2026\/07\/FRUTA-PERIME.jpg?fit=1080%2C810&ssl=1&resize=350%2C200","width":350,"height":200,"srcset":"https:\/\/i0.wp.com\/www.shqiperia.com\/blog\/wp-content\/uploads\/2026\/07\/FRUTA-PERIME.jpg?fit=1080%2C810&ssl=1&resize=350%2C200 1x, https:\/\/i0.wp.com\/www.shqiperia.com\/blog\/wp-content\/uploads\/2026\/07\/FRUTA-PERIME.jpg?fit=1080%2C810&ssl=1&resize=525%2C300 1.5x, https:\/\/i0.wp.com\/www.shqiperia.com\/blog\/wp-content\/uploads\/2026\/07\/FRUTA-PERIME.jpg?fit=1080%2C810&ssl=1&resize=700%2C400 2x, https:\/\/i0.wp.com\/www.shqiperia.com\/blog\/wp-content\/uploads\/2026\/07\/FRUTA-PERIME.jpg?fit=1080%2C810&ssl=1&resize=1050%2C600 3x"},"classes":[]},{"id":103560,"url":"https:\/\/www.shqiperia.com\/blog\/nga-energjia-te-bujqesia-e-cmimet-e-larta-kostoja-ekonomike-e-el-nino-s-si-e-prek-shqiperine\/","url_meta":{"origin":102790,"position":1},"title":"Nga energjia te bujq\u00ebsia e \u00e7mimet e larta, kostoja ekonomike e \u201cEl Ni\u00f1o-s\u201d! &#8211; Si e prek Shqip\u00ebrin\u00eb","author":"Kurt Farka","date":"August 1, 2026","format":false,"excerpt":"1 Gusht 2026 N\u00eb muajt e par\u00eb t\u00eb vitit, Shqip\u00ebria kishte energji p\u00ebr t\u00eb shitur. N\u00eb ver\u00eb, po paguan 41.5 milion\u00eb euro p\u00ebr ta importuar t\u00eb pakt\u00ebn deri tani. Kjo kthes\u00eb nuk \u00ebsht\u00eb e pazakont\u00eb. Ajo \u00ebsht\u00eb p\u00ebrs\u00ebritur nd\u00ebr vite, pasi var\u00ebsia e prodhimit vendas t\u00eb energjis\u00eb nga reshjet dhe\u2026","rel":"","context":"In &quot;Blogu i Udh\u00ebtarit&quot;","block_context":{"text":"Blogu i Udh\u00ebtarit","link":"https:\/\/www.shqiperia.com\/blog\/category\/blogu-i-udhetarit\/"},"img":{"alt_text":"","src":"https:\/\/i0.wp.com\/www.shqiperia.com\/blog\/wp-content\/uploads\/2026\/08\/Energji-hidrocentral-1242.jpg?fit=960%2C591&ssl=1&resize=350%2C200","width":350,"height":200,"srcset":"https:\/\/i0.wp.com\/www.shqiperia.com\/blog\/wp-content\/uploads\/2026\/08\/Energji-hidrocentral-1242.jpg?fit=960%2C591&ssl=1&resize=350%2C200 1x, https:\/\/i0.wp.com\/www.shqiperia.com\/blog\/wp-content\/uploads\/2026\/08\/Energji-hidrocentral-1242.jpg?fit=960%2C591&ssl=1&resize=525%2C300 1.5x, https:\/\/i0.wp.com\/www.shqiperia.com\/blog\/wp-content\/uploads\/2026\/08\/Energji-hidrocentral-1242.jpg?fit=960%2C591&ssl=1&resize=700%2C400 2x"},"classes":[]},{"id":104184,"url":"https:\/\/www.shqiperia.com\/blog\/turizmi-rrit-kerkesen-bujqesia-nuk-perballon-dot-cmimet-e-perimeve-rriten-10-1\/","url_meta":{"origin":102790,"position":2},"title":"Turizmi rrit k\u00ebrkes\u00ebn, bujq\u00ebsia nuk p\u00ebrballon dot\/ \u00c7mimet e perimeve rriten 10.1%","author":"Kurt Farka","date":"August 11, 2026","format":false,"excerpt":"11 Gusht 2026 Hendeku nd\u00ebrmjet turizmit dhe bujq\u00ebsis\u00eb sa vjen e zgjerohet, teksa numri i vizitor\u00ebve rritet dhe nga ana tjet\u00ebr, prodhimi bujq\u00ebsor tkurret vit pas viti. K\u00ebto zhvillime si\u00e7 tregojn\u00eb t\u00eb dh\u00ebnat po ndikojn\u00eb n\u00eb rritjen e \u00e7mimeve t\u00eb mallrave te shport\u00ebs dhe n\u00eb zgjerimin me ritme dyshifrore t\u00eb\u2026","rel":"","context":"In &quot;Blogu i Udh\u00ebtarit&quot;","block_context":{"text":"Blogu i Udh\u00ebtarit","link":"https:\/\/www.shqiperia.com\/blog\/category\/blogu-i-udhetarit\/"},"img":{"alt_text":"","src":"https:\/\/i0.wp.com\/www.shqiperia.com\/blog\/wp-content\/uploads\/2026\/08\/640-0-ty-1786427115.png?fit=584%2C374&ssl=1&resize=350%2C200","width":350,"height":200,"srcset":"https:\/\/i0.wp.com\/www.shqiperia.com\/blog\/wp-content\/uploads\/2026\/08\/640-0-ty-1786427115.png?fit=584%2C374&ssl=1&resize=350%2C200 1x, https:\/\/i0.wp.com\/www.shqiperia.com\/blog\/wp-content\/uploads\/2026\/08\/640-0-ty-1786427115.png?fit=584%2C374&ssl=1&resize=525%2C300 1.5x"},"classes":[]},{"id":103293,"url":"https:\/\/www.shqiperia.com\/blog\/ekspertet-zhvleresimi-i-euros-edhe-per-shkak-te-futjes-ne-tregun-vendas-te-parave-te-pista\/","url_meta":{"origin":102790,"position":3},"title":"Ekspert\u00ebt : &#8211; Zhvler\u00ebsimi i euros edhe p\u00ebr shkak t\u00eb futjes n\u00eb tregun vendas t\u00eb parave t\u00eb pista","author":"Kurt Farka","date":"July 27, 2026","format":false,"excerpt":"27 Korrik 2026 Qeveria po e shet mbivler\u00ebsimin e monedh\u00ebs vendase si nj\u00eb sukses ekonomik p\u00ebr Shqip\u00ebrin\u00eb, por ekspert\u00ebt argumentojn\u00eb se t\u00eb dh\u00ebnat makroekonomike jan\u00eb t\u00eb pamjaftueshme p\u00ebr t\u00eb shpjeguar kursin e k\u00ebmbimit, pa futur n\u00eb analiz\u00eb parat\u00eb informale. Monedha europiane, Euro ka humbur gati nj\u00eb t\u00eb tret\u00ebn e vler\u00ebs\u2026","rel":"","context":"In &quot;Blogu i Udh\u00ebtarit&quot;","block_context":{"text":"Blogu i Udh\u00ebtarit","link":"https:\/\/www.shqiperia.com\/blog\/category\/blogu-i-udhetarit\/"},"img":{"alt_text":"","src":"https:\/\/i0.wp.com\/www.shqiperia.com\/blog\/wp-content\/uploads\/2026\/07\/rama-delina.jpg?fit=1175%2C781&ssl=1&resize=350%2C200","width":350,"height":200,"srcset":"https:\/\/i0.wp.com\/www.shqiperia.com\/blog\/wp-content\/uploads\/2026\/07\/rama-delina.jpg?fit=1175%2C781&ssl=1&resize=350%2C200 1x, https:\/\/i0.wp.com\/www.shqiperia.com\/blog\/wp-content\/uploads\/2026\/07\/rama-delina.jpg?fit=1175%2C781&ssl=1&resize=525%2C300 1.5x, https:\/\/i0.wp.com\/www.shqiperia.com\/blog\/wp-content\/uploads\/2026\/07\/rama-delina.jpg?fit=1175%2C781&ssl=1&resize=700%2C400 2x, https:\/\/i0.wp.com\/www.shqiperia.com\/blog\/wp-content\/uploads\/2026\/07\/rama-delina.jpg?fit=1175%2C781&ssl=1&resize=1050%2C600 3x"},"classes":[]},{"id":103711,"url":"https:\/\/www.shqiperia.com\/blog\/deputeti-socialist-i-del-kunder-propozimit-per-shkrirjen-e-selenices\/","url_meta":{"origin":102790,"position":4},"title":"Deputeti socialist i del kund\u00ebr propozimit p\u00ebr &#8216;shkrirjen&#8217; e Selenic\u00ebs","author":"Kurt Farka","date":"August 3, 2026","format":false,"excerpt":"3 Gusht 2026 Deputeti i Partis\u00eb Socialiste, Vullnet Sina, ka dal\u00eb kund\u00ebr propozimit p\u00ebr bashkimin e Bashkis\u00eb Selenic\u00eb me Bashkin\u00eb e Vlor\u00ebs n\u00eb kuad\u00ebr t\u00eb reform\u00ebs s\u00eb re administrativo-territoriale. Ai k\u00ebrkon q\u00eb Selenica t\u00eb ruaj\u00eb statusin e bashkis\u00eb m\u00eb vete, duke argumentuar se zona ka tregues pozitiv\u00eb ekonomik\u00eb dhe funksional\u00eb.\u2026","rel":"","context":"In &quot;Blogu i Udh\u00ebtarit&quot;","block_context":{"text":"Blogu i Udh\u00ebtarit","link":"https:\/\/www.shqiperia.com\/blog\/category\/blogu-i-udhetarit\/"},"img":{"alt_text":"","src":"https:\/\/i0.wp.com\/www.shqiperia.com\/blog\/wp-content\/uploads\/2026\/08\/640-0-8ju7y6tjpg-1785772001.jpg?fit=640%2C346&ssl=1&resize=350%2C200","width":350,"height":200,"srcset":"https:\/\/i0.wp.com\/www.shqiperia.com\/blog\/wp-content\/uploads\/2026\/08\/640-0-8ju7y6tjpg-1785772001.jpg?fit=640%2C346&ssl=1&resize=350%2C200 1x, https:\/\/i0.wp.com\/www.shqiperia.com\/blog\/wp-content\/uploads\/2026\/08\/640-0-8ju7y6tjpg-1785772001.jpg?fit=640%2C346&ssl=1&resize=525%2C300 1.5x"},"classes":[]},{"id":104865,"url":"https:\/\/www.shqiperia.com\/blog\/fermeret-paralajmerojne-protesta-ne-shtator-kerkojne-nafte-pa-akcize-dhe-subvencione\/","url_meta":{"origin":102790,"position":5},"title":"Fermer\u00ebt paralajm\u00ebrojn\u00eb protesta n\u00eb shtator, k\u00ebrkojn\u00eb naft\u00eb pa akciz\u00eb dhe subvencione","author":"Kurt Farka","date":"August 21, 2026","format":false,"excerpt":"21 Gusht 2026 Subvencionet e ul\u00ebta n\u00eb bujq\u00ebsi dhe blegtori, krahasuar me vendet e rajonit, kostot e larta t\u00eb prodhimit, mungesa e kanaleve ujit\u00ebse dhe heqja e naft\u00ebs pa akciz\u00eb jan\u00eb nd\u00ebr problematikat kryesore q\u00eb vijojn\u00eb t\u00eb penalizojn\u00eb fermer\u00ebt dhe konkurrueshm\u00ebrin\u00eb e sektorit. P\u00ebrball\u00eb k\u00ebtyre v\u00ebshtir\u00ebsive, fermer\u00ebt dhe blegtor\u00ebt paralajm\u00ebrojn\u00eb\u2026","rel":"","context":"In &quot;Blogu i Udh\u00ebtarit&quot;","block_context":{"text":"Blogu i Udh\u00ebtarit","link":"https:\/\/www.shqiperia.com\/blog\/category\/blogu-i-udhetarit\/"},"img":{"alt_text":"","src":"https:\/\/i0.wp.com\/www.shqiperia.com\/blog\/wp-content\/uploads\/2026\/08\/fermer.jpg?fit=758%2C451&ssl=1&resize=350%2C200","width":350,"height":200,"srcset":"https:\/\/i0.wp.com\/www.shqiperia.com\/blog\/wp-content\/uploads\/2026\/08\/fermer.jpg?fit=758%2C451&ssl=1&resize=350%2C200 1x, https:\/\/i0.wp.com\/www.shqiperia.com\/blog\/wp-content\/uploads\/2026\/08\/fermer.jpg?fit=758%2C451&ssl=1&resize=525%2C300 1.5x, https:\/\/i0.wp.com\/www.shqiperia.com\/blog\/wp-content\/uploads\/2026\/08\/fermer.jpg?fit=758%2C451&ssl=1&resize=700%2C400 2x"},"classes":[]}],"_links":{"self":[{"href":"https:\/\/www.shqiperia.com\/blog\/wp-json\/wp\/v2\/posts\/102790","targetHints":{"allow":["GET"]}}],"collection":[{"href":"https:\/\/www.shqiperia.com\/blog\/wp-json\/wp\/v2\/posts"}],"about":[{"href":"https:\/\/www.shqiperia.com\/blog\/wp-json\/wp\/v2\/types\/post"}],"author":[{"embeddable":true,"href":"https:\/\/www.shqiperia.com\/blog\/wp-json\/wp\/v2\/users\/9"}],"replies":[{"embeddable":true,"href":"https:\/\/www.shqiperia.com\/blog\/wp-json\/wp\/v2\/comments?post=102790"}],"version-history":[{"count":1,"href":"https:\/\/www.shqiperia.com\/blog\/wp-json\/wp\/v2\/posts\/102790\/revisions"}],"predecessor-version":[{"id":102792,"href":"https:\/\/www.shqiperia.com\/blog\/wp-json\/wp\/v2\/posts\/102790\/revisions\/102792"}],"wp:featuredmedia":[{"embeddable":true,"href":"https:\/\/www.shqiperia.com\/blog\/wp-json\/wp\/v2\/media\/102791"}],"wp:attachment":[{"href":"https:\/\/www.shqiperia.com\/blog\/wp-json\/wp\/v2\/media?parent=102790"}],"wp:term":[{"taxonomy":"category","embeddable":true,"href":"https:\/\/www.shqiperia.com\/blog\/wp-json\/wp\/v2\/categories?post=102790"},{"taxonomy":"post_tag","embeddable":true,"href":"https:\/\/www.shqiperia.com\/blog\/wp-json\/wp\/v2\/tags?post=102790"}],"curies":[{"name":"wp","href":"https:\/\/api.w.org\/{rel}","templated":true}]}}