{"id":102787,"date":"2026-07-16T14:53:53","date_gmt":"2026-07-16T14:53:53","guid":{"rendered":"https:\/\/www.shqiperia.com\/blog\/?p=102787"},"modified":"2026-07-16T14:53:53","modified_gmt":"2026-07-16T14:53:53","slug":"tjeter-goditje-per-melonin-i-rrezohet-ne-parlament-reforma-zgjedhore-vendimi-vetem-me-nje-vote-diference","status":"publish","type":"post","link":"https:\/\/www.shqiperia.com\/blog\/tjeter-goditje-per-melonin-i-rrezohet-ne-parlament-reforma-zgjedhore-vendimi-vetem-me-nje-vote-diference\/","title":{"rendered":"Tjet\u00ebr goditje p\u00ebr Melonin, i rr\u00ebzohet n\u00eb Parlament reforma zgjedhore. Vendimi vet\u00ebm me nj\u00eb vot\u00eb diferenc\u00eb"},"content":{"rendered":"<div class=\"firstP\">\n<div id=\"attachment_102788\" style=\"width: 701px\" class=\"wp-caption alignnone\"><img data-recalc-dims=\"1\" loading=\"lazy\" decoding=\"async\" aria-describedby=\"caption-attachment-102788\" data-attachment-id=\"102788\" data-permalink=\"https:\/\/www.shqiperia.com\/blog\/tjeter-goditje-per-melonin-i-rrezohet-ne-parlament-reforma-zgjedhore-vendimi-vetem-me-nje-vote-diference\/vetem-nje-vote-ishte-giorgia-meloni\/\" data-orig-file=\"https:\/\/i0.wp.com\/www.shqiperia.com\/blog\/wp-content\/uploads\/2026\/07\/Vetem-nje-Vote-ishte-giorgia-meloni.webp?fit=1900%2C1069&amp;ssl=1\" data-orig-size=\"1900,1069\" data-comments-opened=\"1\" data-image-meta=\"{&quot;aperture&quot;:&quot;0&quot;,&quot;credit&quot;:&quot;&quot;,&quot;camera&quot;:&quot;&quot;,&quot;caption&quot;:&quot;&quot;,&quot;created_timestamp&quot;:&quot;0&quot;,&quot;copyright&quot;:&quot;&quot;,&quot;focal_length&quot;:&quot;0&quot;,&quot;iso&quot;:&quot;0&quot;,&quot;shutter_speed&quot;:&quot;0&quot;,&quot;title&quot;:&quot;&quot;,&quot;orientation&quot;:&quot;0&quot;}\" data-image-title=\"Vet\u00ebm nje Vote ishte, giorgia meloni\" data-image-description=\"\" data-image-caption=\"&lt;p&gt;Vet\u00ebm nje Vote ishte, giorgia meloni&lt;\/p&gt;\n\" data-medium-file=\"https:\/\/i0.wp.com\/www.shqiperia.com\/blog\/wp-content\/uploads\/2026\/07\/Vetem-nje-Vote-ishte-giorgia-meloni.webp?fit=300%2C169&amp;ssl=1\" data-large-file=\"https:\/\/i0.wp.com\/www.shqiperia.com\/blog\/wp-content\/uploads\/2026\/07\/Vetem-nje-Vote-ishte-giorgia-meloni.webp?fit=1024%2C576&amp;ssl=1\" class=\" wp-image-102788\" alt=\"\" src=\"https:\/\/i0.wp.com\/www.shqiperia.com\/blog\/wp-content\/uploads\/2026\/07\/Vetem-nje-Vote-ishte-giorgia-meloni.webp?resize=691%2C389&#038;ssl=1\" width=\"691\" height=\"389\" srcset=\"https:\/\/i0.wp.com\/www.shqiperia.com\/blog\/wp-content\/uploads\/2026\/07\/Vetem-nje-Vote-ishte-giorgia-meloni.webp?resize=300%2C169&amp;ssl=1 300w, https:\/\/i0.wp.com\/www.shqiperia.com\/blog\/wp-content\/uploads\/2026\/07\/Vetem-nje-Vote-ishte-giorgia-meloni.webp?resize=1024%2C576&amp;ssl=1 1024w, https:\/\/i0.wp.com\/www.shqiperia.com\/blog\/wp-content\/uploads\/2026\/07\/Vetem-nje-Vote-ishte-giorgia-meloni.webp?resize=768%2C432&amp;ssl=1 768w, https:\/\/i0.wp.com\/www.shqiperia.com\/blog\/wp-content\/uploads\/2026\/07\/Vetem-nje-Vote-ishte-giorgia-meloni.webp?resize=1536%2C864&amp;ssl=1 1536w, https:\/\/i0.wp.com\/www.shqiperia.com\/blog\/wp-content\/uploads\/2026\/07\/Vetem-nje-Vote-ishte-giorgia-meloni.webp?resize=450%2C253&amp;ssl=1 450w, https:\/\/i0.wp.com\/www.shqiperia.com\/blog\/wp-content\/uploads\/2026\/07\/Vetem-nje-Vote-ishte-giorgia-meloni.webp?resize=600%2C338&amp;ssl=1 600w, https:\/\/i0.wp.com\/www.shqiperia.com\/blog\/wp-content\/uploads\/2026\/07\/Vetem-nje-Vote-ishte-giorgia-meloni.webp?resize=1500%2C844&amp;ssl=1 1500w, https:\/\/i0.wp.com\/www.shqiperia.com\/blog\/wp-content\/uploads\/2026\/07\/Vetem-nje-Vote-ishte-giorgia-meloni.webp?resize=1300%2C731&amp;ssl=1 1300w, https:\/\/i0.wp.com\/www.shqiperia.com\/blog\/wp-content\/uploads\/2026\/07\/Vetem-nje-Vote-ishte-giorgia-meloni.webp?resize=400%2C225&amp;ssl=1 400w, https:\/\/i0.wp.com\/www.shqiperia.com\/blog\/wp-content\/uploads\/2026\/07\/Vetem-nje-Vote-ishte-giorgia-meloni.webp?w=1900&amp;ssl=1 1900w\" sizes=\"auto, (max-width: 691px) 100vw, 691px\" \/><p id=\"caption-attachment-102788\" class=\"wp-caption-text\">Vet\u00ebm nje Vote ishte, giorgia meloni<\/p><\/div>\n<p>16 Korrik 2026<\/p>\n<p>Giorgia Meloni p\u00ebsoi nj\u00eb tjet\u00ebr disfat\u00eb politike n\u00eb Parlament, ku reforma zgjedhore e propozuar nga kryeministrja e djatht\u00eb e Italis\u00eb u refuzua, pavar\u00ebsisht se partner\u00ebt e koalicionit kishin premtuar mb\u00ebshtetjen e tyre.<\/p>\n<\/div>\n<p>Amendamenti q\u00eb k\u00ebrkonte qeveria e saj u rr\u00ebzua me nj\u00eb diferenc\u00eb minimale votash, 188 vota kund\u00ebr dhe 187 pro, duke i dh\u00ebn\u00eb opozit\u00ebs nj\u00eb argument t\u00eb ri p\u00ebr ta sulmuar politikisht. Ky rezultat konsiderohet nj\u00eb goditje p\u00ebr Melonin, e cila prej koh\u00ebsh synon nj\u00eb reform\u00eb t\u00eb thell\u00eb t\u00eb sistemit zgjedhor.<\/p>\n<p>Objektivi i saj \u00ebsht\u00eb q\u00eb n\u00eb t\u00eb ardhmen kryeministri t\u00eb zgjidhet drejtp\u00ebrdrejt nga qytetar\u00ebt dhe partia fituese t\u00eb p\u00ebrfitoj\u00eb nj\u00eb bonus mandatesh p\u00ebr t\u00eb siguruar stabilitet qeveris\u00ebs. Megjithat\u00eb, amendamenti i votuar nuk kishte t\u00eb b\u00ebnte me t\u00eb gjith\u00eb paket\u00ebn e reform\u00ebs, por vet\u00ebm me mund\u00ebsin\u00eb q\u00eb zgjedh\u00ebsit t\u00eb favorizonin kandidat\u00eb t\u00eb caktuar n\u00eb listat e partive p\u00ebrmes vot\u00ebs preferenciale.<\/p>\n<p>Pik\u00ebrisht kjo pik\u00eb u rr\u00ebzua n\u00eb votimin e fsheht\u00eb, duke treguar se edhe brenda shumic\u00ebs qeveris\u00ebse pati deputet\u00eb q\u00eb nuk e mb\u00ebshtet\u00ebn propozimin. Menj\u00ebher\u00eb pas votimit, opozita k\u00ebrkoi dor\u00ebheqjen e Melonit dhe mbajtjen e zgjedhjeve t\u00eb parakohshme. Disfata konsiderohet ve\u00e7an\u00ebrisht e ndjeshme, pasi partner\u00ebt e koalicionit, Forza Italia dhe Lega, kishin deklaruar publikisht se do ta mb\u00ebshtesnin amendamentin. Duke qen\u00eb se koalicioni disponon shumic\u00ebn n\u00eb Parlament, rezultati l\u00eb t\u00eb kuptohet se nj\u00eb pjes\u00eb e deputet\u00ebve t\u00eb kampit qeveris\u00ebs votuan kund\u00ebr.<\/p>\n<p>Pas humbjes, Meloni reagoi shkurt, duke deklaruar: \u201cE provuam. Edhe nj\u00eb her\u00eb fitoi mo\u00e7ali.\u201dItalia pritet t\u00eb zhvilloj\u00eb zgjedhje parlamentare vitin e ardhsh\u00ebm, nd\u00ebrsa sondazhet vazhdojn\u00eb ta rendisin Melonin dhe partin\u00eb e saj n\u00eb krye t\u00eb preferencave t\u00eb elektoratit.<\/p>\n<p class=\"last\"><strong>Top Channel<\/strong><\/p>\n","protected":false},"excerpt":{"rendered":"<p>16 Korrik 2026 Giorgia Meloni p\u00ebsoi nj\u00eb tjet\u00ebr disfat\u00eb politike n\u00eb Parlament, ku reforma zgjedhore e propozuar nga kryeministrja e djatht\u00eb e Italis\u00eb u refuzua, pavar\u00ebsisht se partner\u00ebt e koalicionit kishin premtuar mb\u00ebshtetjen e tyre. Amendamenti q\u00eb k\u00ebrkonte qeveria e saj u rr\u00ebzua me nj\u00eb diferenc\u00eb minimale votash, 188 vota kund\u00ebr dhe 187 pro, duke [&hellip;]<\/p>\n","protected":false},"author":9,"featured_media":102788,"comment_status":"open","ping_status":"open","sticky":false,"template":"","format":"standard","meta":{"jetpack_post_was_ever_published":false,"_jetpack_newsletter_access":"","_jetpack_dont_email_post_to_subs":false,"_jetpack_newsletter_tier_id":0,"_jetpack_memberships_contains_paywalled_content":false,"_jetpack_memberships_contains_paid_content":false,"footnotes":"","jetpack_publicize_message":"","jetpack_publicize_feature_enabled":true,"jetpack_social_post_already_shared":true,"jetpack_social_options":{"image_generator_settings":{"template":"highway","default_image_id":0,"font":"","enabled":false},"version":2}},"categories":[27,1,2,35],"tags":[],"class_list":["post-102787","post","type-post","status-publish","format-standard","has-post-thumbnail","hentry","category-blogu-i-udhetarit","category-njoftime-shtypi","category-politika","category-shoqerore"],"jetpack_publicize_connections":[],"jetpack_featured_media_url":"https:\/\/i0.wp.com\/www.shqiperia.com\/blog\/wp-content\/uploads\/2026\/07\/Vetem-nje-Vote-ishte-giorgia-meloni.webp?fit=1900%2C1069&ssl=1","jetpack_sharing_enabled":true,"jetpack_shortlink":"https:\/\/wp.me\/p5Z6wp-qJR","jetpack-related-posts":[{"id":101899,"url":"https:\/\/www.shqiperia.com\/blog\/marjana-koceku-flet-per-median-britanike-kjo-qeveri-smund-te-sjelle-ndryshim\/","url_meta":{"origin":102787,"position":0},"title":"Marjana Ko\u00e7eku flet p\u00ebr median britanike: &#8211; Kjo qeveri s\u2019mund t\u00eb sjell\u00eb ndryshim","author":"Kurt Farka","date":"June 27, 2026","format":false,"excerpt":"28 Qershor 2026 Largimi i deputetes Marjana Ko\u00e7eku nga Grupi Parlamentar i Partis\u00eb Socialiste ka kaluar kufijt\u00eb e Shqip\u00ebris\u00eb dhe ka t\u00ebrhequr v\u00ebmendjen e mediave nd\u00ebrkomb\u00ebtare. Prestigjiozja britanike\u00a0\u201cBritannia Daily\u201d i\u00a0ka kushtuar nj\u00eb artikull vendimit t\u00eb saj p\u00ebr t\u2019u shk\u00ebputur nga mazhoranca, n\u00eb nj\u00eb koh\u00eb kur protestat antiqeveritare n\u00eb vend vijojn\u00eb\u2026","rel":"","context":"In &quot;Blogu i Udh\u00ebtarit&quot;","block_context":{"text":"Blogu i Udh\u00ebtarit","link":"https:\/\/www.shqiperia.com\/blog\/category\/blogu-i-udhetarit\/"},"img":{"alt_text":"","src":"https:\/\/i0.wp.com\/www.shqiperia.com\/blog\/wp-content\/uploads\/2026\/06\/Marjana-Koceku.jpeg?fit=1167%2C768&ssl=1&resize=350%2C200","width":350,"height":200,"srcset":"https:\/\/i0.wp.com\/www.shqiperia.com\/blog\/wp-content\/uploads\/2026\/06\/Marjana-Koceku.jpeg?fit=1167%2C768&ssl=1&resize=350%2C200 1x, https:\/\/i0.wp.com\/www.shqiperia.com\/blog\/wp-content\/uploads\/2026\/06\/Marjana-Koceku.jpeg?fit=1167%2C768&ssl=1&resize=525%2C300 1.5x, https:\/\/i0.wp.com\/www.shqiperia.com\/blog\/wp-content\/uploads\/2026\/06\/Marjana-Koceku.jpeg?fit=1167%2C768&ssl=1&resize=700%2C400 2x, https:\/\/i0.wp.com\/www.shqiperia.com\/blog\/wp-content\/uploads\/2026\/06\/Marjana-Koceku.jpeg?fit=1167%2C768&ssl=1&resize=1050%2C600 3x"},"classes":[]},{"id":105222,"url":"https:\/\/www.shqiperia.com\/blog\/1800-njerez-zhvendosin-pallatin-360-tonesh-ne-japoni-perdorin-litare-dhe-rule\/","url_meta":{"origin":102787,"position":1},"title":"1,800 njer\u00ebz zhvendosin pallatin 360-ton\u00ebsh n\u00eb Japoni\/ P\u00ebrdorin litar\u00eb dhe rul\u00eb","author":"Kurt Farka","date":"August 26, 2026","format":false,"excerpt":"26 Gusht 2026 Nj\u00eb operacion i pazakont\u00eb po zhvillohet n\u00eb Prefektur\u00ebn Aomori t\u00eb Japonis\u00eb, ku rreth 1,800 persona jan\u00eb angazhuar p\u00ebr t\u00eb zhvendosur nj\u00eb struktur\u00eb historike q\u00eb peshon rreth 360 ton\u00eb. B\u00ebhet fjal\u00eb p\u00ebr pallatin e K\u00ebshtjell\u00ebs Hirosaki, i cili po zhvendoset p\u00ebr t\u2019i mund\u00ebsuar autoriteteve punimet e restaurimit. P\u00ebr\u2026","rel":"","context":"In &quot;Blogu i Udh\u00ebtarit&quot;","block_context":{"text":"Blogu i Udh\u00ebtarit","link":"https:\/\/www.shqiperia.com\/blog\/category\/blogu-i-udhetarit\/"},"img":{"alt_text":"","src":"https:\/\/i0.wp.com\/www.shqiperia.com\/blog\/wp-content\/uploads\/2026\/08\/640-0-screenshot-2026-08-25-194353-1787679840.png?fit=640%2C394&ssl=1&resize=350%2C200","width":350,"height":200,"srcset":"https:\/\/i0.wp.com\/www.shqiperia.com\/blog\/wp-content\/uploads\/2026\/08\/640-0-screenshot-2026-08-25-194353-1787679840.png?fit=640%2C394&ssl=1&resize=350%2C200 1x, https:\/\/i0.wp.com\/www.shqiperia.com\/blog\/wp-content\/uploads\/2026\/08\/640-0-screenshot-2026-08-25-194353-1787679840.png?fit=640%2C394&ssl=1&resize=525%2C300 1.5x"},"classes":[]},{"id":104464,"url":"https:\/\/www.shqiperia.com\/blog\/zjarret-shkrumbojne-masivet-pyjore-arusha-me-kelyshin-shfaqen-ne-elbasan-kafshet-ne-rrezik-nga-flaket\/","url_meta":{"origin":102787,"position":2},"title":"Zjarret shkrumbojn\u00eb masivet pyjore, arusha me k\u00eblyshin shfaqen n\u00eb Elbasan. &#8211; Kafsh\u00ebt n\u00eb rrezik nga flak\u00ebt","author":"Kurt Farka","date":"August 14, 2026","format":false,"excerpt":"14 Gusht 2026 \u201cLufta\u201d me flak\u00ebt e zjarreve n\u00eb masivet pyjore nuk b\u00ebhet vet\u00ebm p\u00ebr t\u00eb mbrojtur jet\u00ebn e qytetar\u00ebve, banesat dhe pasurit\u00eb e tyre, por edhe p\u00ebr t\u00eb shp\u00ebtuar faun\u00ebn e eg\u00ebr dhe habitatet natyrore q\u00eb k\u00ebrc\u00ebnohen nga zjarret Nj\u00eb d\u00ebshmi e ve\u00e7ant\u00eb vjen nga zona e Shmilit n\u00eb\u2026","rel":"","context":"In &quot;Blogu i Udh\u00ebtarit&quot;","block_context":{"text":"Blogu i Udh\u00ebtarit","link":"https:\/\/www.shqiperia.com\/blog\/category\/blogu-i-udhetarit\/"},"img":{"alt_text":"","src":"https:\/\/i0.wp.com\/www.shqiperia.com\/blog\/wp-content\/uploads\/2026\/08\/photo-output-6-1536x1107-1.jpeg?fit=1200%2C865&ssl=1&resize=350%2C200","width":350,"height":200,"srcset":"https:\/\/i0.wp.com\/www.shqiperia.com\/blog\/wp-content\/uploads\/2026\/08\/photo-output-6-1536x1107-1.jpeg?fit=1200%2C865&ssl=1&resize=350%2C200 1x, https:\/\/i0.wp.com\/www.shqiperia.com\/blog\/wp-content\/uploads\/2026\/08\/photo-output-6-1536x1107-1.jpeg?fit=1200%2C865&ssl=1&resize=525%2C300 1.5x, https:\/\/i0.wp.com\/www.shqiperia.com\/blog\/wp-content\/uploads\/2026\/08\/photo-output-6-1536x1107-1.jpeg?fit=1200%2C865&ssl=1&resize=700%2C400 2x, https:\/\/i0.wp.com\/www.shqiperia.com\/blog\/wp-content\/uploads\/2026\/08\/photo-output-6-1536x1107-1.jpeg?fit=1200%2C865&ssl=1&resize=1050%2C600 3x"},"classes":[]},{"id":100885,"url":"https:\/\/www.shqiperia.com\/blog\/ferri-i-dantes-mes-mitit-dhe-shkences-hipoteza-e-re-per-nje-perplasje-asteroidesh-ne-toke\/","url_meta":{"origin":102787,"position":3},"title":"Ferri i Dantes mes mitit dhe shkenc\u00ebs: Hipoteza e re p\u00ebr nj\u00eb p\u00ebrplasje asteroidesh n\u00eb tok\u00eb","author":"Kurt Farka","date":"June 1, 2026","format":false,"excerpt":"1 Qershor 2026 Nj\u00eb teori e re, e prezantuar n\u00eb Asamblen\u00eb e P\u00ebrgjithshme t\u00eb Unionit Evropian t\u00eb Gjeoshkencave, sugjeron se \u2018Ferri\u2019 i Dante Alighierit mund t\u00eb p\u00ebrshkruaj\u00eb jo vet\u00ebm nj\u00eb udh\u00ebtim shpirt\u00ebror, por edhe nj\u00eb transformim fizik t\u00eb Tok\u00ebs. Sipas studiuesit amerikan Timothy Burbery, figura e Satanait n\u00eb \u2018Komedin\u00eb Hyjnore\u2019\u2026","rel":"","context":"In &quot;Histori&quot;","block_context":{"text":"Histori","link":"https:\/\/www.shqiperia.com\/blog\/category\/histori\/"},"img":{"alt_text":"","src":"https:\/\/i0.wp.com\/www.shqiperia.com\/blog\/wp-content\/uploads\/2026\/06\/auto_-900-0-1779978477xinferno-di-dante-1020x680-4531779985600.jpg?fit=900%2C600&ssl=1&resize=350%2C200","width":350,"height":200,"srcset":"https:\/\/i0.wp.com\/www.shqiperia.com\/blog\/wp-content\/uploads\/2026\/06\/auto_-900-0-1779978477xinferno-di-dante-1020x680-4531779985600.jpg?fit=900%2C600&ssl=1&resize=350%2C200 1x, https:\/\/i0.wp.com\/www.shqiperia.com\/blog\/wp-content\/uploads\/2026\/06\/auto_-900-0-1779978477xinferno-di-dante-1020x680-4531779985600.jpg?fit=900%2C600&ssl=1&resize=525%2C300 1.5x, https:\/\/i0.wp.com\/www.shqiperia.com\/blog\/wp-content\/uploads\/2026\/06\/auto_-900-0-1779978477xinferno-di-dante-1020x680-4531779985600.jpg?fit=900%2C600&ssl=1&resize=700%2C400 2x"},"classes":[]},{"id":103848,"url":"https:\/\/www.shqiperia.com\/blog\/sherif-bundo-politika-kunder-fshatit-a-po-gabojme-perseri\/","url_meta":{"origin":102787,"position":4},"title":"Sherif Bundo: &#8211; Politika kund\u00ebr fshatit. A po gabojm\u00eb p\u00ebrs\u00ebri?","author":"Kurt Farka","date":"August 5, 2026","format":false,"excerpt":"5 Gusht 2026 Nga Sherif BUNDO \u201cDymb\u00ebdhjet\u00eb vjet pas ndarjes s\u00eb vitit 2014, Shqip\u00ebria p\u00ebrballet me pyetjen n\u00ebse problemi q\u00ebndron te numri i bashkive apo te modeli i organizimit financiar dhe administrativ t\u00eb pushtetit vendor\u201d. Nuk d\u00ebshiroj t\u00eb mendoj se edhe kjo reform\u00eb e re p\u00ebr ndarjen teritoriale do t\u00eb\u2026","rel":"","context":"In &quot;Blogu i Udh\u00ebtarit&quot;","block_context":{"text":"Blogu i Udh\u00ebtarit","link":"https:\/\/www.shqiperia.com\/blog\/category\/blogu-i-udhetarit\/"},"img":{"alt_text":"","src":"https:\/\/i0.wp.com\/www.shqiperia.com\/blog\/wp-content\/uploads\/2026\/08\/Sherif-Bundo-1.jpeg?fit=1028%2C601&ssl=1&resize=350%2C200","width":350,"height":200,"srcset":"https:\/\/i0.wp.com\/www.shqiperia.com\/blog\/wp-content\/uploads\/2026\/08\/Sherif-Bundo-1.jpeg?fit=1028%2C601&ssl=1&resize=350%2C200 1x, https:\/\/i0.wp.com\/www.shqiperia.com\/blog\/wp-content\/uploads\/2026\/08\/Sherif-Bundo-1.jpeg?fit=1028%2C601&ssl=1&resize=525%2C300 1.5x, https:\/\/i0.wp.com\/www.shqiperia.com\/blog\/wp-content\/uploads\/2026\/08\/Sherif-Bundo-1.jpeg?fit=1028%2C601&ssl=1&resize=700%2C400 2x"},"classes":[]},{"id":103070,"url":"https:\/\/www.shqiperia.com\/blog\/cfare-e-vrau-muzen-e-boticelit-a-eshte-zgjidhur-rasti-mjekesor-550-vjecar\/","url_meta":{"origin":102787,"position":5},"title":"\u00c7far\u00eb e vrau muz\u00ebn e Boti\u00e7elit: A \u00ebsht\u00eb zgjidhur rasti mjek\u00ebsor 550-vje\u00e7ar?","author":"Kurt Farka","date":"July 22, 2026","format":false,"excerpt":"22 Korrik 2026 Nga Paolo Pozzilli\/ Simoneta Vespu\u00e7i \u00ebsht\u00eb ndoshta nj\u00eb nga grat\u00eb m\u00eb t\u00eb pikturuara t\u00eb Rilindjes Italiane. Besohet gjer\u00ebsisht se Sandro Boti\u00e7eli e p\u00ebrdori at\u00eb si model p\u00ebr Venusin dhe ajo shfaqet, e shnd\u00ebrruar dhe e idealizuar, n\u00eb disa nga veprat e tij m\u00eb t\u00eb famshme. Ajo vdiq\u2026","rel":"","context":"In &quot;Blogu i Udh\u00ebtarit&quot;","block_context":{"text":"Blogu i Udh\u00ebtarit","link":"https:\/\/www.shqiperia.com\/blog\/category\/blogu-i-udhetarit\/"},"img":{"alt_text":"","src":"https:\/\/i0.wp.com\/www.shqiperia.com\/blog\/wp-content\/uploads\/2026\/07\/1.jpg?fit=513%2C396&ssl=1&resize=350%2C200","width":350,"height":200},"classes":[]}],"_links":{"self":[{"href":"https:\/\/www.shqiperia.com\/blog\/wp-json\/wp\/v2\/posts\/102787","targetHints":{"allow":["GET"]}}],"collection":[{"href":"https:\/\/www.shqiperia.com\/blog\/wp-json\/wp\/v2\/posts"}],"about":[{"href":"https:\/\/www.shqiperia.com\/blog\/wp-json\/wp\/v2\/types\/post"}],"author":[{"embeddable":true,"href":"https:\/\/www.shqiperia.com\/blog\/wp-json\/wp\/v2\/users\/9"}],"replies":[{"embeddable":true,"href":"https:\/\/www.shqiperia.com\/blog\/wp-json\/wp\/v2\/comments?post=102787"}],"version-history":[{"count":1,"href":"https:\/\/www.shqiperia.com\/blog\/wp-json\/wp\/v2\/posts\/102787\/revisions"}],"predecessor-version":[{"id":102789,"href":"https:\/\/www.shqiperia.com\/blog\/wp-json\/wp\/v2\/posts\/102787\/revisions\/102789"}],"wp:featuredmedia":[{"embeddable":true,"href":"https:\/\/www.shqiperia.com\/blog\/wp-json\/wp\/v2\/media\/102788"}],"wp:attachment":[{"href":"https:\/\/www.shqiperia.com\/blog\/wp-json\/wp\/v2\/media?parent=102787"}],"wp:term":[{"taxonomy":"category","embeddable":true,"href":"https:\/\/www.shqiperia.com\/blog\/wp-json\/wp\/v2\/categories?post=102787"},{"taxonomy":"post_tag","embeddable":true,"href":"https:\/\/www.shqiperia.com\/blog\/wp-json\/wp\/v2\/tags?post=102787"}],"curies":[{"name":"wp","href":"https:\/\/api.w.org\/{rel}","templated":true}]}}