{"id":102780,"date":"2026-07-16T14:42:42","date_gmt":"2026-07-16T14:42:42","guid":{"rendered":"https:\/\/www.shqiperia.com\/blog\/?p=102780"},"modified":"2026-07-16T14:42:42","modified_gmt":"2026-07-16T14:42:42","slug":"zbulohet-propozimi-i-ps-se-per-reformen-territoriale-ja-ne-sa-bashki-pritet-te-ndahet-vendi","status":"publish","type":"post","link":"https:\/\/www.shqiperia.com\/blog\/zbulohet-propozimi-i-ps-se-per-reformen-territoriale-ja-ne-sa-bashki-pritet-te-ndahet-vendi\/","title":{"rendered":"Zbulohet propozimi i PS-s\u00eb p\u00ebr Reform\u00ebn Territoriale\/ Ja n\u00eb sa bashki pritet t\u00eb ndahet vendi"},"content":{"rendered":"<p data-a11y-orig-inline=\"\" data-a11y-base-fs=\"18\"><img data-recalc-dims=\"1\" loading=\"lazy\" decoding=\"async\" data-attachment-id=\"102781\" data-permalink=\"https:\/\/www.shqiperia.com\/blog\/zbulohet-propozimi-i-ps-se-per-reformen-territoriale-ja-ne-sa-bashki-pritet-te-ndahet-vendi\/640-0-945bbc5c1042ddae3407b76bdee0c862\/\" data-orig-file=\"https:\/\/i0.wp.com\/www.shqiperia.com\/blog\/wp-content\/uploads\/2026\/07\/640-0-945bbc5c1042ddae3407b76bdee0c862.png?fit=640%2C336&amp;ssl=1\" data-orig-size=\"640,336\" data-comments-opened=\"1\" data-image-meta=\"{&quot;aperture&quot;:&quot;0&quot;,&quot;credit&quot;:&quot;&quot;,&quot;camera&quot;:&quot;&quot;,&quot;caption&quot;:&quot;&quot;,&quot;created_timestamp&quot;:&quot;0&quot;,&quot;copyright&quot;:&quot;&quot;,&quot;focal_length&quot;:&quot;0&quot;,&quot;iso&quot;:&quot;0&quot;,&quot;shutter_speed&quot;:&quot;0&quot;,&quot;title&quot;:&quot;&quot;,&quot;orientation&quot;:&quot;0&quot;}\" data-image-title=\"-640-0-945bbc5c1042ddae3407b76bdee0c862\" data-image-description=\"\" data-image-caption=\"\" data-medium-file=\"https:\/\/i0.wp.com\/www.shqiperia.com\/blog\/wp-content\/uploads\/2026\/07\/640-0-945bbc5c1042ddae3407b76bdee0c862.png?fit=300%2C158&amp;ssl=1\" data-large-file=\"https:\/\/i0.wp.com\/www.shqiperia.com\/blog\/wp-content\/uploads\/2026\/07\/640-0-945bbc5c1042ddae3407b76bdee0c862.png?fit=640%2C336&amp;ssl=1\" class=\"alignnone  wp-image-102781\" alt=\"\" src=\"https:\/\/i0.wp.com\/www.shqiperia.com\/blog\/wp-content\/uploads\/2026\/07\/640-0-945bbc5c1042ddae3407b76bdee0c862.png?resize=649%2C342&#038;ssl=1\" width=\"649\" height=\"342\" srcset=\"https:\/\/i0.wp.com\/www.shqiperia.com\/blog\/wp-content\/uploads\/2026\/07\/640-0-945bbc5c1042ddae3407b76bdee0c862.png?resize=300%2C158&amp;ssl=1 300w, https:\/\/i0.wp.com\/www.shqiperia.com\/blog\/wp-content\/uploads\/2026\/07\/640-0-945bbc5c1042ddae3407b76bdee0c862.png?resize=450%2C236&amp;ssl=1 450w, https:\/\/i0.wp.com\/www.shqiperia.com\/blog\/wp-content\/uploads\/2026\/07\/640-0-945bbc5c1042ddae3407b76bdee0c862.png?resize=600%2C315&amp;ssl=1 600w, https:\/\/i0.wp.com\/www.shqiperia.com\/blog\/wp-content\/uploads\/2026\/07\/640-0-945bbc5c1042ddae3407b76bdee0c862.png?resize=400%2C210&amp;ssl=1 400w, https:\/\/i0.wp.com\/www.shqiperia.com\/blog\/wp-content\/uploads\/2026\/07\/640-0-945bbc5c1042ddae3407b76bdee0c862.png?w=640&amp;ssl=1 640w\" sizes=\"auto, (max-width: 649px) 100vw, 649px\" \/><\/p>\n<p data-a11y-orig-inline=\"\" data-a11y-base-fs=\"18\">16 Korrik 2026<\/p>\n<p data-a11y-orig-inline=\"\" data-a11y-base-fs=\"18\">Mbledhja e Komisionit t\u00eb Posa\u00e7\u00ebm p\u00ebr Reform\u00ebn Administrativo-Territoriale q\u00eb u mbajt k\u00ebt\u00eb t\u00eb m\u00ebrkur\u00eb u mbyll pas p\u00ebrplasjeve dhe debateve t\u00eb shumta lidhur me afatet e pun\u00ebs s\u00eb k\u00ebtij komisioni.<\/p>\n<p data-a11y-orig-inline=\"\" data-a11y-base-fs=\"18\">Si\u00e7 raportohet nga \u201cEuronews Albania\u201d, Partia Socialiste do t\u00eb paraqes\u00eb nj\u00eb propozim lidhur me numrin e bashkive q\u00eb pritet t\u00eb ndahet vendi.<\/p>\n<p data-a11y-orig-inline=\"\" data-a11y-base-fs=\"18\">Sipas konceptit t\u00eb PS-s\u00eb, Shqip\u00ebria do t\u00eb ket\u00eb rreth 40 deri n\u00eb 50 bashki.<\/p>\n<p data-a11y-orig-inline=\"\" data-a11y-base-fs=\"18\">Po ashtu, m\u00ebsohet se me nisjen e sesionit t\u00eb ri parlamentar, Kuvendi do t\u00eb shqyrtoj\u00eb dhe miratoj\u00eb amendimet n\u00eb ligjin p\u00ebr vet\u00ebqeverisjen vendore dhe ligjin p\u00ebr financat vendore, q\u00eb preken drejtp\u00ebrdrejt nga ndryshimet e reja q\u00eb do t\u00eb b\u00ebhen p\u00ebrmes ndarjes territoriale.<\/p>\n","protected":false},"excerpt":{"rendered":"<p>16 Korrik 2026 Mbledhja e Komisionit t\u00eb Posa\u00e7\u00ebm p\u00ebr Reform\u00ebn Administrativo-Territoriale q\u00eb u mbajt k\u00ebt\u00eb t\u00eb m\u00ebrkur\u00eb u mbyll pas p\u00ebrplasjeve dhe debateve t\u00eb shumta lidhur me afatet e pun\u00ebs s\u00eb k\u00ebtij komisioni. Si\u00e7 raportohet nga \u201cEuronews Albania\u201d, Partia Socialiste do t\u00eb paraqes\u00eb nj\u00eb propozim lidhur me numrin e bashkive q\u00eb pritet t\u00eb ndahet vendi. [&hellip;]<\/p>\n","protected":false},"author":9,"featured_media":102781,"comment_status":"open","ping_status":"open","sticky":false,"template":"","format":"standard","meta":{"jetpack_post_was_ever_published":false,"_jetpack_newsletter_access":"","_jetpack_dont_email_post_to_subs":false,"_jetpack_newsletter_tier_id":0,"_jetpack_memberships_contains_paywalled_content":false,"_jetpack_memberships_contains_paid_content":false,"footnotes":"","jetpack_publicize_message":"","jetpack_publicize_feature_enabled":true,"jetpack_social_post_already_shared":true,"jetpack_social_options":{"image_generator_settings":{"template":"highway","default_image_id":0,"font":"","enabled":false},"version":2}},"categories":[27,1,2,35],"tags":[],"class_list":["post-102780","post","type-post","status-publish","format-standard","has-post-thumbnail","hentry","category-blogu-i-udhetarit","category-njoftime-shtypi","category-politika","category-shoqerore"],"jetpack_publicize_connections":[],"jetpack_featured_media_url":"https:\/\/i0.wp.com\/www.shqiperia.com\/blog\/wp-content\/uploads\/2026\/07\/640-0-945bbc5c1042ddae3407b76bdee0c862.png?fit=640%2C336&ssl=1","jetpack_sharing_enabled":true,"jetpack_shortlink":"https:\/\/wp.me\/p5Z6wp-qJK","jetpack-related-posts":[{"id":103468,"url":"https:\/\/www.shqiperia.com\/blog\/bashkite-qe-do-te-shkrihen-jane-fushe-arrez-klos-rrogozhine-dimal-polican-patos-divjake-selenice-maliq-kelcyre-memaliaj-libohove-cerrik-belsh-e-perrenjas\/","url_meta":{"origin":102780,"position":0},"title":"Bashkit\u00eb q\u00eb do t\u00eb shkrihen jan\u00eb Fushe-Arr\u00ebz, Klos, Rrogozhin\u00eb, Dimal, Poli\u00e7an, Patos, Divjak\u00eb, Selenic\u00eb, Maliq, K\u00eblcyr\u00eb, Memaliaj, Libohov\u00eb, C\u00ebrrik, Belsh e P\u00ebrrenjas.","author":"Kurt Farka","date":"July 30, 2026","format":false,"excerpt":"30 Korrik 2026 \u00c7far\u00eb parashikon Reforma Territoriale Deputet\u00ebt e grupit parlamentar t\u00eb PS, an\u00ebtar\u00eb t\u00eb Komisionit t\u00eb Posa\u00e7\u00ebm Parlamentar p\u00ebr Reform\u00ebn Administrativo-Territoriale kan\u00eb depozituar n\u00eb Kuvend propozimin p\u00ebr Reform\u00ebn Administrativo-Territoriale. Sipas projektligjit, Shqip\u00ebria do t\u00eb ket\u00eb 46 bashki, 71 qytete dhe 387 Nj\u00ebsia Administrative. Numri i qarqeve do te jet\u00eb\u2026","rel":"","context":"In &quot;Blogu i Udh\u00ebtarit&quot;","block_context":{"text":"Blogu i Udh\u00ebtarit","link":"https:\/\/www.shqiperia.com\/blog\/category\/blogu-i-udhetarit\/"},"img":{"alt_text":"","src":"https:\/\/i0.wp.com\/www.shqiperia.com\/blog\/wp-content\/uploads\/2026\/07\/REFORMA-TERRITORIALE1.jpg?fit=671%2C396&ssl=1&resize=350%2C200","width":350,"height":200,"srcset":"https:\/\/i0.wp.com\/www.shqiperia.com\/blog\/wp-content\/uploads\/2026\/07\/REFORMA-TERRITORIALE1.jpg?fit=671%2C396&ssl=1&resize=350%2C200 1x, https:\/\/i0.wp.com\/www.shqiperia.com\/blog\/wp-content\/uploads\/2026\/07\/REFORMA-TERRITORIALE1.jpg?fit=671%2C396&ssl=1&resize=525%2C300 1.5x"},"classes":[]},{"id":104414,"url":"https:\/\/www.shqiperia.com\/blog\/ne-51-bashki-te-vendit-numri-i-te-moshuarve-tashme-tejkalon-numrin-e-femijeve\/","url_meta":{"origin":102780,"position":1},"title":"N\u00eb 51 bashki t\u00eb vendit numri i t\u00eb moshuarve tashm\u00eb tejkalon numrin e f\u00ebmij\u00ebve","author":"Kurt Farka","date":"August 14, 2026","format":false,"excerpt":"14 Gusht 2026 Dokumentet mbi t\u00eb cilat mb\u00ebshtetet reforma e re territoriale e propozuar nga mazhoranca ofrojn\u00eb nj\u00eb fotografi t\u00eb polarizimit demografik t\u00eb Shqip\u00ebris\u00eb, se si emigracioni dhe l\u00ebvizjet e brendshme kan\u00eb zbrazur qytetet e vogla dhe zonat rurale dhe popullsia \u00ebsht\u00eb p\u00ebrqendruar n\u00eb pak qendra urbane. \u201cReforma Administrativo-Territoriale 2.0\u201d,\u2026","rel":"","context":"In &quot;Blogu i Udh\u00ebtarit&quot;","block_context":{"text":"Blogu i Udh\u00ebtarit","link":"https:\/\/www.shqiperia.com\/blog\/category\/blogu-i-udhetarit\/"},"img":{"alt_text":"","src":"https:\/\/i0.wp.com\/www.shqiperia.com\/blog\/wp-content\/uploads\/2026\/08\/pension-1.jpg?fit=1200%2C720&ssl=1&resize=350%2C200","width":350,"height":200,"srcset":"https:\/\/i0.wp.com\/www.shqiperia.com\/blog\/wp-content\/uploads\/2026\/08\/pension-1.jpg?fit=1200%2C720&ssl=1&resize=350%2C200 1x, https:\/\/i0.wp.com\/www.shqiperia.com\/blog\/wp-content\/uploads\/2026\/08\/pension-1.jpg?fit=1200%2C720&ssl=1&resize=525%2C300 1.5x, https:\/\/i0.wp.com\/www.shqiperia.com\/blog\/wp-content\/uploads\/2026\/08\/pension-1.jpg?fit=1200%2C720&ssl=1&resize=700%2C400 2x, https:\/\/i0.wp.com\/www.shqiperia.com\/blog\/wp-content\/uploads\/2026\/08\/pension-1.jpg?fit=1200%2C720&ssl=1&resize=1050%2C600 3x"},"classes":[]},{"id":103538,"url":"https:\/\/www.shqiperia.com\/blog\/propozimet-e-pd-per-reformen-territoriale-100-bashki-12-qarqe-dhe-6-rajone\/","url_meta":{"origin":102780,"position":2},"title":"Propozimet e PD p\u00ebr reform\u00ebn territoriale: 100 bashki, 12 qarqe dhe 6 rajone","author":"Kurt Farka","date":"July 31, 2026","format":false,"excerpt":"31 Korrik 2026 Partia Demokratike prezantoi sot draftin e saj p\u00ebr reform\u00ebn administrativo-territoriale, q\u00eb parashikon rritjen e numrit t\u00eb bashkive nga 61 n\u00eb 100 bashki, 12 qarqe dhe 6 rajone. Sipas PD-s\u00eb, shtimi i bashkive do t\u00eb sjell\u00eb m\u00eb shum\u00eb sh\u00ebrbime cil\u00ebsore p\u00ebr qytetar\u00ebt dhe menaxhim m\u00eb t\u00eb mir\u00eb t\u00eb\u2026","rel":"","context":"In &quot;Blogu i Udh\u00ebtarit&quot;","block_context":{"text":"Blogu i Udh\u00ebtarit","link":"https:\/\/www.shqiperia.com\/blog\/category\/blogu-i-udhetarit\/"},"img":{"alt_text":"","src":"https:\/\/i0.wp.com\/www.shqiperia.com\/blog\/wp-content\/uploads\/2026\/07\/600-388-capturepng-1785500489.png?fit=600%2C388&ssl=1&resize=350%2C200","width":350,"height":200,"srcset":"https:\/\/i0.wp.com\/www.shqiperia.com\/blog\/wp-content\/uploads\/2026\/07\/600-388-capturepng-1785500489.png?fit=600%2C388&ssl=1&resize=350%2C200 1x, https:\/\/i0.wp.com\/www.shqiperia.com\/blog\/wp-content\/uploads\/2026\/07\/600-388-capturepng-1785500489.png?fit=600%2C388&ssl=1&resize=525%2C300 1.5x"},"classes":[]},{"id":104293,"url":"https:\/\/www.shqiperia.com\/blog\/keshilli-i-europes-frenon-reformen-e-rames-bashkite-nuk-mund-te-ndryshohen-pa-degjuar-qytetaret\/","url_meta":{"origin":102780,"position":3},"title":"K\u00ebshilli i Europ\u00ebs \u201cfrenon\u201d reform\u00ebn e Ram\u00ebs: &#8211; Bashkit\u00eb nuk mund t\u00eb ndryshohen pa d\u00ebgjuar qytetar\u00ebt","author":"Kurt Farka","date":"August 12, 2026","format":false,"excerpt":"12 Gusht 2026 Kongresi i Autoriteteve Lokale dhe Rajonale t\u00eb K\u00ebshillit t\u00eb Evrop\u00ebs k\u00ebrkon nga Shqip\u00ebria q\u00eb reforma e re territoriale t\u00eb forcoj\u00eb demokracin\u00eb lokale dhe autonomin\u00eb vendore, duke theksuar se konsultimi efektiv me komunitetet lokale \u00ebsht\u00eb nj\u00eb element qendror i k\u00ebtij procesi. Dy raportuesit p\u00ebr situat\u00ebn e demokracis\u00eb lokale\u2026","rel":"","context":"In &quot;Blogu i Udh\u00ebtarit&quot;","block_context":{"text":"Blogu i Udh\u00ebtarit","link":"https:\/\/www.shqiperia.com\/blog\/category\/blogu-i-udhetarit\/"},"img":{"alt_text":"","src":"https:\/\/i0.wp.com\/www.shqiperia.com\/blog\/wp-content\/uploads\/2026\/08\/4-59199f0d80914-scaled.jpg?fit=1200%2C784&ssl=1&resize=350%2C200","width":350,"height":200,"srcset":"https:\/\/i0.wp.com\/www.shqiperia.com\/blog\/wp-content\/uploads\/2026\/08\/4-59199f0d80914-scaled.jpg?fit=1200%2C784&ssl=1&resize=350%2C200 1x, https:\/\/i0.wp.com\/www.shqiperia.com\/blog\/wp-content\/uploads\/2026\/08\/4-59199f0d80914-scaled.jpg?fit=1200%2C784&ssl=1&resize=525%2C300 1.5x, https:\/\/i0.wp.com\/www.shqiperia.com\/blog\/wp-content\/uploads\/2026\/08\/4-59199f0d80914-scaled.jpg?fit=1200%2C784&ssl=1&resize=700%2C400 2x, https:\/\/i0.wp.com\/www.shqiperia.com\/blog\/wp-content\/uploads\/2026\/08\/4-59199f0d80914-scaled.jpg?fit=1200%2C784&ssl=1&resize=1050%2C600 3x"},"classes":[]},{"id":103711,"url":"https:\/\/www.shqiperia.com\/blog\/deputeti-socialist-i-del-kunder-propozimit-per-shkrirjen-e-selenices\/","url_meta":{"origin":102780,"position":4},"title":"Deputeti socialist i del kund\u00ebr propozimit p\u00ebr &#8216;shkrirjen&#8217; e Selenic\u00ebs","author":"Kurt Farka","date":"August 3, 2026","format":false,"excerpt":"3 Gusht 2026 Deputeti i Partis\u00eb Socialiste, Vullnet Sina, ka dal\u00eb kund\u00ebr propozimit p\u00ebr bashkimin e Bashkis\u00eb Selenic\u00eb me Bashkin\u00eb e Vlor\u00ebs n\u00eb kuad\u00ebr t\u00eb reform\u00ebs s\u00eb re administrativo-territoriale. Ai k\u00ebrkon q\u00eb Selenica t\u00eb ruaj\u00eb statusin e bashkis\u00eb m\u00eb vete, duke argumentuar se zona ka tregues pozitiv\u00eb ekonomik\u00eb dhe funksional\u00eb.\u2026","rel":"","context":"In &quot;Blogu i Udh\u00ebtarit&quot;","block_context":{"text":"Blogu i Udh\u00ebtarit","link":"https:\/\/www.shqiperia.com\/blog\/category\/blogu-i-udhetarit\/"},"img":{"alt_text":"","src":"https:\/\/i0.wp.com\/www.shqiperia.com\/blog\/wp-content\/uploads\/2026\/08\/640-0-8ju7y6tjpg-1785772001.jpg?fit=640%2C346&ssl=1&resize=350%2C200","width":350,"height":200,"srcset":"https:\/\/i0.wp.com\/www.shqiperia.com\/blog\/wp-content\/uploads\/2026\/08\/640-0-8ju7y6tjpg-1785772001.jpg?fit=640%2C346&ssl=1&resize=350%2C200 1x, https:\/\/i0.wp.com\/www.shqiperia.com\/blog\/wp-content\/uploads\/2026\/08\/640-0-8ju7y6tjpg-1785772001.jpg?fit=640%2C346&ssl=1&resize=525%2C300 1.5x"},"classes":[]},{"id":103480,"url":"https:\/\/www.shqiperia.com\/blog\/banoret-e-policanit-protestojne-kunder-reformes-territoriale-kundershtojne-planin-per-bashkimin-me-beratin\/","url_meta":{"origin":102780,"position":5},"title":"Banor\u00ebt e Poli\u00e7anit protestojn\u00eb kund\u00ebr Reform\u00ebs Territoriale, kund\u00ebrshtojn\u00eb planin p\u00ebr bashkimin me Beratin","author":"Kurt Farka","date":"July 30, 2026","format":false,"excerpt":"30 Korrik 2026 Mijera qytetar\u00eb u mblodh\u00ebn k\u00ebt\u00eb t\u00eb enjte n\u00eb Poli\u00e7an p\u00ebr t\u00eb protestuar kund\u00ebr planit p\u00ebr shkrirjen e bashkis\u00eb s\u00eb tyre n\u00eb kuad\u00ebr t\u00eb Reform\u00ebs Territoriale 2.0. \u201cF\u00ebmij\u00ebt na i larguat, tani doni t\u00eb na fshini nga harta\u201d, shkruhej n\u00eb nj\u00eb nga pankartat e mbajtura nga protestuesit, t\u00eb\u2026","rel":"","context":"In &quot;Blogu i Udh\u00ebtarit&quot;","block_context":{"text":"Blogu i Udh\u00ebtarit","link":"https:\/\/www.shqiperia.com\/blog\/category\/blogu-i-udhetarit\/"},"img":{"alt_text":"","src":"https:\/\/i0.wp.com\/www.shqiperia.com\/blog\/wp-content\/uploads\/2026\/07\/Proteste-ne-Polican.jpg?fit=780%2C440&ssl=1&resize=350%2C200","width":350,"height":200,"srcset":"https:\/\/i0.wp.com\/www.shqiperia.com\/blog\/wp-content\/uploads\/2026\/07\/Proteste-ne-Polican.jpg?fit=780%2C440&ssl=1&resize=350%2C200 1x, https:\/\/i0.wp.com\/www.shqiperia.com\/blog\/wp-content\/uploads\/2026\/07\/Proteste-ne-Polican.jpg?fit=780%2C440&ssl=1&resize=525%2C300 1.5x, https:\/\/i0.wp.com\/www.shqiperia.com\/blog\/wp-content\/uploads\/2026\/07\/Proteste-ne-Polican.jpg?fit=780%2C440&ssl=1&resize=700%2C400 2x"},"classes":[]}],"_links":{"self":[{"href":"https:\/\/www.shqiperia.com\/blog\/wp-json\/wp\/v2\/posts\/102780","targetHints":{"allow":["GET"]}}],"collection":[{"href":"https:\/\/www.shqiperia.com\/blog\/wp-json\/wp\/v2\/posts"}],"about":[{"href":"https:\/\/www.shqiperia.com\/blog\/wp-json\/wp\/v2\/types\/post"}],"author":[{"embeddable":true,"href":"https:\/\/www.shqiperia.com\/blog\/wp-json\/wp\/v2\/users\/9"}],"replies":[{"embeddable":true,"href":"https:\/\/www.shqiperia.com\/blog\/wp-json\/wp\/v2\/comments?post=102780"}],"version-history":[{"count":1,"href":"https:\/\/www.shqiperia.com\/blog\/wp-json\/wp\/v2\/posts\/102780\/revisions"}],"predecessor-version":[{"id":102782,"href":"https:\/\/www.shqiperia.com\/blog\/wp-json\/wp\/v2\/posts\/102780\/revisions\/102782"}],"wp:featuredmedia":[{"embeddable":true,"href":"https:\/\/www.shqiperia.com\/blog\/wp-json\/wp\/v2\/media\/102781"}],"wp:attachment":[{"href":"https:\/\/www.shqiperia.com\/blog\/wp-json\/wp\/v2\/media?parent=102780"}],"wp:term":[{"taxonomy":"category","embeddable":true,"href":"https:\/\/www.shqiperia.com\/blog\/wp-json\/wp\/v2\/categories?post=102780"},{"taxonomy":"post_tag","embeddable":true,"href":"https:\/\/www.shqiperia.com\/blog\/wp-json\/wp\/v2\/tags?post=102780"}],"curies":[{"name":"wp","href":"https:\/\/api.w.org\/{rel}","templated":true}]}}