{"id":102773,"date":"2026-07-16T14:32:54","date_gmt":"2026-07-16T14:32:54","guid":{"rendered":"https:\/\/www.shqiperia.com\/blog\/?p=102773"},"modified":"2026-07-16T14:32:54","modified_gmt":"2026-07-16T14:32:54","slug":"lamtumire-lekeve-shqiperia-behet-gati-per-euron-si-parane-kombetare","status":"publish","type":"post","link":"https:\/\/www.shqiperia.com\/blog\/lamtumire-lekeve-shqiperia-behet-gati-per-euron-si-parane-kombetare\/","title":{"rendered":"\u2018Lamtumir\u00eb\u2019 lek\u00ebve?\/ Shqip\u00ebria b\u00ebhet gati p\u00ebr euron si paran\u00eb komb\u00ebtare"},"content":{"rendered":"<p><img data-recalc-dims=\"1\" loading=\"lazy\" decoding=\"async\" data-attachment-id=\"102774\" data-permalink=\"https:\/\/www.shqiperia.com\/blog\/lamtumire-lekeve-shqiperia-behet-gati-per-euron-si-parane-kombetare\/lek-shqiptar-1024x536\/\" data-orig-file=\"https:\/\/i0.wp.com\/www.shqiperia.com\/blog\/wp-content\/uploads\/2026\/07\/lek-shqiptar-1024x536-1.webp?fit=1024%2C536&amp;ssl=1\" data-orig-size=\"1024,536\" data-comments-opened=\"1\" data-image-meta=\"{&quot;aperture&quot;:&quot;0&quot;,&quot;credit&quot;:&quot;&quot;,&quot;camera&quot;:&quot;&quot;,&quot;caption&quot;:&quot;&quot;,&quot;created_timestamp&quot;:&quot;0&quot;,&quot;copyright&quot;:&quot;&quot;,&quot;focal_length&quot;:&quot;0&quot;,&quot;iso&quot;:&quot;0&quot;,&quot;shutter_speed&quot;:&quot;0&quot;,&quot;title&quot;:&quot;&quot;,&quot;orientation&quot;:&quot;0&quot;}\" data-image-title=\"lek-shqiptar-1024&#215;536\" data-image-description=\"\" data-image-caption=\"\" data-medium-file=\"https:\/\/i0.wp.com\/www.shqiperia.com\/blog\/wp-content\/uploads\/2026\/07\/lek-shqiptar-1024x536-1.webp?fit=300%2C157&amp;ssl=1\" data-large-file=\"https:\/\/i0.wp.com\/www.shqiperia.com\/blog\/wp-content\/uploads\/2026\/07\/lek-shqiptar-1024x536-1.webp?fit=1024%2C536&amp;ssl=1\" class=\"alignnone  wp-image-102774\" alt=\"\" src=\"https:\/\/i0.wp.com\/www.shqiperia.com\/blog\/wp-content\/uploads\/2026\/07\/lek-shqiptar-1024x536-1.webp?resize=757%2C396&#038;ssl=1\" width=\"757\" height=\"396\" srcset=\"https:\/\/i0.wp.com\/www.shqiperia.com\/blog\/wp-content\/uploads\/2026\/07\/lek-shqiptar-1024x536-1.webp?resize=300%2C157&amp;ssl=1 300w, https:\/\/i0.wp.com\/www.shqiperia.com\/blog\/wp-content\/uploads\/2026\/07\/lek-shqiptar-1024x536-1.webp?resize=768%2C402&amp;ssl=1 768w, https:\/\/i0.wp.com\/www.shqiperia.com\/blog\/wp-content\/uploads\/2026\/07\/lek-shqiptar-1024x536-1.webp?resize=450%2C236&amp;ssl=1 450w, https:\/\/i0.wp.com\/www.shqiperia.com\/blog\/wp-content\/uploads\/2026\/07\/lek-shqiptar-1024x536-1.webp?resize=600%2C314&amp;ssl=1 600w, https:\/\/i0.wp.com\/www.shqiperia.com\/blog\/wp-content\/uploads\/2026\/07\/lek-shqiptar-1024x536-1.webp?resize=400%2C209&amp;ssl=1 400w, https:\/\/i0.wp.com\/www.shqiperia.com\/blog\/wp-content\/uploads\/2026\/07\/lek-shqiptar-1024x536-1.webp?w=1024&amp;ssl=1 1024w\" sizes=\"auto, (max-width: 757px) 100vw, 757px\" \/><\/p>\n<p>16 Korrik 2026<\/p>\n<p>Shqip\u00ebria ka nisur zyrtarisht p\u00ebrgatitjet ligjore p\u00ebr adoptimin e monedh\u00ebs euro.<\/p>\n<p>Projektligji i ri \u201cP\u00ebr Bank\u00ebn e Shqip\u00ebris\u00eb\u201d, i publikuar p\u00ebr konsultim, p\u00ebrfshin p\u00ebr her\u00eb t\u00eb par\u00eb nj\u00eb kapitull t\u00eb ve\u00e7ant\u00eb q\u00eb p\u00ebrcakton m\u00ebnyr\u00ebn se si do t\u00eb funksionoj\u00eb banka qendrore shqiptare pas hyrjes s\u00eb vendit n\u00eb Eurozon\u00eb.<\/p>\n<p><img data-recalc-dims=\"1\" loading=\"lazy\" decoding=\"async\" data-attachment-id=\"102775\" data-permalink=\"https:\/\/www.shqiperia.com\/blog\/lamtumire-lekeve-shqiperia-behet-gati-per-euron-si-parane-kombetare\/products-15638\/\" data-orig-file=\"https:\/\/i0.wp.com\/www.shqiperia.com\/blog\/wp-content\/uploads\/2026\/07\/products-15638.jpg?fit=600%2C288&amp;ssl=1\" data-orig-size=\"600,288\" data-comments-opened=\"1\" data-image-meta=\"{&quot;aperture&quot;:&quot;0&quot;,&quot;credit&quot;:&quot;&quot;,&quot;camera&quot;:&quot;&quot;,&quot;caption&quot;:&quot;&quot;,&quot;created_timestamp&quot;:&quot;0&quot;,&quot;copyright&quot;:&quot;&quot;,&quot;focal_length&quot;:&quot;0&quot;,&quot;iso&quot;:&quot;0&quot;,&quot;shutter_speed&quot;:&quot;0&quot;,&quot;title&quot;:&quot;&quot;,&quot;orientation&quot;:&quot;0&quot;}\" data-image-title=\"products-15638\" data-image-description=\"\" data-image-caption=\"\" data-medium-file=\"https:\/\/i0.wp.com\/www.shqiperia.com\/blog\/wp-content\/uploads\/2026\/07\/products-15638.jpg?fit=300%2C144&amp;ssl=1\" data-large-file=\"https:\/\/i0.wp.com\/www.shqiperia.com\/blog\/wp-content\/uploads\/2026\/07\/products-15638.jpg?fit=600%2C288&amp;ssl=1\" class=\"alignnone  wp-image-102775\" alt=\"\" src=\"https:\/\/i0.wp.com\/www.shqiperia.com\/blog\/wp-content\/uploads\/2026\/07\/products-15638.jpg?resize=906%2C435&#038;ssl=1\" width=\"906\" height=\"435\" srcset=\"https:\/\/i0.wp.com\/www.shqiperia.com\/blog\/wp-content\/uploads\/2026\/07\/products-15638.jpg?resize=300%2C144&amp;ssl=1 300w, https:\/\/i0.wp.com\/www.shqiperia.com\/blog\/wp-content\/uploads\/2026\/07\/products-15638.jpg?resize=450%2C216&amp;ssl=1 450w, https:\/\/i0.wp.com\/www.shqiperia.com\/blog\/wp-content\/uploads\/2026\/07\/products-15638.jpg?resize=400%2C192&amp;ssl=1 400w, https:\/\/i0.wp.com\/www.shqiperia.com\/blog\/wp-content\/uploads\/2026\/07\/products-15638.jpg?w=600&amp;ssl=1 600w\" sizes=\"auto, (max-width: 906px) 100vw, 906px\" \/><\/p>\n<p>Projektligji parashikon se, nga dita e prezantimit t\u00eb euros si monedh\u00eb e Republik\u00ebs s\u00eb Shqip\u00ebris\u00eb, euro do t\u00eb b\u00ebhet nj\u00ebsia monetare e vendit, nd\u00ebrsa Banka e Shqip\u00ebris\u00eb do t\u00eb jet\u00eb p\u00ebrgjegj\u00ebse p\u00ebr hedhjen n\u00eb qarkullim dhe t\u00ebrheqjen e kart\u00ebmonedhave dhe monedhave euro, n\u00eb p\u00ebrputhje me rregullat e Bashkimit Evropian dhe t\u00eb Bank\u00ebs Qendrore Evropiane.<\/p>\n<p>Nj\u00ebkoh\u00ebsisht, institucioni do t\u00eb p\u00ebrcaktoj\u00eb edhe dizajnin e monedhave metalike euro q\u00eb do t\u00eb emetohen nga Shqip\u00ebria, sipas standardeve evropiane.<\/p>\n","protected":false},"excerpt":{"rendered":"<p>16 Korrik 2026 Shqip\u00ebria ka nisur zyrtarisht p\u00ebrgatitjet ligjore p\u00ebr adoptimin e monedh\u00ebs euro. Projektligji i ri \u201cP\u00ebr Bank\u00ebn e Shqip\u00ebris\u00eb\u201d, i publikuar p\u00ebr konsultim, p\u00ebrfshin p\u00ebr her\u00eb t\u00eb par\u00eb nj\u00eb kapitull t\u00eb ve\u00e7ant\u00eb q\u00eb p\u00ebrcakton m\u00ebnyr\u00ebn se si do t\u00eb funksionoj\u00eb banka qendrore shqiptare pas hyrjes s\u00eb vendit n\u00eb Eurozon\u00eb. Projektligji parashikon se, nga [&hellip;]<\/p>\n","protected":false},"author":9,"featured_media":102774,"comment_status":"open","ping_status":"open","sticky":false,"template":"","format":"standard","meta":{"jetpack_post_was_ever_published":false,"_jetpack_newsletter_access":"","_jetpack_dont_email_post_to_subs":false,"_jetpack_newsletter_tier_id":0,"_jetpack_memberships_contains_paywalled_content":false,"_jetpack_memberships_contains_paid_content":false,"footnotes":"","jetpack_publicize_message":"","jetpack_publicize_feature_enabled":true,"jetpack_social_post_already_shared":true,"jetpack_social_options":{"image_generator_settings":{"template":"highway","default_image_id":0,"font":"","enabled":false},"version":2}},"categories":[87,27,85,10,1,35,86],"tags":[],"class_list":["post-102773","post","type-post","status-publish","format-standard","has-post-thumbnail","hentry","category-arte","category-blogu-i-udhetarit","category-histori","category-kultura","category-njoftime-shtypi","category-shoqerore","category-trashegimi-kulturore"],"jetpack_publicize_connections":[],"jetpack_featured_media_url":"https:\/\/i0.wp.com\/www.shqiperia.com\/blog\/wp-content\/uploads\/2026\/07\/lek-shqiptar-1024x536-1.webp?fit=1024%2C536&ssl=1","jetpack_sharing_enabled":true,"jetpack_shortlink":"https:\/\/wp.me\/p5Z6wp-qJD","jetpack-related-posts":[{"id":102806,"url":"https:\/\/www.shqiperia.com\/blog\/guvernatori-si-zot-preket-ligji-kreret-e-bsh-se-arrestohen-vetem-me-leje-te-kushtetueses-ndalohet-kontrolli-personal-e-i-baneses-pa\/","url_meta":{"origin":102773,"position":0},"title":"GUVERNATORI SI \u201cZOT\u201d\/ Preket ligji: Krer\u00ebt e BSH-s\u00eb arrestohen vet\u00ebm me leje t\u00eb Kushtetueses! Ndalohet kontrolli personal e i banes\u00ebs pa &#8230;","author":"Kurt Farka","date":"July 17, 2026","format":false,"excerpt":"17 Korrik 2026 Guvernatori dhe z\u00ebvend\u00ebsguvernator\u00ebt e Bank\u00ebs s\u00eb Shqip\u00ebris\u00eb mund t\u00eb p\u00ebrfitojn\u00eb mbrojtje t\u00eb posa\u00e7me nga arrestimi dhe kontrollet, n\u00ebse miratohet projektligji i ri p\u00ebr Bank\u00ebn e Shqip\u00ebris\u00eb, i cili ndodhet aktualisht n\u00eb konsultim publik. Drafti parashikon q\u00eb drejtuesit e bank\u00ebs qendrore nuk mund t\u00eb arrestohen, t\u00eb privohen nga\u2026","rel":"","context":"In &quot;Blogu i Udh\u00ebtarit&quot;","block_context":{"text":"Blogu i Udh\u00ebtarit","link":"https:\/\/www.shqiperia.com\/blog\/category\/blogu-i-udhetarit\/"},"img":{"alt_text":"","src":"https:\/\/i0.wp.com\/www.shqiperia.com\/blog\/wp-content\/uploads\/2026\/07\/600-388-gurveer-1784285038.png?fit=600%2C388&ssl=1&resize=350%2C200","width":350,"height":200,"srcset":"https:\/\/i0.wp.com\/www.shqiperia.com\/blog\/wp-content\/uploads\/2026\/07\/600-388-gurveer-1784285038.png?fit=600%2C388&ssl=1&resize=350%2C200 1x, https:\/\/i0.wp.com\/www.shqiperia.com\/blog\/wp-content\/uploads\/2026\/07\/600-388-gurveer-1784285038.png?fit=600%2C388&ssl=1&resize=525%2C300 1.5x"},"classes":[]},{"id":100392,"url":"https:\/\/www.shqiperia.com\/blog\/100-mije-hektare-toke-bujqesore-del-ne-shitje-per-te-huajt-projektligji-si-do-behet-kalimi-i-pronesise-dhe-kriteret-per-investime\/","url_meta":{"origin":102773,"position":1},"title":"100 mij\u00eb hektar\u00eb tok\u00eb bujq\u00ebsore del n\u00eb shitje p\u00ebr t\u00eb huajt &#8211; Projektligji\/ Si do b\u00ebhet kalimi i pron\u00ebsis\u00eb dhe kriteret p\u00ebr investime","author":"Kurt Farka","date":"May 18, 2026","format":false,"excerpt":"18 Maji 2026 Qeveria do t\u00eb leht\u00ebsoj\u00eb procedurat p\u00ebr shitjen e tokave bujq\u00ebsore tek investitor\u00eb t\u00eb huaj. Projektligji i hedhur p\u00ebr konsultim publik \u201cP\u00ebr kalimin n\u00eb pron\u00ebsi t\u00eb tok\u00ebs bujq\u00ebsore tek personat fizik\u00eb dhe juridik\u00eb t\u00eb huaj\u201d synon t\u00eb synohet t\u00eb krijoj\u00eb nj\u00eb kuad\u00ebr t\u00eb qart\u00eb dhe t\u00eb q\u00ebndruesh\u00ebm ligjor\u2026","rel":"","context":"In &quot;Njoftime Shtypi&quot;","block_context":{"text":"Njoftime Shtypi","link":"https:\/\/www.shqiperia.com\/blog\/category\/njoftime-shtypi\/"},"img":{"alt_text":"","src":"https:\/\/i0.wp.com\/www.shqiperia.com\/blog\/wp-content\/uploads\/2026\/05\/900-0-1737797691x900-0-bujqesi-new-560.jpg?fit=900%2C507&ssl=1&resize=350%2C200","width":350,"height":200,"srcset":"https:\/\/i0.wp.com\/www.shqiperia.com\/blog\/wp-content\/uploads\/2026\/05\/900-0-1737797691x900-0-bujqesi-new-560.jpg?fit=900%2C507&ssl=1&resize=350%2C200 1x, https:\/\/i0.wp.com\/www.shqiperia.com\/blog\/wp-content\/uploads\/2026\/05\/900-0-1737797691x900-0-bujqesi-new-560.jpg?fit=900%2C507&ssl=1&resize=525%2C300 1.5x, https:\/\/i0.wp.com\/www.shqiperia.com\/blog\/wp-content\/uploads\/2026\/05\/900-0-1737797691x900-0-bujqesi-new-560.jpg?fit=900%2C507&ssl=1&resize=700%2C400 2x"},"classes":[]},{"id":102879,"url":"https:\/\/www.shqiperia.com\/blog\/ligji-shqiptar-edhe-presidenti-i-republikes-mund-te-hetohet-ligji-i-maligjit-nuk-lejohet-hetimi-i-krereve-te-bankes-se-shqiperise\/","url_meta":{"origin":102773,"position":2},"title":"Ligji Shqiptar &#8211; Edhe Presidenti i Republikes mund te hetohet, Ligji i Maligjit &#8211; Nuk lejohet hetimi i Krereve te Bankes se Shqiperise.","author":"Kurt Farka","date":"July 18, 2026","format":false,"excerpt":"18 Korrik 2026 Nga Orgen Peci Nj\u00eb projektligj i ri p\u00ebr Bank\u00ebn e Shqip\u00ebris\u00eb ka ofruar nj\u00eb mburoj\u00eb penale p\u00ebr drejtuesit e institucionit p\u00ebrmes forcimit t\u00eb imunitetit p\u00ebrball\u00eb ndjekjes penale dhe masave t\u00eb arrestit. Neni 72 i projektligjit ndalon \u00e7do form\u00eb arrestimi apo kontrolli personal e t\u00eb banes\u00ebs p\u00ebr guvernatorin\u2026","rel":"","context":"In &quot;Blogu i Udh\u00ebtarit&quot;","block_context":{"text":"Blogu i Udh\u00ebtarit","link":"https:\/\/www.shqiperia.com\/blog\/category\/blogu-i-udhetarit\/"},"img":{"alt_text":"","src":"https:\/\/i0.wp.com\/www.shqiperia.com\/blog\/wp-content\/uploads\/2026\/07\/bsh-750x375-1-jpg.webp?fit=750%2C375&ssl=1&resize=350%2C200","width":350,"height":200,"srcset":"https:\/\/i0.wp.com\/www.shqiperia.com\/blog\/wp-content\/uploads\/2026\/07\/bsh-750x375-1-jpg.webp?fit=750%2C375&ssl=1&resize=350%2C200 1x, https:\/\/i0.wp.com\/www.shqiperia.com\/blog\/wp-content\/uploads\/2026\/07\/bsh-750x375-1-jpg.webp?fit=750%2C375&ssl=1&resize=525%2C300 1.5x, https:\/\/i0.wp.com\/www.shqiperia.com\/blog\/wp-content\/uploads\/2026\/07\/bsh-750x375-1-jpg.webp?fit=750%2C375&ssl=1&resize=700%2C400 2x"},"classes":[]},{"id":101954,"url":"https:\/\/www.shqiperia.com\/blog\/edmond-panariti-tokat-e-shqiperise-ne-duar-te-huaja-jane-dorezim-i-sovranitetit-kombetar\/","url_meta":{"origin":102773,"position":3},"title":"Edmond Panariti: Tokat e Shqip\u00ebris\u00eb n\u00eb duar t\u00eb huaja jan\u00eb dor\u00ebzim i sovranitetit komb\u00ebtar!","author":"Kurt Farka","date":"June 28, 2026","format":false,"excerpt":"29 Qershor 2026 Tokat e Shqip\u00ebris\u00eb nuk jan\u00eb thjesht mall tregu \u2013 ato jan\u00eb themeli i sovranitetit komb\u00ebtar. Projektligji q\u00eb hap rrug\u00ebn p\u00ebr shitjen e tyre tek bler\u00ebsit e huaj paraqitet si reform\u00eb modernizuese, por n\u00eb t\u00eb v\u00ebrtet\u00eb \u00ebsht\u00eb dor\u00ebzim i pasuris\u00eb m\u00eb t\u00eb \u00e7muar t\u00eb kombit. Nj\u00eb her\u00eb e\u2026","rel":"","context":"In &quot;Blogu i Udh\u00ebtarit&quot;","block_context":{"text":"Blogu i Udh\u00ebtarit","link":"https:\/\/www.shqiperia.com\/blog\/category\/blogu-i-udhetarit\/"},"img":{"alt_text":"","src":"https:\/\/i0.wp.com\/www.shqiperia.com\/blog\/wp-content\/uploads\/2026\/06\/Edmond-Panariti.jpg?fit=433%2C300&ssl=1&resize=350%2C200","width":350,"height":200},"classes":[]},{"id":104174,"url":"https:\/\/www.shqiperia.com\/blog\/euro-93-07-leke\/","url_meta":{"origin":102773,"position":4},"title":"Euro 93.07 lek\u00eb","author":"Kurt Farka","date":"August 10, 2026","format":false,"excerpt":"10 Gusht 2026 Krahasuar me nivelin m\u00eb t\u00eb lart\u00eb historik, prej 140.4 lek\u00ebsh, t\u00eb arritur n\u00eb shkurt t\u00eb vitit 2011, euro k\u00ebmbehet me 47.5 lek\u00eb m\u00eb pak, me nj\u00eb r\u00ebnie prej 34%. Monedha e p\u00ebrbashk\u00ebt ka sh\u00ebnuar nj\u00eb tjet\u00ebr r\u00ebnie n\u00eb tregun e brendsh\u00ebm valutor gjat\u00eb dit\u00ebs s\u00eb sotme, duke\u2026","rel":"","context":"In &quot;Blogu i Udh\u00ebtarit&quot;","block_context":{"text":"Blogu i Udh\u00ebtarit","link":"https:\/\/www.shqiperia.com\/blog\/category\/blogu-i-udhetarit\/"},"img":{"alt_text":"","src":"https:\/\/i0.wp.com\/www.shqiperia.com\/blog\/wp-content\/uploads\/2026\/08\/640-0-410eb219b20ada053ba73ced0a9e4da6.jpg?fit=640%2C430&ssl=1&resize=350%2C200","width":350,"height":200,"srcset":"https:\/\/i0.wp.com\/www.shqiperia.com\/blog\/wp-content\/uploads\/2026\/08\/640-0-410eb219b20ada053ba73ced0a9e4da6.jpg?fit=640%2C430&ssl=1&resize=350%2C200 1x, https:\/\/i0.wp.com\/www.shqiperia.com\/blog\/wp-content\/uploads\/2026\/08\/640-0-410eb219b20ada053ba73ced0a9e4da6.jpg?fit=640%2C430&ssl=1&resize=525%2C300 1.5x"},"classes":[]},{"id":105100,"url":"https:\/\/www.shqiperia.com\/blog\/nderhyrjet-me-eskavator-ne-zonen-e-kalase-se-rozafes-eshte-rrenim\/","url_meta":{"origin":102773,"position":5},"title":"Nd\u00ebrhyrjet me eskavator n\u00eb zon\u00ebn e Kalas\u00eb s\u00eb Rozaf\u00ebs \u00ebsht\u00eb rrenim &#8230;","author":"Kurt Farka","date":"August 24, 2026","format":false,"excerpt":"24 Gusht 2026 Nd\u00ebrhyrjet me mjete t\u00eb r\u00ebnda n\u00eb zon\u00ebn e Kalas\u00eb s\u00eb Rozaf\u00ebs n\u00eb Shkod\u00ebr kan\u00eb ngjallur shqet\u00ebsim p\u00ebr ruajtjen e peizazhit historik dhe vlerave t\u00eb trash\u00ebgimis\u00eb kulturore. P\u00ebrmes nj\u00eb reagimi publik, studiuesi Auron Tare ka kritikuar nd\u00ebrhyrjen, duke e cil\u00ebsuar at\u00eb si nj\u00eb d\u00ebmtim t\u00eb peizazhit historik dhe\u2026","rel":"","context":"In &quot;Blogu i Udh\u00ebtarit&quot;","block_context":{"text":"Blogu i Udh\u00ebtarit","link":"https:\/\/www.shqiperia.com\/blog\/category\/blogu-i-udhetarit\/"},"img":{"alt_text":"","src":"https:\/\/i0.wp.com\/www.shqiperia.com\/blog\/wp-content\/uploads\/2026\/08\/shkodra-kalaja-rozafes-2.jpg?fit=1024%2C683&ssl=1&resize=350%2C200","width":350,"height":200,"srcset":"https:\/\/i0.wp.com\/www.shqiperia.com\/blog\/wp-content\/uploads\/2026\/08\/shkodra-kalaja-rozafes-2.jpg?fit=1024%2C683&ssl=1&resize=350%2C200 1x, https:\/\/i0.wp.com\/www.shqiperia.com\/blog\/wp-content\/uploads\/2026\/08\/shkodra-kalaja-rozafes-2.jpg?fit=1024%2C683&ssl=1&resize=525%2C300 1.5x, https:\/\/i0.wp.com\/www.shqiperia.com\/blog\/wp-content\/uploads\/2026\/08\/shkodra-kalaja-rozafes-2.jpg?fit=1024%2C683&ssl=1&resize=700%2C400 2x"},"classes":[]}],"_links":{"self":[{"href":"https:\/\/www.shqiperia.com\/blog\/wp-json\/wp\/v2\/posts\/102773","targetHints":{"allow":["GET"]}}],"collection":[{"href":"https:\/\/www.shqiperia.com\/blog\/wp-json\/wp\/v2\/posts"}],"about":[{"href":"https:\/\/www.shqiperia.com\/blog\/wp-json\/wp\/v2\/types\/post"}],"author":[{"embeddable":true,"href":"https:\/\/www.shqiperia.com\/blog\/wp-json\/wp\/v2\/users\/9"}],"replies":[{"embeddable":true,"href":"https:\/\/www.shqiperia.com\/blog\/wp-json\/wp\/v2\/comments?post=102773"}],"version-history":[{"count":1,"href":"https:\/\/www.shqiperia.com\/blog\/wp-json\/wp\/v2\/posts\/102773\/revisions"}],"predecessor-version":[{"id":102776,"href":"https:\/\/www.shqiperia.com\/blog\/wp-json\/wp\/v2\/posts\/102773\/revisions\/102776"}],"wp:featuredmedia":[{"embeddable":true,"href":"https:\/\/www.shqiperia.com\/blog\/wp-json\/wp\/v2\/media\/102774"}],"wp:attachment":[{"href":"https:\/\/www.shqiperia.com\/blog\/wp-json\/wp\/v2\/media?parent=102773"}],"wp:term":[{"taxonomy":"category","embeddable":true,"href":"https:\/\/www.shqiperia.com\/blog\/wp-json\/wp\/v2\/categories?post=102773"},{"taxonomy":"post_tag","embeddable":true,"href":"https:\/\/www.shqiperia.com\/blog\/wp-json\/wp\/v2\/tags?post=102773"}],"curies":[{"name":"wp","href":"https:\/\/api.w.org\/{rel}","templated":true}]}}