{"id":102746,"date":"2026-07-15T11:45:09","date_gmt":"2026-07-15T11:45:09","guid":{"rendered":"https:\/\/www.shqiperia.com\/blog\/?p=102746"},"modified":"2026-07-15T11:45:09","modified_gmt":"2026-07-15T11:45:09","slug":"cfare-na-tregon-odiseja-e-homerit-per-kolonizimin-e-greqise-se-lashte","status":"publish","type":"post","link":"https:\/\/www.shqiperia.com\/blog\/cfare-na-tregon-odiseja-e-homerit-per-kolonizimin-e-greqise-se-lashte\/","title":{"rendered":"\u00c7far\u00eb na tregon Odiseja e Homerit p\u00ebr kolonizimin e Greqis\u00eb s\u00eb lasht\u00eb"},"content":{"rendered":"<p><img data-recalc-dims=\"1\" loading=\"lazy\" decoding=\"async\" data-attachment-id=\"102747\" data-permalink=\"https:\/\/www.shqiperia.com\/blog\/cfare-na-tregon-odiseja-e-homerit-per-kolonizimin-e-greqise-se-lashte\/auto_78879fde-89a4-4b25-b2ae-5419edc85e821784113326\/\" data-orig-file=\"https:\/\/i0.wp.com\/www.shqiperia.com\/blog\/wp-content\/uploads\/2026\/07\/auto_78879fde-89a4-4b25-b2ae-5419edc85e821784113326.jpg?fit=900%2C723&amp;ssl=1\" data-orig-size=\"900,723\" data-comments-opened=\"1\" data-image-meta=\"{&quot;aperture&quot;:&quot;0&quot;,&quot;credit&quot;:&quot;&quot;,&quot;camera&quot;:&quot;&quot;,&quot;caption&quot;:&quot;&quot;,&quot;created_timestamp&quot;:&quot;0&quot;,&quot;copyright&quot;:&quot;&quot;,&quot;focal_length&quot;:&quot;0&quot;,&quot;iso&quot;:&quot;0&quot;,&quot;shutter_speed&quot;:&quot;0&quot;,&quot;title&quot;:&quot;&quot;,&quot;orientation&quot;:&quot;0&quot;}\" data-image-title=\"auto_78879fde-89a4-4b25-b2ae-5419edc85e821784113326\" data-image-description=\"\" data-image-caption=\"\" data-medium-file=\"https:\/\/i0.wp.com\/www.shqiperia.com\/blog\/wp-content\/uploads\/2026\/07\/auto_78879fde-89a4-4b25-b2ae-5419edc85e821784113326.jpg?fit=300%2C241&amp;ssl=1\" data-large-file=\"https:\/\/i0.wp.com\/www.shqiperia.com\/blog\/wp-content\/uploads\/2026\/07\/auto_78879fde-89a4-4b25-b2ae-5419edc85e821784113326.jpg?fit=900%2C723&amp;ssl=1\" class=\"alignnone  wp-image-102747\" alt=\"\" src=\"https:\/\/i0.wp.com\/www.shqiperia.com\/blog\/wp-content\/uploads\/2026\/07\/auto_78879fde-89a4-4b25-b2ae-5419edc85e821784113326.jpg?resize=588%2C472&#038;ssl=1\" width=\"588\" height=\"472\" srcset=\"https:\/\/i0.wp.com\/www.shqiperia.com\/blog\/wp-content\/uploads\/2026\/07\/auto_78879fde-89a4-4b25-b2ae-5419edc85e821784113326.jpg?resize=300%2C241&amp;ssl=1 300w, https:\/\/i0.wp.com\/www.shqiperia.com\/blog\/wp-content\/uploads\/2026\/07\/auto_78879fde-89a4-4b25-b2ae-5419edc85e821784113326.jpg?resize=768%2C617&amp;ssl=1 768w, https:\/\/i0.wp.com\/www.shqiperia.com\/blog\/wp-content\/uploads\/2026\/07\/auto_78879fde-89a4-4b25-b2ae-5419edc85e821784113326.jpg?resize=450%2C362&amp;ssl=1 450w, https:\/\/i0.wp.com\/www.shqiperia.com\/blog\/wp-content\/uploads\/2026\/07\/auto_78879fde-89a4-4b25-b2ae-5419edc85e821784113326.jpg?resize=600%2C482&amp;ssl=1 600w, https:\/\/i0.wp.com\/www.shqiperia.com\/blog\/wp-content\/uploads\/2026\/07\/auto_78879fde-89a4-4b25-b2ae-5419edc85e821784113326.jpg?resize=400%2C321&amp;ssl=1 400w, https:\/\/i0.wp.com\/www.shqiperia.com\/blog\/wp-content\/uploads\/2026\/07\/auto_78879fde-89a4-4b25-b2ae-5419edc85e821784113326.jpg?w=900&amp;ssl=1 900w\" sizes=\"auto, (max-width: 588px) 100vw, 588px\" \/><\/p>\n<p>15 Korrik 2026<\/p>\n<p>N\u00eb pallatin e mbretit Alkino, nj\u00eb i panjohur i mbijetuar nga nj\u00eb mbytje anijeje d\u00ebgjon poetin e verb\u00ebr Demodok t\u00eb k\u00ebndoj\u00eb p\u00ebr fundin e Luft\u00ebs s\u00eb Troj\u00ebs. I prekur thell\u00eb, ai zbulon identitetin e tij: &#8220;Un\u00eb jam Odiseu.&#8221; M\u00eb pas rr\u00ebfen udh\u00ebtimin e gjat\u00eb drejt Itak\u00ebs, plot magjistare, p\u00ebrbind\u00ebsha dhe aventura t\u00eb jasht\u00ebzakonshme.<\/p>\n<p><span><strong>Rikthimi n\u00eb det<\/strong><\/span><\/p>\n<p><img data-recalc-dims=\"1\" decoding=\"async\" alt=\"Image\" src=\"https:\/\/i0.wp.com\/www.syri.net\/uploads\/syri.net\/images\/2026\/July\/15\/auto_6b8c74d5-8bed-4fc2-ae9f-529669f35da51784113326.jpg?ssl=1\" \/>P\u00ebrmes Odises\u00eb, grek\u00ebt e periudh\u00ebs arkaike u rilidh\u00ebn me detin, t\u00eb cilin paraardh\u00ebsit e tyre mikenas kishin dominuar p\u00ebrpara r\u00ebnies s\u00eb qytet\u00ebrimit t\u00eb tyre n\u00eb shekullin XII para Krishtit. Nd\u00ebrsa Iliada p\u00ebrshkruan bot\u00ebn e Epok\u00ebs s\u00eb Bronzit, Odiseja pasqyron periudh\u00ebn nga shekujt X-VIII para Krishtit., kur grek\u00ebt rifilluan tregtin\u00eb detare dhe nis\u00ebn kolonizimin e Mesdheut. N\u00eb k\u00ebt\u00eb epok\u00eb eksplorimi, Odiseu u shnd\u00ebrrua n\u00eb simbolin e njeriut q\u00eb p\u00ebrballon t\u00eb panjohur\u00ebn.<\/p>\n<p><span><strong>Kthime me fate t\u00eb ndryshme<\/strong><\/span><\/p>\n<p><img data-recalc-dims=\"1\" decoding=\"async\" alt=\"Image\" src=\"https:\/\/i0.wp.com\/www.syri.net\/uploads\/syri.net\/images\/2026\/July\/15\/auto_14357576-f917-41f3-b2fc-61d26f47625f1784113327.jpg?ssl=1\" \/>Jo t\u00eb gjith\u00eb heronjt\u00eb e Luft\u00ebs s\u00eb Troj\u00ebs pat\u00ebn t\u00eb nj\u00ebjtin fat. Menelau u kthye i sigurt n\u00eb Spart\u00eb, nd\u00ebrsa Agamemnoni u vra nga gruaja dhe i dashuri i saj sapo mb\u00ebrriti n\u00eb sht\u00ebpi. Heronj t\u00eb tjer\u00eb, si Diomedi dhe Filokteti, u vendos\u00ebn n\u00eb Itali, pik\u00ebrisht n\u00eb rajonet ku grek\u00ebt filluan t\u00eb krijonin koloni rreth vitit 770 para Krishtit.<\/p>\n<p><span><strong>Odiseu, heroi i zgjuarsis\u00eb<\/strong><\/span><\/p>\n<p><img data-recalc-dims=\"1\" decoding=\"async\" alt=\"Image\" src=\"https:\/\/i0.wp.com\/www.syri.net\/uploads\/syri.net\/images\/2026\/July\/15\/auto_9b814adf-8f42-456a-82e7-f8bc145499c91784113326.jpg?ssl=1\" \/>Ndryshe nga luft\u00ebtar\u00ebt q\u00eb mb\u00ebshteteshin te forca, Odiseu shquhej p\u00ebr zgjuarsin\u00eb. Homeri e p\u00ebrshkruan si polytropos, &#8220;njeri me shum\u00eb dredhi&#8221;. Ai p\u00ebrdor diplomacin\u00eb, mashtrimin dhe guximin po aq sa arm\u00ebt, duke hyr\u00eb edhe n\u00eb bot\u00ebn e t\u00eb vdekurve p\u00ebr t\u00eb gjetur rrug\u00ebn drejt sht\u00ebpis\u00eb.<\/p>\n<p><span><strong>Tregtar apo pirat?]<\/strong><\/span><\/p>\n<p>Kur Ciklopi Polifem e pyet Odiseun n\u00ebse \u00ebsht\u00eb tregtar apo &#8220;endacak grabit\u00ebs&#8221;, kjo pasqyron realitetin e koh\u00ebs, kur kufiri mes tregtar\u00ebve dhe pirat\u00ebve ishte i paqart\u00eb. Kjo e b\u00ebnte Odisen\u00eb m\u00eb t\u00eb af\u00ebrt me jet\u00ebn e grek\u00ebve t\u00eb shekullit VIII para Krishtit, t\u00eb cil\u00ebt po lundronin drejt tokave t\u00eb reja.<\/p>\n<p>Pas largimit nga Troja, Odiseu p\u00ebrballet me ngr\u00ebn\u00ebsit e lotusit, bim\u00ebt e t\u00eb cil\u00ebve u fshijn\u00eb kujtes\u00ebn njer\u00ebzve, dhe m\u00eb pas me ciklop\u00ebt, q\u00eb jetojn\u00eb pa ligje e pa mikpritje. P\u00ebr t&#8217;i shp\u00ebtuar Polifemit, ai prezantohet si &#8220;Askushi&#8221;, e verbon gjigantin dhe arratiset. Por krenaria e shtyn t\u00eb zbuloj\u00eb emrin e tij t\u00eb v\u00ebrtet\u00eb, duke zem\u00ebruar Poseidonin, baban\u00eb e Polifemit.<\/p>\n<p><span><strong>Fitorja e zgjuarsis\u00eb<\/strong><\/span><\/p>\n<p><img data-recalc-dims=\"1\" decoding=\"async\" alt=\"Image\" src=\"https:\/\/i0.wp.com\/www.syri.net\/uploads\/syri.net\/images\/2026\/July\/15\/auto_2bf69350-bb6b-43a0-9878-ba53ba2d79371784113325.jpg?ssl=1\" \/>M\u00eb von\u00eb, magjistarja Kirke i shnd\u00ebrron shok\u00ebt e Odiseut n\u00eb kafsh\u00eb, por ai shp\u00ebton fal\u00eb ndihm\u00ebs s\u00eb Hermesit. Kirke e udh\u00ebzon t\u00eb zbres\u00eb n\u00eb bot\u00ebn e t\u00eb vdekurve dhe e paralajm\u00ebron p\u00ebr Sirenat. Odiseu u mbyll vesh\u00ebt shok\u00ebve me dyll\u00eb, nd\u00ebrsa vet\u00eb u lidh n\u00eb direk p\u00ebr t\u00eb d\u00ebgjuar k\u00ebng\u00ebn e tyre pa r\u00ebn\u00eb n\u00eb kurth.<\/p>\n<p><span><strong>Lufta p\u00ebr sht\u00ebpin\u00eb<\/strong><\/span><\/p>\n<p><img data-recalc-dims=\"1\" decoding=\"async\" alt=\"Image\" src=\"https:\/\/i0.wp.com\/www.syri.net\/uploads\/syri.net\/images\/2026\/July\/15\/auto_d1eeb5b9-620a-4e9f-8cb1-4d1e0437e8181784113329.jpg?ssl=1\" \/>Pas r\u00ebnies s\u00eb qytet\u00ebrimit mikenas, shoq\u00ebria greke u organizua n\u00eb ekonomi familjare t\u00eb quajtura oikos, t\u00eb drejtuara nga nj\u00eb basileus. N\u00eb munges\u00eb t\u00eb Odiseut, pretendent\u00ebt pushtojn\u00eb sht\u00ebpin\u00eb e tij dhe k\u00ebrc\u00ebnojn\u00eb pozit\u00ebn e familjes. Beteja kryesore nuk zhvillohet m\u00eb n\u00eb Troj\u00eb, por n\u00eb Itak\u00eb, ku Penelopa, Telemaku, sh\u00ebrb\u00ebtor\u00ebt dhe vet\u00eb Odiseu, i maskuar si lyp\u00ebs, luftojn\u00eb p\u00ebr t\u00eb mbrojtur sht\u00ebpin\u00eb.<\/p>\n<p>N\u00eb bot\u00ebn e t\u00eb vdekurve, Akili i thot\u00eb Odiseut se do t\u00eb parap\u00eblqente t\u00eb ishte nj\u00eb njeri i varf\u00ebr i gjall\u00eb sesa mbret i t\u00eb vdekurve, duke treguar nj\u00eb k\u00ebndv\u00ebshtrim m\u00eb njer\u00ebzor mbi heroizmin.<\/p>\n<p>Pas nj\u00ebzet vjet\u00ebsh, Odiseu m\u00eb n\u00eb fund kthehet n\u00eb Itak\u00eb, vret pretendent\u00ebt q\u00eb kan\u00eb shp\u00ebrdoruar pasurin\u00eb e tij dhe rifiton fronin. Megjithat\u00eb, duhet t\u00eb bind\u00eb edhe Penelop\u00ebn se \u00ebsht\u00eb ai. Kur ajo k\u00ebrkon q\u00eb shtrati martesor t\u00eb zhvendoset, Odiseu p\u00ebrgjigjet se e kishte nd\u00ebrtuar mbi trungun e nj\u00eb ulliri t\u00eb gjall\u00eb, ndaj ishte i pal\u00ebvizsh\u00ebm. Kjo ishte prova q\u00eb vet\u00ebm burri i saj mund ta dinte.<\/p>\n<p><span><strong>Roli i grave n\u00eb Odise<\/strong><\/span><\/p>\n<p><img data-recalc-dims=\"1\" decoding=\"async\" alt=\"Image\" src=\"https:\/\/i0.wp.com\/www.syri.net\/uploads\/syri.net\/images\/2026\/July\/15\/auto_d21308b1-bf51-4b78-bc1c-75c8872981f31784113484.jpg?ssl=1\" \/><\/p>\n<p>Studiuesit i kushtojn\u00eb gjithnj\u00eb e m\u00eb shum\u00eb v\u00ebmendje personazheve femra. Disa madje kan\u00eb sugjeruar se poema mund t\u00eb jet\u00eb shkruar nga nj\u00eb grua. Ve\u00e7an\u00ebrisht Penelopa shihet sot si nj\u00eb nga heroinat kryesore: me zgjuarsin\u00eb dhe durimin e saj, duke e shthurur nat\u00ebn p\u00eblhur\u00ebn q\u00eb endte dit\u00ebn p\u00ebr t\u00eb vonuar martes\u00ebn e re, ajo mbron Itak\u00ebn po aq me sukses sa Odiseu me trim\u00ebrin\u00eb dhe dinak\u00ebrin\u00eb e tij. \/ NationalGeographic<\/p>\n","protected":false},"excerpt":{"rendered":"<p>15 Korrik 2026 N\u00eb pallatin e mbretit Alkino, nj\u00eb i panjohur i mbijetuar nga nj\u00eb mbytje anijeje d\u00ebgjon poetin e verb\u00ebr Demodok t\u00eb k\u00ebndoj\u00eb p\u00ebr fundin e Luft\u00ebs s\u00eb Troj\u00ebs. I prekur thell\u00eb, ai zbulon identitetin e tij: &#8220;Un\u00eb jam Odiseu.&#8221; M\u00eb pas rr\u00ebfen udh\u00ebtimin e gjat\u00eb drejt Itak\u00ebs, plot magjistare, p\u00ebrbind\u00ebsha dhe aventura t\u00eb [&hellip;]<\/p>\n","protected":false},"author":9,"featured_media":102747,"comment_status":"open","ping_status":"open","sticky":false,"template":"","format":"standard","meta":{"jetpack_post_was_ever_published":false,"_jetpack_newsletter_access":"","_jetpack_dont_email_post_to_subs":false,"_jetpack_newsletter_tier_id":0,"_jetpack_memberships_contains_paywalled_content":false,"_jetpack_memberships_contains_paid_content":false,"footnotes":"","jetpack_publicize_message":"","jetpack_publicize_feature_enabled":true,"jetpack_social_post_already_shared":true,"jetpack_social_options":{"image_generator_settings":{"template":"highway","default_image_id":0,"font":"","enabled":false},"version":2}},"categories":[27,85,10,35],"tags":[],"class_list":["post-102746","post","type-post","status-publish","format-standard","has-post-thumbnail","hentry","category-blogu-i-udhetarit","category-histori","category-kultura","category-shoqerore"],"jetpack_publicize_connections":[],"jetpack_featured_media_url":"https:\/\/i0.wp.com\/www.shqiperia.com\/blog\/wp-content\/uploads\/2026\/07\/auto_78879fde-89a4-4b25-b2ae-5419edc85e821784113326.jpg?fit=900%2C723&ssl=1","jetpack_sharing_enabled":true,"jetpack_shortlink":"https:\/\/wp.me\/p5Z6wp-qJc","jetpack-related-posts":[{"id":102544,"url":"https:\/\/www.shqiperia.com\/blog\/shkrimi-kuneiform-shkrimi-me-i-vjeter-ne-bote-u-shpik-per-faturat\/","url_meta":{"origin":102746,"position":0},"title":"Shkrimi kuneiform: &#8211; Shkrimi m\u00eb i vjet\u00ebr n\u00eb bot\u00eb u shpik p\u00ebr&#8230;faturat","author":"Kurt Farka","date":"July 12, 2026","format":false,"excerpt":"12 Korrk 2026 Rreth vitit 3200 para Krishtit, nj\u00eb administrator n\u00eb Mesopotami shtypi nj\u00eb kallam mbi balt\u00eb t\u00eb njom\u00eb, jo p\u00ebr t\u00eb p\u00ebrjet\u00ebsuar lavdin\u00eb e nj\u00eb mbreti, por p\u00ebr t\u00eb num\u00ebruar elbin. K\u00ebshtu, nj\u00eb fatur\u00eb e thjesht\u00eb u b\u00eb zanafilla e sistemit m\u00eb t\u00eb vjet\u00ebr t\u00eb shkrimit n\u00eb bot\u00eb. \u00c7far\u00eb\u2026","rel":"","context":"In &quot;Blogu i Udh\u00ebtarit&quot;","block_context":{"text":"Blogu i Udh\u00ebtarit","link":"https:\/\/www.shqiperia.com\/blog\/category\/blogu-i-udhetarit\/"},"img":{"alt_text":"","src":"https:\/\/i0.wp.com\/www.shqiperia.com\/blog\/wp-content\/uploads\/2026\/07\/auto_Screenshot_211783677947.jpg?fit=900%2C475&ssl=1&resize=350%2C200","width":350,"height":200,"srcset":"https:\/\/i0.wp.com\/www.shqiperia.com\/blog\/wp-content\/uploads\/2026\/07\/auto_Screenshot_211783677947.jpg?fit=900%2C475&ssl=1&resize=350%2C200 1x, https:\/\/i0.wp.com\/www.shqiperia.com\/blog\/wp-content\/uploads\/2026\/07\/auto_Screenshot_211783677947.jpg?fit=900%2C475&ssl=1&resize=525%2C300 1.5x, https:\/\/i0.wp.com\/www.shqiperia.com\/blog\/wp-content\/uploads\/2026\/07\/auto_Screenshot_211783677947.jpg?fit=900%2C475&ssl=1&resize=700%2C400 2x"},"classes":[]},{"id":105016,"url":"https:\/\/www.shqiperia.com\/blog\/si-ishte-jeta-ne-babilonine-e-lashte\/","url_meta":{"origin":102746,"position":1},"title":"Si ishte jeta n\u00eb Babilonin\u00eb e lasht\u00eb?","author":"Kurt Farka","date":"August 23, 2026","format":false,"excerpt":"23 Gusht 2026 Qyteti i Babilonis\u00eb, q\u00eb ndodhej pran\u00eb lumit Eufrat n\u00eb Mesopotamin\u00eb e Poshtme, arriti kulmin e epok\u00ebs s\u00eb tij t\u00eb hershme gjat\u00eb mbret\u00ebrimit t\u00eb mbretit Hammurabi (1792-1750 para Krishtit). N\u00ebn sundimin e tij, kryeqyteti i perandoris\u00eb babilonase u konsolidua si nj\u00eb qend\u00ebr kozmopolite, duke t\u00ebrhequr emigrant\u00eb nga i\u2026","rel":"","context":"In &quot;Blogu i Udh\u00ebtarit&quot;","block_context":{"text":"Blogu i Udh\u00ebtarit","link":"https:\/\/www.shqiperia.com\/blog\/category\/blogu-i-udhetarit\/"},"img":{"alt_text":"","src":"https:\/\/i0.wp.com\/www.shqiperia.com\/blog\/wp-content\/uploads\/2026\/08\/auto_2b870853-bc02-4e29-82f6-b74d627ae4101756814369-1.jpg?fit=900%2C646&ssl=1&resize=350%2C200","width":350,"height":200,"srcset":"https:\/\/i0.wp.com\/www.shqiperia.com\/blog\/wp-content\/uploads\/2026\/08\/auto_2b870853-bc02-4e29-82f6-b74d627ae4101756814369-1.jpg?fit=900%2C646&ssl=1&resize=350%2C200 1x, https:\/\/i0.wp.com\/www.shqiperia.com\/blog\/wp-content\/uploads\/2026\/08\/auto_2b870853-bc02-4e29-82f6-b74d627ae4101756814369-1.jpg?fit=900%2C646&ssl=1&resize=525%2C300 1.5x, https:\/\/i0.wp.com\/www.shqiperia.com\/blog\/wp-content\/uploads\/2026\/08\/auto_2b870853-bc02-4e29-82f6-b74d627ae4101756814369-1.jpg?fit=900%2C646&ssl=1&resize=700%2C400 2x"},"classes":[]},{"id":101057,"url":"https:\/\/www.shqiperia.com\/blog\/ardit-bido-greket-u-merziten-per-investimin\/","url_meta":{"origin":102746,"position":2},"title":"Ardit Bido: &#8211; Grek\u00ebt u m\u00ebrzit\u00ebn p\u00ebr investimin","author":"Kurt Farka","date":"June 3, 2026","format":false,"excerpt":"3 Qershor 2026 Deputeti socialist Ardit Bido ka komentuar protestat e zhvilluara p\u00ebr t\u00eb kat\u00ebrt\u00ebn dit\u00eb radhazi n\u00eb kryeqytet p\u00ebr projektin n\u00eb Zv\u00ebrnec, duke u shprehur se p\u00ebr t\u00eb arsyeja e v\u00ebrtet\u00eb e tubimit nuk \u00ebsht\u00eb Zv\u00ebrnci, por arsyet mjedisore. I ftuar mbr\u00ebmjen e sotme n\u00eb \u2018Top Story\u2019, socialisti u\u2026","rel":"","context":"In &quot;Blogu i Udh\u00ebtarit&quot;","block_context":{"text":"Blogu i Udh\u00ebtarit","link":"https:\/\/www.shqiperia.com\/blog\/category\/blogu-i-udhetarit\/"},"img":{"alt_text":"","src":"https:\/\/i0.wp.com\/www.shqiperia.com\/blog\/wp-content\/uploads\/2026\/06\/Ardit-Bido.webp?fit=592%2C420&ssl=1&resize=350%2C200","width":350,"height":200,"srcset":"https:\/\/i0.wp.com\/www.shqiperia.com\/blog\/wp-content\/uploads\/2026\/06\/Ardit-Bido.webp?fit=592%2C420&ssl=1&resize=350%2C200 1x, https:\/\/i0.wp.com\/www.shqiperia.com\/blog\/wp-content\/uploads\/2026\/06\/Ardit-Bido.webp?fit=592%2C420&ssl=1&resize=525%2C300 1.5x"},"classes":[]},{"id":103090,"url":"https:\/\/www.shqiperia.com\/blog\/kush-e-terhoqi-kete-statuje-te-ramsesit-ii-neper-shkretetire\/","url_meta":{"origin":102746,"position":3},"title":"Kush e t\u00ebrhoqi k\u00ebt\u00eb statuj\u00eb t\u00eb Ramsesit II n\u00ebp\u00ebr shkret\u00ebtir\u00eb?","author":"Kurt Farka","date":"July 22, 2026","format":false,"excerpt":"22 Korrik 2026 Rreth 3300 vjet m\u00eb par\u00eb, artizan\u00ebt e Egjiptit t\u00eb lasht\u00eb punonin mbi nj\u00eb bllok t\u00eb madh graniti n\u00eb qytetin e Asuanit, rreth 850 km n\u00eb jug t\u00eb Giz\u00ebs. N\u00ebn vap\u00ebn p\u00ebrv\u00ebluese, nd\u00ebrsa djersa u mbulonte trupat e lodhur, ata e shk\u00ebput\u00ebn me kujdes gurin nga guroret dhe\u2026","rel":"","context":"In &quot;Arte&quot;","block_context":{"text":"Arte","link":"https:\/\/www.shqiperia.com\/blog\/category\/arte\/"},"img":{"alt_text":"","src":"https:\/\/i0.wp.com\/www.shqiperia.com\/blog\/wp-content\/uploads\/2026\/07\/Ramsesi-II.jpg?fit=900%2C767&ssl=1&resize=350%2C200","width":350,"height":200,"srcset":"https:\/\/i0.wp.com\/www.shqiperia.com\/blog\/wp-content\/uploads\/2026\/07\/Ramsesi-II.jpg?fit=900%2C767&ssl=1&resize=350%2C200 1x, https:\/\/i0.wp.com\/www.shqiperia.com\/blog\/wp-content\/uploads\/2026\/07\/Ramsesi-II.jpg?fit=900%2C767&ssl=1&resize=525%2C300 1.5x, https:\/\/i0.wp.com\/www.shqiperia.com\/blog\/wp-content\/uploads\/2026\/07\/Ramsesi-II.jpg?fit=900%2C767&ssl=1&resize=700%2C400 2x"},"classes":[]},{"id":105250,"url":"https:\/\/www.shqiperia.com\/blog\/mbreteresha-nubiane-qe-i-beri-balle-ushtrise-se-cezarit\/","url_meta":{"origin":102746,"position":4},"title":"Mbret\u00ebresha nubiane q\u00eb i b\u00ebri ball\u00eb ushtris\u00eb s\u00eb Cezarit","author":"Kurt Farka","date":"August 26, 2026","format":false,"excerpt":"26 Gusht 2026 Nga viti 25 deri n\u00eb vitin 21 para Krishtit, Amanirenas, mbret\u00ebresha ose Kandake e Mbret\u00ebris\u00eb s\u00eb Kushit, arriti t\u00eb b\u00ebnte at\u00eb q\u00eb shum\u00eb udh\u00ebheq\u00ebs meshkuj t\u00eb koh\u00ebs s\u00eb saj nuk mund\u00ebn ta b\u00ebnin: t\u00eb zmbrapste nj\u00eb pushtim romak. N\u00ebn komand\u00ebn e mbret\u00ebresh\u00ebs Amanirenas, rreth 30,000 ushtar\u00eb t\u00eb\u2026","rel":"","context":"In &quot;Blogu i Udh\u00ebtarit&quot;","block_context":{"text":"Blogu i Udh\u00ebtarit","link":"https:\/\/www.shqiperia.com\/blog\/category\/blogu-i-udhetarit\/"},"img":{"alt_text":"","src":"https:\/\/i0.wp.com\/www.shqiperia.com\/blog\/wp-content\/uploads\/2026\/08\/lion-temples-1024x768-1.jpg?fit=1023%2C664&ssl=1&resize=350%2C200","width":350,"height":200,"srcset":"https:\/\/i0.wp.com\/www.shqiperia.com\/blog\/wp-content\/uploads\/2026\/08\/lion-temples-1024x768-1.jpg?fit=1023%2C664&ssl=1&resize=350%2C200 1x, https:\/\/i0.wp.com\/www.shqiperia.com\/blog\/wp-content\/uploads\/2026\/08\/lion-temples-1024x768-1.jpg?fit=1023%2C664&ssl=1&resize=525%2C300 1.5x, https:\/\/i0.wp.com\/www.shqiperia.com\/blog\/wp-content\/uploads\/2026\/08\/lion-temples-1024x768-1.jpg?fit=1023%2C664&ssl=1&resize=700%2C400 2x"},"classes":[]},{"id":100475,"url":"https:\/\/www.shqiperia.com\/blog\/nje-zbulim-historik-ne-siri-punetori-i-ndertimit-gjen-varre-te-lashta-1500-vjecare\/","url_meta":{"origin":102746,"position":5},"title":"Nj\u00eb zbulim historik n\u00eb Siri\/ Pun\u00ebtori i nd\u00ebrtimit gjen varre t\u00eb lashta 1500-vje\u00e7are","author":"Kurt Farka","date":"May 20, 2026","format":false,"excerpt":"20 Maji 2026 Nj\u00eb pun\u00ebtor nd\u00ebrtimi zbuloi nj\u00eb kompleks varresh 1,500-vje\u00e7ar, nd\u00ebrsa po hiqte rr\u00ebnojat e shkat\u00ebrruara nga lufta. Zbulimi i pabesuesh\u00ebm i nj\u00eb kompleksi t\u00eb lasht\u00eb varresh bizantine u gjet n\u00eb provinc\u00ebn siriane t\u00eb Idlibit n\u00eb veri t\u00eb vendit. Ato u gjet\u00ebn nga nj\u00eb pun\u00ebtor nd\u00ebrtimi i cili po\u2026","rel":"","context":"In &quot;Arte&quot;","block_context":{"text":"Arte","link":"https:\/\/www.shqiperia.com\/blog\/category\/arte\/"},"img":{"alt_text":"","src":"https:\/\/i0.wp.com\/www.shqiperia.com\/blog\/wp-content\/uploads\/2026\/05\/image-2-3.webp?fit=800%2C533&ssl=1&resize=350%2C200","width":350,"height":200,"srcset":"https:\/\/i0.wp.com\/www.shqiperia.com\/blog\/wp-content\/uploads\/2026\/05\/image-2-3.webp?fit=800%2C533&ssl=1&resize=350%2C200 1x, https:\/\/i0.wp.com\/www.shqiperia.com\/blog\/wp-content\/uploads\/2026\/05\/image-2-3.webp?fit=800%2C533&ssl=1&resize=525%2C300 1.5x, https:\/\/i0.wp.com\/www.shqiperia.com\/blog\/wp-content\/uploads\/2026\/05\/image-2-3.webp?fit=800%2C533&ssl=1&resize=700%2C400 2x"},"classes":[]}],"_links":{"self":[{"href":"https:\/\/www.shqiperia.com\/blog\/wp-json\/wp\/v2\/posts\/102746","targetHints":{"allow":["GET"]}}],"collection":[{"href":"https:\/\/www.shqiperia.com\/blog\/wp-json\/wp\/v2\/posts"}],"about":[{"href":"https:\/\/www.shqiperia.com\/blog\/wp-json\/wp\/v2\/types\/post"}],"author":[{"embeddable":true,"href":"https:\/\/www.shqiperia.com\/blog\/wp-json\/wp\/v2\/users\/9"}],"replies":[{"embeddable":true,"href":"https:\/\/www.shqiperia.com\/blog\/wp-json\/wp\/v2\/comments?post=102746"}],"version-history":[{"count":1,"href":"https:\/\/www.shqiperia.com\/blog\/wp-json\/wp\/v2\/posts\/102746\/revisions"}],"predecessor-version":[{"id":102748,"href":"https:\/\/www.shqiperia.com\/blog\/wp-json\/wp\/v2\/posts\/102746\/revisions\/102748"}],"wp:featuredmedia":[{"embeddable":true,"href":"https:\/\/www.shqiperia.com\/blog\/wp-json\/wp\/v2\/media\/102747"}],"wp:attachment":[{"href":"https:\/\/www.shqiperia.com\/blog\/wp-json\/wp\/v2\/media?parent=102746"}],"wp:term":[{"taxonomy":"category","embeddable":true,"href":"https:\/\/www.shqiperia.com\/blog\/wp-json\/wp\/v2\/categories?post=102746"},{"taxonomy":"post_tag","embeddable":true,"href":"https:\/\/www.shqiperia.com\/blog\/wp-json\/wp\/v2\/tags?post=102746"}],"curies":[{"name":"wp","href":"https:\/\/api.w.org\/{rel}","templated":true}]}}