{"id":102743,"date":"2026-07-15T11:37:21","date_gmt":"2026-07-15T11:37:21","guid":{"rendered":"https:\/\/www.shqiperia.com\/blog\/?p=102743"},"modified":"2026-07-15T11:37:21","modified_gmt":"2026-07-15T11:37:21","slug":"media-amerikane-bloomberg-edi-rama-iu-lut-sulltanit-turk-por-nuk-arriti-te-siguroje-samitin-e-nato-s","status":"publish","type":"post","link":"https:\/\/www.shqiperia.com\/blog\/media-amerikane-bloomberg-edi-rama-iu-lut-sulltanit-turk-por-nuk-arriti-te-siguroje-samitin-e-nato-s\/","title":{"rendered":"Media amerikane \u2018Bloomberg\u2019: &#8211; Edi Rama iu lut \u2018Sulltanit\u2019 turk, por nuk arriti t\u00eb siguroj\u00eb samitin e NATO-s"},"content":{"rendered":"<p><img data-recalc-dims=\"1\" loading=\"lazy\" decoding=\"async\" data-attachment-id=\"102744\" data-permalink=\"https:\/\/www.shqiperia.com\/blog\/media-amerikane-bloomberg-edi-rama-iu-lut-sulltanit-turk-por-nuk-arriti-te-siguroje-samitin-e-nato-s\/auto_sulltani1784106432\/\" data-orig-file=\"https:\/\/i0.wp.com\/www.shqiperia.com\/blog\/wp-content\/uploads\/2026\/07\/auto_sulltani1784106432.png?fit=900%2C535&amp;ssl=1\" data-orig-size=\"900,535\" data-comments-opened=\"1\" data-image-meta=\"{&quot;aperture&quot;:&quot;0&quot;,&quot;credit&quot;:&quot;&quot;,&quot;camera&quot;:&quot;&quot;,&quot;caption&quot;:&quot;&quot;,&quot;created_timestamp&quot;:&quot;0&quot;,&quot;copyright&quot;:&quot;&quot;,&quot;focal_length&quot;:&quot;0&quot;,&quot;iso&quot;:&quot;0&quot;,&quot;shutter_speed&quot;:&quot;0&quot;,&quot;title&quot;:&quot;&quot;,&quot;orientation&quot;:&quot;0&quot;}\" data-image-title=\"auto_sulltani1784106432\" data-image-description=\"\" data-image-caption=\"\" data-medium-file=\"https:\/\/i0.wp.com\/www.shqiperia.com\/blog\/wp-content\/uploads\/2026\/07\/auto_sulltani1784106432.png?fit=300%2C178&amp;ssl=1\" data-large-file=\"https:\/\/i0.wp.com\/www.shqiperia.com\/blog\/wp-content\/uploads\/2026\/07\/auto_sulltani1784106432.png?fit=900%2C535&amp;ssl=1\" class=\"alignnone  wp-image-102744\" alt=\"\" src=\"https:\/\/i0.wp.com\/www.shqiperia.com\/blog\/wp-content\/uploads\/2026\/07\/auto_sulltani1784106432.png?resize=556%2C330&#038;ssl=1\" width=\"556\" height=\"330\" srcset=\"https:\/\/i0.wp.com\/www.shqiperia.com\/blog\/wp-content\/uploads\/2026\/07\/auto_sulltani1784106432.png?resize=300%2C178&amp;ssl=1 300w, https:\/\/i0.wp.com\/www.shqiperia.com\/blog\/wp-content\/uploads\/2026\/07\/auto_sulltani1784106432.png?resize=768%2C457&amp;ssl=1 768w, https:\/\/i0.wp.com\/www.shqiperia.com\/blog\/wp-content\/uploads\/2026\/07\/auto_sulltani1784106432.png?resize=450%2C268&amp;ssl=1 450w, https:\/\/i0.wp.com\/www.shqiperia.com\/blog\/wp-content\/uploads\/2026\/07\/auto_sulltani1784106432.png?resize=600%2C357&amp;ssl=1 600w, https:\/\/i0.wp.com\/www.shqiperia.com\/blog\/wp-content\/uploads\/2026\/07\/auto_sulltani1784106432.png?resize=400%2C238&amp;ssl=1 400w, https:\/\/i0.wp.com\/www.shqiperia.com\/blog\/wp-content\/uploads\/2026\/07\/auto_sulltani1784106432.png?w=900&amp;ssl=1 900w\" sizes=\"auto, (max-width: 556px) 100vw, 556px\" \/><\/p>\n<p>15 Korrik 2026<\/p>\n<p>P\u00ebrpjekja e Shqip\u00ebris\u00eb p\u00ebr t\u00eb siguruar organizimin e samitit t\u00eb ardhsh\u00ebm t\u00eb NATO-s nuk ka dh\u00ebn\u00eb rezultat,<span>\u00a0<\/span><a href=\"https:\/\/www.bloomberg.com\/news\/articles\/2026-07-15\/albania-s-appeal-to-turkish-sultan-fails-to-clinch-nato-summit?embedded-checkout=true\"><strong>sipas nj\u00eb raporti t\u00eb Bloomberg.<\/strong><\/a><\/p>\n<p>Media amerikane shkruan se lutjet e Edi Ram\u00ebs ndaj presidentit turk Recep Tayyip Erdo\u011fan, t\u00eb cilin e p\u00ebrshkruan n\u00eb titull si &#8220;Sulltani turk&#8221;, nuk kan\u00eb mjaftuar p\u00ebr t\u00eb bindur aleat\u00ebt q\u00eb t\u00eb konfirmojn\u00eb zhvillimin e samitit n\u00eb Shqip\u00ebri.<\/p>\n<p>Bloomberg shkruan se Edi Rama nuk arriti t\u00eb siguronte mb\u00ebshtetjen e nevojshme p\u00ebr kandidatur\u00ebn e Shqip\u00ebris\u00eb, kur lider\u00ebt e aleanc\u00ebs u mblodh\u00ebn jav\u00ebn e kaluar n\u00eb Ankara.<\/p>\n<p>Sipas raportit, n\u00eb prag t\u00eb takimit, Rama kishte lobuar intensivisht q\u00eb Shqip\u00ebria t\u00eb zgjidhej vendi prit\u00ebs i samitit t\u00eb NATO-s vitin e ardhsh\u00ebm. Megjithat\u00eb, gjat\u00eb diskutimeve nuk u arrit nj\u00eb marr\u00ebveshje p\u00ebr ta caktuar vendin si mikprit\u00ebs t\u00eb samitit.<\/p>\n<p>Media amerikane thekson se \u00e7\u00ebshtja mbetet ende e hapur, nd\u00ebrsa brenda Aleanc\u00ebs po shqyrtohen alternativa t\u00eb ndryshme p\u00ebr vendin dhe koh\u00ebn e organizimit t\u00eb takimit.<\/p>\n<p>Pasigurit\u00eb lidhen edhe me zhvillimet politike brenda NATO-s dhe me shqet\u00ebsimet p\u00ebr tensionet q\u00eb mund t\u00eb shoq\u00ebrojn\u00eb samitet e ardhshme.<\/p>\n<p>Deri m\u00eb tani, NATO nuk ka shpallur nj\u00eb vendim p\u00ebrfundimtar p\u00ebr vendin mikprit\u00ebs t\u00eb samitit t\u00eb ardhsh\u00ebm, nd\u00ebrsa diskutimet mes vendeve an\u00ebtare vijojn\u00eb.<\/p>\n","protected":false},"excerpt":{"rendered":"<p>15 Korrik 2026 P\u00ebrpjekja e Shqip\u00ebris\u00eb p\u00ebr t\u00eb siguruar organizimin e samitit t\u00eb ardhsh\u00ebm t\u00eb NATO-s nuk ka dh\u00ebn\u00eb rezultat,\u00a0sipas nj\u00eb raporti t\u00eb Bloomberg. Media amerikane shkruan se lutjet e Edi Ram\u00ebs ndaj presidentit turk Recep Tayyip Erdo\u011fan, t\u00eb cilin e p\u00ebrshkruan n\u00eb titull si &#8220;Sulltani turk&#8221;, nuk kan\u00eb mjaftuar p\u00ebr t\u00eb bindur aleat\u00ebt q\u00eb [&hellip;]<\/p>\n","protected":false},"author":9,"featured_media":102744,"comment_status":"open","ping_status":"open","sticky":false,"template":"","format":"standard","meta":{"jetpack_post_was_ever_published":false,"_jetpack_newsletter_access":"","_jetpack_dont_email_post_to_subs":false,"_jetpack_newsletter_tier_id":0,"_jetpack_memberships_contains_paywalled_content":false,"_jetpack_memberships_contains_paid_content":false,"footnotes":"","jetpack_publicize_message":"","jetpack_publicize_feature_enabled":true,"jetpack_social_post_already_shared":true,"jetpack_social_options":{"image_generator_settings":{"template":"highway","default_image_id":0,"font":"","enabled":false},"version":2}},"categories":[27,1,2,35],"tags":[],"class_list":["post-102743","post","type-post","status-publish","format-standard","has-post-thumbnail","hentry","category-blogu-i-udhetarit","category-njoftime-shtypi","category-politika","category-shoqerore"],"jetpack_publicize_connections":[],"jetpack_featured_media_url":"https:\/\/i0.wp.com\/www.shqiperia.com\/blog\/wp-content\/uploads\/2026\/07\/auto_sulltani1784106432.png?fit=900%2C535&ssl=1","jetpack_sharing_enabled":true,"jetpack_shortlink":"https:\/\/wp.me\/p5Z6wp-qJ9","jetpack-related-posts":[{"id":102755,"url":"https:\/\/www.shqiperia.com\/blog\/rama-po-shkaterron-marredheniet-me-nato-n-media-amerikane-sjellja-e-tij-ishte-tronditese-dhe-e-cuditshme\/","url_meta":{"origin":102743,"position":0},"title":"Rama po shkat\u00ebrron marr\u00ebdh\u00ebniet me NATO-n\/ Media amerikane: &#8211; Sjellja e tij ishte trondit\u00ebse dhe e \u00e7uditshme","author":"Kurt Farka","date":"July 16, 2026","format":false,"excerpt":"16 Korrik 2026 Shqip\u00ebria rrezikon q\u00eb t\u00eb mos e organizoj\u00eb samitin e radh\u00ebs s\u00eb NATO-s. Arsyeja kryesore \u00ebsht\u00eb vet\u00eb Edi Rama, i cili jo vet\u00ebm q\u00eb nuk p\u00ebrmbush kushtet e NATO-s, por shfaqi nj\u00eb sjellje trondit\u00ebse n\u00eb samitin e fundit t\u00eb NATO-s n\u00eb Ankara. K\u00ebshtu shkruan media e njohur amerikane,\u2026","rel":"","context":"In &quot;Blogu i Udh\u00ebtarit&quot;","block_context":{"text":"Blogu i Udh\u00ebtarit","link":"https:\/\/www.shqiperia.com\/blog\/category\/blogu-i-udhetarit\/"},"img":{"alt_text":"","src":"https:\/\/i0.wp.com\/www.shqiperia.com\/blog\/wp-content\/uploads\/2026\/07\/auto_Screenshot_3-41784187856.png?fit=900%2C570&ssl=1&resize=350%2C200","width":350,"height":200,"srcset":"https:\/\/i0.wp.com\/www.shqiperia.com\/blog\/wp-content\/uploads\/2026\/07\/auto_Screenshot_3-41784187856.png?fit=900%2C570&ssl=1&resize=350%2C200 1x, https:\/\/i0.wp.com\/www.shqiperia.com\/blog\/wp-content\/uploads\/2026\/07\/auto_Screenshot_3-41784187856.png?fit=900%2C570&ssl=1&resize=525%2C300 1.5x, https:\/\/i0.wp.com\/www.shqiperia.com\/blog\/wp-content\/uploads\/2026\/07\/auto_Screenshot_3-41784187856.png?fit=900%2C570&ssl=1&resize=700%2C400 2x"},"classes":[]},{"id":102283,"url":"https:\/\/www.shqiperia.com\/blog\/gazeta-holandeze-dy-arsyet-pse-shba-do-te-refuzoje-mbajtjen-e-samitit-te-nato-s-ne-shqiperi\/","url_meta":{"origin":102743,"position":1},"title":"Gazeta holandeze: &#8211; Dy arsyet pse SHBA do t\u00eb refuzoj\u00eb mbajtjen e samitit t\u00eb NATO-s n\u00eb Shqip\u00ebri","author":"Kurt Farka","date":"July 6, 2026","format":false,"excerpt":"6 Korrik 2026 NATO po e mbyll k\u00ebt\u00eb jav\u00eb nj\u00eb vit politik t\u00eb trazuar me nj\u00eb samit t\u00eb madh n\u00eb pallatin madh\u00ebshtor t\u00eb presidentit turk Recep Tayyip Erdo\u011fan n\u00eb Ankara. T\u00eb gjith\u00eb pyesin veten n\u00ebse do t\u00eb ket\u00eb nj\u00eb p\u00ebrplasje t\u00eb re midis Amerik\u00ebs dhe Evrop\u00ebs, por \u00e7far\u00eb tjet\u00ebr \u00ebsht\u00eb\u2026","rel":"","context":"In &quot;Blogu i Udh\u00ebtarit&quot;","block_context":{"text":"Blogu i Udh\u00ebtarit","link":"https:\/\/www.shqiperia.com\/blog\/category\/blogu-i-udhetarit\/"},"img":{"alt_text":"","src":"https:\/\/i0.wp.com\/www.shqiperia.com\/blog\/wp-content\/uploads\/2026\/07\/download-14-600x360-1.jpg?fit=600%2C360&ssl=1&resize=350%2C200","width":350,"height":200,"srcset":"https:\/\/i0.wp.com\/www.shqiperia.com\/blog\/wp-content\/uploads\/2026\/07\/download-14-600x360-1.jpg?fit=600%2C360&ssl=1&resize=350%2C200 1x, https:\/\/i0.wp.com\/www.shqiperia.com\/blog\/wp-content\/uploads\/2026\/07\/download-14-600x360-1.jpg?fit=600%2C360&ssl=1&resize=525%2C300 1.5x"},"classes":[]},{"id":102180,"url":"https:\/\/www.shqiperia.com\/blog\/mashtrimi-me-buxhetin-e-mbrojtjes-dhe-sabotimi-i-korridorit-8-te-tjetersimi-i-bazave-detare-per-oligarket-dhe\/","url_meta":{"origin":102743,"position":2},"title":"Mashtrimi me buxhetin e mbrojtjes dhe sabotimi i Korridorit 8, te tjet\u00ebrsimi i bazave detare p\u00ebr oligark\u00ebt dhe\u2026","author":"Kurt Farka","date":"July 3, 2026","format":false,"excerpt":"3 Korrik 2026 Artur Me\u00e7ollari, ish-zv\/komandant i Forc\u00ebs Detare, ka nxjerr\u00eb detaje t\u00eb forta mbi gjendjen e siguris\u00eb komb\u00ebtare dhe marr\u00ebdh\u00ebniet e Shqip\u00ebris\u00eb me NATO-n, duke paralajm\u00ebruar se vendi rrezikon mbajtjen e samitit t\u00eb Aleanc\u00ebs n\u00eb vitin 2027. Sipas tij, qeveria shqiptare ka mashtruar me buxhetin e mbrojtjes, i cili\u2026","rel":"","context":"In &quot;Blogu i Udh\u00ebtarit&quot;","block_context":{"text":"Blogu i Udh\u00ebtarit","link":"https:\/\/www.shqiperia.com\/blog\/category\/blogu-i-udhetarit\/"},"img":{"alt_text":"","src":"https:\/\/i0.wp.com\/www.shqiperia.com\/blog\/wp-content\/uploads\/2026\/07\/foto-3-1-1140x570-1.jpg?fit=1140%2C570&ssl=1&resize=350%2C200","width":350,"height":200,"srcset":"https:\/\/i0.wp.com\/www.shqiperia.com\/blog\/wp-content\/uploads\/2026\/07\/foto-3-1-1140x570-1.jpg?fit=1140%2C570&ssl=1&resize=350%2C200 1x, https:\/\/i0.wp.com\/www.shqiperia.com\/blog\/wp-content\/uploads\/2026\/07\/foto-3-1-1140x570-1.jpg?fit=1140%2C570&ssl=1&resize=525%2C300 1.5x, https:\/\/i0.wp.com\/www.shqiperia.com\/blog\/wp-content\/uploads\/2026\/07\/foto-3-1-1140x570-1.jpg?fit=1140%2C570&ssl=1&resize=700%2C400 2x, https:\/\/i0.wp.com\/www.shqiperia.com\/blog\/wp-content\/uploads\/2026\/07\/foto-3-1-1140x570-1.jpg?fit=1140%2C570&ssl=1&resize=1050%2C600 3x"},"classes":[]},{"id":102633,"url":"https:\/\/www.shqiperia.com\/blog\/washington-examiner-zemerimi-kunder-pasurimit-te-rames-ka-arritur-kulmin\/","url_meta":{"origin":102743,"position":3},"title":"\u201cWashington Examiner\u201d: &#8211; Zem\u00ebrimi kund\u00ebr pasurimit t\u00eb Ram\u00ebs ka arritur kulmin!","author":"Kurt Farka","date":"July 13, 2026","format":false,"excerpt":"13 Korrik 2026 ... Sipas autorit, Edi Rama, si drejtues i Partis\u00eb Socialiste, e mori n\u00ebn kontroll SPAK-un dhe e p\u00ebrdori at\u00eb p\u00ebr t\u00eb goditur k\u00ebdo q\u00eb rrezikonte pushtetin e tij... \u201cWashington Examiner\u201d i ka kushtuar\u00a0nj\u00eb artikull\u00a0protestave masive q\u00eb vazhdojn\u00eb prej mbi nj\u00eb muaji kund\u00ebr qeveris\u00eb s\u00eb kryeministrit Edi Rama.\u2026","rel":"","context":"In &quot;Blogu i Udh\u00ebtarit&quot;","block_context":{"text":"Blogu i Udh\u00ebtarit","link":"https:\/\/www.shqiperia.com\/blog\/category\/blogu-i-udhetarit\/"},"img":{"alt_text":"","src":"https:\/\/i0.wp.com\/www.shqiperia.com\/blog\/wp-content\/uploads\/2026\/07\/protesta-e-4-korrikut-2.jpg?fit=832%2C556&ssl=1&resize=350%2C200","width":350,"height":200,"srcset":"https:\/\/i0.wp.com\/www.shqiperia.com\/blog\/wp-content\/uploads\/2026\/07\/protesta-e-4-korrikut-2.jpg?fit=832%2C556&ssl=1&resize=350%2C200 1x, https:\/\/i0.wp.com\/www.shqiperia.com\/blog\/wp-content\/uploads\/2026\/07\/protesta-e-4-korrikut-2.jpg?fit=832%2C556&ssl=1&resize=525%2C300 1.5x, https:\/\/i0.wp.com\/www.shqiperia.com\/blog\/wp-content\/uploads\/2026\/07\/protesta-e-4-korrikut-2.jpg?fit=832%2C556&ssl=1&resize=700%2C400 2x"},"classes":[]},{"id":105244,"url":"https:\/\/www.shqiperia.com\/blog\/spartak-ngjela-shqiperia-ende-nuk-po-drejtohet-nga-patrotizmi-shqiptar-por-nga-ish-renegatet-shqiptare\/","url_meta":{"origin":102743,"position":4},"title":"Spartak Ngjela: &#8211; Shqip\u00ebria ende nuk po drejtohet nga patrotizmi shqiptar, por nga ish renegatet shqiptar\u00eb","author":"Kurt Farka","date":"August 26, 2026","format":false,"excerpt":"26 Gusht 2026 Spartak Ngjela zb\u00ebrthen prapaskenat e forta dhe nxjerr zbuluar loj\u00ebn e Tiran\u00ebs, ja si frika nga SHBA dhe faktorizimi i shqiptar\u00ebve ka trembur Edi Ram\u00ebn Avokat i njohur, Spartak Ngjela ka zb\u00ebrthyer prapaskenat e forta politike, duke nxjerr\u00eb zbuluar loj\u00ebn e Tiran\u00ebs zyrtare dhe frik\u00ebn e saj\u2026","rel":"","context":"In &quot;Kultura&quot;","block_context":{"text":"Kultura","link":"https:\/\/www.shqiperia.com\/blog\/category\/kultura\/"},"img":{"alt_text":"","src":"https:\/\/i0.wp.com\/www.shqiperia.com\/blog\/wp-content\/uploads\/2026\/08\/ajdss-6a8ea84e2f7cd-1.png?fit=622%2C386&ssl=1&resize=350%2C200","width":350,"height":200,"srcset":"https:\/\/i0.wp.com\/www.shqiperia.com\/blog\/wp-content\/uploads\/2026\/08\/ajdss-6a8ea84e2f7cd-1.png?fit=622%2C386&ssl=1&resize=350%2C200 1x, https:\/\/i0.wp.com\/www.shqiperia.com\/blog\/wp-content\/uploads\/2026\/08\/ajdss-6a8ea84e2f7cd-1.png?fit=622%2C386&ssl=1&resize=525%2C300 1.5x"},"classes":[]},{"id":102464,"url":"https:\/\/www.shqiperia.com\/blog\/dokumenti-i-klasifikuar-i-cia-s-dhe-dea-s-per-trafikun-e-droges-dhe-llogarite-ne-dubai-qe-po-detyrojne-edi-ramen\/","url_meta":{"origin":102743,"position":5},"title":"Dokumenti i klasifikuar i CIA-s dhe DEA-s p\u00ebr trafikun e drog\u00ebs dhe llogarit\u00eb n\u00eb Dubai q\u00eb po detyrojn\u00eb Edi Ram\u00ebn\u2026","author":"Kurt Farka","date":"July 10, 2026","format":false,"excerpt":"10 Korrik 2026 Gazetari Robert Papa ka b\u00ebr\u00eb nj\u00eb analiz\u00eb n\u00eb emisionin \u201cFokus Tv\u201d, ku \u00ebsht\u00eb ndalur te Samiti i NATO-s n\u00eb Ankara, pjes\u00ebmarrja e kryeministrit Edi Rama dhe zhvillimet q\u00eb lidhen me Presidentin amerikan Donald Trump dhe Presidentin turk Recep Tayyip Erdogan. Papa \u00ebsht\u00eb ndalur te pjes\u00ebmarrja e Ram\u00ebs\u2026","rel":"","context":"In &quot;Blogu i Udh\u00ebtarit&quot;","block_context":{"text":"Blogu i Udh\u00ebtarit","link":"https:\/\/www.shqiperia.com\/blog\/category\/blogu-i-udhetarit\/"},"img":{"alt_text":"","src":"https:\/\/i0.wp.com\/www.shqiperia.com\/blog\/wp-content\/uploads\/2026\/07\/jbbhb.jpg?fit=511%2C356&ssl=1&resize=350%2C200","width":350,"height":200},"classes":[]}],"_links":{"self":[{"href":"https:\/\/www.shqiperia.com\/blog\/wp-json\/wp\/v2\/posts\/102743","targetHints":{"allow":["GET"]}}],"collection":[{"href":"https:\/\/www.shqiperia.com\/blog\/wp-json\/wp\/v2\/posts"}],"about":[{"href":"https:\/\/www.shqiperia.com\/blog\/wp-json\/wp\/v2\/types\/post"}],"author":[{"embeddable":true,"href":"https:\/\/www.shqiperia.com\/blog\/wp-json\/wp\/v2\/users\/9"}],"replies":[{"embeddable":true,"href":"https:\/\/www.shqiperia.com\/blog\/wp-json\/wp\/v2\/comments?post=102743"}],"version-history":[{"count":1,"href":"https:\/\/www.shqiperia.com\/blog\/wp-json\/wp\/v2\/posts\/102743\/revisions"}],"predecessor-version":[{"id":102745,"href":"https:\/\/www.shqiperia.com\/blog\/wp-json\/wp\/v2\/posts\/102743\/revisions\/102745"}],"wp:featuredmedia":[{"embeddable":true,"href":"https:\/\/www.shqiperia.com\/blog\/wp-json\/wp\/v2\/media\/102744"}],"wp:attachment":[{"href":"https:\/\/www.shqiperia.com\/blog\/wp-json\/wp\/v2\/media?parent=102743"}],"wp:term":[{"taxonomy":"category","embeddable":true,"href":"https:\/\/www.shqiperia.com\/blog\/wp-json\/wp\/v2\/categories?post=102743"},{"taxonomy":"post_tag","embeddable":true,"href":"https:\/\/www.shqiperia.com\/blog\/wp-json\/wp\/v2\/tags?post=102743"}],"curies":[{"name":"wp","href":"https:\/\/api.w.org\/{rel}","templated":true}]}}