{"id":102740,"date":"2026-07-15T11:33:30","date_gmt":"2026-07-15T11:33:30","guid":{"rendered":"https:\/\/www.shqiperia.com\/blog\/?p=102740"},"modified":"2026-07-15T11:33:30","modified_gmt":"2026-07-15T11:33:30","slug":"shpopullimi-nisi-te-pershpejtohej-pas-2013-u-rrit-mbi-55-gjate-sundimit-te-rames","status":"publish","type":"post","link":"https:\/\/www.shqiperia.com\/blog\/shpopullimi-nisi-te-pershpejtohej-pas-2013-u-rrit-mbi-55-gjate-sundimit-te-rames\/","title":{"rendered":"Shpopullimi nisi t\u00eb p\u00ebrshpejtohej pas 2013, u rrit mbi 55% gjat\u00eb sundimit t\u00eb Ram\u00ebs"},"content":{"rendered":"<div id=\"attachment_102741\" style=\"width: 694px\" class=\"wp-caption alignnone\"><img data-recalc-dims=\"1\" loading=\"lazy\" decoding=\"async\" aria-describedby=\"caption-attachment-102741\" data-attachment-id=\"102741\" data-permalink=\"https:\/\/www.shqiperia.com\/blog\/shpopullimi-nisi-te-pershpejtohej-pas-2013-u-rrit-mbi-55-gjate-sundimit-te-rames\/edi-rama-shpopullimi\/\" data-orig-file=\"https:\/\/i0.wp.com\/www.shqiperia.com\/blog\/wp-content\/uploads\/2026\/07\/Edi-Rama-Shpopullimi-.jpg?fit=900%2C527&amp;ssl=1\" data-orig-size=\"900,527\" data-comments-opened=\"1\" data-image-meta=\"{&quot;aperture&quot;:&quot;0&quot;,&quot;credit&quot;:&quot;&quot;,&quot;camera&quot;:&quot;&quot;,&quot;caption&quot;:&quot;&quot;,&quot;created_timestamp&quot;:&quot;0&quot;,&quot;copyright&quot;:&quot;&quot;,&quot;focal_length&quot;:&quot;0&quot;,&quot;iso&quot;:&quot;0&quot;,&quot;shutter_speed&quot;:&quot;0&quot;,&quot;title&quot;:&quot;&quot;,&quot;orientation&quot;:&quot;0&quot;}\" data-image-title=\"Edi Rama Shpopullimi-\" data-image-description=\"\" data-image-caption=\"&lt;p&gt;Edi Rama Shpopullimi-&lt;\/p&gt;\n\" data-medium-file=\"https:\/\/i0.wp.com\/www.shqiperia.com\/blog\/wp-content\/uploads\/2026\/07\/Edi-Rama-Shpopullimi-.jpg?fit=300%2C176&amp;ssl=1\" data-large-file=\"https:\/\/i0.wp.com\/www.shqiperia.com\/blog\/wp-content\/uploads\/2026\/07\/Edi-Rama-Shpopullimi-.jpg?fit=900%2C527&amp;ssl=1\" class=\" wp-image-102741\" alt=\"\" src=\"https:\/\/i0.wp.com\/www.shqiperia.com\/blog\/wp-content\/uploads\/2026\/07\/Edi-Rama-Shpopullimi-.jpg?resize=684%2C401&#038;ssl=1\" width=\"684\" height=\"401\" srcset=\"https:\/\/i0.wp.com\/www.shqiperia.com\/blog\/wp-content\/uploads\/2026\/07\/Edi-Rama-Shpopullimi-.jpg?resize=300%2C176&amp;ssl=1 300w, https:\/\/i0.wp.com\/www.shqiperia.com\/blog\/wp-content\/uploads\/2026\/07\/Edi-Rama-Shpopullimi-.jpg?resize=768%2C450&amp;ssl=1 768w, https:\/\/i0.wp.com\/www.shqiperia.com\/blog\/wp-content\/uploads\/2026\/07\/Edi-Rama-Shpopullimi-.jpg?resize=450%2C264&amp;ssl=1 450w, https:\/\/i0.wp.com\/www.shqiperia.com\/blog\/wp-content\/uploads\/2026\/07\/Edi-Rama-Shpopullimi-.jpg?resize=600%2C351&amp;ssl=1 600w, https:\/\/i0.wp.com\/www.shqiperia.com\/blog\/wp-content\/uploads\/2026\/07\/Edi-Rama-Shpopullimi-.jpg?resize=400%2C234&amp;ssl=1 400w, https:\/\/i0.wp.com\/www.shqiperia.com\/blog\/wp-content\/uploads\/2026\/07\/Edi-Rama-Shpopullimi-.jpg?w=900&amp;ssl=1 900w\" sizes=\"auto, (max-width: 684px) 100vw, 684px\" \/><p id=\"caption-attachment-102741\" class=\"wp-caption-text\">Edi Rama Shpopullimi-<\/p><\/div>\n<p>15 Korrik 2026<\/p>\n<h5>Eurostat nxjerr shifrat trondit\u00ebse<\/h5>\n<p>Shqip\u00ebria vijon t\u00eb p\u00ebrballet me nj\u00eb nga krizat m\u00eb t\u00eb thella demografike n\u00eb Europ\u00eb. T\u00eb dh\u00ebnat e fundit t\u00eb Eurostat tregojn\u00eb se, ndon\u00ebse emigracioni ka qen\u00eb nj\u00eb fenomen i pand\u00ebrprer\u00eb q\u00eb nga r\u00ebnia e regjimit komunist, ritmi i largimeve \u00ebsht\u00eb p\u00ebrshpejtuar ndjesh\u00ebm pas vitit 2013. Krahasuar me periudh\u00ebn 2002\u20132013, emigrimi neto \u00ebsht\u00eb rritur me mbi 55%, duke e thelluar m\u00eb tej shpopullimin e vendit.<\/p>\n<p>Sipas Eurostat, nga viti 1990 deri n\u00eb vitin 2025 Shqip\u00ebria ka humbur rreth 1.8 milion\u00eb banor\u00eb neto nga migracioni, pasi numri i personave q\u00eb jan\u00eb larguar ka qen\u00eb shum\u00eb m\u00eb i lart\u00eb se ai i personave q\u00eb jan\u00eb kthyer n\u00eb vend, raporton<span>\u00a0<\/span><strong>Monitor<\/strong>.<\/p>\n<p>Vala m\u00eb e madhe e emigrimit u regjistrua n\u00eb vitet e para t\u00eb tranzicionit. Vet\u00ebm gjat\u00eb periudh\u00ebs 1990\u20132001, bilanci negativ i migracionit arriti n\u00eb rreth 785.7 mij\u00eb persona, me nj\u00eb mesatare prej rreth 65 mij\u00eb personash n\u00eb vit, nj\u00eb fenomen i lidhur me rr\u00ebzimin e sistemit komunist, hapjen e kufijve dhe kriz\u00ebn e thell\u00eb ekonomike e politike t\u00eb asaj kohe.<\/p>\n<p>N\u00eb periudh\u00ebn 2002\u20132013, ritmet e emigrimit u ngadal\u00ebsuan. Bilanci negativ zbriti n\u00eb rreth 391 mij\u00eb persona, ose mesatarisht 33 mij\u00eb emigrant\u00eb neto n\u00eb vit, duke reflektuar nj\u00eb periudh\u00eb me m\u00eb shum\u00eb stabilitet ekonomik dhe politik.<\/p>\n<p>Megjithat\u00eb, prirja ndryshoi s\u00ebrish pas vitit 2013. N\u00eb periudh\u00ebn 2014\u20132025, humbja neto nga migracioni arriti n\u00eb rreth 617 mij\u00eb persona, me nj\u00eb mesatare prej afro 51 mij\u00eb personash n\u00eb vit. Kjo do t\u00eb thot\u00eb se ritmi mesatar i emigrimit \u00ebsht\u00eb rritur me mbi 55% krahasuar me periudh\u00ebn 2002\u20132013, edhe pse baza e popullsis\u00eb \u00ebsht\u00eb tkurrur ndjesh\u00ebm.<\/p>\n<p>T\u00eb dh\u00ebnat tregojn\u00eb se fenomeni nuk \u00ebsht\u00eb zbutur, si\u00e7 ka ndodhur n\u00eb shum\u00eb vende t\u00eb tjera t\u00eb Europ\u00ebs Lindore pas tranzicionit. P\u00ebrkundrazi, n\u00eb Shqip\u00ebri emigracioni \u00ebsht\u00eb p\u00ebrshpejtuar, ve\u00e7an\u00ebrisht pas pandemis\u00eb.<\/p>\n<p>Pas vitit 2020, bilanci negativ i migracionit mbeti n\u00eb nivele t\u00eb larta. N\u00eb vitin 2021 ai arriti n\u00eb 32,853 persona, n\u00eb vitin 2022 n\u00eb 32,497 persona, nd\u00ebrsa p\u00ebr vitet 2024 dhe 2025 humbja neto vler\u00ebsohet n\u00eb 28,836 dhe 28,531 persona respektivisht. Viti 2023 paraqet nj\u00eb vler\u00eb t\u00eb ve\u00e7ant\u00eb p\u00ebr shkak t\u00eb korrigjimeve statistikore t\u00eb lidhura me Censusin.<\/p>\n<p>N\u00eb total, periudha 1990\u20132013 p\u00ebrfaq\u00ebson rreth 65% t\u00eb humbjes neto nga emigracioni gjat\u00eb 35 viteve t\u00eb fundit, nd\u00ebrsa 2014\u20132025 p\u00ebrb\u00ebn rreth 34% t\u00eb totalit. Megjithat\u00eb, pesha m\u00eb e madhe e periudh\u00ebs s\u00eb fundit q\u00ebndron te intensiteti i fenomenit: me nj\u00eb popullsi duksh\u00ebm m\u00eb t\u00eb vog\u00ebl se dy dekada m\u00eb par\u00eb, Shqip\u00ebria po humbet mesatarisht shum\u00eb m\u00eb tep\u00ebr banor\u00eb \u00e7do vit sesa n\u00eb dekad\u00ebn para vitit 2013.<\/p>\n<p>Sipas Eurostat, emigracioni mbetet nj\u00eb nga faktor\u00ebt kryesor\u00eb t\u00eb tkurrjes s\u00eb popullsis\u00eb s\u00eb Shqip\u00ebris\u00eb, duke ndikuar drejtp\u00ebrdrejt n\u00eb plakjen e popullsis\u00eb, munges\u00ebn e fuqis\u00eb pun\u00ebtore dhe ngushtimin e baz\u00ebs s\u00eb kontribuuesve n\u00eb skemat sociale.<\/p>\n","protected":false},"excerpt":{"rendered":"<p>15 Korrik 2026 Eurostat nxjerr shifrat trondit\u00ebse Shqip\u00ebria vijon t\u00eb p\u00ebrballet me nj\u00eb nga krizat m\u00eb t\u00eb thella demografike n\u00eb Europ\u00eb. T\u00eb dh\u00ebnat e fundit t\u00eb Eurostat tregojn\u00eb se, ndon\u00ebse emigracioni ka qen\u00eb nj\u00eb fenomen i pand\u00ebrprer\u00eb q\u00eb nga r\u00ebnia e regjimit komunist, ritmi i largimeve \u00ebsht\u00eb p\u00ebrshpejtuar ndjesh\u00ebm pas vitit 2013. Krahasuar me periudh\u00ebn [&hellip;]<\/p>\n","protected":false},"author":9,"featured_media":102741,"comment_status":"open","ping_status":"open","sticky":false,"template":"","format":"standard","meta":{"jetpack_post_was_ever_published":false,"_jetpack_newsletter_access":"","_jetpack_dont_email_post_to_subs":false,"_jetpack_newsletter_tier_id":0,"_jetpack_memberships_contains_paywalled_content":false,"_jetpack_memberships_contains_paid_content":false,"footnotes":"","jetpack_publicize_message":"","jetpack_publicize_feature_enabled":true,"jetpack_social_post_already_shared":true,"jetpack_social_options":{"image_generator_settings":{"template":"highway","default_image_id":0,"font":"","enabled":false},"version":2}},"categories":[27,85,1,2,35],"tags":[],"class_list":["post-102740","post","type-post","status-publish","format-standard","has-post-thumbnail","hentry","category-blogu-i-udhetarit","category-histori","category-njoftime-shtypi","category-politika","category-shoqerore"],"jetpack_publicize_connections":[],"jetpack_featured_media_url":"https:\/\/i0.wp.com\/www.shqiperia.com\/blog\/wp-content\/uploads\/2026\/07\/Edi-Rama-Shpopullimi-.jpg?fit=900%2C527&ssl=1","jetpack_sharing_enabled":true,"jetpack_shortlink":"https:\/\/wp.me\/p5Z6wp-qJ6","jetpack-related-posts":[{"id":101584,"url":"https:\/\/www.shqiperia.com\/blog\/eurostat-shqiperia-e-parafundit-ne-europe-per-mireqenien\/","url_meta":{"origin":102740,"position":0},"title":"Eurostat: &#8211; Shqip\u00ebria, e parafundit n\u00eb Europ\u00eb p\u00ebr mir\u00ebqenien","author":"Kurt Farka","date":"June 18, 2026","format":false,"excerpt":"Nj\u00eb grafik i ripublikuar nga Ministria e Financave para pak dit\u00ebsh theksonte se Shqip\u00ebria konfirmohet si nj\u00eb nga ekonomit\u00eb m\u00eb t\u00eb forta dhe m\u00eb t\u00eb q\u00ebndrueshme n\u00eb rajon, pasi pritet t\u00eb ket\u00eb nj\u00eb rritje prej 3.4% n\u00eb 2026-n, e dyta m\u00eb e lart\u00eb n\u00eb rajon pas Kosov\u00ebs (grafiku n\u00eb fund).\u2026","rel":"","context":"In &quot;Blogu i Udh\u00ebtarit&quot;","block_context":{"text":"Blogu i Udh\u00ebtarit","link":"https:\/\/www.shqiperia.com\/blog\/category\/blogu-i-udhetarit\/"},"img":{"alt_text":"","src":"https:\/\/i0.wp.com\/www.shqiperia.com\/blog\/wp-content\/uploads\/2026\/06\/Edi-RAMA-1.png?fit=750%2C479&ssl=1&resize=350%2C200","width":350,"height":200,"srcset":"https:\/\/i0.wp.com\/www.shqiperia.com\/blog\/wp-content\/uploads\/2026\/06\/Edi-RAMA-1.png?fit=750%2C479&ssl=1&resize=350%2C200 1x, https:\/\/i0.wp.com\/www.shqiperia.com\/blog\/wp-content\/uploads\/2026\/06\/Edi-RAMA-1.png?fit=750%2C479&ssl=1&resize=525%2C300 1.5x, https:\/\/i0.wp.com\/www.shqiperia.com\/blog\/wp-content\/uploads\/2026\/06\/Edi-RAMA-1.png?fit=750%2C479&ssl=1&resize=700%2C400 2x"},"classes":[]},{"id":100588,"url":"https:\/\/www.shqiperia.com\/blog\/jonathan-pano-shpopullimi-nuk-eshte-rastesi-por-nje-axhende-e-qeverise\/","url_meta":{"origin":102740,"position":1},"title":"Jonathan Pano: &#8211; Shpopullimi nuk \u00ebsht\u00eb rast\u00ebsi, por nj\u00eb axhend\u00eb e qeveris\u00eb","author":"Kurt Farka","date":"May 22, 2026","format":false,"excerpt":"22 Maji 2026 I ftuar n\u00eb nj\u00eb studio televizive Jonathan Pano, an\u00ebtar i K\u00ebshillit Bashkiak t\u00eb Tiran\u00ebs nga radh\u00ebt e opozit\u00ebs, ngriti alarmin p\u00ebr ritmet e shpopullimit n\u00eb Shqip\u00ebri, duke iu referuar t\u00eb dh\u00ebnave t\u00eb Eurostat dhe analizave t\u00eb ekspert\u00ebve t\u00eb demografis\u00eb. Sipas Panos, raportimet p\u00ebr rreth 29 mij\u00eb persona\u2026","rel":"","context":"In &quot;Blogu i Udh\u00ebtarit&quot;","block_context":{"text":"Blogu i Udh\u00ebtarit","link":"https:\/\/www.shqiperia.com\/blog\/category\/blogu-i-udhetarit\/"},"img":{"alt_text":"","src":"https:\/\/i0.wp.com\/www.shqiperia.com\/blog\/wp-content\/uploads\/2026\/05\/nfk.jpg?fit=773%2C528&ssl=1&resize=350%2C200","width":350,"height":200,"srcset":"https:\/\/i0.wp.com\/www.shqiperia.com\/blog\/wp-content\/uploads\/2026\/05\/nfk.jpg?fit=773%2C528&ssl=1&resize=350%2C200 1x, https:\/\/i0.wp.com\/www.shqiperia.com\/blog\/wp-content\/uploads\/2026\/05\/nfk.jpg?fit=773%2C528&ssl=1&resize=525%2C300 1.5x, https:\/\/i0.wp.com\/www.shqiperia.com\/blog\/wp-content\/uploads\/2026\/05\/nfk.jpg?fit=773%2C528&ssl=1&resize=700%2C400 2x"},"classes":[]},{"id":102593,"url":"https:\/\/www.shqiperia.com\/blog\/instat-shqiperia-humbi-gati-nje-te-katerten-e-popullsise-ne-25-vjet-humbjet-me-e-larte-ne-europe\/","url_meta":{"origin":102740,"position":2},"title":"INSTAT: Shqip\u00ebria humbi gati nj\u00eb t\u00eb kat\u00ebrt\u00ebn e popullsis\u00eb n\u00eb 25 vjet, humbjet m\u00eb e lart\u00eb n\u00eb Europ\u00eb","author":"Kurt Farka","date":"July 13, 2026","format":false,"excerpt":"13 Korrik 2026 Shqip\u00ebria ka humbur gati nj\u00eb t\u00eb kat\u00ebrt\u00ebn e popullsis\u00eb q\u00eb nga fillimi i viteve 2000, duke sh\u00ebnuar tkurrjen m\u00eb t\u00eb fort\u00eb mes vendeve europiane. Sipas t\u00eb dh\u00ebnave t\u00eb Eurostat, m\u00eb 1 janar 2026 Shqip\u00ebria num\u00ebronte rreth 2.34 milion\u00eb banor\u00eb, nga 3.06 milion\u00eb n\u00eb vitin 2000 (Eurostat raporton\u2026","rel":"","context":"In &quot;Blogu i Udh\u00ebtarit&quot;","block_context":{"text":"Blogu i Udh\u00ebtarit","link":"https:\/\/www.shqiperia.com\/blog\/category\/blogu-i-udhetarit\/"},"img":{"alt_text":"","src":"https:\/\/i0.wp.com\/www.shqiperia.com\/blog\/wp-content\/uploads\/2026\/07\/turizem-njerez-popullsi-sheshi-skenderbej.webp?fit=1181%2C788&ssl=1&resize=350%2C200","width":350,"height":200,"srcset":"https:\/\/i0.wp.com\/www.shqiperia.com\/blog\/wp-content\/uploads\/2026\/07\/turizem-njerez-popullsi-sheshi-skenderbej.webp?fit=1181%2C788&ssl=1&resize=350%2C200 1x, https:\/\/i0.wp.com\/www.shqiperia.com\/blog\/wp-content\/uploads\/2026\/07\/turizem-njerez-popullsi-sheshi-skenderbej.webp?fit=1181%2C788&ssl=1&resize=525%2C300 1.5x, https:\/\/i0.wp.com\/www.shqiperia.com\/blog\/wp-content\/uploads\/2026\/07\/turizem-njerez-popullsi-sheshi-skenderbej.webp?fit=1181%2C788&ssl=1&resize=700%2C400 2x, https:\/\/i0.wp.com\/www.shqiperia.com\/blog\/wp-content\/uploads\/2026\/07\/turizem-njerez-popullsi-sheshi-skenderbej.webp?fit=1181%2C788&ssl=1&resize=1050%2C600 3x"},"classes":[]},{"id":102627,"url":"https:\/\/www.shqiperia.com\/blog\/shqiperia-humbi-gati-nje-te-katerten-e-popullsise-ne-25-vjet-renia-me-e-larte-ne-europe\/","url_meta":{"origin":102740,"position":3},"title":"Shqip\u00ebria humbi gati nj\u00eb t\u00eb kat\u00ebrt\u00ebn e popullsis\u00eb n\u00eb 25 vjet, r\u00ebnia m\u00eb e lart\u00eb n\u00eb Europ\u00eb","author":"Kurt Farka","date":"July 13, 2026","format":false,"excerpt":"13 Korrik 2926 Shqip\u00ebria ka humbur gati nj\u00eb t\u00eb kat\u00ebrt\u00ebn e popullsis\u00eb q\u00eb nga fillimi i viteve 2000, duke sh\u00ebnuar tkurrjen m\u00eb t\u00eb fort\u00eb mes vendeve europiane. Sipas t\u00eb dh\u00ebnave t\u00eb Eurostat, m\u00eb 1 janar 2026 Shqip\u00ebria num\u00ebronte rreth 2.34 milion\u00eb banor\u00eb, nga 3.06 milion\u00eb n\u00eb vitin 2000 (Eurostat raporton\u2026","rel":"","context":"In &quot;Blogu i Udh\u00ebtarit&quot;","block_context":{"text":"Blogu i Udh\u00ebtarit","link":"https:\/\/www.shqiperia.com\/blog\/category\/blogu-i-udhetarit\/"},"img":{"alt_text":"","src":"https:\/\/i0.wp.com\/www.shqiperia.com\/blog\/wp-content\/uploads\/2026\/07\/800-0-capture-54-6a54ad600c482-1.jpg?fit=800%2C441&ssl=1&resize=350%2C200","width":350,"height":200,"srcset":"https:\/\/i0.wp.com\/www.shqiperia.com\/blog\/wp-content\/uploads\/2026\/07\/800-0-capture-54-6a54ad600c482-1.jpg?fit=800%2C441&ssl=1&resize=350%2C200 1x, https:\/\/i0.wp.com\/www.shqiperia.com\/blog\/wp-content\/uploads\/2026\/07\/800-0-capture-54-6a54ad600c482-1.jpg?fit=800%2C441&ssl=1&resize=525%2C300 1.5x, https:\/\/i0.wp.com\/www.shqiperia.com\/blog\/wp-content\/uploads\/2026\/07\/800-0-capture-54-6a54ad600c482-1.jpg?fit=800%2C441&ssl=1&resize=700%2C400 2x"},"classes":[]},{"id":103924,"url":"https:\/\/www.shqiperia.com\/blog\/rikthehet-iso-mbi-kalldrem-ne-gjirokaster\/","url_meta":{"origin":102740,"position":4},"title":"Rikthehet \u2018Iso mbi kalldr\u00ebm\u2019 n\u00eb Gjirokast\u00ebr","author":"Kurt Farka","date":"August 7, 2026","format":false,"excerpt":"7 Gusht 2026 Mbr\u00ebmjet e ver\u00ebs n\u00eb Pazarin Karakteristik t\u00eb Gjirokastr\u00ebs vijojn\u00eb t\u00eb marrin jet\u00eb n\u00ebn tingujt e isopolifonis\u00eb. Edicioni i pest\u00eb i aktivitetit \u201cIso mbi Kalldr\u00ebm\u201d ka rikthyer edhe k\u00ebt\u00eb vit atmosfer\u00ebn tradicionale n\u00eb zem\u00ebr t\u00eb qytetit, duke mbledhur banor\u00eb e vizitor\u00eb vendas e t\u00eb huaj. \u201c\u00cbsht\u00eb k\u00ebnaq\u00ebsi q\u00eb\u2026","rel":"","context":"In &quot;Arte&quot;","block_context":{"text":"Arte","link":"https:\/\/www.shqiperia.com\/blog\/category\/arte\/"},"img":{"alt_text":"","src":"https:\/\/i0.wp.com\/www.shqiperia.com\/blog\/wp-content\/uploads\/2026\/08\/Screenshot_10-1-1024x641-1.jpg?fit=1024%2C641&ssl=1&resize=350%2C200","width":350,"height":200,"srcset":"https:\/\/i0.wp.com\/www.shqiperia.com\/blog\/wp-content\/uploads\/2026\/08\/Screenshot_10-1-1024x641-1.jpg?fit=1024%2C641&ssl=1&resize=350%2C200 1x, https:\/\/i0.wp.com\/www.shqiperia.com\/blog\/wp-content\/uploads\/2026\/08\/Screenshot_10-1-1024x641-1.jpg?fit=1024%2C641&ssl=1&resize=525%2C300 1.5x, https:\/\/i0.wp.com\/www.shqiperia.com\/blog\/wp-content\/uploads\/2026\/08\/Screenshot_10-1-1024x641-1.jpg?fit=1024%2C641&ssl=1&resize=700%2C400 2x"},"classes":[]},{"id":103297,"url":"https:\/\/www.shqiperia.com\/blog\/rama-nga-baza-ajrore-e-farkes-jemi-gati-tu-shkojme-ne-ndihme-mohon-zjarret-ne-shqiperi-vlora-e-mbuluar-nga-tymi\/","url_meta":{"origin":102740,"position":5},"title":"Rama nga Baza Ajrore e Fark\u00ebs: &#8211; Jemi gati t\u2019u shkojm\u00eb n\u00eb ndihm\u00eb. Mohon Zjarret ne Shqiperi. Vlora e mbuluar nga Tymi","author":"Kurt Farka","date":"July 27, 2026","format":false,"excerpt":"27 Korrik 2026 Kryeministri Edi Rama ka shprehur solidaritetin e Shqip\u00ebris\u00eb me Franc\u00ebn dhe Spanj\u00ebn, t\u00eb cilat po p\u00ebrballen me zjarre t\u00eb p\u00ebrmasave t\u00eb m\u00ebdha, duke theksuar se ndryshimet klimatike po e b\u00ebjn\u00eb k\u00ebt\u00eb fenomen nj\u00eb sfid\u00eb t\u00eb p\u00ebrbashk\u00ebt p\u00ebr t\u00eb gjitha vendet. Gjat\u00eb nj\u00eb takimi n\u00eb Baz\u00ebn Ajrore t\u00eb\u2026","rel":"","context":"In &quot;Blogu i Udh\u00ebtarit&quot;","block_context":{"text":"Blogu i Udh\u00ebtarit","link":"https:\/\/www.shqiperia.com\/blog\/category\/blogu-i-udhetarit\/"},"img":{"alt_text":"","src":"https:\/\/i0.wp.com\/www.shqiperia.com\/blog\/wp-content\/uploads\/2026\/07\/Edi-Rama-2-1.jpg?fit=1200%2C674&ssl=1&resize=350%2C200","width":350,"height":200,"srcset":"https:\/\/i0.wp.com\/www.shqiperia.com\/blog\/wp-content\/uploads\/2026\/07\/Edi-Rama-2-1.jpg?fit=1200%2C674&ssl=1&resize=350%2C200 1x, https:\/\/i0.wp.com\/www.shqiperia.com\/blog\/wp-content\/uploads\/2026\/07\/Edi-Rama-2-1.jpg?fit=1200%2C674&ssl=1&resize=525%2C300 1.5x, https:\/\/i0.wp.com\/www.shqiperia.com\/blog\/wp-content\/uploads\/2026\/07\/Edi-Rama-2-1.jpg?fit=1200%2C674&ssl=1&resize=700%2C400 2x, https:\/\/i0.wp.com\/www.shqiperia.com\/blog\/wp-content\/uploads\/2026\/07\/Edi-Rama-2-1.jpg?fit=1200%2C674&ssl=1&resize=1050%2C600 3x"},"classes":[]}],"_links":{"self":[{"href":"https:\/\/www.shqiperia.com\/blog\/wp-json\/wp\/v2\/posts\/102740","targetHints":{"allow":["GET"]}}],"collection":[{"href":"https:\/\/www.shqiperia.com\/blog\/wp-json\/wp\/v2\/posts"}],"about":[{"href":"https:\/\/www.shqiperia.com\/blog\/wp-json\/wp\/v2\/types\/post"}],"author":[{"embeddable":true,"href":"https:\/\/www.shqiperia.com\/blog\/wp-json\/wp\/v2\/users\/9"}],"replies":[{"embeddable":true,"href":"https:\/\/www.shqiperia.com\/blog\/wp-json\/wp\/v2\/comments?post=102740"}],"version-history":[{"count":1,"href":"https:\/\/www.shqiperia.com\/blog\/wp-json\/wp\/v2\/posts\/102740\/revisions"}],"predecessor-version":[{"id":102742,"href":"https:\/\/www.shqiperia.com\/blog\/wp-json\/wp\/v2\/posts\/102740\/revisions\/102742"}],"wp:featuredmedia":[{"embeddable":true,"href":"https:\/\/www.shqiperia.com\/blog\/wp-json\/wp\/v2\/media\/102741"}],"wp:attachment":[{"href":"https:\/\/www.shqiperia.com\/blog\/wp-json\/wp\/v2\/media?parent=102740"}],"wp:term":[{"taxonomy":"category","embeddable":true,"href":"https:\/\/www.shqiperia.com\/blog\/wp-json\/wp\/v2\/categories?post=102740"},{"taxonomy":"post_tag","embeddable":true,"href":"https:\/\/www.shqiperia.com\/blog\/wp-json\/wp\/v2\/tags?post=102740"}],"curies":[{"name":"wp","href":"https:\/\/api.w.org\/{rel}","templated":true}]}}