{"id":102737,"date":"2026-07-15T11:27:26","date_gmt":"2026-07-15T11:27:26","guid":{"rendered":"https:\/\/www.shqiperia.com\/blog\/?p=102737"},"modified":"2026-07-15T11:27:26","modified_gmt":"2026-07-15T11:27:26","slug":"keshilli-i-ambasadoreve-shqiptare-denon-retoriken-shoviniste-te-zyrtareve-serbe-dhe-kerkon-reagim-diplomatik","status":"publish","type":"post","link":"https:\/\/www.shqiperia.com\/blog\/keshilli-i-ambasadoreve-shqiptare-denon-retoriken-shoviniste-te-zyrtareve-serbe-dhe-kerkon-reagim-diplomatik\/","title":{"rendered":"K\u00ebshilli i Ambasador\u00ebve Shqiptar\u00eb d\u00ebnon retorik\u00ebn shoviniste t\u00eb zyrtar\u00ebve serb\u00eb dhe k\u00ebrkon reagim diplomatik"},"content":{"rendered":"<p data-a11y-orig-inline=\"\" data-a11y-base-fs=\"18\"><img data-recalc-dims=\"1\" loading=\"lazy\" decoding=\"async\" data-attachment-id=\"102738\" data-permalink=\"https:\/\/www.shqiperia.com\/blog\/keshilli-i-ambasadoreve-shqiptare-denon-retoriken-shoviniste-te-zyrtareve-serbe-dhe-kerkon-reagim-diplomatik\/600-388-keshilli-i-ambasadoreve-1784104828\/\" data-orig-file=\"https:\/\/i0.wp.com\/www.shqiperia.com\/blog\/wp-content\/uploads\/2026\/07\/600-388-keshilli-i-ambasadoreve-1784104828.jpg?fit=600%2C388&amp;ssl=1\" data-orig-size=\"600,388\" data-comments-opened=\"1\" data-image-meta=\"{&quot;aperture&quot;:&quot;0&quot;,&quot;credit&quot;:&quot;&quot;,&quot;camera&quot;:&quot;&quot;,&quot;caption&quot;:&quot;&quot;,&quot;created_timestamp&quot;:&quot;0&quot;,&quot;copyright&quot;:&quot;&quot;,&quot;focal_length&quot;:&quot;0&quot;,&quot;iso&quot;:&quot;0&quot;,&quot;shutter_speed&quot;:&quot;0&quot;,&quot;title&quot;:&quot;&quot;,&quot;orientation&quot;:&quot;0&quot;}\" data-image-title=\"-600-388-keshilli-i-ambasadoreve-1784104828\" data-image-description=\"\" data-image-caption=\"\" data-medium-file=\"https:\/\/i0.wp.com\/www.shqiperia.com\/blog\/wp-content\/uploads\/2026\/07\/600-388-keshilli-i-ambasadoreve-1784104828.jpg?fit=300%2C194&amp;ssl=1\" data-large-file=\"https:\/\/i0.wp.com\/www.shqiperia.com\/blog\/wp-content\/uploads\/2026\/07\/600-388-keshilli-i-ambasadoreve-1784104828.jpg?fit=600%2C388&amp;ssl=1\" class=\"alignnone  wp-image-102738\" alt=\"\" src=\"https:\/\/i0.wp.com\/www.shqiperia.com\/blog\/wp-content\/uploads\/2026\/07\/600-388-keshilli-i-ambasadoreve-1784104828.jpg?resize=634%2C410&#038;ssl=1\" width=\"634\" height=\"410\" srcset=\"https:\/\/i0.wp.com\/www.shqiperia.com\/blog\/wp-content\/uploads\/2026\/07\/600-388-keshilli-i-ambasadoreve-1784104828.jpg?resize=300%2C194&amp;ssl=1 300w, https:\/\/i0.wp.com\/www.shqiperia.com\/blog\/wp-content\/uploads\/2026\/07\/600-388-keshilli-i-ambasadoreve-1784104828.jpg?resize=450%2C291&amp;ssl=1 450w, https:\/\/i0.wp.com\/www.shqiperia.com\/blog\/wp-content\/uploads\/2026\/07\/600-388-keshilli-i-ambasadoreve-1784104828.jpg?resize=400%2C259&amp;ssl=1 400w, https:\/\/i0.wp.com\/www.shqiperia.com\/blog\/wp-content\/uploads\/2026\/07\/600-388-keshilli-i-ambasadoreve-1784104828.jpg?w=600&amp;ssl=1 600w\" sizes=\"auto, (max-width: 634px) 100vw, 634px\" \/><\/p>\n<p data-a11y-orig-inline=\"\" data-a11y-base-fs=\"18\">15 Korrik 2026<\/p>\n<p data-a11y-orig-inline=\"\" data-a11y-base-fs=\"18\">K\u00ebshilli i Ambasador\u00ebve Shqiptar\u00eb d\u00ebnon me vendosm\u00ebri deklaratat e fundit t\u00eb nj\u00eb ministreje t\u00eb Qeveris\u00eb s\u00eb Serbis\u00eb, t\u00eb cilat rikthejn\u00eb n\u00eb diskurs koncepte q\u00eb lidhen me spastrimin etnik t\u00eb shqiptar\u00ebve. Kjo retorik\u00eb bie ndesh me vlerat evropiane dhe rrezikon stabilitetin rajonal.<\/p>\n<p data-a11y-orig-inline=\"\" data-a11y-base-fs=\"18\">K\u00ebto deklarata pasojn\u00eb nj\u00eb s\u00ebr\u00eb q\u00ebndrimesh q\u00eb relativizojn\u00eb politikat e s\u00eb kaluar\u00ebs dhe ngren\u00eb shqet\u00ebsime se Serbia nuk \u00ebsht\u00eb distancuar plot\u00ebsisht nga ideologjia q\u00eb solli luft\u00ebra dhe krime n\u00eb ish\u2011Jugosllavi.<\/p>\n<p data-a11y-orig-inline=\"\" data-a11y-base-fs=\"18\">KASH rikujton edhe diskriminimin ndaj shqiptar\u00ebve t\u00eb Lugin\u00ebs s\u00eb Preshev\u00ebs, p\u00ebrfshir\u00eb pasivizimin masiv t\u00eb adresave, qe konsiderohet nj\u00eb genocid modern.<\/p>\n<p data-a11y-orig-inline=\"\" data-a11y-base-fs=\"18\">K\u00ebshilli i Ambasador\u00ebve Shqiptar\u00eb rithekson se pavar\u00ebsia e Kosov\u00ebs \u00ebsht\u00eb nj\u00eb realitet i pakthyesh\u00ebm. Shqip\u00ebria duhet t\u00eb reagoj\u00eb p\u00ebrmes nj\u00eb demarshi diplomatik ndaj ambasad\u00ebs serbe ne Tiran\u00eb dhe, n\u00eb koordinim me Kosov\u00ebn, ta ngrej\u00eb \u00e7\u00ebshtjen pran\u00eb BE-s\u00eb, NATO-s dhe partner\u00ebve strategjik\u00eb.<\/p>\n<p data-a11y-orig-inline=\"\" data-a11y-base-fs=\"18\">Ballkani ka nevoj\u00eb p\u00ebr lidership t\u00eb p\u00ebrgjegjsh\u00ebm, respekt p\u00ebr t\u00eb drejt\u00ebn nd\u00ebrkomb\u00ebtare dhe fqinj\u00ebsi t\u00eb mir\u00eb, jo p\u00ebr rikthimin e gjuh\u00ebs s\u00eb urrejtjes.<\/p>\n","protected":false},"excerpt":{"rendered":"<p>15 Korrik 2026 K\u00ebshilli i Ambasador\u00ebve Shqiptar\u00eb d\u00ebnon me vendosm\u00ebri deklaratat e fundit t\u00eb nj\u00eb ministreje t\u00eb Qeveris\u00eb s\u00eb Serbis\u00eb, t\u00eb cilat rikthejn\u00eb n\u00eb diskurs koncepte q\u00eb lidhen me spastrimin etnik t\u00eb shqiptar\u00ebve. Kjo retorik\u00eb bie ndesh me vlerat evropiane dhe rrezikon stabilitetin rajonal. K\u00ebto deklarata pasojn\u00eb nj\u00eb s\u00ebr\u00eb q\u00ebndrimesh q\u00eb relativizojn\u00eb politikat e s\u00eb [&hellip;]<\/p>\n","protected":false},"author":9,"featured_media":102738,"comment_status":"open","ping_status":"open","sticky":false,"template":"","format":"standard","meta":{"jetpack_post_was_ever_published":false,"_jetpack_newsletter_access":"","_jetpack_dont_email_post_to_subs":false,"_jetpack_newsletter_tier_id":0,"_jetpack_memberships_contains_paywalled_content":false,"_jetpack_memberships_contains_paid_content":false,"footnotes":"","jetpack_publicize_message":"","jetpack_publicize_feature_enabled":true,"jetpack_social_post_already_shared":true,"jetpack_social_options":{"image_generator_settings":{"template":"highway","default_image_id":0,"font":"","enabled":false},"version":2}},"categories":[27,85,10,1,35],"tags":[],"class_list":["post-102737","post","type-post","status-publish","format-standard","has-post-thumbnail","hentry","category-blogu-i-udhetarit","category-histori","category-kultura","category-njoftime-shtypi","category-shoqerore"],"jetpack_publicize_connections":[],"jetpack_featured_media_url":"https:\/\/i0.wp.com\/www.shqiperia.com\/blog\/wp-content\/uploads\/2026\/07\/600-388-keshilli-i-ambasadoreve-1784104828.jpg?fit=600%2C388&ssl=1","jetpack_sharing_enabled":true,"jetpack_shortlink":"https:\/\/wp.me\/p5Z6wp-qJ3","jetpack-related-posts":[{"id":101291,"url":"https:\/\/www.shqiperia.com\/blog\/lidhja-shqiptare-e-prizrenit-1878-1881-10-qershor-1878\/","url_meta":{"origin":102737,"position":0},"title":"Lidhja Shqiptare e Prizrenit (1878-1881), 10 qershor 1878.","author":"Kurt Farka","date":"June 9, 2026","format":false,"excerpt":"9 Qershor 2026 Lidhja Shqiptare e Prizrenit (1878-1881) M\u00eb 10 qershor 1878 u mbajt Kuvendi i Prizrenit, i cili shpalli formimin e Lidhjes s\u00eb Prizrenit. Punimet e k\u00ebtij kuvendi u drejtuan nga Iljaz pash\u00eb Dibra, nd\u00ebrsa programi politik ishte hartuar nga ideolog\u00ebt e kombit shqiptar si Sami Frash\u00ebri, Pashko Vasa,\u2026","rel":"","context":"In &quot;Histori&quot;","block_context":{"text":"Histori","link":"https:\/\/www.shqiperia.com\/blog\/category\/histori\/"},"img":{"alt_text":"","src":"https:\/\/i0.wp.com\/www.shqiperia.com\/blog\/wp-content\/uploads\/2026\/06\/10-qershor-1878.-Lidhja-Shqiptare-e-Prizrenit-1878-1881.-Veper-e-Shaban-Hysa-2.jpg?fit=832%2C493&ssl=1&resize=350%2C200","width":350,"height":200,"srcset":"https:\/\/i0.wp.com\/www.shqiperia.com\/blog\/wp-content\/uploads\/2026\/06\/10-qershor-1878.-Lidhja-Shqiptare-e-Prizrenit-1878-1881.-Veper-e-Shaban-Hysa-2.jpg?fit=832%2C493&ssl=1&resize=350%2C200 1x, https:\/\/i0.wp.com\/www.shqiperia.com\/blog\/wp-content\/uploads\/2026\/06\/10-qershor-1878.-Lidhja-Shqiptare-e-Prizrenit-1878-1881.-Veper-e-Shaban-Hysa-2.jpg?fit=832%2C493&ssl=1&resize=525%2C300 1.5x, https:\/\/i0.wp.com\/www.shqiperia.com\/blog\/wp-content\/uploads\/2026\/06\/10-qershor-1878.-Lidhja-Shqiptare-e-Prizrenit-1878-1881.-Veper-e-Shaban-Hysa-2.jpg?fit=832%2C493&ssl=1&resize=700%2C400 2x"},"classes":[]},{"id":105294,"url":"https:\/\/www.shqiperia.com\/blog\/ndahet-nga-jeta-ne-moshen-88-vjecare-akademiku-dhe-studiuesi-i-shquar-mark-tirta\/","url_meta":{"origin":102737,"position":1},"title":"Ndahet nga jeta n\u00eb mosh\u00ebn 88-vje\u00e7are akademiku dhe studiuesi i shquar Mark Tirta","author":"Kurt Farka","date":"August 27, 2026","format":false,"excerpt":"27 Gusht 2027 U nda sot nga jeta akademik emeritus Mark Tirta, nj\u00eb prej studiuesve m\u00eb t\u00eb shquar t\u00eb etnologjis\u00eb dhe antropologjis\u00eb shqiptare, nj\u00eb personalitet i r\u00ebnd\u00ebsish\u00ebm i albanologjis\u00eb dhe nj\u00eb nga z\u00ebrat m\u00eb t\u00eb spikatur t\u00eb studimit t\u00eb trash\u00ebgimis\u00eb kulturore shqiptare. Me largimin e tij, shkenca dhe kultura shqiptare\u2026","rel":"","context":"In &quot;Blogu i Udh\u00ebtarit&quot;","block_context":{"text":"Blogu i Udh\u00ebtarit","link":"https:\/\/www.shqiperia.com\/blog\/category\/blogu-i-udhetarit\/"},"img":{"alt_text":"","src":"https:\/\/i0.wp.com\/www.shqiperia.com\/blog\/wp-content\/uploads\/2026\/08\/Capture-87.jpg?fit=847%2C611&ssl=1&resize=350%2C200","width":350,"height":200,"srcset":"https:\/\/i0.wp.com\/www.shqiperia.com\/blog\/wp-content\/uploads\/2026\/08\/Capture-87.jpg?fit=847%2C611&ssl=1&resize=350%2C200 1x, https:\/\/i0.wp.com\/www.shqiperia.com\/blog\/wp-content\/uploads\/2026\/08\/Capture-87.jpg?fit=847%2C611&ssl=1&resize=525%2C300 1.5x, https:\/\/i0.wp.com\/www.shqiperia.com\/blog\/wp-content\/uploads\/2026\/08\/Capture-87.jpg?fit=847%2C611&ssl=1&resize=700%2C400 2x"},"classes":[]},{"id":101766,"url":"https:\/\/www.shqiperia.com\/blog\/kryeministri-edi-rama-i-quan-shqiptaret-e-kosoves-dhe-maqedonise-se-veriut-qe-moren-pjese-ne-protestehordhi-pushtuese\/","url_meta":{"origin":102737,"position":2},"title":"Kryeministri Edi Rama i quan shqiptar\u00ebt e Kosov\u00ebs dhe Maqedonis\u00eb s\u00eb Veriut q\u00eb mor\u00ebn pjes\u00eb n\u00eb protest\u00eb,\u2018Hordhi pushtuese\u2019","author":"Kurt Farka","date":"June 24, 2026","format":false,"excerpt":"Ai shkoi m\u00eb tej duke e cil\u00ebsuar p\u00ebrdorimin e flamurit t\u00eb U\u00c7K-s\u00eb n\u00eb protest\u00eb si \u201cp\u00ebrdhosje\u201d, duke e paraqitur at\u00eb jo si simbol komb\u00ebtar apo politik, por si instrument urrejtjeje kund\u00ebr qeveris\u00eb s\u00eb Tiran\u00ebs. Ai p\u00ebrdori vazhdimisht terma p\u00ebr\u00e7mues p\u00ebr aktivist\u00ebt e lidhur me Vet\u00ebvendosjen, edhe pse n\u00eb fund ai\u2026","rel":"","context":"In &quot;Blogu i Udh\u00ebtarit&quot;","block_context":{"text":"Blogu i Udh\u00ebtarit","link":"https:\/\/www.shqiperia.com\/blog\/category\/blogu-i-udhetarit\/"},"img":{"alt_text":"","src":"https:\/\/i0.wp.com\/www.shqiperia.com\/blog\/wp-content\/uploads\/2026\/06\/Edi-Rama2-1440x960-1.jpg?fit=1200%2C800&ssl=1&resize=350%2C200","width":350,"height":200,"srcset":"https:\/\/i0.wp.com\/www.shqiperia.com\/blog\/wp-content\/uploads\/2026\/06\/Edi-Rama2-1440x960-1.jpg?fit=1200%2C800&ssl=1&resize=350%2C200 1x, https:\/\/i0.wp.com\/www.shqiperia.com\/blog\/wp-content\/uploads\/2026\/06\/Edi-Rama2-1440x960-1.jpg?fit=1200%2C800&ssl=1&resize=525%2C300 1.5x, https:\/\/i0.wp.com\/www.shqiperia.com\/blog\/wp-content\/uploads\/2026\/06\/Edi-Rama2-1440x960-1.jpg?fit=1200%2C800&ssl=1&resize=700%2C400 2x, https:\/\/i0.wp.com\/www.shqiperia.com\/blog\/wp-content\/uploads\/2026\/06\/Edi-Rama2-1440x960-1.jpg?fit=1200%2C800&ssl=1&resize=1050%2C600 3x"},"classes":[]},{"id":102851,"url":"https:\/\/www.shqiperia.com\/blog\/protesta-rama-tradhtar-dhe-antishqiptar-gjenocidi-modern-eshte-largimi-i-shqiptareve-nga-vendi\/","url_meta":{"origin":102737,"position":3},"title":"Protesta: &#8211; Rama tradhtar dhe antishqiptar, gjenocidi modern \u00ebsht\u00eb largimi i shqiptar\u00ebve nga vendi","author":"Kurt Farka","date":"July 18, 2026","format":false,"excerpt":"18 Korrik 2026 Nga protesta e p\u00ebrditshme n\u00eb \u2018D\u00ebshmor\u00ebt e Kombit\u2019, nj\u00eb prej fol\u00ebsve ka ngritur akuza t\u00eb forta ndaj Edi Ram\u00ebs dhe ka k\u00ebrkuar reagim t\u00eb fort\u00eb ndaj deklaratave t\u00eb ministres serbe, q\u00eb do t\u00eb spastronte Kosov\u00ebn n\u00ebse do ishte n\u00eb vendin e Milloshevi\u00e7it. Ai u ndal te deklaratat\u2026","rel":"","context":"In &quot;Blogu i Udh\u00ebtarit&quot;","block_context":{"text":"Blogu i Udh\u00ebtarit","link":"https:\/\/www.shqiperia.com\/blog\/category\/blogu-i-udhetarit\/"},"img":{"alt_text":"","src":"https:\/\/i0.wp.com\/www.shqiperia.com\/blog\/wp-content\/uploads\/2026\/07\/727126107_27791819013775577_4523875627734286620_n.jpg?fit=1200%2C867&ssl=1&resize=350%2C200","width":350,"height":200,"srcset":"https:\/\/i0.wp.com\/www.shqiperia.com\/blog\/wp-content\/uploads\/2026\/07\/727126107_27791819013775577_4523875627734286620_n.jpg?fit=1200%2C867&ssl=1&resize=350%2C200 1x, https:\/\/i0.wp.com\/www.shqiperia.com\/blog\/wp-content\/uploads\/2026\/07\/727126107_27791819013775577_4523875627734286620_n.jpg?fit=1200%2C867&ssl=1&resize=525%2C300 1.5x, https:\/\/i0.wp.com\/www.shqiperia.com\/blog\/wp-content\/uploads\/2026\/07\/727126107_27791819013775577_4523875627734286620_n.jpg?fit=1200%2C867&ssl=1&resize=700%2C400 2x, https:\/\/i0.wp.com\/www.shqiperia.com\/blog\/wp-content\/uploads\/2026\/07\/727126107_27791819013775577_4523875627734286620_n.jpg?fit=1200%2C867&ssl=1&resize=1050%2C600 3x"},"classes":[]},{"id":103736,"url":"https:\/\/www.shqiperia.com\/blog\/nela-ngre-alarmin-hapja-e-konsullates-serbe-ne-shkoder-ka-nje-qellim-tjeter\/","url_meta":{"origin":102737,"position":4},"title":"Nela ngre alarmin: &#8211; Hapja e konsullat\u00ebs serbe n\u00eb Shkod\u00ebr ka nj\u00eb q\u00ebllim tjet\u00ebr","author":"Kurt Farka","date":"August 4, 2026","format":false,"excerpt":"4 Gusht 2026 Publicisti Milaim Nela ka kritikuar reagimet e politik\u00ebs shqiptare lidhur me planin p\u00ebr hapjen e Konsullat\u00ebs s\u00eb Serbis\u00eb n\u00eb Shkod\u00ebr, duke i cil\u00ebsuar ato si t\u00eb vak\u00ebta. N\u00eb nj\u00eb reagim publik, Nela shprehet se hapja e konsullat\u00ebs nuk \u00ebsht\u00eb \u00e7\u00ebshtje reciprociteti, por sipas tij synon krijimin e\u2026","rel":"","context":"In &quot;Blogu i Udh\u00ebtarit&quot;","block_context":{"text":"Blogu i Udh\u00ebtarit","link":"https:\/\/www.shqiperia.com\/blog\/category\/blogu-i-udhetarit\/"},"img":{"alt_text":"","src":"https:\/\/i0.wp.com\/www.shqiperia.com\/blog\/wp-content\/uploads\/2026\/08\/01000000-0a00-0242-73a4-08dc74ef.webp?fit=1023%2C575&ssl=1&resize=350%2C200","width":350,"height":200,"srcset":"https:\/\/i0.wp.com\/www.shqiperia.com\/blog\/wp-content\/uploads\/2026\/08\/01000000-0a00-0242-73a4-08dc74ef.webp?fit=1023%2C575&ssl=1&resize=350%2C200 1x, https:\/\/i0.wp.com\/www.shqiperia.com\/blog\/wp-content\/uploads\/2026\/08\/01000000-0a00-0242-73a4-08dc74ef.webp?fit=1023%2C575&ssl=1&resize=525%2C300 1.5x, https:\/\/i0.wp.com\/www.shqiperia.com\/blog\/wp-content\/uploads\/2026\/08\/01000000-0a00-0242-73a4-08dc74ef.webp?fit=1023%2C575&ssl=1&resize=700%2C400 2x"},"classes":[]},{"id":100425,"url":"https:\/\/www.shqiperia.com\/blog\/rendohen-kushtet-e-raportit-te-ibar-ne-bruksel-keshilli-i-be-konfirmon-zyrtarisht-se-disa-shtete-anetare-nuk-japin\/","url_meta":{"origin":102737,"position":5},"title":"R\u00ebndohen kushtet e raportit t\u00eb IBAR n\u00eb Bruksel, K\u00ebshilli i BE konfirmon zyrtarisht se disa shtete an\u00ebtare nuk japin\u2026","author":"Kurt Farka","date":"May 19, 2026","format":false,"excerpt":"19 Maji 2026 Sot n\u00eb or\u00ebn 10:00 COELA do mblidhet s\u00ebrish p\u00ebr t\u00eb diskutuar Raportin e IBAR p\u00ebr Shqip\u00ebrin\u00eb. K\u00ebshilli i Bashkimit Evropian tha se shtetet an\u00ebtare jan\u00eb pran\u00eb nj\u00eb dakord\u00ebsie, edhe pse jan\u00eb ende disa shtete q\u00eb nuk e kan\u00eb dh\u00ebn\u00eb ende drit\u00ebn jeshile p\u00ebr draftin e Pozicionit t\u00eb\u2026","rel":"","context":"In &quot;Blogu i Udh\u00ebtarit&quot;","block_context":{"text":"Blogu i Udh\u00ebtarit","link":"https:\/\/www.shqiperia.com\/blog\/category\/blogu-i-udhetarit\/"},"img":{"alt_text":"","src":"https:\/\/i0.wp.com\/www.shqiperia.com\/blog\/wp-content\/uploads\/2026\/05\/foto-9-5-900x570-1.jpg?fit=900%2C570&ssl=1&resize=350%2C200","width":350,"height":200,"srcset":"https:\/\/i0.wp.com\/www.shqiperia.com\/blog\/wp-content\/uploads\/2026\/05\/foto-9-5-900x570-1.jpg?fit=900%2C570&ssl=1&resize=350%2C200 1x, https:\/\/i0.wp.com\/www.shqiperia.com\/blog\/wp-content\/uploads\/2026\/05\/foto-9-5-900x570-1.jpg?fit=900%2C570&ssl=1&resize=525%2C300 1.5x, https:\/\/i0.wp.com\/www.shqiperia.com\/blog\/wp-content\/uploads\/2026\/05\/foto-9-5-900x570-1.jpg?fit=900%2C570&ssl=1&resize=700%2C400 2x"},"classes":[]}],"_links":{"self":[{"href":"https:\/\/www.shqiperia.com\/blog\/wp-json\/wp\/v2\/posts\/102737","targetHints":{"allow":["GET"]}}],"collection":[{"href":"https:\/\/www.shqiperia.com\/blog\/wp-json\/wp\/v2\/posts"}],"about":[{"href":"https:\/\/www.shqiperia.com\/blog\/wp-json\/wp\/v2\/types\/post"}],"author":[{"embeddable":true,"href":"https:\/\/www.shqiperia.com\/blog\/wp-json\/wp\/v2\/users\/9"}],"replies":[{"embeddable":true,"href":"https:\/\/www.shqiperia.com\/blog\/wp-json\/wp\/v2\/comments?post=102737"}],"version-history":[{"count":1,"href":"https:\/\/www.shqiperia.com\/blog\/wp-json\/wp\/v2\/posts\/102737\/revisions"}],"predecessor-version":[{"id":102739,"href":"https:\/\/www.shqiperia.com\/blog\/wp-json\/wp\/v2\/posts\/102737\/revisions\/102739"}],"wp:featuredmedia":[{"embeddable":true,"href":"https:\/\/www.shqiperia.com\/blog\/wp-json\/wp\/v2\/media\/102738"}],"wp:attachment":[{"href":"https:\/\/www.shqiperia.com\/blog\/wp-json\/wp\/v2\/media?parent=102737"}],"wp:term":[{"taxonomy":"category","embeddable":true,"href":"https:\/\/www.shqiperia.com\/blog\/wp-json\/wp\/v2\/categories?post=102737"},{"taxonomy":"post_tag","embeddable":true,"href":"https:\/\/www.shqiperia.com\/blog\/wp-json\/wp\/v2\/tags?post=102737"}],"curies":[{"name":"wp","href":"https:\/\/api.w.org\/{rel}","templated":true}]}}