{"id":102734,"date":"2026-07-15T11:24:09","date_gmt":"2026-07-15T11:24:09","guid":{"rendered":"https:\/\/www.shqiperia.com\/blog\/?p=102734"},"modified":"2026-07-15T11:24:09","modified_gmt":"2026-07-15T11:24:09","slug":"do-bejme-transparence-cilet-jane-zyrtaret-e-larte-qe-ne-aruba-takuan-eksponente-te-krimit-kreu-i-spak-po-hetohet","status":"publish","type":"post","link":"https:\/\/www.shqiperia.com\/blog\/do-bejme-transparence-cilet-jane-zyrtaret-e-larte-qe-ne-aruba-takuan-eksponente-te-krimit-kreu-i-spak-po-hetohet\/","title":{"rendered":"\u201cDo b\u00ebjm\u00eb transparenc\u00eb\u201d\/ Cil\u00ebt jan\u00eb zyrtar\u00ebt e lart\u00eb q\u00eb n\u00eb Aruba takuan eksponent\u00eb t\u00eb krimit? Kreu i SPAK: &#8211; Po hetohet"},"content":{"rendered":"<p><img data-recalc-dims=\"1\" loading=\"lazy\" decoding=\"async\" data-attachment-id=\"102735\" data-permalink=\"https:\/\/www.shqiperia.com\/blog\/do-bejme-transparence-cilet-jane-zyrtaret-e-larte-qe-ne-aruba-takuan-eksponente-te-krimit-kreu-i-spak-po-hetohet\/1784105229_klodianbraho\/\" data-orig-file=\"https:\/\/i0.wp.com\/www.shqiperia.com\/blog\/wp-content\/uploads\/2026\/07\/1784105229_klodianbraho.jpg?fit=780%2C440&amp;ssl=1\" data-orig-size=\"780,440\" data-comments-opened=\"1\" data-image-meta=\"{&quot;aperture&quot;:&quot;0&quot;,&quot;credit&quot;:&quot;&quot;,&quot;camera&quot;:&quot;&quot;,&quot;caption&quot;:&quot;&quot;,&quot;created_timestamp&quot;:&quot;0&quot;,&quot;copyright&quot;:&quot;&quot;,&quot;focal_length&quot;:&quot;0&quot;,&quot;iso&quot;:&quot;0&quot;,&quot;shutter_speed&quot;:&quot;0&quot;,&quot;title&quot;:&quot;&quot;,&quot;orientation&quot;:&quot;0&quot;}\" data-image-title=\"1784105229_klodianbraho\" data-image-description=\"\" data-image-caption=\"\" data-medium-file=\"https:\/\/i0.wp.com\/www.shqiperia.com\/blog\/wp-content\/uploads\/2026\/07\/1784105229_klodianbraho.jpg?fit=300%2C169&amp;ssl=1\" data-large-file=\"https:\/\/i0.wp.com\/www.shqiperia.com\/blog\/wp-content\/uploads\/2026\/07\/1784105229_klodianbraho.jpg?fit=780%2C440&amp;ssl=1\" class=\"alignnone  wp-image-102735\" alt=\"\" src=\"https:\/\/i0.wp.com\/www.shqiperia.com\/blog\/wp-content\/uploads\/2026\/07\/1784105229_klodianbraho.jpg?resize=735%2C414&#038;ssl=1\" width=\"735\" height=\"414\" srcset=\"https:\/\/i0.wp.com\/www.shqiperia.com\/blog\/wp-content\/uploads\/2026\/07\/1784105229_klodianbraho.jpg?resize=300%2C169&amp;ssl=1 300w, https:\/\/i0.wp.com\/www.shqiperia.com\/blog\/wp-content\/uploads\/2026\/07\/1784105229_klodianbraho.jpg?resize=768%2C433&amp;ssl=1 768w, https:\/\/i0.wp.com\/www.shqiperia.com\/blog\/wp-content\/uploads\/2026\/07\/1784105229_klodianbraho.jpg?resize=450%2C254&amp;ssl=1 450w, https:\/\/i0.wp.com\/www.shqiperia.com\/blog\/wp-content\/uploads\/2026\/07\/1784105229_klodianbraho.jpg?resize=600%2C338&amp;ssl=1 600w, https:\/\/i0.wp.com\/www.shqiperia.com\/blog\/wp-content\/uploads\/2026\/07\/1784105229_klodianbraho.jpg?resize=400%2C226&amp;ssl=1 400w, https:\/\/i0.wp.com\/www.shqiperia.com\/blog\/wp-content\/uploads\/2026\/07\/1784105229_klodianbraho.jpg?w=780&amp;ssl=1 780w\" sizes=\"auto, (max-width: 735px) 100vw, 735px\" \/><\/p>\n<p>15 Korrik 2026<\/p>\n<p>Kreu i Prokuroris\u00eb s\u00eb Posa\u00e7me Antikorrupsion, Klodian Braho deklaroi se dosja do t\u00eb b\u00ebhet transparente kur t\u00eb p\u00ebrfundojn\u00eb hetimet.<\/p>\n<p>I pranish\u00ebm para Komisionit p\u00ebr Nismat Qytetare, Bashk\u00ebpunimin dhe Mbik\u00ebqyrjen Institucionale, Braho iu p\u00ebrgjigj pyetjeve t\u00eb deputetit Ivi Kaso, i cili k\u00ebrkoi q\u00eb t\u00eb SPAK t\u00eb b\u00ebnte publike emrat e zyrtar\u00ebve t\u00eb lart\u00eb q\u00eb ishin takuar n\u00eb Aruba me eksponent\u00eb t\u00eb krimit t\u00eb organizuar.<\/p>\n<p><strong>Ivi Kaso:<\/strong><\/p>\n<p>Duke u ndalur te dosja Aruba, predispozohet se ka nj\u00eb takim me persona t\u00eb krimit t\u00eb organizuar me zyrtar\u00eb t\u00eb lart\u00eb shqiptare. Ju shqet\u00ebson fakti q\u00eb ka rrjedhur kjo dosje? A mendoni q\u00eb keni nj\u00eb detyrim p\u00ebr shqiptar\u00ebt, p\u00ebr t\u00eb treguar se kush kan\u00eb qen\u00eb k\u00ebta politikan\u00eb n\u00eb takim, q\u00eb kan\u00eb b\u00ebr\u00eb plazh n\u00eb janar, me apo pa mandat kryeministri, qoft\u00eb nga opozita e qoft\u00eb nga mazhoranca.<\/p>\n<p><strong>Klodian Braho:<\/strong><\/p>\n<p>\u00cbsht\u00eb nj\u00eb \u00e7\u00ebshtje n\u00ebn hetim. Nuk mund t\u00eb ndodh\u00eb q\u00eb SPAK t\u00eb ket\u00eb nj\u00eb prov\u00eb n\u00eb nj\u00eb dosje dhe ajo t\u00eb lihet aty n\u00eb gjum\u00eb e t\u00eb mos hetohet. Tjet\u00ebr gj\u00eb mund t\u00eb thuhet, por k\u00ebto jan\u00eb hamend\u00ebsime, opinione. Kur t\u00eb p\u00ebrfundojn\u00eb hetimet, institucioni mund t\u00eb b\u00ebj\u00eb transparenc\u00eb. Nuk i merremi me komentet politike, t\u00eb asnj\u00eb pale.<\/p>\n","protected":false},"excerpt":{"rendered":"<p>15 Korrik 2026 Kreu i Prokuroris\u00eb s\u00eb Posa\u00e7me Antikorrupsion, Klodian Braho deklaroi se dosja do t\u00eb b\u00ebhet transparente kur t\u00eb p\u00ebrfundojn\u00eb hetimet. I pranish\u00ebm para Komisionit p\u00ebr Nismat Qytetare, Bashk\u00ebpunimin dhe Mbik\u00ebqyrjen Institucionale, Braho iu p\u00ebrgjigj pyetjeve t\u00eb deputetit Ivi Kaso, i cili k\u00ebrkoi q\u00eb t\u00eb SPAK t\u00eb b\u00ebnte publike emrat e zyrtar\u00ebve t\u00eb lart\u00eb [&hellip;]<\/p>\n","protected":false},"author":9,"featured_media":102735,"comment_status":"open","ping_status":"open","sticky":false,"template":"","format":"standard","meta":{"jetpack_post_was_ever_published":false,"_jetpack_newsletter_access":"","_jetpack_dont_email_post_to_subs":false,"_jetpack_newsletter_tier_id":0,"_jetpack_memberships_contains_paywalled_content":false,"_jetpack_memberships_contains_paid_content":false,"footnotes":"","jetpack_publicize_message":"","jetpack_publicize_feature_enabled":true,"jetpack_social_post_already_shared":true,"jetpack_social_options":{"image_generator_settings":{"template":"highway","default_image_id":0,"font":"","enabled":false},"version":2}},"categories":[27,1,2,35],"tags":[],"class_list":["post-102734","post","type-post","status-publish","format-standard","has-post-thumbnail","hentry","category-blogu-i-udhetarit","category-njoftime-shtypi","category-politika","category-shoqerore"],"jetpack_publicize_connections":[],"jetpack_featured_media_url":"https:\/\/i0.wp.com\/www.shqiperia.com\/blog\/wp-content\/uploads\/2026\/07\/1784105229_klodianbraho.jpg?fit=780%2C440&ssl=1","jetpack_sharing_enabled":true,"jetpack_shortlink":"https:\/\/wp.me\/p5Z6wp-qJ0","jetpack-related-posts":[{"id":101613,"url":"https:\/\/www.shqiperia.com\/blog\/kush-eshte-zyrtari-i-larte-afer-kryeministrit-rama-qe-ka-marre-pjese-ne-takimin-e-arubes\/","url_meta":{"origin":102734,"position":0},"title":"Kush \u00ebsht\u00eb zyrtari i lart\u00eb af\u00ebr kryeministrit Rama q\u00eb ka marr\u00eb pjes\u00eb n\u00eb takimin e Arub\u00ebs?","author":"Kurt Farka","date":"June 18, 2026","format":false,"excerpt":"Nga Orgen Peci \u200bP\u00ebr vite me radh\u00eb, takimi n\u00eb ishullin e larg\u00ebt t\u00eb Karaibeve, Aruba, mbajti statusin e nj\u00eb d\u00ebshmie misterioze n\u00eb dosjet sekrete t\u00eb policive evropiane. Sot, ky episod nuk \u00ebsht\u00eb m\u00eb nj\u00eb thashethem korridoresh. Ai \u00ebsht\u00eb kthyer n\u00eb nyj\u00ebn kryesore t\u00eb nj\u00eb hetimi t\u00eb madh t\u00eb Struktur\u00ebs s\u00eb\u2026","rel":"","context":"In &quot;Blogu i Udh\u00ebtarit&quot;","block_context":{"text":"Blogu i Udh\u00ebtarit","link":"https:\/\/www.shqiperia.com\/blog\/category\/blogu-i-udhetarit\/"},"img":{"alt_text":"","src":"https:\/\/i0.wp.com\/www.shqiperia.com\/blog\/wp-content\/uploads\/2026\/06\/Screenshot_20260618_182625_Gallery.jpg?fit=720%2C604&ssl=1&resize=350%2C200","width":350,"height":200,"srcset":"https:\/\/i0.wp.com\/www.shqiperia.com\/blog\/wp-content\/uploads\/2026\/06\/Screenshot_20260618_182625_Gallery.jpg?fit=720%2C604&ssl=1&resize=350%2C200 1x, https:\/\/i0.wp.com\/www.shqiperia.com\/blog\/wp-content\/uploads\/2026\/06\/Screenshot_20260618_182625_Gallery.jpg?fit=720%2C604&ssl=1&resize=525%2C300 1.5x, https:\/\/i0.wp.com\/www.shqiperia.com\/blog\/wp-content\/uploads\/2026\/06\/Screenshot_20260618_182625_Gallery.jpg?fit=720%2C604&ssl=1&resize=700%2C400 2x"},"classes":[]},{"id":102214,"url":"https:\/\/www.shqiperia.com\/blog\/kreu-i-spak-ne-kuvend-korrupsioni-ka-perfshire-administraten-dhe-drejtesine\/","url_meta":{"origin":102734,"position":1},"title":"Kreu i SPAK n\u00eb Kuvend: &#8211; Korrupsioni ka p\u00ebrfshir\u00eb administrat\u00ebn dhe drejt\u00ebsin\u00eb.","author":"Kurt Farka","date":"July 3, 2026","format":false,"excerpt":"3 Korrik 2026 ... \u201cKorrupsioni mbetet nj\u00eb fenomen shqet\u00ebsues, p\u00ebrshin funksionar\u00eb vendor\u00eb, t\u00eb administrat\u00ebs, prokuror\u00eb, gjyqtar\u00eb, punonj\u00ebs policie. Drejtuesi i SPAK, Klodian Braho po raporton n\u00eb Komisionin e Ligjeve p\u00ebr pun\u00ebn gjat\u00eb vitit 2025. Braho theksoi se lufta kund\u00ebr korrupsionit dhe krimit t\u00eb organizuar po zhvillohet n\u00eb nj\u00eb terren gjithnj\u00eb\u2026","rel":"","context":"In &quot;Blogu i Udh\u00ebtarit&quot;","block_context":{"text":"Blogu i Udh\u00ebtarit","link":"https:\/\/www.shqiperia.com\/blog\/category\/blogu-i-udhetarit\/"},"img":{"alt_text":"","src":"https:\/\/i0.wp.com\/www.shqiperia.com\/blog\/wp-content\/uploads\/2026\/07\/klodian-braho.jpg?fit=820%2C560&ssl=1&resize=350%2C200","width":350,"height":200,"srcset":"https:\/\/i0.wp.com\/www.shqiperia.com\/blog\/wp-content\/uploads\/2026\/07\/klodian-braho.jpg?fit=820%2C560&ssl=1&resize=350%2C200 1x, https:\/\/i0.wp.com\/www.shqiperia.com\/blog\/wp-content\/uploads\/2026\/07\/klodian-braho.jpg?fit=820%2C560&ssl=1&resize=525%2C300 1.5x, https:\/\/i0.wp.com\/www.shqiperia.com\/blog\/wp-content\/uploads\/2026\/07\/klodian-braho.jpg?fit=820%2C560&ssl=1&resize=700%2C400 2x"},"classes":[]},{"id":102731,"url":"https:\/\/www.shqiperia.com\/blog\/asnje-person-nuk-eshte-imun-ndaj-spak-a-do-nise-hetim-ndaj-rames-per-albanian-files-klodian-braho-provat\/","url_meta":{"origin":102734,"position":2},"title":"\u201cAsnj\u00eb person nuk \u00ebsht\u00eb imun ndaj SPAK\u201d\/ A do nis\u00eb hetim ndaj Ram\u00ebs p\u00ebr \u201cAlbanian Files\u201d? Klodian Braho: Provat\u2026","author":"Kurt Farka","date":"July 15, 2026","format":false,"excerpt":"15 Korrik 2026 Deputeti Gjin Gjoni i ka drejtuar kreut t\u00eb SPAK, Klodian Brahos, i cili po raporton n\u00eb Komisionin Parlamentar \u201cNisma Qytetare\u201d, nj\u00eb pyetje lidhur me mund\u00ebsin\u00eb e nisjes s\u00eb hetimeve ndaj kryeministrit Edi Rama apo thirrjen e tij si person n\u00eb dijeni p\u00ebr \u00e7\u00ebshtjen \u201cAlbanian Files\u201d dhe \u00e7\u00ebshtje\u2026","rel":"","context":"In &quot;Blogu i Udh\u00ebtarit&quot;","block_context":{"text":"Blogu i Udh\u00ebtarit","link":"https:\/\/www.shqiperia.com\/blog\/category\/blogu-i-udhetarit\/"},"img":{"alt_text":"","src":"https:\/\/i0.wp.com\/www.shqiperia.com\/blog\/wp-content\/uploads\/2026\/07\/rama-albanian-files.jpg?fit=531%2C376&ssl=1&resize=350%2C200","width":350,"height":200,"srcset":"https:\/\/i0.wp.com\/www.shqiperia.com\/blog\/wp-content\/uploads\/2026\/07\/rama-albanian-files.jpg?fit=531%2C376&ssl=1&resize=350%2C200 1x, https:\/\/i0.wp.com\/www.shqiperia.com\/blog\/wp-content\/uploads\/2026\/07\/rama-albanian-files.jpg?fit=531%2C376&ssl=1&resize=525%2C300 1.5x"},"classes":[]},{"id":100888,"url":"https:\/\/www.shqiperia.com\/blog\/zverneci-do-te-perveloje-njerez-ne-nivel-te-larte-klodiana-lala-e-zbulon-ja-cfare-ka-ne-duar-spak\/","url_meta":{"origin":102734,"position":3},"title":"\u201c\u2018Zv\u00ebrneci\u2019 do t\u00eb p\u00ebrv\u00ebloj\u00eb njer\u00ebz n\u00eb nivel t\u00eb lart\u00eb\u201d, Klodiana Lala e zbulon: Ja \u00e7far\u00eb ka n\u00eb duar SPAK!","author":"Kurt Farka","date":"June 1, 2026","format":false,"excerpt":"1 Qershor 2026 Gazetarja e News24 Klodiana Lala ka zbuluar se hetimi n\u00eb i Prokuroris\u00eb s\u00eb Posa\u00e7me n\u00eb lidhje me Zv\u00ebrnecin ka nisur prej 1 viti e gjysm\u00eb, nd\u00ebrkoh\u00eb ka paralajm\u00ebruar se t\u00eb dh\u00ebnat q\u00eb SPAK ka n\u00eb duar, mund t\u00eb \u201cdjegin\u201d nivele t\u00eb larta n\u00eb politik\u00eb. \u201cJemi ende her\u00ebt\u2026","rel":"","context":"In &quot;Blogu i Udh\u00ebtarit&quot;","block_context":{"text":"Blogu i Udh\u00ebtarit","link":"https:\/\/www.shqiperia.com\/blog\/category\/blogu-i-udhetarit\/"},"img":{"alt_text":"","src":"https:\/\/i0.wp.com\/www.shqiperia.com\/blog\/wp-content\/uploads\/2026\/06\/Screenshot-2026-05-30-180744-460x300-1.png?fit=460%2C300&ssl=1&resize=350%2C200","width":350,"height":200},"classes":[]},{"id":105179,"url":"https:\/\/www.shqiperia.com\/blog\/7-muaj-ne-krye-te-spak-braho-atrofizon-institucionin-asnje-arrestim-ne-politike\/","url_meta":{"origin":102734,"position":4},"title":"7 muaj n\u00eb krye t\u00eb SPAK, Braho atrofizon institucionin, asnj\u00eb arrestim n\u00eb politik\u00eb.","author":"Kurt Farka","date":"August 25, 2026","format":false,"excerpt":"25 Gusht 2026 Pritshm\u00ebrit\u00eb e m\u00ebdha q\u00eb shoq\u00ebruan marrjen e drejtimit t\u00eb Prokuroris\u00eb s\u00eb Posa\u00e7me (SPAK) nga Klodjan Braho n\u00eb dhjetor t\u00eb vitit 2025, t\u00eb mb\u00ebshtetura nga nj\u00eb proces p\u00ebrzgjedhjeje me bekimin e partner\u00ebve amerikan\u00eb dhe garancin\u00eb e Altin Dumanit, jan\u00eb shnd\u00ebrruar n\u00eb nj\u00eb zhg\u00ebnjim t\u00eb thell\u00eb publik. N\u00eb vend\u2026","rel":"","context":"In &quot;Blogu i Udh\u00ebtarit&quot;","block_context":{"text":"Blogu i Udh\u00ebtarit","link":"https:\/\/www.shqiperia.com\/blog\/category\/blogu-i-udhetarit\/"},"img":{"alt_text":"","src":"https:\/\/i0.wp.com\/www.shqiperia.com\/blog\/wp-content\/uploads\/2026\/08\/SPAKU.png?fit=658%2C364&ssl=1&resize=350%2C200","width":350,"height":200,"srcset":"https:\/\/i0.wp.com\/www.shqiperia.com\/blog\/wp-content\/uploads\/2026\/08\/SPAKU.png?fit=658%2C364&ssl=1&resize=350%2C200 1x, https:\/\/i0.wp.com\/www.shqiperia.com\/blog\/wp-content\/uploads\/2026\/08\/SPAKU.png?fit=658%2C364&ssl=1&resize=525%2C300 1.5x"},"classes":[]},{"id":102860,"url":"https:\/\/www.shqiperia.com\/blog\/artan-hoxha-zbardh-prapaskenat-e-takimit-ne-aruba-ja-si-pergjimet-e-autoriteteve-belge-nxoren-ne-drite-planet-e\/","url_meta":{"origin":102734,"position":5},"title":"Artan Hoxha zbardh prapaskenat e takimit n\u00eb Aruba, ja si p\u00ebrgjimet e autoriteteve belge nxor\u00ebn n\u00eb drit\u00eb planet e\u2026","author":"Kurt Farka","date":"July 18, 2026","format":false,"excerpt":"18 Korrik 2026 Gazetari investigativ, Artan Hoxha ka zbardhur detaje t\u00eb reja n\u00eb \u201cRadar\u201d rreth takimit misterioz n\u00eb ishullin e Arub\u00ebs, duke treguar se si autoritetet belge ran\u00eb n\u00eb gjurm\u00ebt e nj\u00eb skeme gjigante q\u00eb synonte pastrimin e parave t\u00eb krimit p\u00ebrmes investimeve n\u00eb turiz\u00ebm dhe nd\u00ebrtim n\u00eb Shqip\u00ebri. Hoxha\u2026","rel":"","context":"In &quot;Blogu i Udh\u00ebtarit&quot;","block_context":{"text":"Blogu i Udh\u00ebtarit","link":"https:\/\/www.shqiperia.com\/blog\/category\/blogu-i-udhetarit\/"},"img":{"alt_text":"","src":"https:\/\/i0.wp.com\/www.shqiperia.com\/blog\/wp-content\/uploads\/2026\/07\/foto-4-5.jpg?fit=1200%2C800&ssl=1&resize=350%2C200","width":350,"height":200,"srcset":"https:\/\/i0.wp.com\/www.shqiperia.com\/blog\/wp-content\/uploads\/2026\/07\/foto-4-5.jpg?fit=1200%2C800&ssl=1&resize=350%2C200 1x, https:\/\/i0.wp.com\/www.shqiperia.com\/blog\/wp-content\/uploads\/2026\/07\/foto-4-5.jpg?fit=1200%2C800&ssl=1&resize=525%2C300 1.5x, https:\/\/i0.wp.com\/www.shqiperia.com\/blog\/wp-content\/uploads\/2026\/07\/foto-4-5.jpg?fit=1200%2C800&ssl=1&resize=700%2C400 2x, https:\/\/i0.wp.com\/www.shqiperia.com\/blog\/wp-content\/uploads\/2026\/07\/foto-4-5.jpg?fit=1200%2C800&ssl=1&resize=1050%2C600 3x"},"classes":[]}],"_links":{"self":[{"href":"https:\/\/www.shqiperia.com\/blog\/wp-json\/wp\/v2\/posts\/102734","targetHints":{"allow":["GET"]}}],"collection":[{"href":"https:\/\/www.shqiperia.com\/blog\/wp-json\/wp\/v2\/posts"}],"about":[{"href":"https:\/\/www.shqiperia.com\/blog\/wp-json\/wp\/v2\/types\/post"}],"author":[{"embeddable":true,"href":"https:\/\/www.shqiperia.com\/blog\/wp-json\/wp\/v2\/users\/9"}],"replies":[{"embeddable":true,"href":"https:\/\/www.shqiperia.com\/blog\/wp-json\/wp\/v2\/comments?post=102734"}],"version-history":[{"count":1,"href":"https:\/\/www.shqiperia.com\/blog\/wp-json\/wp\/v2\/posts\/102734\/revisions"}],"predecessor-version":[{"id":102736,"href":"https:\/\/www.shqiperia.com\/blog\/wp-json\/wp\/v2\/posts\/102734\/revisions\/102736"}],"wp:featuredmedia":[{"embeddable":true,"href":"https:\/\/www.shqiperia.com\/blog\/wp-json\/wp\/v2\/media\/102735"}],"wp:attachment":[{"href":"https:\/\/www.shqiperia.com\/blog\/wp-json\/wp\/v2\/media?parent=102734"}],"wp:term":[{"taxonomy":"category","embeddable":true,"href":"https:\/\/www.shqiperia.com\/blog\/wp-json\/wp\/v2\/categories?post=102734"},{"taxonomy":"post_tag","embeddable":true,"href":"https:\/\/www.shqiperia.com\/blog\/wp-json\/wp\/v2\/tags?post=102734"}],"curies":[{"name":"wp","href":"https:\/\/api.w.org\/{rel}","templated":true}]}}