{"id":102724,"date":"2026-07-15T07:19:47","date_gmt":"2026-07-15T07:19:47","guid":{"rendered":"https:\/\/www.shqiperia.com\/blog\/?p=102724"},"modified":"2026-07-15T07:19:47","modified_gmt":"2026-07-15T07:19:47","slug":"pershpejtohet-ora-biologjike-te-rinjte-plaken-me-shpejt-se-gjeneratat-e-meparshme","status":"publish","type":"post","link":"https:\/\/www.shqiperia.com\/blog\/pershpejtohet-ora-biologjike-te-rinjte-plaken-me-shpejt-se-gjeneratat-e-meparshme\/","title":{"rendered":"P\u00ebrshpejtohet ora biologjike, t\u00eb rinjt\u00eb plaken m\u00eb shpejt se gjeneratat e m\u00ebparshme"},"content":{"rendered":"<p><img data-recalc-dims=\"1\" loading=\"lazy\" decoding=\"async\" data-attachment-id=\"102726\" data-permalink=\"https:\/\/www.shqiperia.com\/blog\/pershpejtohet-ora-biologjike-te-rinjte-plaken-me-shpejt-se-gjeneratat-e-meparshme\/screenshot-2026-06-26-110534-1024x588\/\" data-orig-file=\"https:\/\/i0.wp.com\/www.shqiperia.com\/blog\/wp-content\/uploads\/2026\/07\/Screenshot-2026-06-26-110534-1024x588-1.jpg?fit=1024%2C588&amp;ssl=1\" data-orig-size=\"1024,588\" data-comments-opened=\"1\" data-image-meta=\"{&quot;aperture&quot;:&quot;0&quot;,&quot;credit&quot;:&quot;&quot;,&quot;camera&quot;:&quot;&quot;,&quot;caption&quot;:&quot;&quot;,&quot;created_timestamp&quot;:&quot;0&quot;,&quot;copyright&quot;:&quot;&quot;,&quot;focal_length&quot;:&quot;0&quot;,&quot;iso&quot;:&quot;0&quot;,&quot;shutter_speed&quot;:&quot;0&quot;,&quot;title&quot;:&quot;&quot;,&quot;orientation&quot;:&quot;0&quot;}\" data-image-title=\"Screenshot-2026-06-26-110534-1024&#215;588\" data-image-description=\"\" data-image-caption=\"\" data-medium-file=\"https:\/\/i0.wp.com\/www.shqiperia.com\/blog\/wp-content\/uploads\/2026\/07\/Screenshot-2026-06-26-110534-1024x588-1.jpg?fit=300%2C172&amp;ssl=1\" data-large-file=\"https:\/\/i0.wp.com\/www.shqiperia.com\/blog\/wp-content\/uploads\/2026\/07\/Screenshot-2026-06-26-110534-1024x588-1.jpg?fit=1024%2C588&amp;ssl=1\" class=\"alignnone  wp-image-102726\" alt=\"\" src=\"https:\/\/i0.wp.com\/www.shqiperia.com\/blog\/wp-content\/uploads\/2026\/07\/Screenshot-2026-06-26-110534-1024x588-1.jpg?resize=569%2C326&#038;ssl=1\" width=\"569\" height=\"326\" srcset=\"https:\/\/i0.wp.com\/www.shqiperia.com\/blog\/wp-content\/uploads\/2026\/07\/Screenshot-2026-06-26-110534-1024x588-1.jpg?resize=300%2C172&amp;ssl=1 300w, https:\/\/i0.wp.com\/www.shqiperia.com\/blog\/wp-content\/uploads\/2026\/07\/Screenshot-2026-06-26-110534-1024x588-1.jpg?resize=768%2C441&amp;ssl=1 768w, https:\/\/i0.wp.com\/www.shqiperia.com\/blog\/wp-content\/uploads\/2026\/07\/Screenshot-2026-06-26-110534-1024x588-1.jpg?resize=450%2C258&amp;ssl=1 450w, https:\/\/i0.wp.com\/www.shqiperia.com\/blog\/wp-content\/uploads\/2026\/07\/Screenshot-2026-06-26-110534-1024x588-1.jpg?resize=600%2C345&amp;ssl=1 600w, https:\/\/i0.wp.com\/www.shqiperia.com\/blog\/wp-content\/uploads\/2026\/07\/Screenshot-2026-06-26-110534-1024x588-1.jpg?resize=400%2C230&amp;ssl=1 400w, https:\/\/i0.wp.com\/www.shqiperia.com\/blog\/wp-content\/uploads\/2026\/07\/Screenshot-2026-06-26-110534-1024x588-1.jpg?w=1024&amp;ssl=1 1024w\" sizes=\"auto, (max-width: 569px) 100vw, 569px\" \/><\/p>\n<p>15 Korrik 2026<\/p>\n<p>T\u00eb rinjt\u00eb po plaken m\u00eb shpejt n\u00eb krahasim me gjeneratat e m\u00ebparshme.<\/p>\n<p>Arsyet jan\u00eb ende t\u00eb paqarta dhe n\u00ebn v\u00ebzhgim. Ajo q\u00eb v\u00ebrehet \u00ebsht\u00eb nj\u00eb or\u00eb biologjike m\u00eb e shpejt\u00eb n\u00eb krahasim me ata t\u00eb lindur pak dekada m\u00eb par\u00eb. Ndryshimet v\u00ebrehen pas vitit 1965, ku ky proces \u00ebsht\u00eb n\u00eb progresion t\u00eb duksh\u00ebm.<\/p>\n<p>\u00cbsht\u00eb nj\u00eb studim i realizuar nga Washington University School of Medicine n\u00eb St. Louis, i publikuar n\u00eb revist\u00ebn Nature Medicine.<\/p>\n<p>Jan\u00eb analizuar t\u00eb dh\u00ebnat e mbi 160 mij\u00eb personave t\u00eb 3 gjeneratave t\u00eb ndryshme, nga UK Biobank, p\u00ebrfshir\u00eb edhe 10 mij\u00eb t\u00eb rritur nga SHBA.<\/p>\n<p>Rezultoi se ka diferenca q\u00eb arrijn\u00eb deri n\u00eb 15% nd\u00ebrmjet dekadave dhe t\u00eb lindurve p\u00ebrkat\u00ebs, \u00e7ka p\u00ebrkonte edhe me rritjen e s\u00ebmundjeve, t\u00eb cilat ishin n\u00eb proporcion me or\u00ebn biologjike t\u00eb p\u00ebrshpejtuar, \u00e7ka sjell plakje m\u00eb t\u00eb shpejt\u00eb t\u00eb sistemit imunitar dhe organizmit.<\/p>\n<p>Ende shkaqet jan\u00eb t\u00eb paqarta, pavar\u00ebsisht hipotezave t\u00eb shumta, t\u00eb cilat duhen faktuar p\u00ebr t\u00eb arritur n\u00eb konkluzione t\u00eb sakta.<\/p>\n","protected":false},"excerpt":{"rendered":"<p>15 Korrik 2026 T\u00eb rinjt\u00eb po plaken m\u00eb shpejt n\u00eb krahasim me gjeneratat e m\u00ebparshme. Arsyet jan\u00eb ende t\u00eb paqarta dhe n\u00ebn v\u00ebzhgim. Ajo q\u00eb v\u00ebrehet \u00ebsht\u00eb nj\u00eb or\u00eb biologjike m\u00eb e shpejt\u00eb n\u00eb krahasim me ata t\u00eb lindur pak dekada m\u00eb par\u00eb. Ndryshimet v\u00ebrehen pas vitit 1965, ku ky proces \u00ebsht\u00eb n\u00eb progresion t\u00eb [&hellip;]<\/p>\n","protected":false},"author":9,"featured_media":102726,"comment_status":"open","ping_status":"open","sticky":false,"template":"","format":"standard","meta":{"jetpack_post_was_ever_published":false,"_jetpack_newsletter_access":"","_jetpack_dont_email_post_to_subs":false,"_jetpack_newsletter_tier_id":0,"_jetpack_memberships_contains_paywalled_content":false,"_jetpack_memberships_contains_paid_content":false,"footnotes":"","jetpack_publicize_message":"","jetpack_publicize_feature_enabled":true,"jetpack_social_post_already_shared":true,"jetpack_social_options":{"image_generator_settings":{"template":"highway","default_image_id":0,"font":"","enabled":false},"version":2}},"categories":[27,1,35],"tags":[],"class_list":["post-102724","post","type-post","status-publish","format-standard","has-post-thumbnail","hentry","category-blogu-i-udhetarit","category-njoftime-shtypi","category-shoqerore"],"jetpack_publicize_connections":[],"jetpack_featured_media_url":"https:\/\/i0.wp.com\/www.shqiperia.com\/blog\/wp-content\/uploads\/2026\/07\/Screenshot-2026-06-26-110534-1024x588-1.jpg?fit=1024%2C588&ssl=1","jetpack_sharing_enabled":true,"jetpack_shortlink":"https:\/\/wp.me\/p5Z6wp-qIQ","jetpack-related-posts":[{"id":105621,"url":"https:\/\/www.shqiperia.com\/blog\/kriza-e-strehimit-ne-spanje-pse-te-rinjte-po-lene-qytetet-per-fshatrat\/","url_meta":{"origin":102724,"position":0},"title":"Kriza e strehimit n\u00eb Spanj\u00eb: &#8211; Pse t\u00eb rinjt\u00eb po l\u00ebn\u00eb qytetet p\u00ebr fshatrat","author":"Kurt Farka","date":"September 1, 2026","format":false,"excerpt":"1 Shtator 2026 13% e personave q\u00eb synojn\u00eb t\u00eb blejn\u00eb nj\u00eb banes\u00eb planifikojn\u00eb t\u00eb zhvendosen n\u00eb zona me m\u00eb pak se 10 mij\u00eb banor\u00eb. Mes tyre mbizot\u00ebrojn\u00eb t\u00eb rinjt\u00eb rreth 35 vje\u00e7, me t\u00eb ardhura mesatare, t\u00eb cil\u00ebt po i shohin zonat rurale t\u00eb Spanj\u00ebs si nj\u00eb rrug\u00ebdalje nga nj\u00eb\u2026","rel":"","context":"In &quot;Blogu i Udh\u00ebtarit&quot;","block_context":{"text":"Blogu i Udh\u00ebtarit","link":"https:\/\/www.shqiperia.com\/blog\/category\/blogu-i-udhetarit\/"},"img":{"alt_text":"","src":"https:\/\/i0.wp.com\/www.shqiperia.com\/blog\/wp-content\/uploads\/2026\/09\/Spanje.jpeg?fit=1200%2C675&ssl=1&resize=350%2C200","width":350,"height":200,"srcset":"https:\/\/i0.wp.com\/www.shqiperia.com\/blog\/wp-content\/uploads\/2026\/09\/Spanje.jpeg?fit=1200%2C675&ssl=1&resize=350%2C200 1x, https:\/\/i0.wp.com\/www.shqiperia.com\/blog\/wp-content\/uploads\/2026\/09\/Spanje.jpeg?fit=1200%2C675&ssl=1&resize=525%2C300 1.5x, https:\/\/i0.wp.com\/www.shqiperia.com\/blog\/wp-content\/uploads\/2026\/09\/Spanje.jpeg?fit=1200%2C675&ssl=1&resize=700%2C400 2x, https:\/\/i0.wp.com\/www.shqiperia.com\/blog\/wp-content\/uploads\/2026\/09\/Spanje.jpeg?fit=1200%2C675&ssl=1&resize=1050%2C600 3x"},"classes":[]},{"id":105534,"url":"https:\/\/www.shqiperia.com\/blog\/indianet-ne-serat-shqiptare-te-rinjte-braktisin-bujqesine-bizneset-plotesojne-mungesat-me-punetore-te-huaj\/","url_meta":{"origin":102724,"position":1},"title":"Indian\u00ebt n\u00eb serat shqiptare, t\u00eb rinjt\u00eb braktisin bujq\u00ebsin\u00eb, bizneset plot\u00ebsojn\u00eb mungesat me pun\u00ebtor\u00eb t\u00eb huaj","author":"Kurt Farka","date":"August 30, 2026","format":false,"excerpt":"30 Gusht 2026 Bujq\u00ebsia intensive k\u00ebrkon miliona fidane q\u00eb t\u00eb mbillen nga veriu n\u00eb jug t\u00eb Shqip\u00ebris\u00eb, sepse edhe ne po zgjerohemi drejt prodhimit n\u00eb sera. Dikur k\u00ebto fidane mbilleshin nga duart e pun\u00ebtor\u00ebve tan\u00eb, nd\u00ebrsa sot po mbillen e po rriten nga duart e indian\u00ebve. \u201cEmri im \u00ebsht\u00eb Ashu.\u2026","rel":"","context":"In &quot;Blogu i Udh\u00ebtarit&quot;","block_context":{"text":"Blogu i Udh\u00ebtarit","link":"https:\/\/www.shqiperia.com\/blog\/category\/blogu-i-udhetarit\/"},"img":{"alt_text":"","src":"https:\/\/i0.wp.com\/www.shqiperia.com\/blog\/wp-content\/uploads\/2026\/08\/images-1_sd-7-800x450-1.webp?fit=800%2C450&ssl=1&resize=350%2C200","width":350,"height":200,"srcset":"https:\/\/i0.wp.com\/www.shqiperia.com\/blog\/wp-content\/uploads\/2026\/08\/images-1_sd-7-800x450-1.webp?fit=800%2C450&ssl=1&resize=350%2C200 1x, https:\/\/i0.wp.com\/www.shqiperia.com\/blog\/wp-content\/uploads\/2026\/08\/images-1_sd-7-800x450-1.webp?fit=800%2C450&ssl=1&resize=525%2C300 1.5x, https:\/\/i0.wp.com\/www.shqiperia.com\/blog\/wp-content\/uploads\/2026\/08\/images-1_sd-7-800x450-1.webp?fit=800%2C450&ssl=1&resize=700%2C400 2x"},"classes":[]},{"id":100136,"url":"https:\/\/www.shqiperia.com\/blog\/rreziku-nga-hantavirusi-vendet-qe-u-alarmuan-kishin-shtetasit-e-tyre-ne-anijen-turistike-epidemiologu-jo-vetem-minjte-mbartes-jane-edhe\/","url_meta":{"origin":102724,"position":2},"title":"Rreziku nga hantavirusi? \u201cVendet q\u00eb u alarmuan kishin shtetasit e tyre n\u00eb anijen turistike\u201d, epidemiologu: &#8211; Jo vet\u00ebm minjt\u00eb, mbart\u00ebs jan\u00eb edhe\u2026","author":"Kurt Farka","date":"May 12, 2026","format":false,"excerpt":"12 Maji 2026 ...Kemi edhe mbart\u00ebs t\u00eb rinj, n\u00ebse deri dje kryesor ishin minjt\u00eb, tashm\u00eb \u00ebsht\u00eb v\u00ebn\u00eb re q\u00eb bart\u00ebs t\u00eb hantavirusit, jan\u00eb edhe lakuriq\u00ebt e nat\u00ebs, edhe urith\u00ebt por edhe n\u00eb disa raste peshqit\u2026\u201d Epidemiolog Laidon Shapo foli n\u00eb emisionin \u201cStudio24\u201d \u00a0p\u00ebr hantavirusin dhe shqet\u00ebsimet q\u00eb ka ngritur ky\u2026","rel":"","context":"In &quot;Njoftime Shtypi&quot;","block_context":{"text":"Njoftime Shtypi","link":"https:\/\/www.shqiperia.com\/blog\/category\/njoftime-shtypi\/"},"img":{"alt_text":"","src":"https:\/\/i0.wp.com\/www.shqiperia.com\/blog\/wp-content\/uploads\/2026\/05\/hantavirus.jpg?fit=1200%2C674&ssl=1&resize=350%2C200","width":350,"height":200,"srcset":"https:\/\/i0.wp.com\/www.shqiperia.com\/blog\/wp-content\/uploads\/2026\/05\/hantavirus.jpg?fit=1200%2C674&ssl=1&resize=350%2C200 1x, https:\/\/i0.wp.com\/www.shqiperia.com\/blog\/wp-content\/uploads\/2026\/05\/hantavirus.jpg?fit=1200%2C674&ssl=1&resize=525%2C300 1.5x, https:\/\/i0.wp.com\/www.shqiperia.com\/blog\/wp-content\/uploads\/2026\/05\/hantavirus.jpg?fit=1200%2C674&ssl=1&resize=700%2C400 2x, https:\/\/i0.wp.com\/www.shqiperia.com\/blog\/wp-content\/uploads\/2026\/05\/hantavirus.jpg?fit=1200%2C674&ssl=1&resize=1050%2C600 3x"},"classes":[]},{"id":100616,"url":"https:\/\/www.shqiperia.com\/blog\/laboratore-copy-paste-i-njejti-mjek-firmos-analiza-ne-disa-pika-skema-qe-ngre-pikepyetje\/","url_meta":{"origin":102724,"position":3},"title":"Laborator\u00eb \u2018copy-paste\u2019: &#8211; I nj\u00ebjti mjek firmos analiza n\u00eb disa pika\/ Skema q\u00eb ngre pik\u00ebpyetje","author":"Kurt Farka","date":"May 24, 2026","format":false,"excerpt":"24 Maji 2026 Sipas Qendr\u00ebs Komb\u00ebtare t\u00eb Licensimit, n\u00eb Shqip\u00ebri operojn\u00eb rreth 957 laborator\u00eb klinik\u00eb, ku \u00e7do dit\u00eb analizohen mostra biologjike t\u00eb pacient\u00ebve, gjak, urin\u00eb, fe\u00e7e dhe l\u00ebngje t\u00eb tjera trupore, me q\u00ebllim diagnostikimin, monitorimin dhe ndjekjen e s\u00ebmundjeve. Por kur nj\u00eb analiz\u00eb interpretohet gabim, kostot p\u00ebr pacientin mund t\u00eb\u2026","rel":"","context":"In &quot;Blogu i Udh\u00ebtarit&quot;","block_context":{"text":"Blogu i Udh\u00ebtarit","link":"https:\/\/www.shqiperia.com\/blog\/category\/blogu-i-udhetarit\/"},"img":{"alt_text":"","src":"https:\/\/i0.wp.com\/www.shqiperia.com\/blog\/wp-content\/uploads\/2026\/05\/maxresdefault-2-1.jpg?fit=1200%2C675&ssl=1&resize=350%2C200","width":350,"height":200,"srcset":"https:\/\/i0.wp.com\/www.shqiperia.com\/blog\/wp-content\/uploads\/2026\/05\/maxresdefault-2-1.jpg?fit=1200%2C675&ssl=1&resize=350%2C200 1x, https:\/\/i0.wp.com\/www.shqiperia.com\/blog\/wp-content\/uploads\/2026\/05\/maxresdefault-2-1.jpg?fit=1200%2C675&ssl=1&resize=525%2C300 1.5x, https:\/\/i0.wp.com\/www.shqiperia.com\/blog\/wp-content\/uploads\/2026\/05\/maxresdefault-2-1.jpg?fit=1200%2C675&ssl=1&resize=700%2C400 2x, https:\/\/i0.wp.com\/www.shqiperia.com\/blog\/wp-content\/uploads\/2026\/05\/maxresdefault-2-1.jpg?fit=1200%2C675&ssl=1&resize=1050%2C600 3x"},"classes":[]},{"id":100339,"url":"https:\/\/www.shqiperia.com\/blog\/cfare-ndodh-kur-vdekjet-tejkalojne-lindjet\/","url_meta":{"origin":102724,"position":4},"title":"\u00c7far\u00eb ndodh kur vdekjet tejkalojn\u00eb lindjet?","author":"Kurt Farka","date":"May 16, 2026","format":false,"excerpt":"16 Maji 2026 N\u00eb Japoni, tashm\u00eb ka kompani q\u00eb specializohen n\u00eb pastrimin e apartamenteve t\u00eb t\u00eb moshuarve q\u00eb kan\u00eb vdekur vet\u00ebm dhe jan\u00eb zbuluar jav\u00eb apo muaj m\u00eb von\u00eb, nd\u00ebrsa shitjet e pelenave p\u00ebr t\u00eb rritur kan\u00eb tejkaluar shitjet e pelenave p\u00ebr f\u00ebmij\u00eb p\u00ebr m\u00eb shum\u00eb se nj\u00eb dekad\u00eb. N\u00eb\u2026","rel":"","context":"In &quot;Njoftime Shtypi&quot;","block_context":{"text":"Njoftime Shtypi","link":"https:\/\/www.shqiperia.com\/blog\/category\/njoftime-shtypi\/"},"img":{"alt_text":"","src":"https:\/\/i0.wp.com\/www.shqiperia.com\/blog\/wp-content\/uploads\/2026\/05\/Screenshot-2026-05-02-192700-1024x573-1.jpg?fit=1024%2C573&ssl=1&resize=350%2C200","width":350,"height":200,"srcset":"https:\/\/i0.wp.com\/www.shqiperia.com\/blog\/wp-content\/uploads\/2026\/05\/Screenshot-2026-05-02-192700-1024x573-1.jpg?fit=1024%2C573&ssl=1&resize=350%2C200 1x, https:\/\/i0.wp.com\/www.shqiperia.com\/blog\/wp-content\/uploads\/2026\/05\/Screenshot-2026-05-02-192700-1024x573-1.jpg?fit=1024%2C573&ssl=1&resize=525%2C300 1.5x, https:\/\/i0.wp.com\/www.shqiperia.com\/blog\/wp-content\/uploads\/2026\/05\/Screenshot-2026-05-02-192700-1024x573-1.jpg?fit=1024%2C573&ssl=1&resize=700%2C400 2x"},"classes":[]},{"id":100588,"url":"https:\/\/www.shqiperia.com\/blog\/jonathan-pano-shpopullimi-nuk-eshte-rastesi-por-nje-axhende-e-qeverise\/","url_meta":{"origin":102724,"position":5},"title":"Jonathan Pano: &#8211; Shpopullimi nuk \u00ebsht\u00eb rast\u00ebsi, por nj\u00eb axhend\u00eb e qeveris\u00eb","author":"Kurt Farka","date":"May 22, 2026","format":false,"excerpt":"22 Maji 2026 I ftuar n\u00eb nj\u00eb studio televizive Jonathan Pano, an\u00ebtar i K\u00ebshillit Bashkiak t\u00eb Tiran\u00ebs nga radh\u00ebt e opozit\u00ebs, ngriti alarmin p\u00ebr ritmet e shpopullimit n\u00eb Shqip\u00ebri, duke iu referuar t\u00eb dh\u00ebnave t\u00eb Eurostat dhe analizave t\u00eb ekspert\u00ebve t\u00eb demografis\u00eb. Sipas Panos, raportimet p\u00ebr rreth 29 mij\u00eb persona\u2026","rel":"","context":"In &quot;Blogu i Udh\u00ebtarit&quot;","block_context":{"text":"Blogu i Udh\u00ebtarit","link":"https:\/\/www.shqiperia.com\/blog\/category\/blogu-i-udhetarit\/"},"img":{"alt_text":"","src":"https:\/\/i0.wp.com\/www.shqiperia.com\/blog\/wp-content\/uploads\/2026\/05\/nfk.jpg?fit=773%2C528&ssl=1&resize=350%2C200","width":350,"height":200,"srcset":"https:\/\/i0.wp.com\/www.shqiperia.com\/blog\/wp-content\/uploads\/2026\/05\/nfk.jpg?fit=773%2C528&ssl=1&resize=350%2C200 1x, https:\/\/i0.wp.com\/www.shqiperia.com\/blog\/wp-content\/uploads\/2026\/05\/nfk.jpg?fit=773%2C528&ssl=1&resize=525%2C300 1.5x, https:\/\/i0.wp.com\/www.shqiperia.com\/blog\/wp-content\/uploads\/2026\/05\/nfk.jpg?fit=773%2C528&ssl=1&resize=700%2C400 2x"},"classes":[]}],"_links":{"self":[{"href":"https:\/\/www.shqiperia.com\/blog\/wp-json\/wp\/v2\/posts\/102724","targetHints":{"allow":["GET"]}}],"collection":[{"href":"https:\/\/www.shqiperia.com\/blog\/wp-json\/wp\/v2\/posts"}],"about":[{"href":"https:\/\/www.shqiperia.com\/blog\/wp-json\/wp\/v2\/types\/post"}],"author":[{"embeddable":true,"href":"https:\/\/www.shqiperia.com\/blog\/wp-json\/wp\/v2\/users\/9"}],"replies":[{"embeddable":true,"href":"https:\/\/www.shqiperia.com\/blog\/wp-json\/wp\/v2\/comments?post=102724"}],"version-history":[{"count":2,"href":"https:\/\/www.shqiperia.com\/blog\/wp-json\/wp\/v2\/posts\/102724\/revisions"}],"predecessor-version":[{"id":102727,"href":"https:\/\/www.shqiperia.com\/blog\/wp-json\/wp\/v2\/posts\/102724\/revisions\/102727"}],"wp:featuredmedia":[{"embeddable":true,"href":"https:\/\/www.shqiperia.com\/blog\/wp-json\/wp\/v2\/media\/102726"}],"wp:attachment":[{"href":"https:\/\/www.shqiperia.com\/blog\/wp-json\/wp\/v2\/media?parent=102724"}],"wp:term":[{"taxonomy":"category","embeddable":true,"href":"https:\/\/www.shqiperia.com\/blog\/wp-json\/wp\/v2\/categories?post=102724"},{"taxonomy":"post_tag","embeddable":true,"href":"https:\/\/www.shqiperia.com\/blog\/wp-json\/wp\/v2\/tags?post=102724"}],"curies":[{"name":"wp","href":"https:\/\/api.w.org\/{rel}","templated":true}]}}