{"id":10203,"date":"2018-07-24T09:06:16","date_gmt":"2018-07-24T09:06:16","guid":{"rendered":"http:\/\/www.shqiperia.com\/blog\/?p=10203"},"modified":"2018-07-24T09:06:16","modified_gmt":"2018-07-24T09:06:16","slug":"dy-fjale-per-dy-buste-krijimit-artistik-kur-nuk-arijne-persosjen-kthehen-ne-qesharake","status":"publish","type":"post","link":"https:\/\/www.shqiperia.com\/blog\/dy-fjale-per-dy-buste-krijimit-artistik-kur-nuk-arijne-persosjen-kthehen-ne-qesharake\/","title":{"rendered":"Dy fjale per dy buste .- Krijimit artistik kur nuk arijne persosjen kthehen ne qesharake. &#8211;"},"content":{"rendered":"<p><img data-recalc-dims=\"1\" loading=\"lazy\" decoding=\"async\" data-attachment-id=\"10204\" data-permalink=\"https:\/\/www.shqiperia.com\/blog\/dy-fjale-per-dy-buste-krijimit-artistik-kur-nuk-arijne-persosjen-kthehen-ne-qesharake\/busti-pjeter-arbnori-2\/\" data-orig-file=\"https:\/\/i0.wp.com\/www.shqiperia.com\/blog\/wp-content\/uploads\/2018\/07\/Busti-Pjeter-Arbnori-2.jpg?fit=382%2C248&amp;ssl=1\" data-orig-size=\"382,248\" data-comments-opened=\"1\" data-image-meta=\"{&quot;aperture&quot;:&quot;0&quot;,&quot;credit&quot;:&quot;&quot;,&quot;camera&quot;:&quot;&quot;,&quot;caption&quot;:&quot;&quot;,&quot;created_timestamp&quot;:&quot;0&quot;,&quot;copyright&quot;:&quot;&quot;,&quot;focal_length&quot;:&quot;0&quot;,&quot;iso&quot;:&quot;0&quot;,&quot;shutter_speed&quot;:&quot;0&quot;,&quot;title&quot;:&quot;&quot;,&quot;orientation&quot;:&quot;0&quot;}\" data-image-title=\"Busti Pjeter Arbnori (2)\" data-image-description=\"\" data-image-caption=\"\" data-medium-file=\"https:\/\/i0.wp.com\/www.shqiperia.com\/blog\/wp-content\/uploads\/2018\/07\/Busti-Pjeter-Arbnori-2.jpg?fit=300%2C195&amp;ssl=1\" data-large-file=\"https:\/\/i0.wp.com\/www.shqiperia.com\/blog\/wp-content\/uploads\/2018\/07\/Busti-Pjeter-Arbnori-2.jpg?fit=382%2C248&amp;ssl=1\" class=\"alignnone size-medium wp-image-10204\" alt=\"\" src=\"https:\/\/i0.wp.com\/www.shqiperia.com\/blog\/wp-content\/uploads\/2018\/07\/Busti-Pjeter-Arbnori-2-300x195.jpg?resize=300%2C195\" width=\"300\" height=\"195\" srcset=\"https:\/\/i0.wp.com\/www.shqiperia.com\/blog\/wp-content\/uploads\/2018\/07\/Busti-Pjeter-Arbnori-2.jpg?resize=300%2C195&amp;ssl=1 300w, https:\/\/i0.wp.com\/www.shqiperia.com\/blog\/wp-content\/uploads\/2018\/07\/Busti-Pjeter-Arbnori-2.jpg?w=382&amp;ssl=1 382w\" sizes=\"auto, (max-width: 300px) 100vw, 300px\" \/><\/p>\n<p>Dy fjale per dy buste .- Krijimit artistik kur nuk arijne persosjen kthehen ne qesharake. &#8211;<\/p>\n<p>Na: Bashkim Zahaj<\/p>\n<p>Ne artin e skulptures si dhe ne arte te tjera krijimtaria jo gjithmon pershkon te njejtin botkuptim apo perfytyrim me imazhin qe ndodh te kete nje grup i caktuar njerezish apo edhe nje mase e tere. Kjo per aresyen e thjeshte se artisti gjurmon ne perceptimin e vet ideor per te permbushur vepren. Thene me fjale te thjeshta Fan Nolin (busti ne te djathte po prap ne krah te parlamentit) mund ta shohesh real e te detajuar, ne kembe me nje qendrim natyral por e shohim ndryshe. Pse ? Sepse ne kete rast autori nuk ka mare persiper te beje thjesht dhe vetem &#8220;ngjashmerine &#8220;fizike. Ai ne botkuptimin e krijimit ka kapercyer realen qe ne njohim ne portret dhe ka dashur te kerkoje e paraqse me shume se aq (ne ja ka aritur vertet) pra nje bust kompozicional, kujdes&#8230;..kompozicional qe do te thote nje krijim ku bindjet e tija filozofike, shoqerore, artistike, kulturore, estetike, politike etj dalin ne plan te pare dhe dominojne mbi realen e &#8220;ngjashme&#8221; . Keshtu do thoja se eshte pare busti i Pjeter Arbnorit . Po at&#8217;here pse nuk na pelqen ? Po i Fan Nolit ?<\/p>\n<p><img data-recalc-dims=\"1\" loading=\"lazy\" decoding=\"async\" data-attachment-id=\"10205\" data-permalink=\"https:\/\/www.shqiperia.com\/blog\/dy-fjale-per-dy-buste-krijimit-artistik-kur-nuk-arijne-persosjen-kthehen-ne-qesharake\/busti-fan-noli\/\" data-orig-file=\"https:\/\/i0.wp.com\/www.shqiperia.com\/blog\/wp-content\/uploads\/2018\/07\/Busti-Fan-Noli.jpg?fit=338%2C450&amp;ssl=1\" data-orig-size=\"338,450\" data-comments-opened=\"1\" data-image-meta=\"{&quot;aperture&quot;:&quot;0&quot;,&quot;credit&quot;:&quot;&quot;,&quot;camera&quot;:&quot;&quot;,&quot;caption&quot;:&quot;&quot;,&quot;created_timestamp&quot;:&quot;0&quot;,&quot;copyright&quot;:&quot;&quot;,&quot;focal_length&quot;:&quot;0&quot;,&quot;iso&quot;:&quot;0&quot;,&quot;shutter_speed&quot;:&quot;0&quot;,&quot;title&quot;:&quot;&quot;,&quot;orientation&quot;:&quot;0&quot;}\" data-image-title=\"Busti Fan Noli\" data-image-description=\"\" data-image-caption=\"\" data-medium-file=\"https:\/\/i0.wp.com\/www.shqiperia.com\/blog\/wp-content\/uploads\/2018\/07\/Busti-Fan-Noli.jpg?fit=225%2C300&amp;ssl=1\" data-large-file=\"https:\/\/i0.wp.com\/www.shqiperia.com\/blog\/wp-content\/uploads\/2018\/07\/Busti-Fan-Noli.jpg?fit=338%2C450&amp;ssl=1\" class=\"alignnone  wp-image-10205\" alt=\"\" src=\"https:\/\/i0.wp.com\/www.shqiperia.com\/blog\/wp-content\/uploads\/2018\/07\/Busti-Fan-Noli-225x300.jpg?resize=365%2C487\" width=\"365\" height=\"487\" srcset=\"https:\/\/i0.wp.com\/www.shqiperia.com\/blog\/wp-content\/uploads\/2018\/07\/Busti-Fan-Noli.jpg?resize=225%2C300&amp;ssl=1 225w, https:\/\/i0.wp.com\/www.shqiperia.com\/blog\/wp-content\/uploads\/2018\/07\/Busti-Fan-Noli.jpg?w=338&amp;ssl=1 338w\" sizes=\"auto, (max-width: 365px) 100vw, 365px\" \/> <img data-recalc-dims=\"1\" loading=\"lazy\" decoding=\"async\" data-attachment-id=\"10206\" data-permalink=\"https:\/\/www.shqiperia.com\/blog\/dy-fjale-per-dy-buste-krijimit-artistik-kur-nuk-arijne-persosjen-kthehen-ne-qesharake\/busti-pjeter-arbnori-2-2\/\" data-orig-file=\"https:\/\/i0.wp.com\/www.shqiperia.com\/blog\/wp-content\/uploads\/2018\/07\/Busti-Pjeter-Arbnori-2-1.jpg?fit=382%2C248&amp;ssl=1\" data-orig-size=\"382,248\" data-comments-opened=\"1\" data-image-meta=\"{&quot;aperture&quot;:&quot;0&quot;,&quot;credit&quot;:&quot;&quot;,&quot;camera&quot;:&quot;&quot;,&quot;caption&quot;:&quot;&quot;,&quot;created_timestamp&quot;:&quot;0&quot;,&quot;copyright&quot;:&quot;&quot;,&quot;focal_length&quot;:&quot;0&quot;,&quot;iso&quot;:&quot;0&quot;,&quot;shutter_speed&quot;:&quot;0&quot;,&quot;title&quot;:&quot;&quot;,&quot;orientation&quot;:&quot;0&quot;}\" data-image-title=\"Busti Pjeter Arbnori (2)\" data-image-description=\"\" data-image-caption=\"\" data-medium-file=\"https:\/\/i0.wp.com\/www.shqiperia.com\/blog\/wp-content\/uploads\/2018\/07\/Busti-Pjeter-Arbnori-2-1.jpg?fit=300%2C195&amp;ssl=1\" data-large-file=\"https:\/\/i0.wp.com\/www.shqiperia.com\/blog\/wp-content\/uploads\/2018\/07\/Busti-Pjeter-Arbnori-2-1.jpg?fit=382%2C248&amp;ssl=1\" class=\"alignnone  wp-image-10206\" alt=\"\" src=\"https:\/\/i0.wp.com\/www.shqiperia.com\/blog\/wp-content\/uploads\/2018\/07\/Busti-Pjeter-Arbnori-2-1-300x195.jpg?resize=451%2C293\" width=\"451\" height=\"293\" srcset=\"https:\/\/i0.wp.com\/www.shqiperia.com\/blog\/wp-content\/uploads\/2018\/07\/Busti-Pjeter-Arbnori-2-1.jpg?resize=300%2C195&amp;ssl=1 300w, https:\/\/i0.wp.com\/www.shqiperia.com\/blog\/wp-content\/uploads\/2018\/07\/Busti-Pjeter-Arbnori-2-1.jpg?w=382&amp;ssl=1 382w\" sizes=\"auto, (max-width: 451px) 100vw, 451px\" \/> <img data-recalc-dims=\"1\" loading=\"lazy\" decoding=\"async\" data-attachment-id=\"10207\" data-permalink=\"https:\/\/www.shqiperia.com\/blog\/dy-fjale-per-dy-buste-krijimit-artistik-kur-nuk-arijne-persosjen-kthehen-ne-qesharake\/busti-pjeter-arbnori\/\" data-orig-file=\"https:\/\/i0.wp.com\/www.shqiperia.com\/blog\/wp-content\/uploads\/2018\/07\/Busti-Pjeter-Arbnori.jpg?fit=592%2C640&amp;ssl=1\" data-orig-size=\"592,640\" data-comments-opened=\"1\" data-image-meta=\"{&quot;aperture&quot;:&quot;0&quot;,&quot;credit&quot;:&quot;&quot;,&quot;camera&quot;:&quot;&quot;,&quot;caption&quot;:&quot;&quot;,&quot;created_timestamp&quot;:&quot;0&quot;,&quot;copyright&quot;:&quot;&quot;,&quot;focal_length&quot;:&quot;0&quot;,&quot;iso&quot;:&quot;0&quot;,&quot;shutter_speed&quot;:&quot;0&quot;,&quot;title&quot;:&quot;&quot;,&quot;orientation&quot;:&quot;0&quot;}\" data-image-title=\"Busti Pjeter Arbnori\" data-image-description=\"\" data-image-caption=\"\" data-medium-file=\"https:\/\/i0.wp.com\/www.shqiperia.com\/blog\/wp-content\/uploads\/2018\/07\/Busti-Pjeter-Arbnori.jpg?fit=278%2C300&amp;ssl=1\" data-large-file=\"https:\/\/i0.wp.com\/www.shqiperia.com\/blog\/wp-content\/uploads\/2018\/07\/Busti-Pjeter-Arbnori.jpg?fit=592%2C640&amp;ssl=1\" class=\"alignnone  wp-image-10207\" alt=\"\" src=\"https:\/\/i0.wp.com\/www.shqiperia.com\/blog\/wp-content\/uploads\/2018\/07\/Busti-Pjeter-Arbnori-278x300.jpg?resize=480%2C518\" width=\"480\" height=\"518\" srcset=\"https:\/\/i0.wp.com\/www.shqiperia.com\/blog\/wp-content\/uploads\/2018\/07\/Busti-Pjeter-Arbnori.jpg?resize=278%2C300&amp;ssl=1 278w, https:\/\/i0.wp.com\/www.shqiperia.com\/blog\/wp-content\/uploads\/2018\/07\/Busti-Pjeter-Arbnori.jpg?w=592&amp;ssl=1 592w\" sizes=\"auto, (max-width: 480px) 100vw, 480px\" \/><br \/>\nSepse kompozimet figurative te cilat mbartin mbi vehte kerkesa me te medha te krijimit artistik kur nuk arijne persosjen kthehen ne qesharake. Tendenca per ta pare bustin jo thjesht nje portret kavaleti por di\u00e7ka me shume per mua ka embrion interesant dhe te lavderueshem por qe nuk eshte \u00e7uar me perpara. Shikoni bazamentin, raport aspak monumental per qellimin e vepres, dimension horizontal teper i gabuar dhe materializim jo i pershtatshem. Eshte evidente se autori ka patur si qellim nje permendore e cila te mbart nje histori, nje realitet e nje jete te nje figure, jo thjesht nje njeri me emrin Pjeter.<\/p>\n<p>Ky qellim vlen per tu perkrahur pasi artit tone te skulptures kjo i mungon. Ndoshta nje permiresim dimensionimesh bazament- bust dhe nje vendosje e gjetur arkitektonike do ti japin kesaj vepre tjeter vlere.<\/p>\n<p><img data-recalc-dims=\"1\" loading=\"lazy\" decoding=\"async\" data-attachment-id=\"10208\" data-permalink=\"https:\/\/www.shqiperia.com\/blog\/dy-fjale-per-dy-buste-krijimit-artistik-kur-nuk-arijne-persosjen-kthehen-ne-qesharake\/37609691_2027549040892950_502041982814650368_n\/\" data-orig-file=\"https:\/\/i0.wp.com\/www.shqiperia.com\/blog\/wp-content\/uploads\/2018\/07\/37609691_2027549040892950_502041982814650368_n.jpg?fit=500%2C375&amp;ssl=1\" data-orig-size=\"500,375\" data-comments-opened=\"1\" data-image-meta=\"{&quot;aperture&quot;:&quot;0&quot;,&quot;credit&quot;:&quot;&quot;,&quot;camera&quot;:&quot;&quot;,&quot;caption&quot;:&quot;&quot;,&quot;created_timestamp&quot;:&quot;0&quot;,&quot;copyright&quot;:&quot;&quot;,&quot;focal_length&quot;:&quot;0&quot;,&quot;iso&quot;:&quot;0&quot;,&quot;shutter_speed&quot;:&quot;0&quot;,&quot;title&quot;:&quot;&quot;,&quot;orientation&quot;:&quot;0&quot;}\" data-image-title=\"37609691_2027549040892950_502041982814650368_n\" data-image-description=\"\" data-image-caption=\"\" data-medium-file=\"https:\/\/i0.wp.com\/www.shqiperia.com\/blog\/wp-content\/uploads\/2018\/07\/37609691_2027549040892950_502041982814650368_n.jpg?fit=300%2C225&amp;ssl=1\" data-large-file=\"https:\/\/i0.wp.com\/www.shqiperia.com\/blog\/wp-content\/uploads\/2018\/07\/37609691_2027549040892950_502041982814650368_n.jpg?fit=500%2C375&amp;ssl=1\" class=\"alignnone  wp-image-10208\" alt=\"\" src=\"https:\/\/i0.wp.com\/www.shqiperia.com\/blog\/wp-content\/uploads\/2018\/07\/37609691_2027549040892950_502041982814650368_n-300x225.jpg?resize=607%2C455\" width=\"607\" height=\"455\" srcset=\"https:\/\/i0.wp.com\/www.shqiperia.com\/blog\/wp-content\/uploads\/2018\/07\/37609691_2027549040892950_502041982814650368_n.jpg?resize=300%2C225&amp;ssl=1 300w, https:\/\/i0.wp.com\/www.shqiperia.com\/blog\/wp-content\/uploads\/2018\/07\/37609691_2027549040892950_502041982814650368_n.jpg?w=500&amp;ssl=1 500w\" sizes=\"auto, (max-width: 607px) 100vw, 607px\" \/><\/p>\n<p>Kujtoni bustet me dy kokat e poeteve te Librazhdit per te bere diferencen.<\/p>\n","protected":false},"excerpt":{"rendered":"<p>Dy fjale per dy buste .- Krijimit artistik kur nuk arijne persosjen kthehen ne qesharake. &#8211; Na: Bashkim Zahaj Ne artin e skulptures si dhe ne arte te tjera krijimtaria jo gjithmon pershkon te njejtin botkuptim apo perfytyrim me imazhin qe ndodh te kete nje grup i caktuar njerezish apo edhe nje mase e tere. [&hellip;]<\/p>\n","protected":false},"author":9,"featured_media":10204,"comment_status":"open","ping_status":"open","sticky":false,"template":"","format":"standard","meta":{"jetpack_post_was_ever_published":false,"_jetpack_newsletter_access":"","_jetpack_dont_email_post_to_subs":false,"_jetpack_newsletter_tier_id":0,"_jetpack_memberships_contains_paywalled_content":false,"_jetpack_memberships_contains_paid_content":false,"footnotes":"","jetpack_publicize_message":"","jetpack_publicize_feature_enabled":true,"jetpack_social_post_already_shared":true,"jetpack_social_options":{"image_generator_settings":{"template":"highway","default_image_id":0,"font":"","enabled":false},"version":2}},"categories":[87,27,10],"tags":[],"class_list":["post-10203","post","type-post","status-publish","format-standard","has-post-thumbnail","hentry","category-arte","category-blogu-i-udhetarit","category-kultura"],"jetpack_publicize_connections":[],"jetpack_featured_media_url":"https:\/\/i0.wp.com\/www.shqiperia.com\/blog\/wp-content\/uploads\/2018\/07\/Busti-Pjeter-Arbnori-2.jpg?fit=382%2C248&ssl=1","jetpack_sharing_enabled":true,"jetpack_shortlink":"https:\/\/wp.me\/p5Z6wp-2Ez","jetpack-related-posts":[{"id":35243,"url":"https:\/\/www.shqiperia.com\/blog\/dy-fjale-per-biografin-ardi-veliu\/","url_meta":{"origin":10203,"position":0},"title":"Dy fjal\u00eb p\u00ebr biografin Ardi Veliu","author":"Kurt Farka","date":"May 30, 2020","format":false,"excerpt":"Dy fjal\u00eb p\u00ebr biografin Ardi Veliu - 30\/05\/20 \" ...Ka raportime se Ardi Veliu, n\u00eb vitet 2002-2003, kur sh\u00ebrbente si shef n\u00eb Vlor\u00eb, ishte implikuar n\u00eb veprimtari t\u00eb paligjshme, n\u00eb trafikim q\u00ebniesh njer\u00ebzore dhe n\u00eb falsifikim pasaportash. K\u00ebt\u00eb karakteristik\u00eb t\u00eb Veliut e b\u00ebn nj\u00eb institucion ligjzbatues, q\u00eb \u00ebsht\u00eb pjes\u00eb e\u2026","rel":"","context":"In &quot;Blogu i Udh\u00ebtarit&quot;","block_context":{"text":"Blogu i Udh\u00ebtarit","link":"https:\/\/www.shqiperia.com\/blog\/category\/blogu-i-udhetarit\/"},"img":{"alt_text":"","src":"https:\/\/i0.wp.com\/www.shqiperia.com\/blog\/wp-content\/uploads\/2020\/05\/48c19bf2-ca9a-4e0a-bb26-702bebc02e4d.jpg?fit=917%2C481&ssl=1&resize=350%2C200","width":350,"height":200,"srcset":"https:\/\/i0.wp.com\/www.shqiperia.com\/blog\/wp-content\/uploads\/2020\/05\/48c19bf2-ca9a-4e0a-bb26-702bebc02e4d.jpg?fit=917%2C481&ssl=1&resize=350%2C200 1x, https:\/\/i0.wp.com\/www.shqiperia.com\/blog\/wp-content\/uploads\/2020\/05\/48c19bf2-ca9a-4e0a-bb26-702bebc02e4d.jpg?fit=917%2C481&ssl=1&resize=525%2C300 1.5x, https:\/\/i0.wp.com\/www.shqiperia.com\/blog\/wp-content\/uploads\/2020\/05\/48c19bf2-ca9a-4e0a-bb26-702bebc02e4d.jpg?fit=917%2C481&ssl=1&resize=700%2C400 2x"},"classes":[]},{"id":27893,"url":"https:\/\/www.shqiperia.com\/blog\/kur-sadik-kaceli-piketakohej-me-eugene-delacroix\/","url_meta":{"origin":10203,"position":1},"title":"Kur Sadik Kaceli pik\u00ebtakohej me Eug\u00e8ne Delacroix","author":"Kurt Farka","date":"November 7, 2019","format":false,"excerpt":"Kur Sadik Kaceli pik\u00ebtakohej me Eug\u00e8ne Delacroix Ky pik\u00ebtakim duket imagjinar, apo p\u00ebrmes imagjinat\u00ebs, krijimit, atmosfer\u00ebs pikturale, ngjyr\u00ebs, linj\u00ebs, me nj\u00eb fjal\u00eb t\u00eb frym\u00ebs s\u00eb piktorit shqiptar me nj\u00eb pjes\u00eb t\u00eb r\u00ebnd\u00ebsishme t\u00eb vepr\u00ebs s\u00eb Eug\u00e8ne Delacroix, si\u00e7 ishte epoka e tij orientaliste. Nga: Luan Rama\u00a0 Ky pik\u00ebtakim nuk \u00ebsht\u00eb\u2026","rel":"","context":"In &quot;Arte&quot;","block_context":{"text":"Arte","link":"https:\/\/www.shqiperia.com\/blog\/category\/arte\/"},"img":{"alt_text":"","src":"https:\/\/i0.wp.com\/www.shqiperia.com\/blog\/wp-content\/uploads\/2019\/11\/1-Sadik-kaceli.jpg?fit=1141%2C555&ssl=1&resize=350%2C200","width":350,"height":200,"srcset":"https:\/\/i0.wp.com\/www.shqiperia.com\/blog\/wp-content\/uploads\/2019\/11\/1-Sadik-kaceli.jpg?fit=1141%2C555&ssl=1&resize=350%2C200 1x, https:\/\/i0.wp.com\/www.shqiperia.com\/blog\/wp-content\/uploads\/2019\/11\/1-Sadik-kaceli.jpg?fit=1141%2C555&ssl=1&resize=525%2C300 1.5x, https:\/\/i0.wp.com\/www.shqiperia.com\/blog\/wp-content\/uploads\/2019\/11\/1-Sadik-kaceli.jpg?fit=1141%2C555&ssl=1&resize=700%2C400 2x, https:\/\/i0.wp.com\/www.shqiperia.com\/blog\/wp-content\/uploads\/2019\/11\/1-Sadik-kaceli.jpg?fit=1141%2C555&ssl=1&resize=1050%2C600 3x"},"classes":[]},{"id":61466,"url":"https:\/\/www.shqiperia.com\/blog\/spiune-ruse-ne-gramsh-rama-kjo-eshte-qesharake-shqetesimi-yne-i-vetem-eshte\/","url_meta":{"origin":10203,"position":2},"title":"Spiun\u00eb rus\u00eb n\u00eb Gramsh? Rama: &#8211; Kjo \u00ebsht\u00eb qesharake! Shqet\u00ebsimi yn\u00eb i vet\u00ebm \u00ebsht\u00eb\u2026","author":"Kurt Farka","date":"August 26, 2022","format":false,"excerpt":"26 Gusht 2022 Kryeministri Edi Rama ka reaguar p\u00ebr her\u00eb t\u00eb par\u00eb pas arrestimit t\u00eb dy rus\u00ebve dhe ukrainasit n\u00eb Gramsh pak dit\u00eb m\u00eb par\u00eb t\u00eb cil\u00ebt dyshohen si t\u00eb p\u00ebrfshir\u00eb n\u00eb spiunazh. Rama i cil\u00ebsoi deklarata qesharake pasi tha se objekti n\u00eb fjal\u00eb nuk prodhon arm\u00eb. Ai theksoi se\u2026","rel":"","context":"In &quot;Blogu i Udh\u00ebtarit&quot;","block_context":{"text":"Blogu i Udh\u00ebtarit","link":"https:\/\/www.shqiperia.com\/blog\/category\/blogu-i-udhetarit\/"},"img":{"alt_text":"","src":"https:\/\/i0.wp.com\/www.shqiperia.com\/blog\/wp-content\/uploads\/2022\/08\/EDI-RAMA-1.jpg?fit=433%2C300&ssl=1&resize=350%2C200","width":350,"height":200},"classes":[]},{"id":47054,"url":"https:\/\/www.shqiperia.com\/blog\/ne-shqiperi-krijohet-autokorrektori-i-gjuhes-shqipe\/","url_meta":{"origin":10203,"position":3},"title":"N\u00eb Shqip\u00ebri krijohet \u201cAutokorrektori i gjuh\u00ebs shqipe\u201d","author":"Kurt Farka","date":"April 29, 2021","format":false,"excerpt":"N\u00eb Shqip\u00ebri krijohet \u201cAutokorrektori i gjuh\u00ebs shqipe\u201d N\u00eb Shqip\u00ebri, nj\u00eb program i posa\u00e7\u00ebm, i quajtur Autokorrektori i gjuh\u00ebs shqipe, synon t\u00eb ndihmoj\u00eb individ\u00ebt, institucionet por dhe kompanit\u00eb, p\u00ebr t\u00eb p\u00ebrdorur gjuh\u00ebn standarte n\u00eb t\u00eb shkruar. Nism\u00ebtari i k\u00ebtij projekti t\u00eb zhvilluar n\u00eb nj\u00eb hark t\u00eb gjat\u00eb kohor, disa vje\u00e7ar, pedogogu\u2026","rel":"","context":"In &quot;Blogu i Udh\u00ebtarit&quot;","block_context":{"text":"Blogu i Udh\u00ebtarit","link":"https:\/\/www.shqiperia.com\/blog\/category\/blogu-i-udhetarit\/"},"img":{"alt_text":"","src":"https:\/\/i0.wp.com\/www.shqiperia.com\/blog\/wp-content\/uploads\/2021\/04\/auto_auto_Abetarja-Presheve15134534301551948430.jpg?fit=900%2C529&ssl=1&resize=350%2C200","width":350,"height":200,"srcset":"https:\/\/i0.wp.com\/www.shqiperia.com\/blog\/wp-content\/uploads\/2021\/04\/auto_auto_Abetarja-Presheve15134534301551948430.jpg?fit=900%2C529&ssl=1&resize=350%2C200 1x, https:\/\/i0.wp.com\/www.shqiperia.com\/blog\/wp-content\/uploads\/2021\/04\/auto_auto_Abetarja-Presheve15134534301551948430.jpg?fit=900%2C529&ssl=1&resize=525%2C300 1.5x, https:\/\/i0.wp.com\/www.shqiperia.com\/blog\/wp-content\/uploads\/2021\/04\/auto_auto_Abetarja-Presheve15134534301551948430.jpg?fit=900%2C529&ssl=1&resize=700%2C400 2x"},"classes":[]},{"id":15412,"url":"https:\/\/www.shqiperia.com\/blog\/15412-2\/","url_meta":{"origin":10203,"position":4},"title":"Paralajm\u00ebrimi i fort\u00eb i profesorit nga SHBA: Kryeministri do rr\u00ebshqas\u00eb tat\u00ebpjet\u00eb!","author":"Kurt Farka","date":"December 30, 2018","format":false,"excerpt":"Paralajm\u00ebrimi i fort\u00eb i profesorit nga SHBA: Kryeministri do rr\u00ebshqas\u00eb tat\u00ebpjet\u00eb! Edi Rama \u00ebsht\u00eb mjesht\u00ebr i loj\u00ebs, por cdo loj\u00eb e ka nj\u00eb fund, dhe kush ngjitet n\u00eb maj\u00eb nuk ku ka shkon, p\u00ebrvecse t\u00eb rr\u00ebshqas\u00eb tat\u00ebpjet\u00eb \u00a0Nga: Shinasi Rama Edi shkon n\u00eb luft\u00eb: ndryshimet n\u00eb qeveri, kongresi dhe zgjedhjet\u2026","rel":"","context":"In &quot;Blogu i Udh\u00ebtarit&quot;","block_context":{"text":"Blogu i Udh\u00ebtarit","link":"https:\/\/www.shqiperia.com\/blog\/category\/blogu-i-udhetarit\/"},"img":{"alt_text":"","src":"https:\/\/i0.wp.com\/www.shqiperia.com\/blog\/wp-content\/uploads\/2018\/12\/shinasi1-768x501-e1546008453920.jpg?fit=613%2C400&ssl=1&resize=350%2C200","width":350,"height":200,"srcset":"https:\/\/i0.wp.com\/www.shqiperia.com\/blog\/wp-content\/uploads\/2018\/12\/shinasi1-768x501-e1546008453920.jpg?fit=613%2C400&ssl=1&resize=350%2C200 1x, https:\/\/i0.wp.com\/www.shqiperia.com\/blog\/wp-content\/uploads\/2018\/12\/shinasi1-768x501-e1546008453920.jpg?fit=613%2C400&ssl=1&resize=525%2C300 1.5x"},"classes":[]},{"id":38893,"url":"https:\/\/www.shqiperia.com\/blog\/paguhen-nga-moska-e-beogradi-ngjela-pse-flasin-vetem-kunder-figurave-te-medha-shqiptare-dhe-asnje-fjale-per-esat-toptanin-apo-laro-te-tjere-qe-i-ka-perbuzur-historia\/","url_meta":{"origin":10203,"position":5},"title":"\u201cPaguhen nga Moska e Beogradi.\u201d &#8211; \u00a0Ngjela: Pse flasin vet\u00ebm kund\u00ebr figurave t\u00eb m\u00ebdha shqiptare dhe asnj\u00eb fjal\u00eb p\u00ebr Esat Toptanin, apo laro t\u00eb tjer\u00eb q\u00eb i ka p\u00ebrbuzur historia?","author":"Kurt Farka","date":"September 25, 2020","format":false,"excerpt":"\u201cPaguhen nga Moska e Beogradi.\u201d - \u00a0Ngjela: Pse flasin vet\u00ebm kund\u00ebr figurave t\u00eb m\u00ebdha shqiptare dhe asnj\u00eb fjal\u00eb p\u00ebr Esat Toptanin, apo laro t\u00eb tjer\u00eb q\u00eb i ka p\u00ebrbuzur historia? 15, shtator 2020 Spartak Ngjela mendon se \u201ckorrupsioni shqiptar \u00ebsht\u00eb i tulatur, por ende e ka shpres\u00ebn te Moska dhe\u2026","rel":"","context":"In &quot;Blogu i Udh\u00ebtarit&quot;","block_context":{"text":"Blogu i Udh\u00ebtarit","link":"https:\/\/www.shqiperia.com\/blog\/category\/blogu-i-udhetarit\/"},"img":{"alt_text":"","src":"https:\/\/i0.wp.com\/www.shqiperia.com\/blog\/wp-content\/uploads\/2020\/09\/spartak-ngjela-905x450-1.jpg?fit=905%2C450&ssl=1&resize=350%2C200","width":350,"height":200,"srcset":"https:\/\/i0.wp.com\/www.shqiperia.com\/blog\/wp-content\/uploads\/2020\/09\/spartak-ngjela-905x450-1.jpg?fit=905%2C450&ssl=1&resize=350%2C200 1x, https:\/\/i0.wp.com\/www.shqiperia.com\/blog\/wp-content\/uploads\/2020\/09\/spartak-ngjela-905x450-1.jpg?fit=905%2C450&ssl=1&resize=525%2C300 1.5x, https:\/\/i0.wp.com\/www.shqiperia.com\/blog\/wp-content\/uploads\/2020\/09\/spartak-ngjela-905x450-1.jpg?fit=905%2C450&ssl=1&resize=700%2C400 2x"},"classes":[]}],"_links":{"self":[{"href":"https:\/\/www.shqiperia.com\/blog\/wp-json\/wp\/v2\/posts\/10203","targetHints":{"allow":["GET"]}}],"collection":[{"href":"https:\/\/www.shqiperia.com\/blog\/wp-json\/wp\/v2\/posts"}],"about":[{"href":"https:\/\/www.shqiperia.com\/blog\/wp-json\/wp\/v2\/types\/post"}],"author":[{"embeddable":true,"href":"https:\/\/www.shqiperia.com\/blog\/wp-json\/wp\/v2\/users\/9"}],"replies":[{"embeddable":true,"href":"https:\/\/www.shqiperia.com\/blog\/wp-json\/wp\/v2\/comments?post=10203"}],"version-history":[{"count":1,"href":"https:\/\/www.shqiperia.com\/blog\/wp-json\/wp\/v2\/posts\/10203\/revisions"}],"predecessor-version":[{"id":10209,"href":"https:\/\/www.shqiperia.com\/blog\/wp-json\/wp\/v2\/posts\/10203\/revisions\/10209"}],"wp:featuredmedia":[{"embeddable":true,"href":"https:\/\/www.shqiperia.com\/blog\/wp-json\/wp\/v2\/media\/10204"}],"wp:attachment":[{"href":"https:\/\/www.shqiperia.com\/blog\/wp-json\/wp\/v2\/media?parent=10203"}],"wp:term":[{"taxonomy":"category","embeddable":true,"href":"https:\/\/www.shqiperia.com\/blog\/wp-json\/wp\/v2\/categories?post=10203"},{"taxonomy":"post_tag","embeddable":true,"href":"https:\/\/www.shqiperia.com\/blog\/wp-json\/wp\/v2\/tags?post=10203"}],"curies":[{"name":"wp","href":"https:\/\/api.w.org\/{rel}","templated":true}]}}