{"id":10168,"date":"2018-07-23T13:46:08","date_gmt":"2018-07-23T13:46:08","guid":{"rendered":"http:\/\/www.shqiperia.com\/blog\/?p=10168"},"modified":"2018-07-23T13:52:13","modified_gmt":"2018-07-23T13:52:13","slug":"suvenire-turistike-butrinti-2","status":"publish","type":"post","link":"https:\/\/www.shqiperia.com\/blog\/suvenire-turistike-butrinti-2\/","title":{"rendered":"Suvenire turistike: Butrinti. &#8211;"},"content":{"rendered":"","protected":false},"excerpt":{"rendered":"","protected":false},"author":9,"featured_media":10169,"comment_status":"open","ping_status":"open","sticky":false,"template":"","format":"standard","meta":{"jetpack_post_was_ever_published":false,"_jetpack_newsletter_access":"","_jetpack_dont_email_post_to_subs":false,"_jetpack_newsletter_tier_id":0,"_jetpack_memberships_contains_paywalled_content":false,"_jetpack_memberships_contains_paid_content":false,"footnotes":"","jetpack_publicize_message":"","jetpack_publicize_feature_enabled":true,"jetpack_social_post_already_shared":true,"jetpack_social_options":{"image_generator_settings":{"template":"highway","default_image_id":0,"font":"","enabled":false},"version":2}},"categories":[10],"tags":[],"class_list":["post-10168","post","type-post","status-publish","format-standard","has-post-thumbnail","hentry","category-kultura"],"jetpack_publicize_connections":[],"jetpack_featured_media_url":"https:\/\/i0.wp.com\/www.shqiperia.com\/blog\/wp-content\/uploads\/2018\/07\/1-1.jpg?fit=2696%2C1950&ssl=1","jetpack_sharing_enabled":true,"jetpack_shortlink":"https:\/\/wp.me\/p5Z6wp-2E0","jetpack-related-posts":[{"id":10233,"url":"https:\/\/www.shqiperia.com\/blog\/suvenire-turistike-butrinti-3\/","url_meta":{"origin":10168,"position":0},"title":"Suvenire turistike: Butrinti. &#8211;","author":"Kurt Farka","date":"July 24, 2018","format":false,"excerpt":"Suvenire turistike: Butrinti. - Portofol i vogel prej lekure dhe qepur me fiil po prej lekure. Mbi pamjen ballore eshte stampuar me reliev Dea dhe skice e kompleksit turistik me ngjyra. Portofoli ka permasa: 12 x 8.5 cm. Eshte punuar ne Ceki (atehere Cekosllovaki) ne vitin 1960, pra para 57\u2026","rel":"","context":"In &quot;Arte&quot;","block_context":{"text":"Arte","link":"https:\/\/www.shqiperia.com\/blog\/category\/arte\/"},"img":{"alt_text":"","src":"https:\/\/i0.wp.com\/www.shqiperia.com\/blog\/wp-content\/uploads\/2018\/07\/20180724_120903.jpg?fit=1200%2C821&ssl=1&resize=350%2C200","width":350,"height":200,"srcset":"https:\/\/i0.wp.com\/www.shqiperia.com\/blog\/wp-content\/uploads\/2018\/07\/20180724_120903.jpg?fit=1200%2C821&ssl=1&resize=350%2C200 1x, https:\/\/i0.wp.com\/www.shqiperia.com\/blog\/wp-content\/uploads\/2018\/07\/20180724_120903.jpg?fit=1200%2C821&ssl=1&resize=525%2C300 1.5x, https:\/\/i0.wp.com\/www.shqiperia.com\/blog\/wp-content\/uploads\/2018\/07\/20180724_120903.jpg?fit=1200%2C821&ssl=1&resize=700%2C400 2x, https:\/\/i0.wp.com\/www.shqiperia.com\/blog\/wp-content\/uploads\/2018\/07\/20180724_120903.jpg?fit=1200%2C821&ssl=1&resize=1050%2C600 3x"},"classes":[]},{"id":10146,"url":"https:\/\/www.shqiperia.com\/blog\/suvenire-turistike-butrinti\/","url_meta":{"origin":10168,"position":1},"title":"Shenimidhe foto: J. Brahaj","author":"Kurt Farka","date":"July 23, 2018","format":false,"excerpt":"Shenimidhe foto: J. Brahaj","rel":"","context":"In &quot;Kultura&quot;","block_context":{"text":"Kultura","link":"https:\/\/www.shqiperia.com\/blog\/category\/kultura\/"},"img":{"alt_text":"","src":"","width":0,"height":0},"classes":[]},{"id":37623,"url":"https:\/\/www.shqiperia.com\/blog\/dy-suvenire-nga-tregu-i-antikuarit-tirane\/","url_meta":{"origin":10168,"position":2},"title":"Dy suvenire nga Tregu i \u201dantikuarit\u201d, Tiran\u00eb","author":"Kurt Farka","date":"August 24, 2020","format":false,"excerpt":"Dy suvenire nga Tregu i \u201dantikuarit\u201d, Tiran\u00eb. Njera me tematik\u00eb nga lasht\u00ebsia e etnokultur\u00ebs shqiptare, tjetra nga kultura e pushtuesit Otoman. Nj\u00eb kontrast q\u00eb ka ekzistuar ne lufte p\u00ebr shekuj.","rel":"","context":"In &quot;Press Releases&quot;","block_context":{"text":"Press Releases","link":"https:\/\/www.shqiperia.com\/blog\/category\/press-releases\/"},"img":{"alt_text":"","src":"https:\/\/i0.wp.com\/www.shqiperia.com\/blog\/wp-content\/uploads\/2020\/08\/11880462_1713874372169192_489492044320002715_n-286x300.jpg?resize=350%2C200&ssl=1","width":350,"height":200},"classes":[]},{"id":30612,"url":"https:\/\/www.shqiperia.com\/blog\/jo-vetem-butrinti-42-kala-e-monumente-kulturore-me-ppp-40-vjecare\/","url_meta":{"origin":10168,"position":3},"title":"Jo vet\u00ebm Butrinti, 42 kala e monumente kulturore me PPP 40-vje\u00e7are","author":"Kurt Farka","date":"January 23, 2020","format":false,"excerpt":"Jo vet\u00ebm Butrinti, 42 kala e monumente kulturore me PPP 40-vje\u00e7are Teksa qeveria ndodhet n\u00eb kulmin e kriz\u00ebs sociale, ekonomike e financiare, p\u00ebr shkak t\u00eb d\u00ebmeve dhe pasojave kolosale q\u00eb la pas t\u00ebrmeti, ku m\u00eb shum\u00eb se 30 mij\u00eb mbet\u00ebn t\u00eb pastreh\u00eb, nd\u00ebrsa rreth 8 mij\u00eb banesa u d\u00ebmtuan, kryeministri\u2026","rel":"","context":"In &quot;Histori&quot;","block_context":{"text":"Histori","link":"https:\/\/www.shqiperia.com\/blog\/category\/histori\/"},"img":{"alt_text":"","src":"https:\/\/i0.wp.com\/www.shqiperia.com\/blog\/wp-content\/uploads\/2020\/01\/kalaja-rozafes-1-905x450-1.jpg?fit=905%2C450&ssl=1&resize=350%2C200","width":350,"height":200,"srcset":"https:\/\/i0.wp.com\/www.shqiperia.com\/blog\/wp-content\/uploads\/2020\/01\/kalaja-rozafes-1-905x450-1.jpg?fit=905%2C450&ssl=1&resize=350%2C200 1x, https:\/\/i0.wp.com\/www.shqiperia.com\/blog\/wp-content\/uploads\/2020\/01\/kalaja-rozafes-1-905x450-1.jpg?fit=905%2C450&ssl=1&resize=525%2C300 1.5x, https:\/\/i0.wp.com\/www.shqiperia.com\/blog\/wp-content\/uploads\/2020\/01\/kalaja-rozafes-1-905x450-1.jpg?fit=905%2C450&ssl=1&resize=700%2C400 2x"},"classes":[]},{"id":18212,"url":"https:\/\/www.shqiperia.com\/blog\/media-britanike-shqiperia-mes-tre-destinacioneve-te-reja-per-veren-2019\/","url_meta":{"origin":10168,"position":4},"title":"Media britanike: Shqip\u00ebria mes tre destinacioneve t\u00eb reja p\u00ebr ver\u00ebn 2019. &#8211;","author":"Kurt Farka","date":"March 11, 2019","format":false,"excerpt":"Media britanike: Shqip\u00ebria mes tre destinacioneve t\u00eb reja p\u00ebr ver\u00ebn 2019. - 10, mars 2019 Ky mund t\u00eb jet\u00eb viti q\u00eb ju p\u00ebrpiqeni t\u00eb provoni di\u00e7ka pak ndryshe, p\u00ebr t\u00eb pasur eksperienca dhe p\u00ebr t\u2019u futur n\u00eb kultura t\u00eb reja, shkruan portali britanik \u201cStylenest\u201d q\u00eb i kushtohet udh\u00ebtimeve, mod\u00ebs, kultur\u00ebs\u2026","rel":"","context":"In &quot;Blogu i Udh\u00ebtarit&quot;","block_context":{"text":"Blogu i Udh\u00ebtarit","link":"https:\/\/www.shqiperia.com\/blog\/category\/blogu-i-udhetarit\/"},"img":{"alt_text":"","src":"https:\/\/i0.wp.com\/www.shqiperia.com\/blog\/wp-content\/uploads\/2019\/03\/download-6-300x131.jpg?resize=350%2C200","width":350,"height":200},"classes":[]},{"id":57228,"url":"https:\/\/www.shqiperia.com\/blog\/skandali-butrinti-me-koncesion-me-marreveshje-sekrete-dokumenti-i-depozituar-ne-kuvend-ka-vetem-1-nen\/","url_meta":{"origin":10168,"position":5},"title":"Skandali: &#8211; Butrinti me koncesion me marr\u00ebveshje sekrete. Dokumenti i depozituar n\u00eb Kuvend ka vet\u00ebm 1 nen","author":"Kurt Farka","date":"April 26, 2022","format":false,"excerpt":"Skandali: - Butrinti me koncesion me marr\u00ebveshje sekrete. Dokumenti i depozituar n\u00eb Kuvend ka vet\u00ebm 1 nen - 26.04.22\u00a0\u00a0\u00a0\u00a0\u00a0\u00a0\u00a0\u00a0 Nj\u00eb traktat kulturor midis Italis\u00eb dhe Shqip\u00ebris\u00eb n\u00eb 1926, ratifikon q\u00eb \u00e7do objekt i gjetur n\u00eb zbulimet arkeologjike t\u2019i ngelej vendit p\u00ebrkat\u00ebs dhe asgj\u00eb nuk duhej t\u00eb emigronte. Kont Ugolini, njeriu\u2026","rel":"","context":"In &quot;Arte&quot;","block_context":{"text":"Arte","link":"https:\/\/www.shqiperia.com\/blog\/category\/arte\/"},"img":{"alt_text":"","src":"https:\/\/i0.wp.com\/www.shqiperia.com\/blog\/wp-content\/uploads\/2022\/04\/Skandali-Butrinti-me-koncesion-me-marreveshje-sekrete.-Dokumenti-i-depozituar-ne-Kuvend-ka-vetem-1-nen.jpg?fit=800%2C460&ssl=1&resize=350%2C200","width":350,"height":200,"srcset":"https:\/\/i0.wp.com\/www.shqiperia.com\/blog\/wp-content\/uploads\/2022\/04\/Skandali-Butrinti-me-koncesion-me-marreveshje-sekrete.-Dokumenti-i-depozituar-ne-Kuvend-ka-vetem-1-nen.jpg?fit=800%2C460&ssl=1&resize=350%2C200 1x, https:\/\/i0.wp.com\/www.shqiperia.com\/blog\/wp-content\/uploads\/2022\/04\/Skandali-Butrinti-me-koncesion-me-marreveshje-sekrete.-Dokumenti-i-depozituar-ne-Kuvend-ka-vetem-1-nen.jpg?fit=800%2C460&ssl=1&resize=525%2C300 1.5x, https:\/\/i0.wp.com\/www.shqiperia.com\/blog\/wp-content\/uploads\/2022\/04\/Skandali-Butrinti-me-koncesion-me-marreveshje-sekrete.-Dokumenti-i-depozituar-ne-Kuvend-ka-vetem-1-nen.jpg?fit=800%2C460&ssl=1&resize=700%2C400 2x"},"classes":[]}],"_links":{"self":[{"href":"https:\/\/www.shqiperia.com\/blog\/wp-json\/wp\/v2\/posts\/10168","targetHints":{"allow":["GET"]}}],"collection":[{"href":"https:\/\/www.shqiperia.com\/blog\/wp-json\/wp\/v2\/posts"}],"about":[{"href":"https:\/\/www.shqiperia.com\/blog\/wp-json\/wp\/v2\/types\/post"}],"author":[{"embeddable":true,"href":"https:\/\/www.shqiperia.com\/blog\/wp-json\/wp\/v2\/users\/9"}],"replies":[{"embeddable":true,"href":"https:\/\/www.shqiperia.com\/blog\/wp-json\/wp\/v2\/comments?post=10168"}],"version-history":[{"count":4,"href":"https:\/\/www.shqiperia.com\/blog\/wp-json\/wp\/v2\/posts\/10168\/revisions"}],"predecessor-version":[{"id":10173,"href":"https:\/\/www.shqiperia.com\/blog\/wp-json\/wp\/v2\/posts\/10168\/revisions\/10173"}],"wp:featuredmedia":[{"embeddable":true,"href":"https:\/\/www.shqiperia.com\/blog\/wp-json\/wp\/v2\/media\/10169"}],"wp:attachment":[{"href":"https:\/\/www.shqiperia.com\/blog\/wp-json\/wp\/v2\/media?parent=10168"}],"wp:term":[{"taxonomy":"category","embeddable":true,"href":"https:\/\/www.shqiperia.com\/blog\/wp-json\/wp\/v2\/categories?post=10168"},{"taxonomy":"post_tag","embeddable":true,"href":"https:\/\/www.shqiperia.com\/blog\/wp-json\/wp\/v2\/tags?post=10168"}],"curies":[{"name":"wp","href":"https:\/\/api.w.org\/{rel}","templated":true}]}}