{"id":101242,"date":"2026-06-07T17:48:18","date_gmt":"2026-06-07T17:48:18","guid":{"rendered":"https:\/\/www.shqiperia.com\/blog\/?p=101242"},"modified":"2026-06-07T17:48:18","modified_gmt":"2026-06-07T17:48:18","slug":"8-dite-revolte-dhe-pjesemarrje-masive-por-asnje-incident-protestuesit-japin-shembull-qytetarie-te-kryeministria-ska-kordon-policor-e-as-dyer-te-blinduara","status":"publish","type":"post","link":"https:\/\/www.shqiperia.com\/blog\/8-dite-revolte-dhe-pjesemarrje-masive-por-asnje-incident-protestuesit-japin-shembull-qytetarie-te-kryeministria-ska-kordon-policor-e-as-dyer-te-blinduara\/","title":{"rendered":"8 dit\u00eb revolt\u00eb dhe pjes\u00ebmarrje masive, por asnj\u00eb incident\/ Protestuesit japin shembull qytetarie, te Kryeministria s\u2019ka kordon policor e as dyer t\u00eb blinduara"},"content":{"rendered":"<p><img data-recalc-dims=\"1\" loading=\"lazy\" decoding=\"async\" data-attachment-id=\"101244\" data-permalink=\"https:\/\/www.shqiperia.com\/blog\/8-dite-revolte-dhe-pjesemarrje-masive-por-asnje-incident-protestuesit-japin-shembull-qytetarie-te-kryeministria-ska-kordon-policor-e-as-dyer-te-blinduara\/pamjet-me-dron\/\" data-orig-file=\"https:\/\/i0.wp.com\/www.shqiperia.com\/blog\/wp-content\/uploads\/2026\/06\/Pamjet-me-dron.jpg?fit=1291%2C787&amp;ssl=1\" data-orig-size=\"1291,787\" data-comments-opened=\"1\" data-image-meta=\"{&quot;aperture&quot;:&quot;0&quot;,&quot;credit&quot;:&quot;&quot;,&quot;camera&quot;:&quot;&quot;,&quot;caption&quot;:&quot;&quot;,&quot;created_timestamp&quot;:&quot;0&quot;,&quot;copyright&quot;:&quot;&quot;,&quot;focal_length&quot;:&quot;0&quot;,&quot;iso&quot;:&quot;0&quot;,&quot;shutter_speed&quot;:&quot;0&quot;,&quot;title&quot;:&quot;&quot;,&quot;orientation&quot;:&quot;0&quot;}\" data-image-title=\"Pamjet-me-dron\" data-image-description=\"\" data-image-caption=\"\" data-medium-file=\"https:\/\/i0.wp.com\/www.shqiperia.com\/blog\/wp-content\/uploads\/2026\/06\/Pamjet-me-dron.jpg?fit=300%2C183&amp;ssl=1\" data-large-file=\"https:\/\/i0.wp.com\/www.shqiperia.com\/blog\/wp-content\/uploads\/2026\/06\/Pamjet-me-dron.jpg?fit=1024%2C624&amp;ssl=1\" class=\"alignnone  wp-image-101244\" alt=\"\" src=\"https:\/\/i0.wp.com\/www.shqiperia.com\/blog\/wp-content\/uploads\/2026\/06\/Pamjet-me-dron.jpg?resize=730%2C445&#038;ssl=1\" width=\"730\" height=\"445\" srcset=\"https:\/\/i0.wp.com\/www.shqiperia.com\/blog\/wp-content\/uploads\/2026\/06\/Pamjet-me-dron.jpg?resize=300%2C183&amp;ssl=1 300w, https:\/\/i0.wp.com\/www.shqiperia.com\/blog\/wp-content\/uploads\/2026\/06\/Pamjet-me-dron.jpg?resize=1024%2C624&amp;ssl=1 1024w, https:\/\/i0.wp.com\/www.shqiperia.com\/blog\/wp-content\/uploads\/2026\/06\/Pamjet-me-dron.jpg?resize=768%2C468&amp;ssl=1 768w, https:\/\/i0.wp.com\/www.shqiperia.com\/blog\/wp-content\/uploads\/2026\/06\/Pamjet-me-dron.jpg?resize=450%2C274&amp;ssl=1 450w, https:\/\/i0.wp.com\/www.shqiperia.com\/blog\/wp-content\/uploads\/2026\/06\/Pamjet-me-dron.jpg?resize=600%2C366&amp;ssl=1 600w, https:\/\/i0.wp.com\/www.shqiperia.com\/blog\/wp-content\/uploads\/2026\/06\/Pamjet-me-dron.jpg?resize=400%2C244&amp;ssl=1 400w, https:\/\/i0.wp.com\/www.shqiperia.com\/blog\/wp-content\/uploads\/2026\/06\/Pamjet-me-dron.jpg?w=1291&amp;ssl=1 1291w\" sizes=\"auto, (max-width: 730px) 100vw, 730px\" \/><\/p>\n<p>7 Qershor 2026<\/p>\n<p>Protest\u00ebs n\u00eb Tiran\u00eb i jan\u00eb bashkuar edhe turist\u00eb t\u00eb huaj, t\u00eb cil\u00ebt kan\u00eb mb\u00ebshtetur qytetar\u00ebt n\u00eb protest\u00ebn e tyre.<\/p>\n<p>\u201cJam e lumtur t\u00eb jem k\u00ebtu me ju. Nuk jemi t\u00eb frik\u00ebsuar\u2026Mendojm\u00eb se \u00ebsht\u00eb shum\u00eb mir\u00eb q\u00eb ju t\u00eb vazhdoni t\u00eb mbroni vendin tuaj. Pushtetar\u00ebt duhet t\u00eb b\u00ebjn\u00eb transparenc\u00eb\u201d, u shpreh nj\u00eb turiste, e cila iu bashkua protest\u00ebs.<\/p>\n<p>\u201cK\u00ebto dita q\u00eb kam qen\u00eb k\u00ebtu, kam par\u00eb nj\u00eb popull t\u00eb mrekulluesh\u00ebm, nj\u00eb popull q\u00eb nuk e blejn\u00eb para. Ndoshta nga ana tjet\u00ebr mendojn\u00eb se mund t\u00eb ju blejn\u00eb. Por nuk \u00ebsht\u00eb k\u00ebshtu. Prej disa dit\u00ebsh jemi k\u00ebtu dhe jemi shum\u00eb t\u00eb lumtur q\u00eb ju shohim t\u00eb bashkuar. Shqiptar\u00eb vazhdoni k\u00ebshtu\u2026Forca Shqip\u00ebria\u201d, u shpreh nj\u00eb tjet\u00ebr turist.<\/p>\n","protected":false},"excerpt":{"rendered":"<p>7 Qershor 2026 Protest\u00ebs n\u00eb Tiran\u00eb i jan\u00eb bashkuar edhe turist\u00eb t\u00eb huaj, t\u00eb cil\u00ebt kan\u00eb mb\u00ebshtetur qytetar\u00ebt n\u00eb protest\u00ebn e tyre. \u201cJam e lumtur t\u00eb jem k\u00ebtu me ju. Nuk jemi t\u00eb frik\u00ebsuar\u2026Mendojm\u00eb se \u00ebsht\u00eb shum\u00eb mir\u00eb q\u00eb ju t\u00eb vazhdoni t\u00eb mbroni vendin tuaj. Pushtetar\u00ebt duhet t\u00eb b\u00ebjn\u00eb transparenc\u00eb\u201d, u shpreh nj\u00eb turiste, [&hellip;]<\/p>\n","protected":false},"author":9,"featured_media":101244,"comment_status":"open","ping_status":"open","sticky":false,"template":"","format":"standard","meta":{"jetpack_post_was_ever_published":false,"_jetpack_newsletter_access":"","_jetpack_dont_email_post_to_subs":false,"_jetpack_newsletter_tier_id":0,"_jetpack_memberships_contains_paywalled_content":false,"_jetpack_memberships_contains_paid_content":false,"footnotes":"","jetpack_publicize_message":"","jetpack_publicize_feature_enabled":true,"jetpack_social_post_already_shared":true,"jetpack_social_options":{"image_generator_settings":{"template":"highway","default_image_id":0,"font":"","enabled":false},"version":2}},"categories":[27,1,35],"tags":[],"class_list":["post-101242","post","type-post","status-publish","format-standard","has-post-thumbnail","hentry","category-blogu-i-udhetarit","category-njoftime-shtypi","category-shoqerore"],"jetpack_publicize_connections":[],"jetpack_featured_media_url":"https:\/\/i0.wp.com\/www.shqiperia.com\/blog\/wp-content\/uploads\/2026\/06\/Pamjet-me-dron.jpg?fit=1291%2C787&ssl=1","jetpack_sharing_enabled":true,"jetpack_shortlink":"https:\/\/wp.me\/p5Z6wp-qkW","jetpack-related-posts":[{"id":101236,"url":"https:\/\/www.shqiperia.com\/blog\/shqiperia-nuk-eshte-ne-shitje-lubonja-flet-nga-protesta-sistemi-i-rames-ka-grabitur-vendin-te-permbysim-pushtetin\/","url_meta":{"origin":101242,"position":0},"title":"\u2018Shqip\u00ebria nuk \u00ebsht\u00eb n\u00eb shitje\u2019, Lubonja flet nga protesta: Sistemi i Ram\u00ebs ka grabitur vendin, t\u00eb p\u00ebrmbysim pushtetin","author":"Kurt Farka","date":"June 7, 2026","format":false,"excerpt":"7 Qershor 2026 Dita e tet\u00eb e protest\u00ebs pa s\u00ebrish mij\u00ebra qytetar\u00eb q\u00eb marshuan nga sheshi Sk\u00ebnderbej te Kryeministria ku protestuan s\u00ebrish kund\u00ebr nd\u00ebrtimit t\u00eb resortit n\u00eb Zv\u00ebrnec. Sakaq, n\u00eb podiumin e improvizuar foli edhe analisti Fatos Lubonja. Ai u shpreh se rasti i Zv\u00ebrnecit tregoi se si funksionon sistemi\u2026","rel":"","context":"In &quot;Blogu i Udh\u00ebtarit&quot;","block_context":{"text":"Blogu i Udh\u00ebtarit","link":"https:\/\/www.shqiperia.com\/blog\/category\/blogu-i-udhetarit\/"},"img":{"alt_text":"","src":"https:\/\/i0.wp.com\/www.shqiperia.com\/blog\/wp-content\/uploads\/2026\/06\/luboinja-979x570-1.jpg?fit=979%2C570&ssl=1&resize=350%2C200","width":350,"height":200,"srcset":"https:\/\/i0.wp.com\/www.shqiperia.com\/blog\/wp-content\/uploads\/2026\/06\/luboinja-979x570-1.jpg?fit=979%2C570&ssl=1&resize=350%2C200 1x, https:\/\/i0.wp.com\/www.shqiperia.com\/blog\/wp-content\/uploads\/2026\/06\/luboinja-979x570-1.jpg?fit=979%2C570&ssl=1&resize=525%2C300 1.5x, https:\/\/i0.wp.com\/www.shqiperia.com\/blog\/wp-content\/uploads\/2026\/06\/luboinja-979x570-1.jpg?fit=979%2C570&ssl=1&resize=700%2C400 2x"},"classes":[]},{"id":103642,"url":"https:\/\/www.shqiperia.com\/blog\/protestuesja-ne-nuk-harrojme-se-edi-rama-na-shiti-shqiperine-dhe-na-beri-popull-refugjatesh\/","url_meta":{"origin":101242,"position":1},"title":"Protestuesja: &#8211; Ne nuk harrojm\u00eb se Edi Rama na shiti Shqip\u00ebrin\u00eb dhe na b\u00ebri popull refugjat\u00ebsh","author":"Kurt Farka","date":"August 2, 2026","format":false,"excerpt":"2 Gusht 2026 Nj\u00eb shqiptare me banim n\u00eb Itali iu bashkua sot protest\u00ebs para kryeministris\u00eb p\u00ebr t\u00eb k\u00ebrkuar dor\u00ebheqjen e kryeministrit Edi Rama. Protestuesja b\u00ebri me faj Edi Ram\u00ebn p\u00ebr shpopullimin e vendit nd\u00ebrsa i b\u00ebri thirrje diaspor\u00ebs t\u00eb solidarizohet me protestuesit p\u00ebr t\u00eb larguar kryeministrin \u201c Ne nuk e\u2026","rel":"","context":"In &quot;Blogu i Udh\u00ebtarit&quot;","block_context":{"text":"Blogu i Udh\u00ebtarit","link":"https:\/\/www.shqiperia.com\/blog\/category\/blogu-i-udhetarit\/"},"img":{"alt_text":"","src":"https:\/\/i0.wp.com\/www.shqiperia.com\/blog\/wp-content\/uploads\/2026\/08\/Refugjat-t.webp?fit=780%2C470&ssl=1&resize=350%2C200","width":350,"height":200,"srcset":"https:\/\/i0.wp.com\/www.shqiperia.com\/blog\/wp-content\/uploads\/2026\/08\/Refugjat-t.webp?fit=780%2C470&ssl=1&resize=350%2C200 1x, https:\/\/i0.wp.com\/www.shqiperia.com\/blog\/wp-content\/uploads\/2026\/08\/Refugjat-t.webp?fit=780%2C470&ssl=1&resize=525%2C300 1.5x, https:\/\/i0.wp.com\/www.shqiperia.com\/blog\/wp-content\/uploads\/2026\/08\/Refugjat-t.webp?fit=780%2C470&ssl=1&resize=700%2C400 2x"},"classes":[]},{"id":101920,"url":"https:\/\/www.shqiperia.com\/blog\/kujdes-u-hodh-hapi-i-pare-per-shuarjen-e-zerit-te-protestes\/","url_meta":{"origin":101242,"position":2},"title":"Kujdes: &#8211; U hodh hapi i pare per shuarjen e zerit te PROTESTES.","author":"Kurt Farka","date":"June 28, 2026","format":false,"excerpt":"29 Qershor 2026 Kush deshiron (ose eshte porositur) eshte i lire nga Kushtetuta te dale jashte Protestes Qytetare dhe te krijoj Kuvendin Kombetar. Ky Kuvend do jete partia e 101 qe ka Shqiperia. Protesta eshte Parti e Rinise Shqiptare, ku cdo njeri eshe kryetar dhe njekohesisht antar, eshte pasuria me\u2026","rel":"","context":"In &quot;Blogu i Udh\u00ebtarit&quot;","block_context":{"text":"Blogu i Udh\u00ebtarit","link":"https:\/\/www.shqiperia.com\/blog\/category\/blogu-i-udhetarit\/"},"img":{"alt_text":"","src":"https:\/\/i0.wp.com\/www.shqiperia.com\/blog\/wp-content\/uploads\/2026\/06\/262e8af3-b555-4625-831b-3e086faa75db-1.jpg?fit=1200%2C675&ssl=1&resize=350%2C200","width":350,"height":200,"srcset":"https:\/\/i0.wp.com\/www.shqiperia.com\/blog\/wp-content\/uploads\/2026\/06\/262e8af3-b555-4625-831b-3e086faa75db-1.jpg?fit=1200%2C675&ssl=1&resize=350%2C200 1x, https:\/\/i0.wp.com\/www.shqiperia.com\/blog\/wp-content\/uploads\/2026\/06\/262e8af3-b555-4625-831b-3e086faa75db-1.jpg?fit=1200%2C675&ssl=1&resize=525%2C300 1.5x, https:\/\/i0.wp.com\/www.shqiperia.com\/blog\/wp-content\/uploads\/2026\/06\/262e8af3-b555-4625-831b-3e086faa75db-1.jpg?fit=1200%2C675&ssl=1&resize=700%2C400 2x, https:\/\/i0.wp.com\/www.shqiperia.com\/blog\/wp-content\/uploads\/2026\/06\/262e8af3-b555-4625-831b-3e086faa75db-1.jpg?fit=1200%2C675&ssl=1&resize=1050%2C600 3x"},"classes":[]},{"id":102945,"url":"https:\/\/www.shqiperia.com\/blog\/nuk-ikim-pa-ikur-ju-protestuesit-sna-shantazhoni-dot-nuk-e-negociojme-me-dinjitetin-rama-na-tha-serbe-dhe-greke-por-ne-shesh-ka-vetem-shqiptare-te-revoltuar\/","url_meta":{"origin":101242,"position":3},"title":"\u201cNuk ikim pa ikur ju!\u201d\/ Protestuesit: &#8211; S\u2019na shantazhoni dot, nuk e negociojm\u00eb m\u00eb dinjitetin! Rama na tha serb\u00eb dhe grek\u00eb, por n\u00eb shesh ka vet\u00ebm shqiptar\u00eb t\u00eb revoltuar","author":"Kurt Farka","date":"July 20, 2026","format":false,"excerpt":"20 Korrik 2026 Nj\u00eb prej fjalimeve q\u00eb t\u00ebrhoqi v\u00ebmendjen gjat\u00eb protest\u00ebs s\u00eb dit\u00ebs s\u00eb 50-t\u00eb ishte ai i nj\u00eb qytetareje, e cila deklaroi se protestuesit do t\u00eb vijojn\u00eb rezistenc\u00ebn deri n\u00eb p\u00ebrmbushjen e k\u00ebrkesave t\u00eb tyre N\u00eb fjal\u00ebn e saj, ajo kund\u00ebrshtoi etiketimet q\u00eb, sipas saj, u jan\u00eb b\u00ebr\u00eb pjes\u00ebmarr\u00ebsve\u2026","rel":"","context":"In &quot;Blogu i Udh\u00ebtarit&quot;","block_context":{"text":"Blogu i Udh\u00ebtarit","link":"https:\/\/www.shqiperia.com\/blog\/category\/blogu-i-udhetarit\/"},"img":{"alt_text":"","src":"https:\/\/i0.wp.com\/www.shqiperia.com\/blog\/wp-content\/uploads\/2026\/07\/Capture-192.jpg?fit=1200%2C641&ssl=1&resize=350%2C200","width":350,"height":200,"srcset":"https:\/\/i0.wp.com\/www.shqiperia.com\/blog\/wp-content\/uploads\/2026\/07\/Capture-192.jpg?fit=1200%2C641&ssl=1&resize=350%2C200 1x, https:\/\/i0.wp.com\/www.shqiperia.com\/blog\/wp-content\/uploads\/2026\/07\/Capture-192.jpg?fit=1200%2C641&ssl=1&resize=525%2C300 1.5x, https:\/\/i0.wp.com\/www.shqiperia.com\/blog\/wp-content\/uploads\/2026\/07\/Capture-192.jpg?fit=1200%2C641&ssl=1&resize=700%2C400 2x, https:\/\/i0.wp.com\/www.shqiperia.com\/blog\/wp-content\/uploads\/2026\/07\/Capture-192.jpg?fit=1200%2C641&ssl=1&resize=1050%2C600 3x"},"classes":[]},{"id":105589,"url":"https:\/\/www.shqiperia.com\/blog\/cunami-politik-ne-tirane-grid-rroji-zbulon-planin-sekret-te-qeverise-per-te-inskenuar-trazira-ne-proteste-ja-si-po-pergatitet-perplasja-e-madhe\/","url_meta":{"origin":101242,"position":4},"title":"Cunami politik n\u00eb Tiran\u00eb, Grid Rroji zbulon planin sekret t\u00eb qeveris\u00eb p\u00ebr t\u00eb inskenuar trazira n\u00eb protest\u00eb, ja si po p\u00ebrgatitet p\u00ebrplasja e madhe","author":"Kurt Farka","date":"August 31, 2026","format":false,"excerpt":"31 Gusht 2026 Grid Rroji, pedagog i shkencave politike n\u00eb universitetin CUNY-New York n\u00eb Shtetet e Bashkuara t\u00eb Amerik\u00ebs (SHBA) ka paralajm\u00ebruar opinionin publik se kasta politike n\u00eb pushtet po zbaton skenar\u00eb t\u00eb rreziksh\u00ebm p\u00ebr t\u00eb mbajtur kontrollin e vendit dhe p\u00ebr t\u00eb shp\u00ebrqendruar v\u00ebmendjen nga skandalet e m\u00ebdha. Sipas\u2026","rel":"","context":"In &quot;Blogu i Udh\u00ebtarit&quot;","block_context":{"text":"Blogu i Udh\u00ebtarit","link":"https:\/\/www.shqiperia.com\/blog\/category\/blogu-i-udhetarit\/"},"img":{"alt_text":"","src":"https:\/\/i0.wp.com\/www.shqiperia.com\/blog\/wp-content\/uploads\/2026\/08\/800-0-foto-5-6a9539341ab63.jpg?fit=800%2C506&ssl=1&resize=350%2C200","width":350,"height":200,"srcset":"https:\/\/i0.wp.com\/www.shqiperia.com\/blog\/wp-content\/uploads\/2026\/08\/800-0-foto-5-6a9539341ab63.jpg?fit=800%2C506&ssl=1&resize=350%2C200 1x, https:\/\/i0.wp.com\/www.shqiperia.com\/blog\/wp-content\/uploads\/2026\/08\/800-0-foto-5-6a9539341ab63.jpg?fit=800%2C506&ssl=1&resize=525%2C300 1.5x, https:\/\/i0.wp.com\/www.shqiperia.com\/blog\/wp-content\/uploads\/2026\/08\/800-0-foto-5-6a9539341ab63.jpg?fit=800%2C506&ssl=1&resize=700%2C400 2x"},"classes":[]},{"id":103045,"url":"https:\/\/www.shqiperia.com\/blog\/pas-gjithe-kesaj-proteste-duhet-te-shkojme-ne-zgjedhje-lubonja-kerkesat-jane-te-panegociueshme\/","url_meta":{"origin":101242,"position":5},"title":"\u201cPas gjith\u00eb k\u00ebsaj proteste duhet t\u00eb shkojm\u00eb n\u00eb zgjedhje\u201d\/ Lubonja: &#8211; K\u00ebrkesat jan\u00eb t\u00eb panegociueshme!","author":"Kurt Farka","date":"July 21, 2026","format":false,"excerpt":"21 Korrik 2026 Analisti Fatos Lubonja u shpreh sot n\u00eb nj\u00eb lidhje direkte n\u00eb nj\u00eb studio televizive se pas protest\u00ebs dhe rezistenc\u00ebs qytetare prej 52 dit\u00ebsh, duhet t\u00eb shkohej n\u00eb zgjedhje t\u00eb reja dhe largim t\u00eb qeveris\u00eb s\u00eb Edi Ram\u00ebs. Ai u shpreh se k\u00ebrkesat e protestuesve jan\u00eb t\u00eb panegociueshme.\u2026","rel":"","context":"In &quot;Blogu i Udh\u00ebtarit&quot;","block_context":{"text":"Blogu i Udh\u00ebtarit","link":"https:\/\/www.shqiperia.com\/blog\/category\/blogu-i-udhetarit\/"},"img":{"alt_text":"","src":"https:\/\/i0.wp.com\/www.shqiperia.com\/blog\/wp-content\/uploads\/2026\/07\/fatos-lubonja-1.jpg?fit=1200%2C675&ssl=1&resize=350%2C200","width":350,"height":200,"srcset":"https:\/\/i0.wp.com\/www.shqiperia.com\/blog\/wp-content\/uploads\/2026\/07\/fatos-lubonja-1.jpg?fit=1200%2C675&ssl=1&resize=350%2C200 1x, https:\/\/i0.wp.com\/www.shqiperia.com\/blog\/wp-content\/uploads\/2026\/07\/fatos-lubonja-1.jpg?fit=1200%2C675&ssl=1&resize=525%2C300 1.5x, https:\/\/i0.wp.com\/www.shqiperia.com\/blog\/wp-content\/uploads\/2026\/07\/fatos-lubonja-1.jpg?fit=1200%2C675&ssl=1&resize=700%2C400 2x, https:\/\/i0.wp.com\/www.shqiperia.com\/blog\/wp-content\/uploads\/2026\/07\/fatos-lubonja-1.jpg?fit=1200%2C675&ssl=1&resize=1050%2C600 3x"},"classes":[]}],"_links":{"self":[{"href":"https:\/\/www.shqiperia.com\/blog\/wp-json\/wp\/v2\/posts\/101242","targetHints":{"allow":["GET"]}}],"collection":[{"href":"https:\/\/www.shqiperia.com\/blog\/wp-json\/wp\/v2\/posts"}],"about":[{"href":"https:\/\/www.shqiperia.com\/blog\/wp-json\/wp\/v2\/types\/post"}],"author":[{"embeddable":true,"href":"https:\/\/www.shqiperia.com\/blog\/wp-json\/wp\/v2\/users\/9"}],"replies":[{"embeddable":true,"href":"https:\/\/www.shqiperia.com\/blog\/wp-json\/wp\/v2\/comments?post=101242"}],"version-history":[{"count":1,"href":"https:\/\/www.shqiperia.com\/blog\/wp-json\/wp\/v2\/posts\/101242\/revisions"}],"predecessor-version":[{"id":101245,"href":"https:\/\/www.shqiperia.com\/blog\/wp-json\/wp\/v2\/posts\/101242\/revisions\/101245"}],"wp:featuredmedia":[{"embeddable":true,"href":"https:\/\/www.shqiperia.com\/blog\/wp-json\/wp\/v2\/media\/101244"}],"wp:attachment":[{"href":"https:\/\/www.shqiperia.com\/blog\/wp-json\/wp\/v2\/media?parent=101242"}],"wp:term":[{"taxonomy":"category","embeddable":true,"href":"https:\/\/www.shqiperia.com\/blog\/wp-json\/wp\/v2\/categories?post=101242"},{"taxonomy":"post_tag","embeddable":true,"href":"https:\/\/www.shqiperia.com\/blog\/wp-json\/wp\/v2\/tags?post=101242"}],"curies":[{"name":"wp","href":"https:\/\/api.w.org\/{rel}","templated":true}]}}