{"id":101239,"date":"2026-06-07T17:44:03","date_gmt":"2026-06-07T17:44:03","guid":{"rendered":"https:\/\/www.shqiperia.com\/blog\/?p=101239"},"modified":"2026-06-07T17:44:03","modified_gmt":"2026-06-07T17:44:03","slug":"protestuesit-i-afrojne-nje-gomone-ramaes-simbol-i-emigrimit","status":"publish","type":"post","link":"https:\/\/www.shqiperia.com\/blog\/protestuesit-i-afrojne-nje-gomone-ramaes-simbol-i-emigrimit\/","title":{"rendered":"Protestuesit i afrojne nje Gomone Ramaes. &#8211; Simbol i emigrimit,"},"content":{"rendered":"<p><img data-recalc-dims=\"1\" loading=\"lazy\" decoding=\"async\" data-attachment-id=\"101240\" data-permalink=\"https:\/\/www.shqiperia.com\/blog\/protestuesit-i-afrojne-nje-gomone-ramaes-simbol-i-emigrimit\/1780851947_protestaperzvernecin7qershor\/\" data-orig-file=\"https:\/\/i0.wp.com\/www.shqiperia.com\/blog\/wp-content\/uploads\/2026\/06\/1780851947_protestaperzvernecin7qershor.jpg?fit=780%2C440&amp;ssl=1\" data-orig-size=\"780,440\" data-comments-opened=\"1\" data-image-meta=\"{&quot;aperture&quot;:&quot;0&quot;,&quot;credit&quot;:&quot;&quot;,&quot;camera&quot;:&quot;&quot;,&quot;caption&quot;:&quot;&quot;,&quot;created_timestamp&quot;:&quot;0&quot;,&quot;copyright&quot;:&quot;&quot;,&quot;focal_length&quot;:&quot;0&quot;,&quot;iso&quot;:&quot;0&quot;,&quot;shutter_speed&quot;:&quot;0&quot;,&quot;title&quot;:&quot;&quot;,&quot;orientation&quot;:&quot;0&quot;}\" data-image-title=\"1780851947_protestaperzvernecin7qershor\" data-image-description=\"\" data-image-caption=\"\" data-medium-file=\"https:\/\/i0.wp.com\/www.shqiperia.com\/blog\/wp-content\/uploads\/2026\/06\/1780851947_protestaperzvernecin7qershor.jpg?fit=300%2C169&amp;ssl=1\" data-large-file=\"https:\/\/i0.wp.com\/www.shqiperia.com\/blog\/wp-content\/uploads\/2026\/06\/1780851947_protestaperzvernecin7qershor.jpg?fit=780%2C440&amp;ssl=1\" class=\"alignnone  wp-image-101240\" alt=\"\" src=\"https:\/\/i0.wp.com\/www.shqiperia.com\/blog\/wp-content\/uploads\/2026\/06\/1780851947_protestaperzvernecin7qershor.jpg?resize=694%2C391&#038;ssl=1\" width=\"694\" height=\"391\" srcset=\"https:\/\/i0.wp.com\/www.shqiperia.com\/blog\/wp-content\/uploads\/2026\/06\/1780851947_protestaperzvernecin7qershor.jpg?resize=300%2C169&amp;ssl=1 300w, https:\/\/i0.wp.com\/www.shqiperia.com\/blog\/wp-content\/uploads\/2026\/06\/1780851947_protestaperzvernecin7qershor.jpg?resize=768%2C433&amp;ssl=1 768w, https:\/\/i0.wp.com\/www.shqiperia.com\/blog\/wp-content\/uploads\/2026\/06\/1780851947_protestaperzvernecin7qershor.jpg?resize=450%2C254&amp;ssl=1 450w, https:\/\/i0.wp.com\/www.shqiperia.com\/blog\/wp-content\/uploads\/2026\/06\/1780851947_protestaperzvernecin7qershor.jpg?resize=600%2C338&amp;ssl=1 600w, https:\/\/i0.wp.com\/www.shqiperia.com\/blog\/wp-content\/uploads\/2026\/06\/1780851947_protestaperzvernecin7qershor.jpg?resize=400%2C226&amp;ssl=1 400w, https:\/\/i0.wp.com\/www.shqiperia.com\/blog\/wp-content\/uploads\/2026\/06\/1780851947_protestaperzvernecin7qershor.jpg?w=780&amp;ssl=1 780w\" sizes=\"auto, (max-width: 694px) 100vw, 694px\" \/><\/p>\n<p>7 Qershor 2026<\/p>\n<p>Qytetar\u00ebt jan\u00eb mbledhur p\u00ebr t\u00eb tet\u00ebn dit\u00eb radhazi n\u00eb protest\u00ebn kund\u00ebr nd\u00ebrtimit t\u00eb resortit n\u00eb Zv\u00ebrnec. Me thirrjet \u201cdor\u00ebheqje\u201d, \u201cRama n\u00eb burg, Berisha n\u00eb Burg\u201d, ata po marshojn\u00eb nga sheshi \u201cSk\u00ebnderbej\u201d drejt kryeministris\u00eb.<\/p>\n<p>Protestuesit kan\u00eb sjell\u00eb nj\u00eb gomone n\u00eb tubimin p\u00ebr Zv\u00ebrnecin para kryeministris\u00eb, si nj\u00eb shenj\u00eb simbolike p\u00ebr emigrant\u00ebt q\u00eb jan\u00eb larguar prej vitesh.<\/p>\n","protected":false},"excerpt":{"rendered":"<p>7 Qershor 2026 Qytetar\u00ebt jan\u00eb mbledhur p\u00ebr t\u00eb tet\u00ebn dit\u00eb radhazi n\u00eb protest\u00ebn kund\u00ebr nd\u00ebrtimit t\u00eb resortit n\u00eb Zv\u00ebrnec. Me thirrjet \u201cdor\u00ebheqje\u201d, \u201cRama n\u00eb burg, Berisha n\u00eb Burg\u201d, ata po marshojn\u00eb nga sheshi \u201cSk\u00ebnderbej\u201d drejt kryeministris\u00eb. Protestuesit kan\u00eb sjell\u00eb nj\u00eb gomone n\u00eb tubimin p\u00ebr Zv\u00ebrnecin para kryeministris\u00eb, si nj\u00eb shenj\u00eb simbolike p\u00ebr emigrant\u00ebt q\u00eb jan\u00eb [&hellip;]<\/p>\n","protected":false},"author":9,"featured_media":101240,"comment_status":"open","ping_status":"open","sticky":false,"template":"","format":"standard","meta":{"jetpack_post_was_ever_published":false,"_jetpack_newsletter_access":"","_jetpack_dont_email_post_to_subs":false,"_jetpack_newsletter_tier_id":0,"_jetpack_memberships_contains_paywalled_content":false,"_jetpack_memberships_contains_paid_content":false,"footnotes":"","jetpack_publicize_message":"","jetpack_publicize_feature_enabled":true,"jetpack_social_post_already_shared":true,"jetpack_social_options":{"image_generator_settings":{"template":"highway","default_image_id":0,"font":"","enabled":false},"version":2}},"categories":[27,1,14],"tags":[],"class_list":["post-101239","post","type-post","status-publish","format-standard","has-post-thumbnail","hentry","category-blogu-i-udhetarit","category-njoftime-shtypi","category-press-releases"],"jetpack_publicize_connections":[],"jetpack_featured_media_url":"https:\/\/i0.wp.com\/www.shqiperia.com\/blog\/wp-content\/uploads\/2026\/06\/1780851947_protestaperzvernecin7qershor.jpg?fit=780%2C440&ssl=1","jetpack_sharing_enabled":true,"jetpack_shortlink":"https:\/\/wp.me\/p5Z6wp-qkT","jetpack-related-posts":[{"id":100873,"url":"https:\/\/www.shqiperia.com\/blog\/kunder-projektit-ne-zvernec-mijera-qytetare-marshojne-drejt-kryeministrise-vetem-flamuj-kombetar\/","url_meta":{"origin":101239,"position":0},"title":"Kund\u00ebr projektit n\u00eb Zv\u00ebrnec,  Mij\u00ebra qytetar\u00eb marshojn\u00eb drejt Kryeministris\u00eb. Vetem. &#8211; Flamuj Kombetar","author":"Kurt Farka","date":"June 1, 2026","format":false,"excerpt":"1 Maji 2026 Qytetar\u00ebt mbajn\u00eb n\u00eb duar pankarta t\u00eb tilla si \u201cShqip\u00ebria nuk \u00ebsht\u00eb n\u00eb shitje\u201d, \u201cAnulo projektin\u201d apo edhe slogane t\u00eb drejtp\u00ebrdrejta politike si \u201cRama n\u00eb burg, Berisha n\u00eb burg\u201d. Protestuesit faj\u00ebsojn\u00eb t\u00eb dy krah\u00ebt e politik\u00ebs p\u00ebr at\u00eb q\u00eb po ndodh n\u00eb Zv\u00ebrnec. Nj\u00eb dit\u00eb m\u00eb par\u00eb mij\u00ebra\u2026","rel":"","context":"In &quot;Blogu i Udh\u00ebtarit&quot;","block_context":{"text":"Blogu i Udh\u00ebtarit","link":"https:\/\/www.shqiperia.com\/blog\/category\/blogu-i-udhetarit\/"},"img":{"alt_text":"","src":"https:\/\/i0.wp.com\/www.shqiperia.com\/blog\/wp-content\/uploads\/2026\/06\/Screenshot_7.jpg?fit=1200%2C690&ssl=1&resize=350%2C200","width":350,"height":200,"srcset":"https:\/\/i0.wp.com\/www.shqiperia.com\/blog\/wp-content\/uploads\/2026\/06\/Screenshot_7.jpg?fit=1200%2C690&ssl=1&resize=350%2C200 1x, https:\/\/i0.wp.com\/www.shqiperia.com\/blog\/wp-content\/uploads\/2026\/06\/Screenshot_7.jpg?fit=1200%2C690&ssl=1&resize=525%2C300 1.5x, https:\/\/i0.wp.com\/www.shqiperia.com\/blog\/wp-content\/uploads\/2026\/06\/Screenshot_7.jpg?fit=1200%2C690&ssl=1&resize=700%2C400 2x, https:\/\/i0.wp.com\/www.shqiperia.com\/blog\/wp-content\/uploads\/2026\/06\/Screenshot_7.jpg?fit=1200%2C690&ssl=1&resize=1050%2C600 3x"},"classes":[]},{"id":101804,"url":"https:\/\/www.shqiperia.com\/blog\/qendresa-qytetare-doreheqje-e-penegociueshme-e-kryeministrit\/","url_meta":{"origin":101239,"position":1},"title":"Q\u00ebndresa qytetare  Dor\u00ebheqje e penegociueshme e Kryeministrit","author":"Kurt Farka","date":"June 25, 2026","format":false,"excerpt":"25 Qershor 2026 \u201cRama n\u00eb burg\u201d, \u201cBerisha n\u00eb burg\u201d, \u201cArrestoni Ballukun\u201d, \u201cShqip\u00ebri e Re\u201d, \u201cRevolucion jan\u00eb thirrjet e protestuesve gjat\u00eb marshimit t\u00eb tyre n\u00eb rrug\u00ebt e kryeqytetit. Shqiptar\u00ebt jan\u00eb n\u00eb revolt\u00eb kund\u00ebr Ram\u00ebs. Kjo \u00ebsht\u00eb protesta e 25 kund\u00ebr kryeministrit Rama, qeveris\u00eb s\u00eb korruptuar. Dhe k\u00ebrkohet dor\u00ebheqja e tij e\u2026","rel":"","context":"In &quot;Blogu i Udh\u00ebtarit&quot;","block_context":{"text":"Blogu i Udh\u00ebtarit","link":"https:\/\/www.shqiperia.com\/blog\/category\/blogu-i-udhetarit\/"},"img":{"alt_text":"","src":"https:\/\/i0.wp.com\/www.shqiperia.com\/blog\/wp-content\/uploads\/2026\/06\/rama-berisha-burgggggggggggggggggg-1.jpg?fit=1200%2C558&ssl=1&resize=350%2C200","width":350,"height":200,"srcset":"https:\/\/i0.wp.com\/www.shqiperia.com\/blog\/wp-content\/uploads\/2026\/06\/rama-berisha-burgggggggggggggggggg-1.jpg?fit=1200%2C558&ssl=1&resize=350%2C200 1x, https:\/\/i0.wp.com\/www.shqiperia.com\/blog\/wp-content\/uploads\/2026\/06\/rama-berisha-burgggggggggggggggggg-1.jpg?fit=1200%2C558&ssl=1&resize=525%2C300 1.5x, https:\/\/i0.wp.com\/www.shqiperia.com\/blog\/wp-content\/uploads\/2026\/06\/rama-berisha-burgggggggggggggggggg-1.jpg?fit=1200%2C558&ssl=1&resize=700%2C400 2x, https:\/\/i0.wp.com\/www.shqiperia.com\/blog\/wp-content\/uploads\/2026\/06\/rama-berisha-burgggggggggggggggggg-1.jpg?fit=1200%2C558&ssl=1&resize=1050%2C600 3x"},"classes":[]},{"id":105724,"url":"https:\/\/www.shqiperia.com\/blog\/ketu-vendosim-ne-mbi-nje-ore-hyrjet-e-kryeministrise-te-bllokuara-protestuesit-rama-diktator-dhe-frikacak\/","url_meta":{"origin":101239,"position":2},"title":"\u201cK\u00ebtu vendosim ne!\u201d\/ Mbi nj\u00eb or\u00eb hyrjet e Kryeministris\u00eb t\u00eb bllokuara, protestuesit: Rama diktator dhe frikacak!","author":"Kurt Farka","date":"September 1, 2026","format":false,"excerpt":"1 Shtator 2026 Revolta vijon para Kryeministris\u00eb, ku protestuesit kan\u00eb bllokuar hyrjet e godin\u00ebs p\u00ebr m\u00eb shum\u00eb se nj\u00eb or\u00eb, duke e kthyer protest\u00ebn n\u00eb nj\u00eb p\u00ebrballje t\u00eb drejtp\u00ebrdrejt\u00eb me forcat e policis\u00eb. \u201cK\u00ebtu vendosim ne!\u201d \u00ebsht\u00eb nj\u00eb nga thirrjet q\u00eb \u00ebsht\u00eb d\u00ebgjuar gjat\u00eb protest\u00ebs, nd\u00ebrsa protestuesit kan\u00eb deklaruar se\u2026","rel":"","context":"In &quot;Njoftime Shtypi&quot;","block_context":{"text":"Njoftime Shtypi","link":"https:\/\/www.shqiperia.com\/blog\/category\/njoftime-shtypi\/"},"img":{"alt_text":"","src":"https:\/\/i0.wp.com\/www.shqiperia.com\/blog\/wp-content\/uploads\/2026\/09\/Capture-11.jpg?fit=1200%2C536&ssl=1&resize=350%2C200","width":350,"height":200,"srcset":"https:\/\/i0.wp.com\/www.shqiperia.com\/blog\/wp-content\/uploads\/2026\/09\/Capture-11.jpg?fit=1200%2C536&ssl=1&resize=350%2C200 1x, https:\/\/i0.wp.com\/www.shqiperia.com\/blog\/wp-content\/uploads\/2026\/09\/Capture-11.jpg?fit=1200%2C536&ssl=1&resize=525%2C300 1.5x, https:\/\/i0.wp.com\/www.shqiperia.com\/blog\/wp-content\/uploads\/2026\/09\/Capture-11.jpg?fit=1200%2C536&ssl=1&resize=700%2C400 2x, https:\/\/i0.wp.com\/www.shqiperia.com\/blog\/wp-content\/uploads\/2026\/09\/Capture-11.jpg?fit=1200%2C536&ssl=1&resize=1050%2C600 3x"},"classes":[]},{"id":104868,"url":"https:\/\/www.shqiperia.com\/blog\/protesta-nuk-ndalet-sot-dita-e-83-te-qytetaret-serish-ne-shesh-kunder-qeverise-rama-jep-doreheqjen\/","url_meta":{"origin":101239,"position":3},"title":"Protesta nuk ndalet\/ Sot dita e 83-t\u00eb, qytetar\u00ebt s\u00ebrish n\u00eb shesh kund\u00ebr qeveris\u00eb: Rama jep dor\u00ebheqjen!","author":"Kurt Farka","date":"August 21, 2026","format":false,"excerpt":"21 Gusht 2026 Qytetar\u00ebt do t\u00eb mblidhen s\u00ebrish sot n\u00eb Tiran\u00eb, duke vijuar p\u00ebr t\u00eb 83-\u00ebn dit\u00eb radhazi protest\u00ebn kund\u00ebr qeveris\u00eb dhe kast\u00ebs politike. Ashtu si n\u00eb dit\u00ebt e fundit, protestuesit pritet t\u00eb grumbullohen fillimisht n\u00eb sheshin \u201cSk\u00ebnderbej\u201d dhe m\u00eb pas t\u00eb marshojn\u00eb drejt Kryeministris\u00eb, ku do t\u00eb vijojn\u00eb tubimin\u2026","rel":"","context":"In &quot;Blogu i Udh\u00ebtarit&quot;","block_context":{"text":"Blogu i Udh\u00ebtarit","link":"https:\/\/www.shqiperia.com\/blog\/category\/blogu-i-udhetarit\/"},"img":{"alt_text":"","src":"https:\/\/i0.wp.com\/www.shqiperia.com\/blog\/wp-content\/uploads\/2026\/08\/770985824_3285727254921661_236673638084350325_n-1.jpg?fit=1200%2C800&ssl=1&resize=350%2C200","width":350,"height":200,"srcset":"https:\/\/i0.wp.com\/www.shqiperia.com\/blog\/wp-content\/uploads\/2026\/08\/770985824_3285727254921661_236673638084350325_n-1.jpg?fit=1200%2C800&ssl=1&resize=350%2C200 1x, https:\/\/i0.wp.com\/www.shqiperia.com\/blog\/wp-content\/uploads\/2026\/08\/770985824_3285727254921661_236673638084350325_n-1.jpg?fit=1200%2C800&ssl=1&resize=525%2C300 1.5x, https:\/\/i0.wp.com\/www.shqiperia.com\/blog\/wp-content\/uploads\/2026\/08\/770985824_3285727254921661_236673638084350325_n-1.jpg?fit=1200%2C800&ssl=1&resize=700%2C400 2x, https:\/\/i0.wp.com\/www.shqiperia.com\/blog\/wp-content\/uploads\/2026\/08\/770985824_3285727254921661_236673638084350325_n-1.jpg?fit=1200%2C800&ssl=1&resize=1050%2C600 3x"},"classes":[]},{"id":100931,"url":"https:\/\/www.shqiperia.com\/blog\/pa-doreheqje-ska-dialog-protesta-per-zvernecin-qytetaret-i-pergjigjen-rames\/","url_meta":{"origin":101239,"position":4},"title":"&#8220;Pa dor\u00ebheqje, s\u2019ka dialog&#8221; &#8211; Protesta p\u00ebr Zv\u00ebrnecin, qytetar\u00ebt i p\u00ebrgjigjen Ram\u00ebs","author":"Kurt Farka","date":"June 2, 2026","format":false,"excerpt":"2 Qershor 2026 Ka nisur n\u00eb Tiran\u00eb protesta kund\u00ebr nd\u00ebrtimeve n\u00eb Zv\u00ebrnec, ku mij\u00ebra qytetar\u00eb jan\u00eb mbledhur s\u00ebrish n\u00eb kryeqytet p\u00ebr t\u00eb tret\u00ebn dit\u00eb me radh\u00eb. \u201cPa dor\u00ebheqje, s\u2019ka dialog\u201d,\u00a0d\u00ebgjohet t\u00eb th\u00ebrrasin nj\u00ebz\u00ebri qytetar\u00ebt, duke iu p\u00ebrgjigjur thirrjes s\u00eb kryeministrit, i cili sot i ftoi nj\u00eb grup p\u00ebrfaq\u00ebsuesish t\u00eb ulen\u2026","rel":"","context":"In &quot;Blogu i Udh\u00ebtarit&quot;","block_context":{"text":"Blogu i Udh\u00ebtarit","link":"https:\/\/www.shqiperia.com\/blog\/category\/blogu-i-udhetarit\/"},"img":{"alt_text":"","src":"https:\/\/i0.wp.com\/www.shqiperia.com\/blog\/wp-content\/uploads\/2026\/06\/600-388-protjpg-1780418688.jpg?fit=600%2C388&ssl=1&resize=350%2C200","width":350,"height":200,"srcset":"https:\/\/i0.wp.com\/www.shqiperia.com\/blog\/wp-content\/uploads\/2026\/06\/600-388-protjpg-1780418688.jpg?fit=600%2C388&ssl=1&resize=350%2C200 1x, https:\/\/i0.wp.com\/www.shqiperia.com\/blog\/wp-content\/uploads\/2026\/06\/600-388-protjpg-1780418688.jpg?fit=600%2C388&ssl=1&resize=525%2C300 1.5x"},"classes":[]},{"id":103176,"url":"https:\/\/www.shqiperia.com\/blog\/qendrese-revolte-55-dite-jehon-thirrja-arrestoni-ramen\/","url_meta":{"origin":101239,"position":5},"title":"Q\u00ebndres\u00eb, revolt\u00eb 55 dit\u00eb\/ Jehon thirrja: &#8211; Arrestoni Ram\u00ebn","author":"Kurt Farka","date":"July 24, 2026","format":false,"excerpt":"24 Korrik 2026 Nj\u00eb pjes\u00ebmarrje masive n\u00eb dit\u00ebn e 55 t\u00eb protest\u00eb kund\u00ebr kryeministrit Edi Rama. Shqiptar\u00ebt kan\u00eb dh\u00ebn\u00eb mesazh t\u00eb qart\u00eb se nuk heqin dor\u00eb nga rezistenca d\u00ebri n\u00eb largimin e kryeministrit. Pas fjalimeve para Kryeministris\u00eb, protestuesit po vijojn\u00eb marshimet n\u00eb rrug\u00ebt e Tiran\u00ebs ku jehojn\u00eb thirrjet \u201cArrestoni Ram\u00ebn\u201d.\u2026","rel":"","context":"In &quot;Blogu i Udh\u00ebtarit&quot;","block_context":{"text":"Blogu i Udh\u00ebtarit","link":"https:\/\/www.shqiperia.com\/blog\/category\/blogu-i-udhetarit\/"},"img":{"alt_text":"","src":"https:\/\/i0.wp.com\/www.shqiperia.com\/blog\/wp-content\/uploads\/2026\/07\/buelvardiiii-1.jpg?fit=1200%2C542&ssl=1&resize=350%2C200","width":350,"height":200,"srcset":"https:\/\/i0.wp.com\/www.shqiperia.com\/blog\/wp-content\/uploads\/2026\/07\/buelvardiiii-1.jpg?fit=1200%2C542&ssl=1&resize=350%2C200 1x, https:\/\/i0.wp.com\/www.shqiperia.com\/blog\/wp-content\/uploads\/2026\/07\/buelvardiiii-1.jpg?fit=1200%2C542&ssl=1&resize=525%2C300 1.5x, https:\/\/i0.wp.com\/www.shqiperia.com\/blog\/wp-content\/uploads\/2026\/07\/buelvardiiii-1.jpg?fit=1200%2C542&ssl=1&resize=700%2C400 2x, https:\/\/i0.wp.com\/www.shqiperia.com\/blog\/wp-content\/uploads\/2026\/07\/buelvardiiii-1.jpg?fit=1200%2C542&ssl=1&resize=1050%2C600 3x"},"classes":[]}],"_links":{"self":[{"href":"https:\/\/www.shqiperia.com\/blog\/wp-json\/wp\/v2\/posts\/101239","targetHints":{"allow":["GET"]}}],"collection":[{"href":"https:\/\/www.shqiperia.com\/blog\/wp-json\/wp\/v2\/posts"}],"about":[{"href":"https:\/\/www.shqiperia.com\/blog\/wp-json\/wp\/v2\/types\/post"}],"author":[{"embeddable":true,"href":"https:\/\/www.shqiperia.com\/blog\/wp-json\/wp\/v2\/users\/9"}],"replies":[{"embeddable":true,"href":"https:\/\/www.shqiperia.com\/blog\/wp-json\/wp\/v2\/comments?post=101239"}],"version-history":[{"count":1,"href":"https:\/\/www.shqiperia.com\/blog\/wp-json\/wp\/v2\/posts\/101239\/revisions"}],"predecessor-version":[{"id":101241,"href":"https:\/\/www.shqiperia.com\/blog\/wp-json\/wp\/v2\/posts\/101239\/revisions\/101241"}],"wp:featuredmedia":[{"embeddable":true,"href":"https:\/\/www.shqiperia.com\/blog\/wp-json\/wp\/v2\/media\/101240"}],"wp:attachment":[{"href":"https:\/\/www.shqiperia.com\/blog\/wp-json\/wp\/v2\/media?parent=101239"}],"wp:term":[{"taxonomy":"category","embeddable":true,"href":"https:\/\/www.shqiperia.com\/blog\/wp-json\/wp\/v2\/categories?post=101239"},{"taxonomy":"post_tag","embeddable":true,"href":"https:\/\/www.shqiperia.com\/blog\/wp-json\/wp\/v2\/tags?post=101239"}],"curies":[{"name":"wp","href":"https:\/\/api.w.org\/{rel}","templated":true}]}}