{"id":101221,"date":"2026-06-07T15:36:27","date_gmt":"2026-06-07T15:36:27","guid":{"rendered":"https:\/\/www.shqiperia.com\/blog\/?p=101221"},"modified":"2026-06-07T15:36:27","modified_gmt":"2026-06-07T15:36:27","slug":"shqiperia-eshte-e-jona-shqiptaret-protestojne-edhe-ne-hage-rama-ik-rama-ik","status":"publish","type":"post","link":"https:\/\/www.shqiperia.com\/blog\/shqiperia-eshte-e-jona-shqiptaret-protestojne-edhe-ne-hage-rama-ik-rama-ik\/","title":{"rendered":"\u2018Shqip\u00ebria \u00ebsht\u00eb e jona\u2019, shqiptar\u00ebt protestojn\u00eb edhe n\u00eb Hag\u00eb: &#8211; Rama ik! Rama ik!"},"content":{"rendered":"<div id=\"attachment_101222\" style=\"width: 656px\" class=\"wp-caption alignnone\"><img data-recalc-dims=\"1\" loading=\"lazy\" decoding=\"async\" aria-describedby=\"caption-attachment-101222\" data-attachment-id=\"101222\" data-permalink=\"https:\/\/www.shqiperia.com\/blog\/shqiperia-eshte-e-jona-shqiptaret-protestojne-edhe-ne-hage-rama-ik-rama-ik\/protesta-e-shqiptareve-ne-hage\/\" data-orig-file=\"https:\/\/i0.wp.com\/www.shqiperia.com\/blog\/wp-content\/uploads\/2026\/06\/Protesta-e-Shqiptareve-ne-Hage.jpg?fit=756%2C431&amp;ssl=1\" data-orig-size=\"756,431\" data-comments-opened=\"1\" data-image-meta=\"{&quot;aperture&quot;:&quot;0&quot;,&quot;credit&quot;:&quot;Panorama Live&quot;,&quot;camera&quot;:&quot;&quot;,&quot;caption&quot;:&quot;&quot;,&quot;created_timestamp&quot;:&quot;1780851419&quot;,&quot;copyright&quot;:&quot;&quot;,&quot;focal_length&quot;:&quot;0&quot;,&quot;iso&quot;:&quot;0&quot;,&quot;shutter_speed&quot;:&quot;0&quot;,&quot;title&quot;:&quot;&quot;,&quot;orientation&quot;:&quot;0&quot;}\" data-image-title=\"Protesta e Shqiptareve ne Hage\" data-image-description=\"\" data-image-caption=\"&lt;p&gt;Protesta e Shqiptareve ne Hage&lt;\/p&gt;\n\" data-medium-file=\"https:\/\/i0.wp.com\/www.shqiperia.com\/blog\/wp-content\/uploads\/2026\/06\/Protesta-e-Shqiptareve-ne-Hage.jpg?fit=300%2C171&amp;ssl=1\" data-large-file=\"https:\/\/i0.wp.com\/www.shqiperia.com\/blog\/wp-content\/uploads\/2026\/06\/Protesta-e-Shqiptareve-ne-Hage.jpg?fit=756%2C431&amp;ssl=1\" class=\" wp-image-101222\" alt=\"\" src=\"https:\/\/i0.wp.com\/www.shqiperia.com\/blog\/wp-content\/uploads\/2026\/06\/Protesta-e-Shqiptareve-ne-Hage.jpg?resize=646%2C368&#038;ssl=1\" width=\"646\" height=\"368\" srcset=\"https:\/\/i0.wp.com\/www.shqiperia.com\/blog\/wp-content\/uploads\/2026\/06\/Protesta-e-Shqiptareve-ne-Hage.jpg?resize=300%2C171&amp;ssl=1 300w, https:\/\/i0.wp.com\/www.shqiperia.com\/blog\/wp-content\/uploads\/2026\/06\/Protesta-e-Shqiptareve-ne-Hage.jpg?resize=450%2C257&amp;ssl=1 450w, https:\/\/i0.wp.com\/www.shqiperia.com\/blog\/wp-content\/uploads\/2026\/06\/Protesta-e-Shqiptareve-ne-Hage.jpg?resize=600%2C342&amp;ssl=1 600w, https:\/\/i0.wp.com\/www.shqiperia.com\/blog\/wp-content\/uploads\/2026\/06\/Protesta-e-Shqiptareve-ne-Hage.jpg?resize=400%2C228&amp;ssl=1 400w, https:\/\/i0.wp.com\/www.shqiperia.com\/blog\/wp-content\/uploads\/2026\/06\/Protesta-e-Shqiptareve-ne-Hage.jpg?w=756&amp;ssl=1 756w\" sizes=\"auto, (max-width: 646px) 100vw, 646px\" \/><p id=\"caption-attachment-101222\" class=\"wp-caption-text\">Protesta e Shqiptareve ne Hage<\/p><\/div>\n<p>7 Qershpr 2026<\/p>\n<p>Protesta kund\u00ebr Qeverise \u00ebsht\u00eb p\u00ebrhapur dhe n\u00eb diaspor\u00eb.<\/p>\n<p>K\u00ebt\u00eb t\u00eb diel kan\u00eb qen\u00eb dhe shqiptar\u00ebt n\u00eb Hag\u00eb, t\u00eb cil\u00ebt dol\u00ebn n\u00eb nj\u00eb prej shesheve t\u00eb qytetit holandez p\u00ebr t\u00eb kund\u00ebrshtuar nd\u00ebrtimin e resortit n\u00eb Zv\u00ebrnec.<\/p>\n<p>Gjithashtu protestuesit b\u00ebn thirrje edhe p\u00ebr largimin e kryeministrit Rama nga drejtimi i qeveris\u00eb<\/p>\n","protected":false},"excerpt":{"rendered":"<p>7 Qershpr 2026 Protesta kund\u00ebr Qeverise \u00ebsht\u00eb p\u00ebrhapur dhe n\u00eb diaspor\u00eb. K\u00ebt\u00eb t\u00eb diel kan\u00eb qen\u00eb dhe shqiptar\u00ebt n\u00eb Hag\u00eb, t\u00eb cil\u00ebt dol\u00ebn n\u00eb nj\u00eb prej shesheve t\u00eb qytetit holandez p\u00ebr t\u00eb kund\u00ebrshtuar nd\u00ebrtimin e resortit n\u00eb Zv\u00ebrnec. Gjithashtu protestuesit b\u00ebn thirrje edhe p\u00ebr largimin e kryeministrit Rama nga drejtimi i qeveris\u00eb<\/p>\n","protected":false},"author":9,"featured_media":101222,"comment_status":"open","ping_status":"open","sticky":false,"template":"","format":"standard","meta":{"jetpack_post_was_ever_published":false,"_jetpack_newsletter_access":"","_jetpack_dont_email_post_to_subs":false,"_jetpack_newsletter_tier_id":0,"_jetpack_memberships_contains_paywalled_content":false,"_jetpack_memberships_contains_paid_content":false,"footnotes":"","jetpack_publicize_message":"","jetpack_publicize_feature_enabled":true,"jetpack_social_post_already_shared":true,"jetpack_social_options":{"image_generator_settings":{"template":"highway","default_image_id":0,"font":"","enabled":false},"version":2}},"categories":[27,2,35],"tags":[],"class_list":["post-101221","post","type-post","status-publish","format-standard","has-post-thumbnail","hentry","category-blogu-i-udhetarit","category-politika","category-shoqerore"],"jetpack_publicize_connections":[],"jetpack_featured_media_url":"https:\/\/i0.wp.com\/www.shqiperia.com\/blog\/wp-content\/uploads\/2026\/06\/Protesta-e-Shqiptareve-ne-Hage.jpg?fit=756%2C431&ssl=1","jetpack_sharing_enabled":true,"jetpack_shortlink":"https:\/\/wp.me\/p5Z6wp-qkB","jetpack-related-posts":[{"id":101176,"url":"https:\/\/www.shqiperia.com\/blog\/proteste-edhe-ne-londer-shqiptaret-e-diaspores-kunder-qeverise-rama\/","url_meta":{"origin":101221,"position":0},"title":"Protest\u00eb edhe n\u00eb Lond\u00ebr, shqiptar\u00ebt e diaspor\u00ebs kund\u00ebr qeveris\u00eb Rama","author":"Kurt Farka","date":"June 6, 2026","format":false,"excerpt":"6 Qershor 2026 Nd\u00ebrsa protesta t\u00eb diaspor\u00ebs shqiptare po zhvillohen paralelisht n\u00eb disa qytete t\u00eb Europ\u00ebs dhe Amerik\u00ebs s\u00eb Veriut, edhe Londra \u00ebsht\u00eb b\u00ebr\u00eb pjes\u00eb e k\u00ebsaj vale reagimi kund\u00ebr politikave t\u00eb qeveris\u00eb s\u00eb kryeministrit Edi Rama. Qindra shqiptar\u00eb jan\u00eb mbledhur n\u00eb kryeqytetin britanik me flamuj komb\u00ebtar\u00eb dhe pankarta, duke\u2026","rel":"","context":"In &quot;Blogu i Udh\u00ebtarit&quot;","block_context":{"text":"Blogu i Udh\u00ebtarit","link":"https:\/\/www.shqiperia.com\/blog\/category\/blogu-i-udhetarit\/"},"img":{"alt_text":"","src":"https:\/\/i0.wp.com\/www.shqiperia.com\/blog\/wp-content\/uploads\/2026\/06\/londer-proteste.jpg?fit=900%2C503&ssl=1&resize=350%2C200","width":350,"height":200,"srcset":"https:\/\/i0.wp.com\/www.shqiperia.com\/blog\/wp-content\/uploads\/2026\/06\/londer-proteste.jpg?fit=900%2C503&ssl=1&resize=350%2C200 1x, https:\/\/i0.wp.com\/www.shqiperia.com\/blog\/wp-content\/uploads\/2026\/06\/londer-proteste.jpg?fit=900%2C503&ssl=1&resize=525%2C300 1.5x, https:\/\/i0.wp.com\/www.shqiperia.com\/blog\/wp-content\/uploads\/2026\/06\/londer-proteste.jpg?fit=900%2C503&ssl=1&resize=700%2C400 2x"},"classes":[]},{"id":101489,"url":"https:\/\/www.shqiperia.com\/blog\/edhe-nga-vjena-rama-ik-protesta-e-shqiptareve-ne-te-gjithe-boten\/","url_meta":{"origin":101221,"position":1},"title":"Edhe nga Vjena \u2013 Rama ik  Protesta e shqiptar\u00ebve n\u00eb t\u00eb gjith\u00eb bot\u00ebn","author":"Kurt Farka","date":"June 14, 2026","format":false,"excerpt":"Edhe n\u00eb Vjen\u00eb jan\u00eb m\u00eb qindra shqiptar\u00ebt q\u00eb jan\u00eb bashkuar n\u00eb nj\u00eb protest\u00eb kund\u00ebr qeveris\u00eb s\u00eb Rilindjes. Ashtu si n\u00eb t\u00eb gjitha qytetet e m\u00ebdha t\u00eb bot\u00ebs edhe n\u00eb kryeqytetin austriak shqiptar\u00ebt kan\u00eb b\u00ebr\u00eb thirrje p\u00ebr dor\u00ebheqjen e Edi Ram\u00ebs. Nd\u00ebrkoh\u00eb n\u00eb Tiran\u00eb sot \u00ebsht\u00eb dita e 15-t\u00eb e protest\u00ebs\u2026","rel":"","context":"In &quot;Blogu i Udh\u00ebtarit&quot;","block_context":{"text":"Blogu i Udh\u00ebtarit","link":"https:\/\/www.shqiperia.com\/blog\/category\/blogu-i-udhetarit\/"},"img":{"alt_text":"","src":"https:\/\/i0.wp.com\/www.shqiperia.com\/blog\/wp-content\/uploads\/2026\/06\/auto_Screenshot_2026-06-14_1444581781441226.png?fit=900%2C402&ssl=1&resize=350%2C200","width":350,"height":200,"srcset":"https:\/\/i0.wp.com\/www.shqiperia.com\/blog\/wp-content\/uploads\/2026\/06\/auto_Screenshot_2026-06-14_1444581781441226.png?fit=900%2C402&ssl=1&resize=350%2C200 1x, https:\/\/i0.wp.com\/www.shqiperia.com\/blog\/wp-content\/uploads\/2026\/06\/auto_Screenshot_2026-06-14_1444581781441226.png?fit=900%2C402&ssl=1&resize=525%2C300 1.5x, https:\/\/i0.wp.com\/www.shqiperia.com\/blog\/wp-content\/uploads\/2026\/06\/auto_Screenshot_2026-06-14_1444581781441226.png?fit=900%2C402&ssl=1&resize=700%2C400 2x"},"classes":[]},{"id":102107,"url":"https:\/\/www.shqiperia.com\/blog\/rama-pritet-me-protesta-edhe-ne-gjermani-shqiptaret-tubim-ne-dusseldorf-jepe-doreheqjen\/","url_meta":{"origin":101221,"position":2},"title":"Rama pritet me protesta edhe n\u00eb Gjermani, shqiptar\u00ebt tubim n\u00eb D\u00fcsseldorf: Jepe dor\u00ebheqjen!","author":"Kurt Farka","date":"July 1, 2026","format":false,"excerpt":"1 Korrik 2026 Kryeministri Edi Rama u prit me protesta pasi shkoi n\u00eb D\u00fcsseldorf t\u00eb Gjermanis\u00eb p\u00ebr nj\u00eb takim me Kryeministrin e Landit t\u00eb Nordrhein-Westfalen, Hendrik W\u00fcst. N\u00eb nisje t\u00eb takimit, nj\u00eb grup protestuesish shqiptar\u00eb, me simbole komb\u00ebtare dhe thirrje p\u00ebr dor\u00ebheqjen e Ram\u00ebs kan\u00eb ngritur z\u00ebrin kund\u00ebr veprimeve t\u00eb\u2026","rel":"","context":"In &quot;Blogu i Udh\u00ebtarit&quot;","block_context":{"text":"Blogu i Udh\u00ebtarit","link":"https:\/\/www.shqiperia.com\/blog\/category\/blogu-i-udhetarit\/"},"img":{"alt_text":"","src":"https:\/\/i0.wp.com\/www.shqiperia.com\/blog\/wp-content\/uploads\/2026\/07\/yrtyrty.jpg?fit=1114%2C629&ssl=1&resize=350%2C200","width":350,"height":200,"srcset":"https:\/\/i0.wp.com\/www.shqiperia.com\/blog\/wp-content\/uploads\/2026\/07\/yrtyrty.jpg?fit=1114%2C629&ssl=1&resize=350%2C200 1x, https:\/\/i0.wp.com\/www.shqiperia.com\/blog\/wp-content\/uploads\/2026\/07\/yrtyrty.jpg?fit=1114%2C629&ssl=1&resize=525%2C300 1.5x, https:\/\/i0.wp.com\/www.shqiperia.com\/blog\/wp-content\/uploads\/2026\/07\/yrtyrty.jpg?fit=1114%2C629&ssl=1&resize=700%2C400 2x, https:\/\/i0.wp.com\/www.shqiperia.com\/blog\/wp-content\/uploads\/2026\/07\/yrtyrty.jpg?fit=1114%2C629&ssl=1&resize=1050%2C600 3x"},"classes":[]},{"id":103188,"url":"https:\/\/www.shqiperia.com\/blog\/rama-jepe-doreheqjen-revolucioni-i-flamingove-pushton-mynihun-shqiptaret-ne-proteste-i-kerkojne-llogari-qeverise-ku-eshte-transparenca\/","url_meta":{"origin":101221,"position":3},"title":"\u201cRama jepe dor\u00ebheqjen\u201d- Revolucioni i flamingove pushton Mynihun, shqiptar\u00ebt n\u00eb protest\u00eb i k\u00ebrkojn\u00eb llogari qeveris\u00eb: &#8211; Ku \u00ebsht\u00eb transparenca?!","author":"Kurt Farka","date":"July 25, 2026","format":false,"excerpt":"25 Korrik 2026 Protesta popullore e shqiptar\u00ebve ka pushtuar edhe Mynihun n\u00eb Gjermani. Revolucioni i flamengove mblodhi diaspor\u00ebn n\u00eb nj\u00eb tubim t\u00eb pazakont\u00eb, ku spikasnin banderolat, parullat dhe thirrjet p\u00ebr llogaridh\u00ebnie, transparenc\u00eb, dhun\u00ebn policore, skandalin e Zv\u00ebrnecit apo shitjen e trojeve t\u00eb Shqip\u00ebris\u00eb dhe deri te dor\u00ebheqja e qeveris\u00eb dhe\u2026","rel":"","context":"In &quot;Blogu i Udh\u00ebtarit&quot;","block_context":{"text":"Blogu i Udh\u00ebtarit","link":"https:\/\/www.shqiperia.com\/blog\/category\/blogu-i-udhetarit\/"},"img":{"alt_text":"","src":"https:\/\/i0.wp.com\/www.shqiperia.com\/blog\/wp-content\/uploads\/2026\/07\/protesta-mynih3-1.jpg?fit=384%2C360&ssl=1&resize=350%2C200","width":350,"height":200},"classes":[]},{"id":105595,"url":"https:\/\/www.shqiperia.com\/blog\/rama-lamtumire-shqiptaret-nuk-ndalen-dita-e-93-te-e-protestes-kunder-edi-rames\/","url_meta":{"origin":101221,"position":4},"title":"\u2018Rama Lamtumir\u00eb\/ Shqiptar\u00ebt nuk ndalen, dita e 93-t\u00eb e protest\u00ebs kund\u00ebr Edi Ram\u00ebs","author":"Kurt Farka","date":"August 31, 2026","format":false,"excerpt":"31 Gusht 2926 Protesta qytetare kund\u00ebr qeveris\u00eb Rama hyn sot n\u00eb dit\u00ebn e saj t\u00eb 93-t\u00eb radhazi, duke sh\u00ebnuar mbi tre muaj mobilizim t\u00eb pand\u00ebrprer\u00eb n\u00eb rrug\u00ebt e Tiran\u00ebs. Qytetar\u00ebt pritet t\u00eb mblidhen s\u00ebrish n\u00eb sheshin \u2018Sk\u00ebnderbej\u2019, p\u00ebr t\u00eb marshuar m\u00eb pas p\u00ebrgjat\u00eb Bulevardit \u2018D\u00ebshmor\u00ebt e Kombit\u2019 drejt Kryeministris\u00eb, aty\u2026","rel":"","context":"In &quot;Blogu i Udh\u00ebtarit&quot;","block_context":{"text":"Blogu i Udh\u00ebtarit","link":"https:\/\/www.shqiperia.com\/blog\/category\/blogu-i-udhetarit\/"},"img":{"alt_text":"","src":"https:\/\/i0.wp.com\/www.shqiperia.com\/blog\/wp-content\/uploads\/2026\/08\/auto_protesta-1-11788193327.jpg?fit=900%2C602&ssl=1&resize=350%2C200","width":350,"height":200,"srcset":"https:\/\/i0.wp.com\/www.shqiperia.com\/blog\/wp-content\/uploads\/2026\/08\/auto_protesta-1-11788193327.jpg?fit=900%2C602&ssl=1&resize=350%2C200 1x, https:\/\/i0.wp.com\/www.shqiperia.com\/blog\/wp-content\/uploads\/2026\/08\/auto_protesta-1-11788193327.jpg?fit=900%2C602&ssl=1&resize=525%2C300 1.5x, https:\/\/i0.wp.com\/www.shqiperia.com\/blog\/wp-content\/uploads\/2026\/08\/auto_protesta-1-11788193327.jpg?fit=900%2C602&ssl=1&resize=700%2C400 2x"},"classes":[]},{"id":104559,"url":"https:\/\/www.shqiperia.com\/blog\/sonte-qytetaret-dhe-pjesetaret-e-diaspores-pritet-te-mblidhen-serish-ne-shesh\/","url_meta":{"origin":101221,"position":5},"title":"Sonte qytetar\u00ebt dhe pjes\u00ebtar\u00ebt e diaspor\u00ebs pritet t\u00eb mblidhen s\u00ebrish n\u00eb shesh","author":"Kurt Farka","date":"August 16, 2026","format":false,"excerpt":"16 Gusht 2026 Protesta e 78-t\u00eb masive kund\u00ebr qeveris\u00eb dhe kryeministrit, diaspora i bashkohet s\u00ebrish sot qytetar\u00ebve n\u00eb shesh: Rama, jep dor\u00ebheqjen! Protesta qytetare kund\u00ebr qeveris\u00eb dhe kryeministrit Edi Rama sh\u00ebnon sot, 16 gusht, dit\u00ebn e 78-t\u00eb t\u00eb saj, nd\u00ebrsa n\u00eb shesh pritet s\u00ebrish nj\u00eb pjes\u00ebmarrje e konsiderueshme edhe nga\u2026","rel":"","context":"In &quot;Blogu i Udh\u00ebtarit&quot;","block_context":{"text":"Blogu i Udh\u00ebtarit","link":"https:\/\/www.shqiperia.com\/blog\/category\/blogu-i-udhetarit\/"},"img":{"alt_text":"","src":"https:\/\/i0.wp.com\/www.shqiperia.com\/blog\/wp-content\/uploads\/2026\/08\/protesta-dita-e-77-diaspora-14.jpeg?fit=1200%2C900&ssl=1&resize=350%2C200","width":350,"height":200,"srcset":"https:\/\/i0.wp.com\/www.shqiperia.com\/blog\/wp-content\/uploads\/2026\/08\/protesta-dita-e-77-diaspora-14.jpeg?fit=1200%2C900&ssl=1&resize=350%2C200 1x, https:\/\/i0.wp.com\/www.shqiperia.com\/blog\/wp-content\/uploads\/2026\/08\/protesta-dita-e-77-diaspora-14.jpeg?fit=1200%2C900&ssl=1&resize=525%2C300 1.5x, https:\/\/i0.wp.com\/www.shqiperia.com\/blog\/wp-content\/uploads\/2026\/08\/protesta-dita-e-77-diaspora-14.jpeg?fit=1200%2C900&ssl=1&resize=700%2C400 2x, https:\/\/i0.wp.com\/www.shqiperia.com\/blog\/wp-content\/uploads\/2026\/08\/protesta-dita-e-77-diaspora-14.jpeg?fit=1200%2C900&ssl=1&resize=1050%2C600 3x"},"classes":[]}],"_links":{"self":[{"href":"https:\/\/www.shqiperia.com\/blog\/wp-json\/wp\/v2\/posts\/101221","targetHints":{"allow":["GET"]}}],"collection":[{"href":"https:\/\/www.shqiperia.com\/blog\/wp-json\/wp\/v2\/posts"}],"about":[{"href":"https:\/\/www.shqiperia.com\/blog\/wp-json\/wp\/v2\/types\/post"}],"author":[{"embeddable":true,"href":"https:\/\/www.shqiperia.com\/blog\/wp-json\/wp\/v2\/users\/9"}],"replies":[{"embeddable":true,"href":"https:\/\/www.shqiperia.com\/blog\/wp-json\/wp\/v2\/comments?post=101221"}],"version-history":[{"count":1,"href":"https:\/\/www.shqiperia.com\/blog\/wp-json\/wp\/v2\/posts\/101221\/revisions"}],"predecessor-version":[{"id":101223,"href":"https:\/\/www.shqiperia.com\/blog\/wp-json\/wp\/v2\/posts\/101221\/revisions\/101223"}],"wp:featuredmedia":[{"embeddable":true,"href":"https:\/\/www.shqiperia.com\/blog\/wp-json\/wp\/v2\/media\/101222"}],"wp:attachment":[{"href":"https:\/\/www.shqiperia.com\/blog\/wp-json\/wp\/v2\/media?parent=101221"}],"wp:term":[{"taxonomy":"category","embeddable":true,"href":"https:\/\/www.shqiperia.com\/blog\/wp-json\/wp\/v2\/categories?post=101221"},{"taxonomy":"post_tag","embeddable":true,"href":"https:\/\/www.shqiperia.com\/blog\/wp-json\/wp\/v2\/tags?post=101221"}],"curies":[{"name":"wp","href":"https:\/\/api.w.org\/{rel}","templated":true}]}}