{"id":101218,"date":"2026-06-06T20:49:47","date_gmt":"2026-06-06T20:49:47","guid":{"rendered":"https:\/\/www.shqiperia.com\/blog\/?p=101218"},"modified":"2026-06-06T20:49:47","modified_gmt":"2026-06-06T20:49:47","slug":"mesazhi-i-forte-i-diaspores-drejtuar-rames-na-perzure-nder-vite-sot-te-perzejme-ne-ty","status":"publish","type":"post","link":"https:\/\/www.shqiperia.com\/blog\/mesazhi-i-forte-i-diaspores-drejtuar-rames-na-perzure-nder-vite-sot-te-perzejme-ne-ty\/","title":{"rendered":"Mesazhi i fort\u00eb i Diaspor\u00ebs drejtuar Ram\u00ebs: &#8211; Na p\u00ebrzure nd\u00ebr vite, sot t\u00eb p\u00ebrzejm\u00eb ne ty"},"content":{"rendered":"<p><img data-recalc-dims=\"1\" loading=\"lazy\" decoding=\"async\" data-attachment-id=\"101219\" data-permalink=\"https:\/\/www.shqiperia.com\/blog\/mesazhi-i-forte-i-diaspores-drejtuar-rames-na-perzure-nder-vite-sot-te-perzejme-ne-ty\/auto_-640-0-6a244f839eda21780765384\/\" data-orig-file=\"https:\/\/i0.wp.com\/www.shqiperia.com\/blog\/wp-content\/uploads\/2026\/06\/auto_-640-0-6a244f839eda21780765384.png?fit=900%2C571&amp;ssl=1\" data-orig-size=\"900,571\" data-comments-opened=\"1\" data-image-meta=\"{&quot;aperture&quot;:&quot;0&quot;,&quot;credit&quot;:&quot;&quot;,&quot;camera&quot;:&quot;&quot;,&quot;caption&quot;:&quot;&quot;,&quot;created_timestamp&quot;:&quot;0&quot;,&quot;copyright&quot;:&quot;&quot;,&quot;focal_length&quot;:&quot;0&quot;,&quot;iso&quot;:&quot;0&quot;,&quot;shutter_speed&quot;:&quot;0&quot;,&quot;title&quot;:&quot;&quot;,&quot;orientation&quot;:&quot;0&quot;}\" data-image-title=\"auto_-640-0-6a244f839eda21780765384\" data-image-description=\"\" data-image-caption=\"\" data-medium-file=\"https:\/\/i0.wp.com\/www.shqiperia.com\/blog\/wp-content\/uploads\/2026\/06\/auto_-640-0-6a244f839eda21780765384.png?fit=300%2C190&amp;ssl=1\" data-large-file=\"https:\/\/i0.wp.com\/www.shqiperia.com\/blog\/wp-content\/uploads\/2026\/06\/auto_-640-0-6a244f839eda21780765384.png?fit=900%2C571&amp;ssl=1\" class=\"alignnone  wp-image-101219\" alt=\"\" src=\"https:\/\/i0.wp.com\/www.shqiperia.com\/blog\/wp-content\/uploads\/2026\/06\/auto_-640-0-6a244f839eda21780765384.png?resize=643%2C407&#038;ssl=1\" width=\"643\" height=\"407\" srcset=\"https:\/\/i0.wp.com\/www.shqiperia.com\/blog\/wp-content\/uploads\/2026\/06\/auto_-640-0-6a244f839eda21780765384.png?resize=300%2C190&amp;ssl=1 300w, https:\/\/i0.wp.com\/www.shqiperia.com\/blog\/wp-content\/uploads\/2026\/06\/auto_-640-0-6a244f839eda21780765384.png?resize=768%2C487&amp;ssl=1 768w, https:\/\/i0.wp.com\/www.shqiperia.com\/blog\/wp-content\/uploads\/2026\/06\/auto_-640-0-6a244f839eda21780765384.png?resize=450%2C286&amp;ssl=1 450w, https:\/\/i0.wp.com\/www.shqiperia.com\/blog\/wp-content\/uploads\/2026\/06\/auto_-640-0-6a244f839eda21780765384.png?resize=600%2C381&amp;ssl=1 600w, https:\/\/i0.wp.com\/www.shqiperia.com\/blog\/wp-content\/uploads\/2026\/06\/auto_-640-0-6a244f839eda21780765384.png?resize=400%2C254&amp;ssl=1 400w, https:\/\/i0.wp.com\/www.shqiperia.com\/blog\/wp-content\/uploads\/2026\/06\/auto_-640-0-6a244f839eda21780765384.png?w=900&amp;ssl=1 900w\" sizes=\"auto, (max-width: 643px) 100vw, 643px\" \/><\/p>\n<p>6 Qershor 2026<\/p>\n<p>Qytetar\u00ebt k\u00ebrkojn\u00eb dor\u00ebheqjen e kryeministrit Rama dhe anulimin e ndryshimeve n\u00eb Ligjin p\u00ebr Zonat e Mbrojtura.<\/p>\n<p>N\u00eb dit\u00ebn e 7-t\u00eb t\u00eb protest\u00ebs s\u00eb\u00a0qytetar\u00ebve kund\u00ebr qeveris\u00eb u shfaq dhe nj\u00eb pankart\u00eb\u00a0mjaft pikante, q\u00eb ka t\u00ebrhequr v\u00ebmendjen<\/p>\n<p>Me mbishkrimin \u201cNa p\u00ebrzun\u00eb nd\u00ebr vite, sot t\u00eb p\u00ebrzejm\u00eb ne ty\u201d, pankarta \u00ebsht\u00eb nj\u00eb mesazh i shqiptar\u00ebve t\u00eb larguar jasht\u00eb vendit, drejtuar qeveris\u00eb.<\/p>\n<p>N\u00eb pankart\u00eb shfaqet nj\u00eb djal\u00eb veshur me nj\u00eb bluz\u00eb kuq e zi, ku shkruan \u201cDiaspora\u201d, dhe n\u00eb t\u00eb shfaqet siluetat e kryeqyteteve evropiane.<\/p>\n","protected":false},"excerpt":{"rendered":"<p>6 Qershor 2026 Qytetar\u00ebt k\u00ebrkojn\u00eb dor\u00ebheqjen e kryeministrit Rama dhe anulimin e ndryshimeve n\u00eb Ligjin p\u00ebr Zonat e Mbrojtura. N\u00eb dit\u00ebn e 7-t\u00eb t\u00eb protest\u00ebs s\u00eb\u00a0qytetar\u00ebve kund\u00ebr qeveris\u00eb u shfaq dhe nj\u00eb pankart\u00eb\u00a0mjaft pikante, q\u00eb ka t\u00ebrhequr v\u00ebmendjen Me mbishkrimin \u201cNa p\u00ebrzun\u00eb nd\u00ebr vite, sot t\u00eb p\u00ebrzejm\u00eb ne ty\u201d, pankarta \u00ebsht\u00eb nj\u00eb mesazh i shqiptar\u00ebve [&hellip;]<\/p>\n","protected":false},"author":9,"featured_media":101219,"comment_status":"open","ping_status":"open","sticky":false,"template":"","format":"standard","meta":{"jetpack_post_was_ever_published":false,"_jetpack_newsletter_access":"","_jetpack_dont_email_post_to_subs":false,"_jetpack_newsletter_tier_id":0,"_jetpack_memberships_contains_paywalled_content":false,"_jetpack_memberships_contains_paid_content":false,"footnotes":"","jetpack_publicize_message":"","jetpack_publicize_feature_enabled":true,"jetpack_social_post_already_shared":true,"jetpack_social_options":{"image_generator_settings":{"template":"highway","default_image_id":0,"font":"","enabled":false},"version":2}},"categories":[27,10,2,35],"tags":[],"class_list":["post-101218","post","type-post","status-publish","format-standard","has-post-thumbnail","hentry","category-blogu-i-udhetarit","category-kultura","category-politika","category-shoqerore"],"jetpack_publicize_connections":[],"jetpack_featured_media_url":"https:\/\/i0.wp.com\/www.shqiperia.com\/blog\/wp-content\/uploads\/2026\/06\/auto_-640-0-6a244f839eda21780765384.png?fit=900%2C571&ssl=1","jetpack_sharing_enabled":true,"jetpack_shortlink":"https:\/\/wp.me\/p5Z6wp-qky","jetpack-related-posts":[{"id":105320,"url":"https:\/\/www.shqiperia.com\/blog\/protesta-e-89-te-per-arrestimin-e-agasit-terhiq-kemben-zvarre-per-ramen-balluku-prangat-i-ka-gati\/","url_meta":{"origin":101218,"position":0},"title":"Protesta e 89-t\u00eb p\u00ebr arrestimin e Agasit: &#8211; T\u00ebrhiq k\u00ebmb\u00ebn zvarr\u00eb p\u00ebr Ram\u00ebn, Balluku prangat i ka gati!","author":"Kurt Farka","date":"August 27, 2026","format":false,"excerpt":"27 Gusht 2026 N\u00eb protest\u00ebn e 89-t\u00eb qytetare kund\u00ebr qeveris\u00eb dhe kryeministrit Edi Rama, qytetar\u00ebt kan\u00eb sjell\u00eb n\u00eb shesh pankarta me mesazhe t\u00eb forta dhe ironike, duke sh\u00ebnjestruar qeverin\u00eb, korrupsionin dhe zhvillimet e fundit n\u00eb vend. Nj\u00eb pjes\u00eb e pankartave i referohen edhe arrestimit t\u00eb Ergys Agasit, nd\u00ebrsa n\u00eb disa\u2026","rel":"","context":"In &quot;Blogu i Udh\u00ebtarit&quot;","block_context":{"text":"Blogu i Udh\u00ebtarit","link":"https:\/\/www.shqiperia.com\/blog\/category\/blogu-i-udhetarit\/"},"img":{"alt_text":"","src":"https:\/\/i0.wp.com\/www.shqiperia.com\/blog\/wp-content\/uploads\/2026\/08\/Screenokshot-2026-08-27-194722.jpg?fit=1200%2C544&ssl=1&resize=350%2C200","width":350,"height":200,"srcset":"https:\/\/i0.wp.com\/www.shqiperia.com\/blog\/wp-content\/uploads\/2026\/08\/Screenokshot-2026-08-27-194722.jpg?fit=1200%2C544&ssl=1&resize=350%2C200 1x, https:\/\/i0.wp.com\/www.shqiperia.com\/blog\/wp-content\/uploads\/2026\/08\/Screenokshot-2026-08-27-194722.jpg?fit=1200%2C544&ssl=1&resize=525%2C300 1.5x, https:\/\/i0.wp.com\/www.shqiperia.com\/blog\/wp-content\/uploads\/2026\/08\/Screenokshot-2026-08-27-194722.jpg?fit=1200%2C544&ssl=1&resize=700%2C400 2x, https:\/\/i0.wp.com\/www.shqiperia.com\/blog\/wp-content\/uploads\/2026\/08\/Screenokshot-2026-08-27-194722.jpg?fit=1200%2C544&ssl=1&resize=1050%2C600 3x"},"classes":[]},{"id":104868,"url":"https:\/\/www.shqiperia.com\/blog\/protesta-nuk-ndalet-sot-dita-e-83-te-qytetaret-serish-ne-shesh-kunder-qeverise-rama-jep-doreheqjen\/","url_meta":{"origin":101218,"position":1},"title":"Protesta nuk ndalet\/ Sot dita e 83-t\u00eb, qytetar\u00ebt s\u00ebrish n\u00eb shesh kund\u00ebr qeveris\u00eb: Rama jep dor\u00ebheqjen!","author":"Kurt Farka","date":"August 21, 2026","format":false,"excerpt":"21 Gusht 2026 Qytetar\u00ebt do t\u00eb mblidhen s\u00ebrish sot n\u00eb Tiran\u00eb, duke vijuar p\u00ebr t\u00eb 83-\u00ebn dit\u00eb radhazi protest\u00ebn kund\u00ebr qeveris\u00eb dhe kast\u00ebs politike. Ashtu si n\u00eb dit\u00ebt e fundit, protestuesit pritet t\u00eb grumbullohen fillimisht n\u00eb sheshin \u201cSk\u00ebnderbej\u201d dhe m\u00eb pas t\u00eb marshojn\u00eb drejt Kryeministris\u00eb, ku do t\u00eb vijojn\u00eb tubimin\u2026","rel":"","context":"In &quot;Blogu i Udh\u00ebtarit&quot;","block_context":{"text":"Blogu i Udh\u00ebtarit","link":"https:\/\/www.shqiperia.com\/blog\/category\/blogu-i-udhetarit\/"},"img":{"alt_text":"","src":"https:\/\/i0.wp.com\/www.shqiperia.com\/blog\/wp-content\/uploads\/2026\/08\/770985824_3285727254921661_236673638084350325_n-1.jpg?fit=1200%2C800&ssl=1&resize=350%2C200","width":350,"height":200,"srcset":"https:\/\/i0.wp.com\/www.shqiperia.com\/blog\/wp-content\/uploads\/2026\/08\/770985824_3285727254921661_236673638084350325_n-1.jpg?fit=1200%2C800&ssl=1&resize=350%2C200 1x, https:\/\/i0.wp.com\/www.shqiperia.com\/blog\/wp-content\/uploads\/2026\/08\/770985824_3285727254921661_236673638084350325_n-1.jpg?fit=1200%2C800&ssl=1&resize=525%2C300 1.5x, https:\/\/i0.wp.com\/www.shqiperia.com\/blog\/wp-content\/uploads\/2026\/08\/770985824_3285727254921661_236673638084350325_n-1.jpg?fit=1200%2C800&ssl=1&resize=700%2C400 2x, https:\/\/i0.wp.com\/www.shqiperia.com\/blog\/wp-content\/uploads\/2026\/08\/770985824_3285727254921661_236673638084350325_n-1.jpg?fit=1200%2C800&ssl=1&resize=1050%2C600 3x"},"classes":[]},{"id":105730,"url":"https:\/\/www.shqiperia.com\/blog\/ahengu-vazhdon-drejtesia-kur-fillon-94-dite-protesta-qytetaret-mesazhe-dhe-ironi\/","url_meta":{"origin":101218,"position":2},"title":"\u2018Ahengu vazhdon, drejt\u00ebsia kur fillon?\u2019, 94 dit\u00eb protesta, qytetar\u00ebt mesazhe dhe ironi","author":"Kurt Farka","date":"September 1, 2026","format":false,"excerpt":"1 Shtator 2026 Qytetar\u00ebt kan\u00eb dh\u00ebn\u00eb mesazhe t\u00eb forta p\u00ebrmes pankartave n\u00eb protest\u00ebn e 94-t\u00eb kund\u00ebr qeveris\u00eb s\u00eb Edi Ram\u00ebs. N\u00eb nj\u00eb pankart\u00eb, ata v\u00ebn\u00eb theksin tek gjendja e r\u00ebnd\u00eb n\u00ebp\u00ebr spitale, nd\u00ebrsa shtojn\u00eb se oligark\u00ebt p\u00ebrfitojn\u00eb para publike dhe nuk nd\u00ebshkohen. \u2018Spitalet pa mjek\u00eb e pa asnj\u00eb mjekim, oligark\u00ebt\u2026","rel":"","context":"In &quot;Blogu i Udh\u00ebtarit&quot;","block_context":{"text":"Blogu i Udh\u00ebtarit","link":"https:\/\/www.shqiperia.com\/blog\/category\/blogu-i-udhetarit\/"},"img":{"alt_text":"","src":"https:\/\/i0.wp.com\/www.shqiperia.com\/blog\/wp-content\/uploads\/2026\/09\/Drejtesi-dhe-Politika.jpeg?fit=835%2C612&ssl=1&resize=350%2C200","width":350,"height":200,"srcset":"https:\/\/i0.wp.com\/www.shqiperia.com\/blog\/wp-content\/uploads\/2026\/09\/Drejtesi-dhe-Politika.jpeg?fit=835%2C612&ssl=1&resize=350%2C200 1x, https:\/\/i0.wp.com\/www.shqiperia.com\/blog\/wp-content\/uploads\/2026\/09\/Drejtesi-dhe-Politika.jpeg?fit=835%2C612&ssl=1&resize=525%2C300 1.5x, https:\/\/i0.wp.com\/www.shqiperia.com\/blog\/wp-content\/uploads\/2026\/09\/Drejtesi-dhe-Politika.jpeg?fit=835%2C612&ssl=1&resize=700%2C400 2x"},"classes":[]},{"id":102246,"url":"https:\/\/www.shqiperia.com\/blog\/lea-ypi-shperndan-letren-e-11-organizatave-drejtuar-qeverise-shqiptare-protesta-lejohet-kerkesat-duhet-te-jene-vetem-per-transparence\/","url_meta":{"origin":101218,"position":3},"title":"Lea Ypi shp\u00ebrndan letr\u00ebn e 11 organizatave drejtuar qeveris\u00eb shqiptare &#8211; Protesta lejohet, Kerkesat duhet te jene vetem per Transparence.","author":"Kurt Farka","date":"July 5, 2026","format":false,"excerpt":"5 Korrik 2026 11 organizata dhe shoqata shqiptare me baz\u00eb n\u00eb Mbret\u00ebrin\u00eb e Bashkuar i kan\u00eb drejtuar nj\u00eb let\u00ebr t\u00eb hapur Qeveris\u00eb dhe Kuvendit t\u00eb Shqip\u00ebris\u00eb, ku shprehin mb\u00ebshtetje p\u00ebr protestat qytetare q\u00eb kan\u00eb vijuar prej m\u00eb shum\u00eb se nj\u00eb muaji dhe d\u00ebnojn\u00eb dhun\u00ebn policore ndaj protestuesve paq\u00ebsor\u00eb. Nism\u00ebs i\u2026","rel":"","context":"In &quot;Blogu i Udh\u00ebtarit&quot;","block_context":{"text":"Blogu i Udh\u00ebtarit","link":"https:\/\/www.shqiperia.com\/blog\/category\/blogu-i-udhetarit\/"},"img":{"alt_text":"","src":"https:\/\/i0.wp.com\/www.shqiperia.com\/blog\/wp-content\/uploads\/2026\/07\/IMG_4010.jpeg?fit=651%2C405&ssl=1&resize=350%2C200","width":350,"height":200,"srcset":"https:\/\/i0.wp.com\/www.shqiperia.com\/blog\/wp-content\/uploads\/2026\/07\/IMG_4010.jpeg?fit=651%2C405&ssl=1&resize=350%2C200 1x, https:\/\/i0.wp.com\/www.shqiperia.com\/blog\/wp-content\/uploads\/2026\/07\/IMG_4010.jpeg?fit=651%2C405&ssl=1&resize=525%2C300 1.5x"},"classes":[]},{"id":101533,"url":"https:\/\/www.shqiperia.com\/blog\/tri-te-verteta-te-thjeshta-per-kryeministrin\/","url_meta":{"origin":101218,"position":4},"title":"Tri t\u00eb v\u00ebrteta t\u00eb thjeshta (p\u00ebr kryeministrin)","author":"Kurt Farka","date":"June 16, 2026","format":false,"excerpt":"Nga Fatos Tarifa 1. Kryeministri \u00ebsht\u00eb administratori i pun\u00ebve t\u00eb qeveris\u00eb, jo pronari i saj. Qeveria \u00ebsht\u00eb e qytetar\u00ebve dhe duhet t\u2019i bindet vullnetit t\u00eb tyre. Vizioni qeveris\u00ebs i nj\u00eb kryeministri nuk mund t\u00eb jet\u00eb i ndrysh\u00ebm, apo i shk\u00ebputur nga vullneti i qytetar\u00ebve, i shprehur jo vet\u00ebm p\u00ebrmes vot\u00ebs\u2026","rel":"","context":"In &quot;Blogu i Udh\u00ebtarit&quot;","block_context":{"text":"Blogu i Udh\u00ebtarit","link":"https:\/\/www.shqiperia.com\/blog\/category\/blogu-i-udhetarit\/"},"img":{"alt_text":"","src":"https:\/\/i0.wp.com\/www.shqiperia.com\/blog\/wp-content\/uploads\/2026\/06\/Screenshot_20260615_161840_Gallery.jpg?fit=720%2C640&ssl=1&resize=350%2C200","width":350,"height":200,"srcset":"https:\/\/i0.wp.com\/www.shqiperia.com\/blog\/wp-content\/uploads\/2026\/06\/Screenshot_20260615_161840_Gallery.jpg?fit=720%2C640&ssl=1&resize=350%2C200 1x, https:\/\/i0.wp.com\/www.shqiperia.com\/blog\/wp-content\/uploads\/2026\/06\/Screenshot_20260615_161840_Gallery.jpg?fit=720%2C640&ssl=1&resize=525%2C300 1.5x, https:\/\/i0.wp.com\/www.shqiperia.com\/blog\/wp-content\/uploads\/2026\/06\/Screenshot_20260615_161840_Gallery.jpg?fit=720%2C640&ssl=1&resize=700%2C400 2x"},"classes":[]},{"id":105516,"url":"https:\/\/www.shqiperia.com\/blog\/jo-vetem-duke-numeruar-turistet-turizmi-nuk-mund-te-trajtohet-si-nje-industri-te-fortesh\/","url_meta":{"origin":101218,"position":5},"title":"\u201cJo vet\u00ebm duke num\u00ebruar turist\u00ebt\u201d. Turizmi nuk mund t\u00eb trajtohet si nj\u00eb \u201cindustri t\u00eb fort\u00ebsh\u201d","author":"Kurt Farka","date":"August 30, 2026","format":false,"excerpt":"30 Gusht 2026 Shqip\u00ebria po p\u00ebrjeton prej disa vitesh nj\u00eb rritje shum\u00eb t\u00eb fort\u00eb t\u00eb turizmit. Nga rreth 6.4 milion\u00eb hyrje t\u00eb shtetasve t\u00eb huaj n\u00eb vitin 2019, sot vendi pret mbi 12 milion\u00eb. Ky ndryshim nuk ka ardhur rast\u00ebsisht. Shqip\u00ebria ka p\u00ebrmir\u00ebsuar ndjesh\u00ebm imazhin e saj, \u00ebsht\u00eb promovuar m\u00eb\u2026","rel":"","context":"In &quot;Blogu i Udh\u00ebtarit&quot;","block_context":{"text":"Blogu i Udh\u00ebtarit","link":"https:\/\/www.shqiperia.com\/blog\/category\/blogu-i-udhetarit\/"},"img":{"alt_text":"","src":"https:\/\/i0.wp.com\/www.shqiperia.com\/blog\/wp-content\/uploads\/2026\/08\/OIP-2.webp?fit=474%2C316&ssl=1&resize=350%2C200","width":350,"height":200},"classes":[]}],"_links":{"self":[{"href":"https:\/\/www.shqiperia.com\/blog\/wp-json\/wp\/v2\/posts\/101218","targetHints":{"allow":["GET"]}}],"collection":[{"href":"https:\/\/www.shqiperia.com\/blog\/wp-json\/wp\/v2\/posts"}],"about":[{"href":"https:\/\/www.shqiperia.com\/blog\/wp-json\/wp\/v2\/types\/post"}],"author":[{"embeddable":true,"href":"https:\/\/www.shqiperia.com\/blog\/wp-json\/wp\/v2\/users\/9"}],"replies":[{"embeddable":true,"href":"https:\/\/www.shqiperia.com\/blog\/wp-json\/wp\/v2\/comments?post=101218"}],"version-history":[{"count":1,"href":"https:\/\/www.shqiperia.com\/blog\/wp-json\/wp\/v2\/posts\/101218\/revisions"}],"predecessor-version":[{"id":101220,"href":"https:\/\/www.shqiperia.com\/blog\/wp-json\/wp\/v2\/posts\/101218\/revisions\/101220"}],"wp:featuredmedia":[{"embeddable":true,"href":"https:\/\/www.shqiperia.com\/blog\/wp-json\/wp\/v2\/media\/101219"}],"wp:attachment":[{"href":"https:\/\/www.shqiperia.com\/blog\/wp-json\/wp\/v2\/media?parent=101218"}],"wp:term":[{"taxonomy":"category","embeddable":true,"href":"https:\/\/www.shqiperia.com\/blog\/wp-json\/wp\/v2\/categories?post=101218"},{"taxonomy":"post_tag","embeddable":true,"href":"https:\/\/www.shqiperia.com\/blog\/wp-json\/wp\/v2\/tags?post=101218"}],"curies":[{"name":"wp","href":"https:\/\/api.w.org\/{rel}","templated":true}]}}