{"id":101212,"date":"2026-06-06T20:24:31","date_gmt":"2026-06-06T20:24:31","guid":{"rendered":"https:\/\/www.shqiperia.com\/blog\/?p=101212"},"modified":"2026-06-06T20:24:31","modified_gmt":"2026-06-06T20:24:31","slug":"skandal-i-rende-taulant-balla-sulmon-grupin-e-xhirimit-te-reuters-po-keto-serbe-cfare-duan-ne-zvernec","status":"publish","type":"post","link":"https:\/\/www.shqiperia.com\/blog\/skandal-i-rende-taulant-balla-sulmon-grupin-e-xhirimit-te-reuters-po-keto-serbe-cfare-duan-ne-zvernec\/","title":{"rendered":"Skandal i r\u00ebnd\u00eb, Taulant Balla sulmon grupin e xhirimit t\u00eb Reuters: &#8211; Po k\u00ebto serb\u00eb \u00e7far\u00eb duan n\u00eb Zv\u00ebrnec"},"content":{"rendered":"<div id=\"attachment_101213\" style=\"width: 890px\" class=\"wp-caption alignnone\"><img data-recalc-dims=\"1\" loading=\"lazy\" decoding=\"async\" aria-describedby=\"caption-attachment-101213\" data-attachment-id=\"101213\" data-permalink=\"https:\/\/www.shqiperia.com\/blog\/skandal-i-rende-taulant-balla-sulmon-grupin-e-xhirimit-te-reuters-po-keto-serbe-cfare-duan-ne-zvernec\/taulant-balla-8\/\" data-orig-file=\"https:\/\/i0.wp.com\/www.shqiperia.com\/blog\/wp-content\/uploads\/2026\/06\/taulant-balla.jpg?fit=819%2C455&amp;ssl=1\" data-orig-size=\"819,455\" data-comments-opened=\"1\" data-image-meta=\"{&quot;aperture&quot;:&quot;0&quot;,&quot;credit&quot;:&quot;&quot;,&quot;camera&quot;:&quot;&quot;,&quot;caption&quot;:&quot;&quot;,&quot;created_timestamp&quot;:&quot;0&quot;,&quot;copyright&quot;:&quot;&quot;,&quot;focal_length&quot;:&quot;0&quot;,&quot;iso&quot;:&quot;0&quot;,&quot;shutter_speed&quot;:&quot;0&quot;,&quot;title&quot;:&quot;&quot;,&quot;orientation&quot;:&quot;0&quot;}\" data-image-title=\"taulant balla\" data-image-description=\"\" data-image-caption=\"&lt;p&gt;taulant balla&lt;\/p&gt;\n\" data-medium-file=\"https:\/\/i0.wp.com\/www.shqiperia.com\/blog\/wp-content\/uploads\/2026\/06\/taulant-balla.jpg?fit=300%2C167&amp;ssl=1\" data-large-file=\"https:\/\/i0.wp.com\/www.shqiperia.com\/blog\/wp-content\/uploads\/2026\/06\/taulant-balla.jpg?fit=819%2C455&amp;ssl=1\" class=\" wp-image-101213\" alt=\"\" src=\"https:\/\/i0.wp.com\/www.shqiperia.com\/blog\/wp-content\/uploads\/2026\/06\/taulant-balla.jpg?resize=880%2C490&#038;ssl=1\" width=\"880\" height=\"490\" srcset=\"https:\/\/i0.wp.com\/www.shqiperia.com\/blog\/wp-content\/uploads\/2026\/06\/taulant-balla.jpg?resize=300%2C167&amp;ssl=1 300w, https:\/\/i0.wp.com\/www.shqiperia.com\/blog\/wp-content\/uploads\/2026\/06\/taulant-balla.jpg?resize=768%2C427&amp;ssl=1 768w, https:\/\/i0.wp.com\/www.shqiperia.com\/blog\/wp-content\/uploads\/2026\/06\/taulant-balla.jpg?resize=450%2C250&amp;ssl=1 450w, https:\/\/i0.wp.com\/www.shqiperia.com\/blog\/wp-content\/uploads\/2026\/06\/taulant-balla.jpg?resize=600%2C333&amp;ssl=1 600w, https:\/\/i0.wp.com\/www.shqiperia.com\/blog\/wp-content\/uploads\/2026\/06\/taulant-balla.jpg?resize=400%2C222&amp;ssl=1 400w, https:\/\/i0.wp.com\/www.shqiperia.com\/blog\/wp-content\/uploads\/2026\/06\/taulant-balla.jpg?w=819&amp;ssl=1 819w\" sizes=\"auto, (max-width: 880px) 100vw, 880px\" \/><p id=\"caption-attachment-101213\" class=\"wp-caption-text\">taulant balla<\/p><\/div>\n<p>6 Qershor 2026<\/p>\n<p>Nd\u00ebrkoh\u00eb q\u00eb protesta e qytetar\u00ebve kund\u00ebr qeveris\u00eb Rama po merr p\u00ebrmasa gjithnj\u00eb e m\u00eb t\u00eb m\u00ebdha, socialist\u00ebt po gjejn\u00eb veten t\u00eb kapur mes frik\u00ebs dhe improvizimit.<\/p>\n<p>Sot, kjo frik\u00eb prodhoi nj\u00eb nd\u00ebr skandalet m\u00eb t\u00eb r\u00ebnda t\u00eb komunikimit politik: Taulant Balla, ish-minist\u00ebr, aktualisht kryetar i grupit parlamentar t\u00eb PS-s\u00eb, publikoi foto t\u00eb nj\u00eb makine me targa serbe n\u00eb Zv\u00ebrnec, duke pretenduar se b\u00ebhej fjal\u00eb p\u00ebr \u2018serb\u00eb\u2019 t\u00eb cil\u00ebt kishin ardhur p\u00ebr t\u00eb komplotuar kund\u00ebr qeveris\u00eb s\u00eb Ram\u00ebs.<\/p>\n<p>Por gazetari Gjergj Erebara e ka p\u00ebrg\u00ebnjeshtruar Ball\u00ebn.<\/p>\n<p>Makina me targa serbe nuk i takonin asnj\u00eb grupi t\u00eb dyshuar. Ato jan\u00eb mjetet zyrtare t\u00eb zyr\u00ebs rajonale t\u00eb Ballkanit t\u00eb agjencis\u00eb Reuters, e cila ka d\u00ebrguar ekipe gazetar\u00ebsh p\u00ebr t\u00eb raportuar nga protesta shqiptare, ngjarje q\u00eb ka t\u00ebrhequr shum\u00eb v\u00ebmendjen e mediave nd\u00ebrkomb\u00ebtare.<\/p>\n<p>\u2018Dikush duhet t\u00eb njoftoj\u00eb Taulant Ball\u00ebn se kjo makina i p\u00ebrket agjencis\u00eb Reuters. Reuters, media q\u00eb un\u00eb vet\u00eb e lexoj \u00e7do dit\u00eb dhe e rekomandoj, ka sjell\u00eb disa grupe p\u00ebr t\u00eb raportuar nga #revolucioniiflamingove \u2018, shkruan gazetari Gjergj Erebara n\u00eb statusin e tij.<\/p>\n","protected":false},"excerpt":{"rendered":"<p>6 Qershor 2026 Nd\u00ebrkoh\u00eb q\u00eb protesta e qytetar\u00ebve kund\u00ebr qeveris\u00eb Rama po merr p\u00ebrmasa gjithnj\u00eb e m\u00eb t\u00eb m\u00ebdha, socialist\u00ebt po gjejn\u00eb veten t\u00eb kapur mes frik\u00ebs dhe improvizimit. Sot, kjo frik\u00eb prodhoi nj\u00eb nd\u00ebr skandalet m\u00eb t\u00eb r\u00ebnda t\u00eb komunikimit politik: Taulant Balla, ish-minist\u00ebr, aktualisht kryetar i grupit parlamentar t\u00eb PS-s\u00eb, publikoi foto t\u00eb [&hellip;]<\/p>\n","protected":false},"author":9,"featured_media":101213,"comment_status":"open","ping_status":"open","sticky":false,"template":"","format":"standard","meta":{"jetpack_post_was_ever_published":false,"_jetpack_newsletter_access":"","_jetpack_dont_email_post_to_subs":false,"_jetpack_newsletter_tier_id":0,"_jetpack_memberships_contains_paywalled_content":false,"_jetpack_memberships_contains_paid_content":false,"footnotes":"","jetpack_publicize_message":"","jetpack_publicize_feature_enabled":true,"jetpack_social_post_already_shared":true,"jetpack_social_options":{"image_generator_settings":{"template":"highway","default_image_id":0,"font":"","enabled":false},"version":2}},"categories":[27,10,2,14,35],"tags":[],"class_list":["post-101212","post","type-post","status-publish","format-standard","has-post-thumbnail","hentry","category-blogu-i-udhetarit","category-kultura","category-politika","category-press-releases","category-shoqerore"],"jetpack_publicize_connections":[],"jetpack_featured_media_url":"https:\/\/i0.wp.com\/www.shqiperia.com\/blog\/wp-content\/uploads\/2026\/06\/taulant-balla.jpg?fit=819%2C455&ssl=1","jetpack_sharing_enabled":true,"jetpack_shortlink":"https:\/\/wp.me\/p5Z6wp-qks","jetpack-related-posts":[{"id":104855,"url":"https:\/\/www.shqiperia.com\/blog\/zjarrfikesja-shuan-zjarret-ne-shba-taulant-balla-e-reklamon-videon-si-ne-shqiperi\/","url_meta":{"origin":101212,"position":0},"title":"Zjarrfik\u00ebsja shuan zjarret n\u00eb SHBA, Taulant Balla e reklamon videon si n\u00eb Shqip\u00ebri","author":"Kurt Farka","date":"August 20, 2026","format":false,"excerpt":"20 Gusht 2026 Nj\u00eb pamje e shp\u00ebrndar\u00eb dit\u00ebn e djeshme nga Kreu i Grupit Parlamentar t\u00eb PS-s\u00eb Taulant Balla, ku shihet nj\u00eb helikopter zjarrfik\u00ebs duke shuar zjarret ka b\u00ebr\u00eb xhiron e rrjetit. Deri k\u00ebtu \u00e7do gj\u00eb \u00ebsht\u00eb normale, pasi helikopteri dhe zjarrfik\u00ebsit n\u00eb fjal\u00eb po b\u00ebjn\u00eb pun\u00ebn e tyre. Por\u2026","rel":"","context":"In &quot;Blogu i Udh\u00ebtarit&quot;","block_context":{"text":"Blogu i Udh\u00ebtarit","link":"https:\/\/www.shqiperia.com\/blog\/category\/blogu-i-udhetarit\/"},"img":{"alt_text":"","src":"https:\/\/i0.wp.com\/www.shqiperia.com\/blog\/wp-content\/uploads\/2026\/08\/wmremove-transformed-1.webp?fit=640%2C427&ssl=1&resize=350%2C200","width":350,"height":200,"srcset":"https:\/\/i0.wp.com\/www.shqiperia.com\/blog\/wp-content\/uploads\/2026\/08\/wmremove-transformed-1.webp?fit=640%2C427&ssl=1&resize=350%2C200 1x, https:\/\/i0.wp.com\/www.shqiperia.com\/blog\/wp-content\/uploads\/2026\/08\/wmremove-transformed-1.webp?fit=640%2C427&ssl=1&resize=525%2C300 1.5x"},"classes":[]},{"id":104631,"url":"https:\/\/www.shqiperia.com\/blog\/krijohet-komisioni-balla-viktima-e-pare-do-jete-niko-peleshi-ska-bere-statuse-kunder-protestave\/","url_meta":{"origin":101212,"position":1},"title":"Krijohet komisioni \u201cBalla\u201d, \u2018viktima\u2019 e par\u00eb do jet\u00eb Niko Peleshi! &#8211; S\u2019ka b\u00ebr\u00eb statuse kund\u00ebr protestave","author":"Kurt Farka","date":"August 17, 2026","format":false,"excerpt":"17 Gusht 2026 N\u00eb konference me gazetar\u00ebt, Berisha tha se \u00ebsht\u00eb krijuar nj\u00eb struktur\u00eb q\u00eb ai e cil\u00ebsoi me ironi si \u201cKomisioni Balla\u201d. Sipas tij, ky komision po kontrollon statuset n\u00eb rrjetet sociale t\u00eb p\u00ebrfaq\u00ebsuesve t\u00eb qeveris\u00ebse, me synimin p\u00ebr t\u00eb identifikuar personat q\u00eb nuk kan\u00eb b\u00ebr\u00eb postime kund\u00ebr l\u00ebvizjes\u2026","rel":"","context":"In &quot;Blogu i Udh\u00ebtarit&quot;","block_context":{"text":"Blogu i Udh\u00ebtarit","link":"https:\/\/www.shqiperia.com\/blog\/category\/blogu-i-udhetarit\/"},"img":{"alt_text":"","src":"https:\/\/i0.wp.com\/www.shqiperia.com\/blog\/wp-content\/uploads\/2026\/08\/OIP.webp?fit=474%2C316&ssl=1&resize=350%2C200","width":350,"height":200},"classes":[]},{"id":103950,"url":"https:\/\/www.shqiperia.com\/blog\/dosje-ne-spak-per-taulant-ballen-fshehje-pasurie-pastrim-parash-dhe-korrupsion-ja-dokumenti-qe-mund-te-hape\/","url_meta":{"origin":101212,"position":2},"title":"Dosje n\u00eb SPAK p\u00ebr Taulant Ball\u00ebn, fshehje pasurie, pastrim parash dhe korrupsion, ja dokumenti q\u00eb mund t\u00eb hap\u00eb\u2026","author":"Kurt Farka","date":"August 7, 2026","format":false,"excerpt":"7 Gusht 2026 Kreu i Grupit Parlamentar t\u00eb Partis\u00eb Socialiste, Taulant Balla, dyshohet p\u00ebr fshehje pasurie, pastrim parash dhe korrupsion. Nj\u00eb prej organizator\u00ebve t\u00eb protestave qytetare n\u00eb Tiran\u00eb, Gentian Progni, ka publikuar n\u00eb rrjetet sociale nj\u00eb faksimile t\u00eb nj\u00eb dokumenti, ku shfaqet, mes t\u00eb tjer\u00ebve, edhe emri i Taulant Ball\u00ebs.\u2026","rel":"","context":"In &quot;Blogu i Udh\u00ebtarit&quot;","block_context":{"text":"Blogu i Udh\u00ebtarit","link":"https:\/\/www.shqiperia.com\/blog\/category\/blogu-i-udhetarit\/"},"img":{"alt_text":"","src":"https:\/\/i0.wp.com\/www.shqiperia.com\/blog\/wp-content\/uploads\/2026\/08\/foto-3-balla-spak-AI-1140x570-1.jpg?fit=1140%2C570&ssl=1&resize=350%2C200","width":350,"height":200,"srcset":"https:\/\/i0.wp.com\/www.shqiperia.com\/blog\/wp-content\/uploads\/2026\/08\/foto-3-balla-spak-AI-1140x570-1.jpg?fit=1140%2C570&ssl=1&resize=350%2C200 1x, https:\/\/i0.wp.com\/www.shqiperia.com\/blog\/wp-content\/uploads\/2026\/08\/foto-3-balla-spak-AI-1140x570-1.jpg?fit=1140%2C570&ssl=1&resize=525%2C300 1.5x, https:\/\/i0.wp.com\/www.shqiperia.com\/blog\/wp-content\/uploads\/2026\/08\/foto-3-balla-spak-AI-1140x570-1.jpg?fit=1140%2C570&ssl=1&resize=700%2C400 2x, https:\/\/i0.wp.com\/www.shqiperia.com\/blog\/wp-content\/uploads\/2026\/08\/foto-3-balla-spak-AI-1140x570-1.jpg?fit=1140%2C570&ssl=1&resize=1050%2C600 3x"},"classes":[]},{"id":105859,"url":"https:\/\/www.shqiperia.com\/blog\/taulant-balla-i-kapur-ne-pergjime-me-bandat-kriminale-nga-nje-shtet-i-be-pritet-nderhyrja-e-spak-per-flete-arrest-ndaj-deputetit-te-rames\/","url_meta":{"origin":101212,"position":3},"title":"Taulant Balla i kapur n\u00eb p\u00ebrgjime me bandat kriminale nga nj\u00eb shtet i BE, pritet nd\u00ebrhyrja e SPAK p\u00ebr flet\u00eb-arrest ndaj deputetit  t\u00eb Ram\u00ebs","author":"Kurt Farka","date":"September 3, 2026","format":false,"excerpt":"3 Shtator 2026 Taulant Balla rrezikon prangat pas p\u00ebrgjimeve q\u00eb e lidhin emrin e deputetit t\u00eb Edi Ram\u00ebs me bot\u00ebn e krimit. N\u00eb materialet hetimore kan\u00eb dal\u00eb biseda ku Balla p\u00ebrmendet me em\u00ebr dhe mbiem\u00ebr, nd\u00ebrsa \u00e7\u00ebshtja ka marr\u00eb edhe p\u00ebrmas\u00eb nd\u00ebrkomb\u00ebtare, pasi n\u00eb t\u00eb \u00ebsht\u00eb p\u00ebrfshir\u00eb nj\u00eb shtet an\u00ebtar\u2026","rel":"","context":"In &quot;Blogu i Udh\u00ebtarit&quot;","block_context":{"text":"Blogu i Udh\u00ebtarit","link":"https:\/\/www.shqiperia.com\/blog\/category\/blogu-i-udhetarit\/"},"img":{"alt_text":"","src":"https:\/\/i0.wp.com\/www.shqiperia.com\/blog\/wp-content\/uploads\/2026\/09\/maxresdefault.jpg?fit=1200%2C675&ssl=1&resize=350%2C200","width":350,"height":200,"srcset":"https:\/\/i0.wp.com\/www.shqiperia.com\/blog\/wp-content\/uploads\/2026\/09\/maxresdefault.jpg?fit=1200%2C675&ssl=1&resize=350%2C200 1x, https:\/\/i0.wp.com\/www.shqiperia.com\/blog\/wp-content\/uploads\/2026\/09\/maxresdefault.jpg?fit=1200%2C675&ssl=1&resize=525%2C300 1.5x, https:\/\/i0.wp.com\/www.shqiperia.com\/blog\/wp-content\/uploads\/2026\/09\/maxresdefault.jpg?fit=1200%2C675&ssl=1&resize=700%2C400 2x, https:\/\/i0.wp.com\/www.shqiperia.com\/blog\/wp-content\/uploads\/2026\/09\/maxresdefault.jpg?fit=1200%2C675&ssl=1&resize=1050%2C600 3x"},"classes":[]},{"id":103652,"url":"https:\/\/www.shqiperia.com\/blog\/debati-per-hapjen-e-konsullates-serbe-ne-shkoder-banoret-ne-proteste-i-kemi-te-fresketa-plaget-kemi-vuajtur-shume-2149-02-08-2026-a-a-debati-per-hapjen-e-konsullates-serbe-ne-shkoder\/","url_meta":{"origin":101212,"position":4},"title":"Debati p\u00ebr hapjen e konsullat\u00ebs serbe n\u00eb Shkod\u00ebr, banor\u00ebt n\u00eb protest\u00eb: I kemi t\u00eb fresk\u00ebta plag\u00ebt, kemi vuajtur shum\u00eb\u2026   21:49 | 02\/08\/2026 A A Debati p\u00ebr hapjen e konsullat\u00ebs serbe n\u00eb Shkod\u00ebr, banor\u00ebt n\u00eb protest\u00eb: &#8211; I kemi t\u00eb fresk\u00ebta plag\u00ebt, kemi vuajtur shum\u00eb\u2026 Nj\u00eb grup","author":"Kurt Farka","date":"August 2, 2026","format":false,"excerpt":"2 Gusht 2026 \u00a0Qytetar\u00ebt shkodran\u00eb protestuan k\u00ebt\u00eb t\u00eb diel n\u00eb qend\u00ebr t\u00eb Shkodr\u00ebs, duke shprehur pak\u00ebnaq\u00ebsit\u00eb e tyre ndaj qeveris\u00eb, por edhe kund\u00ebrshtimin p\u00ebr krijimin e nj\u00eb konsullate serbe n\u00eb qytet. Si\u00e7 raporton korrespondenti i Top Channel Klodian Zhivani, protestuesit marshuan n\u00eb rrug\u00ebt e Shkodr\u00ebs me pankarta dhe flamuj komb\u00ebtar\u00eb,\u2026","rel":"","context":"In &quot;Blogu i Udh\u00ebtarit&quot;","block_context":{"text":"Blogu i Udh\u00ebtarit","link":"https:\/\/www.shqiperia.com\/blog\/category\/blogu-i-udhetarit\/"},"img":{"alt_text":"","src":"https:\/\/i0.wp.com\/www.shqiperia.com\/blog\/wp-content\/uploads\/2026\/08\/Edi-Rama-1.webp?fit=1140%2C570&ssl=1&resize=350%2C200","width":350,"height":200,"srcset":"https:\/\/i0.wp.com\/www.shqiperia.com\/blog\/wp-content\/uploads\/2026\/08\/Edi-Rama-1.webp?fit=1140%2C570&ssl=1&resize=350%2C200 1x, https:\/\/i0.wp.com\/www.shqiperia.com\/blog\/wp-content\/uploads\/2026\/08\/Edi-Rama-1.webp?fit=1140%2C570&ssl=1&resize=525%2C300 1.5x, https:\/\/i0.wp.com\/www.shqiperia.com\/blog\/wp-content\/uploads\/2026\/08\/Edi-Rama-1.webp?fit=1140%2C570&ssl=1&resize=700%2C400 2x, https:\/\/i0.wp.com\/www.shqiperia.com\/blog\/wp-content\/uploads\/2026\/08\/Edi-Rama-1.webp?fit=1140%2C570&ssl=1&resize=1050%2C600 3x"},"classes":[]},{"id":102399,"url":"https:\/\/www.shqiperia.com\/blog\/protestuesit-u-shkojne-deputeteve-ne-tavoline-ne-strasburg-rama-ne-burg-balla-ne-burg\/","url_meta":{"origin":101212,"position":5},"title":"Protestuesit u shkojn\u00eb deputet\u00ebve n\u00eb tavolin\u00eb n\u00eb Strasburg &#8211; Rama n\u00eb Burg, Balla n\u00eb Burg.","author":"Kurt Farka","date":"July 9, 2026","format":false,"excerpt":"9 Korrik 2026 Nj\u00eb video e publikuar s\u00eb fundmi n\u00eb mediat sociale dhe rrjetet e komunikimit tregon nj\u00eb p\u00ebrplasje verbale mes disa p\u00ebrfaq\u00ebsuesve t\u00eb Partis\u00eb Socialiste dhe nj\u00eb grupi qytetar\u00ebsh shqiptar\u00eb n\u00eb Strasburg. Episodi ka ndodhur pas p\u00ebrfundimit t\u00eb mbledhjes s\u00eb 21-t\u00eb t\u00eb Komitetit Parlamentar t\u00eb Stabilizim-Asociimit (KPSA) BE-Shqip\u00ebri. N\u00eb\u2026","rel":"","context":"In &quot;Blogu i Udh\u00ebtarit&quot;","block_context":{"text":"Blogu i Udh\u00ebtarit","link":"https:\/\/www.shqiperia.com\/blog\/category\/blogu-i-udhetarit\/"},"img":{"alt_text":"","src":"https:\/\/i0.wp.com\/www.shqiperia.com\/blog\/wp-content\/uploads\/2026\/07\/IMG_4073-1-1.jpeg?fit=421%2C318&ssl=1&resize=350%2C200","width":350,"height":200},"classes":[]}],"_links":{"self":[{"href":"https:\/\/www.shqiperia.com\/blog\/wp-json\/wp\/v2\/posts\/101212","targetHints":{"allow":["GET"]}}],"collection":[{"href":"https:\/\/www.shqiperia.com\/blog\/wp-json\/wp\/v2\/posts"}],"about":[{"href":"https:\/\/www.shqiperia.com\/blog\/wp-json\/wp\/v2\/types\/post"}],"author":[{"embeddable":true,"href":"https:\/\/www.shqiperia.com\/blog\/wp-json\/wp\/v2\/users\/9"}],"replies":[{"embeddable":true,"href":"https:\/\/www.shqiperia.com\/blog\/wp-json\/wp\/v2\/comments?post=101212"}],"version-history":[{"count":1,"href":"https:\/\/www.shqiperia.com\/blog\/wp-json\/wp\/v2\/posts\/101212\/revisions"}],"predecessor-version":[{"id":101214,"href":"https:\/\/www.shqiperia.com\/blog\/wp-json\/wp\/v2\/posts\/101212\/revisions\/101214"}],"wp:featuredmedia":[{"embeddable":true,"href":"https:\/\/www.shqiperia.com\/blog\/wp-json\/wp\/v2\/media\/101213"}],"wp:attachment":[{"href":"https:\/\/www.shqiperia.com\/blog\/wp-json\/wp\/v2\/media?parent=101212"}],"wp:term":[{"taxonomy":"category","embeddable":true,"href":"https:\/\/www.shqiperia.com\/blog\/wp-json\/wp\/v2\/categories?post=101212"},{"taxonomy":"post_tag","embeddable":true,"href":"https:\/\/www.shqiperia.com\/blog\/wp-json\/wp\/v2\/tags?post=101212"}],"curies":[{"name":"wp","href":"https:\/\/api.w.org\/{rel}","templated":true}]}}