{"id":101209,"date":"2026-06-06T20:20:29","date_gmt":"2026-06-06T20:20:29","guid":{"rendered":"https:\/\/www.shqiperia.com\/blog\/?p=101209"},"modified":"2026-06-06T20:20:29","modified_gmt":"2026-06-06T20:20:29","slug":"lajthit-rama-sulmon-mediet-nderkombetare-dhe-i-urdheron-mos-beni-lajm-per-2-mije-protestues","status":"publish","type":"post","link":"https:\/\/www.shqiperia.com\/blog\/lajthit-rama-sulmon-mediet-nderkombetare-dhe-i-urdheron-mos-beni-lajm-per-2-mije-protestues\/","title":{"rendered":"Lajthit Rama, sulmon mediet nd\u00ebrkomb\u00ebtare dhe i urdh\u00ebron: Mos b\u00ebni lajm p\u00ebr 2 mije protestues"},"content":{"rendered":"<p><img data-recalc-dims=\"1\" loading=\"lazy\" decoding=\"async\" data-attachment-id=\"101210\" data-permalink=\"https:\/\/www.shqiperia.com\/blog\/lajthit-rama-sulmon-mediet-nderkombetare-dhe-i-urdheron-mos-beni-lajm-per-2-mije-protestues\/auto_rt-11780771342\/\" data-orig-file=\"https:\/\/i0.wp.com\/www.shqiperia.com\/blog\/wp-content\/uploads\/2026\/06\/auto_rt-11780771342.jpg?fit=900%2C580&amp;ssl=1\" data-orig-size=\"900,580\" data-comments-opened=\"1\" data-image-meta=\"{&quot;aperture&quot;:&quot;0&quot;,&quot;credit&quot;:&quot;&quot;,&quot;camera&quot;:&quot;&quot;,&quot;caption&quot;:&quot;&quot;,&quot;created_timestamp&quot;:&quot;0&quot;,&quot;copyright&quot;:&quot;&quot;,&quot;focal_length&quot;:&quot;0&quot;,&quot;iso&quot;:&quot;0&quot;,&quot;shutter_speed&quot;:&quot;0&quot;,&quot;title&quot;:&quot;&quot;,&quot;orientation&quot;:&quot;0&quot;}\" data-image-title=\"auto_rt-11780771342\" data-image-description=\"\" data-image-caption=\"\" data-medium-file=\"https:\/\/i0.wp.com\/www.shqiperia.com\/blog\/wp-content\/uploads\/2026\/06\/auto_rt-11780771342.jpg?fit=300%2C193&amp;ssl=1\" data-large-file=\"https:\/\/i0.wp.com\/www.shqiperia.com\/blog\/wp-content\/uploads\/2026\/06\/auto_rt-11780771342.jpg?fit=900%2C580&amp;ssl=1\" class=\"alignnone  wp-image-101210\" alt=\"\" src=\"https:\/\/i0.wp.com\/www.shqiperia.com\/blog\/wp-content\/uploads\/2026\/06\/auto_rt-11780771342.jpg?resize=664%2C427&#038;ssl=1\" width=\"664\" height=\"427\" srcset=\"https:\/\/i0.wp.com\/www.shqiperia.com\/blog\/wp-content\/uploads\/2026\/06\/auto_rt-11780771342.jpg?resize=300%2C193&amp;ssl=1 300w, https:\/\/i0.wp.com\/www.shqiperia.com\/blog\/wp-content\/uploads\/2026\/06\/auto_rt-11780771342.jpg?resize=768%2C495&amp;ssl=1 768w, https:\/\/i0.wp.com\/www.shqiperia.com\/blog\/wp-content\/uploads\/2026\/06\/auto_rt-11780771342.jpg?resize=450%2C290&amp;ssl=1 450w, https:\/\/i0.wp.com\/www.shqiperia.com\/blog\/wp-content\/uploads\/2026\/06\/auto_rt-11780771342.jpg?resize=600%2C387&amp;ssl=1 600w, https:\/\/i0.wp.com\/www.shqiperia.com\/blog\/wp-content\/uploads\/2026\/06\/auto_rt-11780771342.jpg?resize=400%2C258&amp;ssl=1 400w, https:\/\/i0.wp.com\/www.shqiperia.com\/blog\/wp-content\/uploads\/2026\/06\/auto_rt-11780771342.jpg?w=900&amp;ssl=1 900w\" sizes=\"auto, (max-width: 664px) 100vw, 664px\" \/><\/p>\n<p>6 Qershor 2026<\/p>\n<p>Protesta qytetare e ka nxjerr\u00eb Edi Ram\u00ebn te dal\u00eb nga shinat.<\/p>\n<p>Me nj\u00eb reagim t\u00eb gjat\u00eb n\u00eb rrjetin social \u2018X\u2019, t\u00eb cilin e ka ndar\u00eb n\u00eb dy pjes\u00eb, Edi Rama ka vendosur t\u00eb sulmoj\u00eb mediet nd\u00ebrkomb\u00ebtare, se pse kan\u00eb b\u00ebr\u00eb lajme p\u00ebr Shqip\u00ebrin\u00eb.<\/p>\n<p>Duke cituar t\u00eb parin CNN, televizionin ku vite m\u00eb par\u00eb, po ky Edi Ram\u00eb dilte e sulmonte presidentin e SHBA, Donald Trump, sot Edi Rama e sulmon se pse po pasqyron protest\u00ebn e shqiptar\u00ebve.<\/p>\n<p>Por m\u00eb e keq \u00ebsht\u00eb fakti se, Edi Rama urdh\u00ebron mediat nd\u00ebrkomb\u00ebtare, t\u00eb m\u00ebdha e t\u00eb vogla q\u00eb t\u00eb mos b\u00ebjn\u00eb lajme p\u00ebr protesta me 2 mij\u00eb qytetar\u00eb.<\/p>\n<p>\u2018P\u00ebr @CNN International dhe p\u00ebr t\u00eb gjitha mediat pa fund, t\u00eb m\u00ebdha e t\u00eb vogla, s\u00eb bashku me t\u00eb gjith\u00eb krijuesit e p\u00ebrmbajtjes me q\u00ebllim t\u00eb mir\u00eb n\u00eb Facebook, X, Instagram, TikTok dhe \u00e7do platform\u00eb tjet\u00ebr q\u00eb sot form\u00ebson diskutimin global, do t\u00eb doja t\u00eb p\u00ebrcillja mesazhin e m\u00ebposht\u00ebm:<\/p>\n<p>Nd\u00ebrsa flasim, protesta e sotme ka t\u00ebrhequr rreth 2,000 pjes\u00ebmarr\u00ebs. Kjo \u00ebsht\u00eb pjes\u00ebmarrja m\u00eb e ul\u00ebt deri tani, megjith\u00ebse edhe n\u00eb kulmin e saj pjes\u00ebmarrja nuk ka kaluar kurr\u00eb 8,000 persona.<\/p>\n<p>Pra si shpjegohet q\u00eb ajo q\u00eb pjesa m\u00eb e madhe e bot\u00ebs ka par\u00eb k\u00ebto dit\u00eb duket kaq e madhe, kaq dramatike, kaq mbres\u00ebl\u00ebn\u00ebse?<\/p>\n<p>Nd\u00ebrsa flasim, protesta e sotme ka t\u00ebrhequr rreth 2,000 pjes\u00ebmarr\u00ebs. Kjo \u00ebsht\u00eb pjes\u00ebmarrja m\u00eb e ul\u00ebt deri tani, por edhe n\u00eb kulmin e saj, pjes\u00ebmarrja nuk ka kaluar kurr\u00eb 8,000 persona.<\/p>\n<p>Pra si shpjegohet q\u00eb ajo q\u00eb pjesa m\u00eb e madhe e bot\u00ebs ka par\u00eb k\u00ebto dit\u00eb duket kaq e madhe, kaq dramatike, kaq e jasht\u00ebzakonshme?\u2019, shkruan Edi Rama n\u00eb statusin e tij t\u00eb gjat\u00eb.<\/p>\n","protected":false},"excerpt":{"rendered":"<p>6 Qershor 2026 Protesta qytetare e ka nxjerr\u00eb Edi Ram\u00ebn te dal\u00eb nga shinat. Me nj\u00eb reagim t\u00eb gjat\u00eb n\u00eb rrjetin social \u2018X\u2019, t\u00eb cilin e ka ndar\u00eb n\u00eb dy pjes\u00eb, Edi Rama ka vendosur t\u00eb sulmoj\u00eb mediet nd\u00ebrkomb\u00ebtare, se pse kan\u00eb b\u00ebr\u00eb lajme p\u00ebr Shqip\u00ebrin\u00eb. Duke cituar t\u00eb parin CNN, televizionin ku vite m\u00eb [&hellip;]<\/p>\n","protected":false},"author":9,"featured_media":101210,"comment_status":"open","ping_status":"open","sticky":false,"template":"","format":"standard","meta":{"jetpack_post_was_ever_published":false,"_jetpack_newsletter_access":"","_jetpack_dont_email_post_to_subs":false,"_jetpack_newsletter_tier_id":0,"_jetpack_memberships_contains_paywalled_content":false,"_jetpack_memberships_contains_paid_content":false,"footnotes":"","jetpack_publicize_message":"","jetpack_publicize_feature_enabled":true,"jetpack_social_post_already_shared":true,"jetpack_social_options":{"image_generator_settings":{"template":"highway","default_image_id":0,"font":"","enabled":false},"version":2}},"categories":[27,10,2,35],"tags":[],"class_list":["post-101209","post","type-post","status-publish","format-standard","has-post-thumbnail","hentry","category-blogu-i-udhetarit","category-kultura","category-politika","category-shoqerore"],"jetpack_publicize_connections":[],"jetpack_featured_media_url":"https:\/\/i0.wp.com\/www.shqiperia.com\/blog\/wp-content\/uploads\/2026\/06\/auto_rt-11780771342.jpg?fit=900%2C580&ssl=1","jetpack_sharing_enabled":true,"jetpack_shortlink":"https:\/\/wp.me\/p5Z6wp-qkp","jetpack-related-posts":[{"id":102243,"url":"https:\/\/www.shqiperia.com\/blog\/rama-sulmon-edhe-gazetaret-injoron-mijera-qytetare-qe-i-kerkojne-doreheqjen\/","url_meta":{"origin":101209,"position":0},"title":"Rama sulmon edhe gazetar\u00ebt, injoron mij\u00ebra qytetar\u00eb q\u00eb i k\u00ebrkojn\u00eb dor\u00ebheqjen","author":"Kurt Farka","date":"July 5, 2026","format":false,"excerpt":"5 Korrik 2026 Kryeministri Edi Rama p\u00ebrpiqet \u00e7do dit\u00eb dhe m\u00eb shum\u00eb t\u00eb injoroj\u00eb protest\u00ebn spektakolare t\u00eb qytetar\u00ebve shqiptar\u00eb dhe t\u00eb gjej\u00eb armiq nga t\u00eb gjitha krah\u00ebt. Si asnj\u00ebher\u00eb m\u00eb par\u00eb mij\u00ebra njer\u00ebz n\u00eb sheshe dhe rrug\u00ebt kryesore t\u00eb Tiran\u00ebs kan\u00eb k\u00ebrkuar dor\u00ebheqjen e kryeministrit Edi Rama prej m\u00eb shum\u00eb\u2026","rel":"","context":"In &quot;Blogu i Udh\u00ebtarit&quot;","block_context":{"text":"Blogu i Udh\u00ebtarit","link":"https:\/\/www.shqiperia.com\/blog\/category\/blogu-i-udhetarit\/"},"img":{"alt_text":"","src":"https:\/\/i0.wp.com\/www.shqiperia.com\/blog\/wp-content\/uploads\/2026\/07\/auto_rama-dhe-klevi-muka1783237365-1.jpg?fit=900%2C500&ssl=1&resize=350%2C200","width":350,"height":200,"srcset":"https:\/\/i0.wp.com\/www.shqiperia.com\/blog\/wp-content\/uploads\/2026\/07\/auto_rama-dhe-klevi-muka1783237365-1.jpg?fit=900%2C500&ssl=1&resize=350%2C200 1x, https:\/\/i0.wp.com\/www.shqiperia.com\/blog\/wp-content\/uploads\/2026\/07\/auto_rama-dhe-klevi-muka1783237365-1.jpg?fit=900%2C500&ssl=1&resize=525%2C300 1.5x, https:\/\/i0.wp.com\/www.shqiperia.com\/blog\/wp-content\/uploads\/2026\/07\/auto_rama-dhe-klevi-muka1783237365-1.jpg?fit=900%2C500&ssl=1&resize=700%2C400 2x"},"classes":[]},{"id":103250,"url":"https:\/\/www.shqiperia.com\/blog\/rama-humb-qetesine-dhe-sulmon-qytetaret-sorrat-dhe-korbat-te-protestojne-deri-ne-2029-sdorehiqem\/","url_meta":{"origin":101209,"position":1},"title":"Rama humb qet\u00ebsin\u00eb dhe sulmon qytetar\u00ebt: &#8211; Sorrat dhe korbat t\u00eb protestojn\u00eb deri n\u00eb 2029, s\u2019dor\u00ebhiqem!","author":"Kurt Farka","date":"July 26, 2026","format":false,"excerpt":"26 Korrik 2026 Edi Rama ka sulmuar p\u00ebrs\u00ebri protestuesit shqiptar\u00eb duke i etiketuar me epitetet \u201csorra dhe korba\u201d q\u00eb i vijn\u00eb posht\u00eb penxheres dhe i k\u00ebrkojn\u00eb dor\u00ebheqjen. Me nj\u00eb postim n\u00eb rrjetin social X, kryeministri duket se ka ndryshuar mendim ku shprehet se bes\u00ebn k\u00ebrkon ta lidh\u00eb me flamingot e\u2026","rel":"","context":"In &quot;Blogu i Udh\u00ebtarit&quot;","block_context":{"text":"Blogu i Udh\u00ebtarit","link":"https:\/\/www.shqiperia.com\/blog\/category\/blogu-i-udhetarit\/"},"img":{"alt_text":"","src":"https:\/\/i0.wp.com\/www.shqiperia.com\/blog\/wp-content\/uploads\/2026\/07\/auto_auto_RAMA17808398651785067860.jpg?fit=900%2C507&ssl=1&resize=350%2C200","width":350,"height":200,"srcset":"https:\/\/i0.wp.com\/www.shqiperia.com\/blog\/wp-content\/uploads\/2026\/07\/auto_auto_RAMA17808398651785067860.jpg?fit=900%2C507&ssl=1&resize=350%2C200 1x, https:\/\/i0.wp.com\/www.shqiperia.com\/blog\/wp-content\/uploads\/2026\/07\/auto_auto_RAMA17808398651785067860.jpg?fit=900%2C507&ssl=1&resize=525%2C300 1.5x, https:\/\/i0.wp.com\/www.shqiperia.com\/blog\/wp-content\/uploads\/2026\/07\/auto_auto_RAMA17808398651785067860.jpg?fit=900%2C507&ssl=1&resize=700%2C400 2x"},"classes":[]},{"id":102269,"url":"https:\/\/www.shqiperia.com\/blog\/protesta-masive-ne-tirane-pushton-mediat-e-huaja-sky-news-rames-i-uruan-100-vite-burg-per-ditelindje\/","url_meta":{"origin":101209,"position":2},"title":"Protesta masive n\u00eb Tiran\u00eb \u201cpushton\u201d mediat e huaja, Sky News: Ram\u00ebs i uruan \u201c100 vite burg\u201d p\u00ebr dit\u00eblindje!","author":"Kurt Farka","date":"July 5, 2026","format":false,"excerpt":"5 Korrik 2026 Jehona e revolt\u00ebs popullore n\u00eb Shqip\u00ebri ka kap\u00ebrcyer kufijt\u00eb, duke marr\u00eb v\u00ebmendjen e mediave m\u00eb t\u00eb m\u00ebdha nd\u00ebrkomb\u00ebtare. Gjiganti mediatik Sky News TG24 i ka kushtuar nj\u00eb hap\u00ebsir\u00eb t\u00eb r\u00ebnds\u00ebsishme protest\u00ebs madh\u00ebshtore t\u00eb zhvilluar n\u00eb Tiran\u00eb, duke pasqyruar me detaje se si nisi kjo l\u00ebvizje dhe si\u2026","rel":"","context":"In &quot;Blogu i Udh\u00ebtarit&quot;","block_context":{"text":"Blogu i Udh\u00ebtarit","link":"https:\/\/www.shqiperia.com\/blog\/category\/blogu-i-udhetarit\/"},"img":{"alt_text":"","src":"https:\/\/i0.wp.com\/www.shqiperia.com\/blog\/wp-content\/uploads\/2026\/07\/Protesta-tirane.jpg?fit=948%2C580&ssl=1&resize=350%2C200","width":350,"height":200,"srcset":"https:\/\/i0.wp.com\/www.shqiperia.com\/blog\/wp-content\/uploads\/2026\/07\/Protesta-tirane.jpg?fit=948%2C580&ssl=1&resize=350%2C200 1x, https:\/\/i0.wp.com\/www.shqiperia.com\/blog\/wp-content\/uploads\/2026\/07\/Protesta-tirane.jpg?fit=948%2C580&ssl=1&resize=525%2C300 1.5x, https:\/\/i0.wp.com\/www.shqiperia.com\/blog\/wp-content\/uploads\/2026\/07\/Protesta-tirane.jpg?fit=948%2C580&ssl=1&resize=700%2C400 2x"},"classes":[]},{"id":103904,"url":"https:\/\/www.shqiperia.com\/blog\/ne-fund-te-tetorit-qeveri-teknike-protestat-do-te-kalojne-ne-mosbindje-civile-ne-shtator-edi-rama-gati-ndryshimet\/","url_meta":{"origin":101209,"position":3},"title":"N\u00eb fund t\u00eb tetorit qeveri teknike, protestat do t\u00eb kalojn\u00eb n\u00eb mosbindje civile n\u00eb shtator, Edi Rama gati ndryshimet\u2026","author":"Kurt Farka","date":"August 6, 2026","format":false,"excerpt":"6 Gusht 2026 Prokuroria e Posa\u00e7me (SPAK) \u00ebsht\u00eb faktori q\u00eb i jep revolt\u00ebs motivin ligjor. Dosjet Balluku, Krifca, Xha\u00e7ka, Manastirliu, Gjiknuri, AKSHI dhe t\u00eb tjera jan\u00eb fu\u00e7i baruti q\u00eb pritet t\u00eb shp\u00ebrthejn\u00eb. N\u00eb fund t\u00eb tetorit qeveri teknike, protestat do t\u00eb kalojn\u00eb n\u00eb mosbindje civile n\u00eb shtator, Edi Rama gati\u2026","rel":"","context":"In &quot;Blogu i Udh\u00ebtarit&quot;","block_context":{"text":"Blogu i Udh\u00ebtarit","link":"https:\/\/www.shqiperia.com\/blog\/category\/blogu-i-udhetarit\/"},"img":{"alt_text":"","src":"https:\/\/i0.wp.com\/www.shqiperia.com\/blog\/wp-content\/uploads\/2026\/08\/foto-3-rama-protesta-AI-1140x570-1.jpg?fit=1140%2C570&ssl=1&resize=350%2C200","width":350,"height":200,"srcset":"https:\/\/i0.wp.com\/www.shqiperia.com\/blog\/wp-content\/uploads\/2026\/08\/foto-3-rama-protesta-AI-1140x570-1.jpg?fit=1140%2C570&ssl=1&resize=350%2C200 1x, https:\/\/i0.wp.com\/www.shqiperia.com\/blog\/wp-content\/uploads\/2026\/08\/foto-3-rama-protesta-AI-1140x570-1.jpg?fit=1140%2C570&ssl=1&resize=525%2C300 1.5x, https:\/\/i0.wp.com\/www.shqiperia.com\/blog\/wp-content\/uploads\/2026\/08\/foto-3-rama-protesta-AI-1140x570-1.jpg?fit=1140%2C570&ssl=1&resize=700%2C400 2x, https:\/\/i0.wp.com\/www.shqiperia.com\/blog\/wp-content\/uploads\/2026\/08\/foto-3-rama-protesta-AI-1140x570-1.jpg?fit=1140%2C570&ssl=1&resize=1050%2C600 3x"},"classes":[]},{"id":104759,"url":"https:\/\/www.shqiperia.com\/blog\/nderkombetaret-po-vezhgojne-protesten-te-mos-kemi-me-dhune-policore-dhe-presion\/","url_meta":{"origin":101209,"position":4},"title":"Nd\u00ebrkomb\u00ebtar\u00ebt po v\u00ebzhgojn\u00eb Protest\u00ebn: &#8211; T\u00eb mos kemi m\u00eb dhun\u00eb policore dhe presion!","author":"Kurt Farka","date":"August 19, 2026","format":false,"excerpt":"19 Gusht 2026 Protesta kund\u00ebr kryeministrit Edi Rama ka hyr\u00eb n\u00eb dit\u00ebn e 81-t\u00eb, nd\u00ebrsa pjes\u00ebmarr\u00ebsit deklarojn\u00eb se do t\u00eb vijojn\u00eb q\u00ebndrimin e tyre n\u00eb shesh deri n\u00eb dor\u00ebheqjen e kreut t\u00eb qeveris\u00eb. Gjat\u00eb protest\u00ebs, nj\u00eb prej qytetar\u00ebve b\u00ebri t\u00eb ditur se grupi koordinues i l\u00ebvizjes, s\u00eb bashku me protestues\u2026","rel":"","context":"In &quot;Blogu i Udh\u00ebtarit&quot;","block_context":{"text":"Blogu i Udh\u00ebtarit","link":"https:\/\/www.shqiperia.com\/blog\/category\/blogu-i-udhetarit\/"},"img":{"alt_text":"","src":"https:\/\/i0.wp.com\/www.shqiperia.com\/blog\/wp-content\/uploads\/2026\/08\/nn-770x343-6a85f989cc28a.jpg?fit=770%2C343&ssl=1&resize=350%2C200","width":350,"height":200,"srcset":"https:\/\/i0.wp.com\/www.shqiperia.com\/blog\/wp-content\/uploads\/2026\/08\/nn-770x343-6a85f989cc28a.jpg?fit=770%2C343&ssl=1&resize=350%2C200 1x, https:\/\/i0.wp.com\/www.shqiperia.com\/blog\/wp-content\/uploads\/2026\/08\/nn-770x343-6a85f989cc28a.jpg?fit=770%2C343&ssl=1&resize=525%2C300 1.5x, https:\/\/i0.wp.com\/www.shqiperia.com\/blog\/wp-content\/uploads\/2026\/08\/nn-770x343-6a85f989cc28a.jpg?fit=770%2C343&ssl=1&resize=700%2C400 2x"},"classes":[]},{"id":101668,"url":"https:\/\/www.shqiperia.com\/blog\/tirana-nuk-mban-me-mbi-150-mije-qytetare-ne-bulevard-per-doreheqjen-e-rames\/","url_meta":{"origin":101209,"position":5},"title":"Tirana nuk mban m\u00eb, mbi 150 mij\u00eb qytetar\u00eb n\u00eb Bulevard p\u00ebr dor\u00ebheqjen e Ram\u00ebs","author":"Kurt Farka","date":"June 21, 2026","format":false,"excerpt":"Mbi 150 mij\u00eb qytetar\u00eb kan\u00eb mbushur k\u00ebt\u00eb mbr\u00ebmje Bulevardin \u201cD\u00ebshmor\u00ebt e Kombit\u201d dhe rrug\u00ebt p\u00ebrreth, n\u00eb nj\u00eb nga protestat m\u00eb t\u00eb m\u00ebdha t\u00eb zhvilluara n\u00eb kryeqytet, p\u00ebr dor\u00ebheqjen e kryeministrit Edi Rama. Kjo \u00ebsht\u00eb protesta e 21-t\u00eb radhazi. Pamjet e siguruara me dron nga News24 tregojn\u00eb p\u00ebrmasat e pjes\u00ebmarrjes, me\u2026","rel":"","context":"In &quot;Blogu i Udh\u00ebtarit&quot;","block_context":{"text":"Blogu i Udh\u00ebtarit","link":"https:\/\/www.shqiperia.com\/blog\/category\/blogu-i-udhetarit\/"},"img":{"alt_text":"","src":"https:\/\/i0.wp.com\/www.shqiperia.com\/blog\/wp-content\/uploads\/2026\/06\/Protesta-tirane-11-736x450-1.jpg?fit=736%2C450&ssl=1&resize=350%2C200","width":350,"height":200,"srcset":"https:\/\/i0.wp.com\/www.shqiperia.com\/blog\/wp-content\/uploads\/2026\/06\/Protesta-tirane-11-736x450-1.jpg?fit=736%2C450&ssl=1&resize=350%2C200 1x, https:\/\/i0.wp.com\/www.shqiperia.com\/blog\/wp-content\/uploads\/2026\/06\/Protesta-tirane-11-736x450-1.jpg?fit=736%2C450&ssl=1&resize=525%2C300 1.5x, https:\/\/i0.wp.com\/www.shqiperia.com\/blog\/wp-content\/uploads\/2026\/06\/Protesta-tirane-11-736x450-1.jpg?fit=736%2C450&ssl=1&resize=700%2C400 2x"},"classes":[]}],"_links":{"self":[{"href":"https:\/\/www.shqiperia.com\/blog\/wp-json\/wp\/v2\/posts\/101209","targetHints":{"allow":["GET"]}}],"collection":[{"href":"https:\/\/www.shqiperia.com\/blog\/wp-json\/wp\/v2\/posts"}],"about":[{"href":"https:\/\/www.shqiperia.com\/blog\/wp-json\/wp\/v2\/types\/post"}],"author":[{"embeddable":true,"href":"https:\/\/www.shqiperia.com\/blog\/wp-json\/wp\/v2\/users\/9"}],"replies":[{"embeddable":true,"href":"https:\/\/www.shqiperia.com\/blog\/wp-json\/wp\/v2\/comments?post=101209"}],"version-history":[{"count":1,"href":"https:\/\/www.shqiperia.com\/blog\/wp-json\/wp\/v2\/posts\/101209\/revisions"}],"predecessor-version":[{"id":101211,"href":"https:\/\/www.shqiperia.com\/blog\/wp-json\/wp\/v2\/posts\/101209\/revisions\/101211"}],"wp:featuredmedia":[{"embeddable":true,"href":"https:\/\/www.shqiperia.com\/blog\/wp-json\/wp\/v2\/media\/101210"}],"wp:attachment":[{"href":"https:\/\/www.shqiperia.com\/blog\/wp-json\/wp\/v2\/media?parent=101209"}],"wp:term":[{"taxonomy":"category","embeddable":true,"href":"https:\/\/www.shqiperia.com\/blog\/wp-json\/wp\/v2\/categories?post=101209"},{"taxonomy":"post_tag","embeddable":true,"href":"https:\/\/www.shqiperia.com\/blog\/wp-json\/wp\/v2\/tags?post=101209"}],"curies":[{"name":"wp","href":"https:\/\/api.w.org\/{rel}","templated":true}]}}