{"id":101206,"date":"2026-06-06T20:15:30","date_gmt":"2026-06-06T20:15:30","guid":{"rendered":"https:\/\/www.shqiperia.com\/blog\/?p=101206"},"modified":"2026-06-06T20:15:30","modified_gmt":"2026-06-06T20:15:30","slug":"protestuesit-ne-kor-rama-jepe-doreheqjen-edhe-studentet-e-diaspores-do-i-kesh-ketu","status":"publish","type":"post","link":"https:\/\/www.shqiperia.com\/blog\/protestuesit-ne-kor-rama-jepe-doreheqjen-edhe-studentet-e-diaspores-do-i-kesh-ketu\/","title":{"rendered":"Protestuesit n\u00eb kor: Rama jepe dor\u00ebheqjen! &#8211; Edhe student\u00ebt e diaspor\u00ebs do i kesh k\u00ebtu"},"content":{"rendered":"<p><img data-recalc-dims=\"1\" loading=\"lazy\" decoding=\"async\" data-attachment-id=\"101207\" data-permalink=\"https:\/\/www.shqiperia.com\/blog\/protestuesit-ne-kor-rama-jepe-doreheqjen-edhe-studentet-e-diaspores-do-i-kesh-ketu\/800-0-1780775936xcapturepng-938\/\" data-orig-file=\"https:\/\/i0.wp.com\/www.shqiperia.com\/blog\/wp-content\/uploads\/2026\/06\/800-0-1780775936xcapturepng-938.png?fit=800%2C507&amp;ssl=1\" data-orig-size=\"800,507\" data-comments-opened=\"1\" data-image-meta=\"{&quot;aperture&quot;:&quot;0&quot;,&quot;credit&quot;:&quot;&quot;,&quot;camera&quot;:&quot;&quot;,&quot;caption&quot;:&quot;&quot;,&quot;created_timestamp&quot;:&quot;0&quot;,&quot;copyright&quot;:&quot;&quot;,&quot;focal_length&quot;:&quot;0&quot;,&quot;iso&quot;:&quot;0&quot;,&quot;shutter_speed&quot;:&quot;0&quot;,&quot;title&quot;:&quot;&quot;,&quot;orientation&quot;:&quot;0&quot;}\" data-image-title=\"-800-0-1780775936xcapturepng-938\" data-image-description=\"\" data-image-caption=\"\" data-medium-file=\"https:\/\/i0.wp.com\/www.shqiperia.com\/blog\/wp-content\/uploads\/2026\/06\/800-0-1780775936xcapturepng-938.png?fit=300%2C190&amp;ssl=1\" data-large-file=\"https:\/\/i0.wp.com\/www.shqiperia.com\/blog\/wp-content\/uploads\/2026\/06\/800-0-1780775936xcapturepng-938.png?fit=800%2C507&amp;ssl=1\" class=\"alignnone  wp-image-101207\" alt=\"\" src=\"https:\/\/i0.wp.com\/www.shqiperia.com\/blog\/wp-content\/uploads\/2026\/06\/800-0-1780775936xcapturepng-938.png?resize=714%2C452&#038;ssl=1\" width=\"714\" height=\"452\" srcset=\"https:\/\/i0.wp.com\/www.shqiperia.com\/blog\/wp-content\/uploads\/2026\/06\/800-0-1780775936xcapturepng-938.png?resize=300%2C190&amp;ssl=1 300w, https:\/\/i0.wp.com\/www.shqiperia.com\/blog\/wp-content\/uploads\/2026\/06\/800-0-1780775936xcapturepng-938.png?resize=768%2C487&amp;ssl=1 768w, https:\/\/i0.wp.com\/www.shqiperia.com\/blog\/wp-content\/uploads\/2026\/06\/800-0-1780775936xcapturepng-938.png?resize=450%2C285&amp;ssl=1 450w, https:\/\/i0.wp.com\/www.shqiperia.com\/blog\/wp-content\/uploads\/2026\/06\/800-0-1780775936xcapturepng-938.png?resize=600%2C380&amp;ssl=1 600w, https:\/\/i0.wp.com\/www.shqiperia.com\/blog\/wp-content\/uploads\/2026\/06\/800-0-1780775936xcapturepng-938.png?resize=400%2C254&amp;ssl=1 400w, https:\/\/i0.wp.com\/www.shqiperia.com\/blog\/wp-content\/uploads\/2026\/06\/800-0-1780775936xcapturepng-938.png?w=800&amp;ssl=1 800w\" sizes=\"auto, (max-width: 714px) 100vw, 714px\" \/><\/p>\n<p>6 Qershor 2026<\/p>\n<p>Rama jepe dor\u00ebheqjen, Rama jep dor\u00ebheqjen! Rama jep dor\u00ebheqjen!\u2019 Ishte thirrja me z\u00eb t\u00eb lart\u00eb e protestuesve mbr\u00ebmjen e sotme para kryeministris\u00eb. Protesta e nisur n\u00eb or\u00ebn 18:00 vijon ende edhe tani n\u00eb or\u00ebn 21:40 minuta.<\/p>\n<p>Nj\u00eb student duke marr\u00eb fjal\u00ebn n\u00eb podiumin e improvizuar para kryeministris\u00eb tha se student\u00ebt jan\u00eb shtresa m\u00eb e l\u00ebn\u00eb pas dore nga kjo qeveri. Fjalimi i saj u aprovua nga t\u00eb rinjt\u00eb n\u00eb protest q\u00eb e shoq\u00ebruan me duatrokitje.<\/p>\n<div class=\"in-artile-read-more\">\n<h2><em style=\"color: #333333;font-family: 'Open Sans', 'Helvetica Neue', Helvetica, Arial, sans-serif;font-size: 19px\">\u201cBursa prej vet\u00ebm 100 mij\u00eb lek\u00ebsh t\u00eb vjetra, nuk \u00ebsht\u00eb ndihm\u00eb, por nj\u00eb tallje me student\u00ebt q\u00eb luftojn\u00eb \u00e7do dit\u00eb p\u00ebr t\u00eb mbijetuar. Konviktet nuk jan\u00eb vende ku nd\u00ebrtohet e ardhmja, por godina ku shum\u00eb t\u00eb rinj detyrohen t\u00eb jetojn\u00eb n\u00eb kushte t\u00eb padenja. Kostot e jetes\u00ebs jan\u00eb t\u00eb pap\u00ebrballueshme p\u00ebr student\u00ebt. Tarifat universitare r\u00ebndojn\u00eb mbi familjet q\u00eb sakrifikojn\u00eb gjith\u00e7ka vet\u00ebm q\u00eb f\u00ebmij\u00ebt e tyre t\u00eb marrin nj\u00eb diplom\u00eb. K\u00ebshillat studentor\u00eb q\u00eb duhet t\u00eb jen\u00eb z\u00ebri yn\u00eb, jan\u00eb kthyer n\u00eb vegla q\u00eb u sh\u00ebrbejn\u00eb partive, dekan\u00ebve dhe pedagog\u00ebve. \u00a0Munges\u00eb laborator\u00ebsh, biblioteka t\u00eb varfra dhe munges\u00eb investimesh, duke na k\u00ebrkuar q\u00eb t\u00eb konkurrojm\u00eb bot\u00ebn, por duke na l\u00ebn\u00eb pa mjetet baz\u00eb.<\/em><\/h2>\n<\/div>\n<p><em>Praktikat profesionale jan\u00eb, jo vet\u00ebm formalitete&#8230; jan\u00eb formalitete ose pun\u00eb pa pages\u00eb. Nd\u00ebrsa ne kemi nevoj\u00eb p\u00ebr mund\u00ebsi reale. Edhe pas diplomimit, na pret papun\u00ebsia ose paga q\u00eb nuk t\u00eb lejon t\u00eb jetosh me dinjitet. Kam nj\u00eb mesazh p\u00ebr Edi Ram\u00ebn. Edi Rama, po t\u00eb dhimbset student\u00ebt e diaspor\u00ebs, t\u00eb diel\u00ebn dhe t\u00eb h\u00ebn\u00ebn i ke k\u00ebtu! Krijoju kushtet!\u201d tha ajo nd\u00ebrsa turma th\u00ebrriste Edi Rama ka mbaru, ka mbaru, ka mbaru!&#8221;<\/em><\/p>\n","protected":false},"excerpt":{"rendered":"<p>6 Qershor 2026 Rama jepe dor\u00ebheqjen, Rama jep dor\u00ebheqjen! Rama jep dor\u00ebheqjen!\u2019 Ishte thirrja me z\u00eb t\u00eb lart\u00eb e protestuesve mbr\u00ebmjen e sotme para kryeministris\u00eb. Protesta e nisur n\u00eb or\u00ebn 18:00 vijon ende edhe tani n\u00eb or\u00ebn 21:40 minuta. Nj\u00eb student duke marr\u00eb fjal\u00ebn n\u00eb podiumin e improvizuar para kryeministris\u00eb tha se student\u00ebt jan\u00eb shtresa [&hellip;]<\/p>\n","protected":false},"author":9,"featured_media":101207,"comment_status":"open","ping_status":"open","sticky":false,"template":"","format":"standard","meta":{"jetpack_post_was_ever_published":false,"_jetpack_newsletter_access":"","_jetpack_dont_email_post_to_subs":false,"_jetpack_newsletter_tier_id":0,"_jetpack_memberships_contains_paywalled_content":false,"_jetpack_memberships_contains_paid_content":false,"footnotes":"","jetpack_publicize_message":"","jetpack_publicize_feature_enabled":true,"jetpack_social_post_already_shared":true,"jetpack_social_options":{"image_generator_settings":{"template":"highway","default_image_id":0,"font":"","enabled":false},"version":2}},"categories":[27,10,2,35],"tags":[],"class_list":["post-101206","post","type-post","status-publish","format-standard","has-post-thumbnail","hentry","category-blogu-i-udhetarit","category-kultura","category-politika","category-shoqerore"],"jetpack_publicize_connections":[],"jetpack_featured_media_url":"https:\/\/i0.wp.com\/www.shqiperia.com\/blog\/wp-content\/uploads\/2026\/06\/800-0-1780775936xcapturepng-938.png?fit=800%2C507&ssl=1","jetpack_sharing_enabled":true,"jetpack_shortlink":"https:\/\/wp.me\/p5Z6wp-qkm","jetpack-related-posts":[{"id":102924,"url":"https:\/\/www.shqiperia.com\/blog\/rama-jepe-doreheqjen-sot-dita-e-50-te-e-rezistences-qytetare-per-rrezimin-e-qeverise\/","url_meta":{"origin":101206,"position":0},"title":"\u201cRama jepe dor\u00ebheqjen\u201d- Sot dita e 50-t\u00eb e rezistenc\u00ebs qytetare p\u00ebr rr\u00ebzimin e qeveris\u00eb","author":"Kurt Farka","date":"July 19, 2026","format":false,"excerpt":"19 Korrik 2026 Qytetar\u00ebt k\u00ebrkojn\u00eb nd\u00ebrrimin e saj dhe rr\u00ebzimin e qeveris\u00eb aktuale, duke pasur si k\u00ebrkes\u00eb kryesore dor\u00ebheqjen e kryeministrit Edi Rama. K\u00ebrkesa \u00ebsht\u00eb e panegocueshme, teksa mij\u00ebra qytetar\u00eb shqiptar\u00eb mblidhen \u00e7do nat\u00eb n\u00eb bulevardin para Kryeministris\u00eb ku mbajn\u00eb fjalime dhe m\u00eb pas marshojn\u00eb rrug\u00ebve t\u00eb Tiran\u00ebs, duke sensibilizuar.\u2026","rel":"","context":"In &quot;Blogu i Udh\u00ebtarit&quot;","block_context":{"text":"Blogu i Udh\u00ebtarit","link":"https:\/\/www.shqiperia.com\/blog\/category\/blogu-i-udhetarit\/"},"img":{"alt_text":"","src":"https:\/\/i0.wp.com\/www.shqiperia.com\/blog\/wp-content\/uploads\/2026\/07\/der-spiegel-protesta-433x300-1.jpg?fit=433%2C300&ssl=1&resize=350%2C200","width":350,"height":200},"classes":[]},{"id":104868,"url":"https:\/\/www.shqiperia.com\/blog\/protesta-nuk-ndalet-sot-dita-e-83-te-qytetaret-serish-ne-shesh-kunder-qeverise-rama-jep-doreheqjen\/","url_meta":{"origin":101206,"position":1},"title":"Protesta nuk ndalet\/ Sot dita e 83-t\u00eb, qytetar\u00ebt s\u00ebrish n\u00eb shesh kund\u00ebr qeveris\u00eb: Rama jep dor\u00ebheqjen!","author":"Kurt Farka","date":"August 21, 2026","format":false,"excerpt":"21 Gusht 2026 Qytetar\u00ebt do t\u00eb mblidhen s\u00ebrish sot n\u00eb Tiran\u00eb, duke vijuar p\u00ebr t\u00eb 83-\u00ebn dit\u00eb radhazi protest\u00ebn kund\u00ebr qeveris\u00eb dhe kast\u00ebs politike. Ashtu si n\u00eb dit\u00ebt e fundit, protestuesit pritet t\u00eb grumbullohen fillimisht n\u00eb sheshin \u201cSk\u00ebnderbej\u201d dhe m\u00eb pas t\u00eb marshojn\u00eb drejt Kryeministris\u00eb, ku do t\u00eb vijojn\u00eb tubimin\u2026","rel":"","context":"In &quot;Blogu i Udh\u00ebtarit&quot;","block_context":{"text":"Blogu i Udh\u00ebtarit","link":"https:\/\/www.shqiperia.com\/blog\/category\/blogu-i-udhetarit\/"},"img":{"alt_text":"","src":"https:\/\/i0.wp.com\/www.shqiperia.com\/blog\/wp-content\/uploads\/2026\/08\/770985824_3285727254921661_236673638084350325_n-1.jpg?fit=1200%2C800&ssl=1&resize=350%2C200","width":350,"height":200,"srcset":"https:\/\/i0.wp.com\/www.shqiperia.com\/blog\/wp-content\/uploads\/2026\/08\/770985824_3285727254921661_236673638084350325_n-1.jpg?fit=1200%2C800&ssl=1&resize=350%2C200 1x, https:\/\/i0.wp.com\/www.shqiperia.com\/blog\/wp-content\/uploads\/2026\/08\/770985824_3285727254921661_236673638084350325_n-1.jpg?fit=1200%2C800&ssl=1&resize=525%2C300 1.5x, https:\/\/i0.wp.com\/www.shqiperia.com\/blog\/wp-content\/uploads\/2026\/08\/770985824_3285727254921661_236673638084350325_n-1.jpg?fit=1200%2C800&ssl=1&resize=700%2C400 2x, https:\/\/i0.wp.com\/www.shqiperia.com\/blog\/wp-content\/uploads\/2026\/08\/770985824_3285727254921661_236673638084350325_n-1.jpg?fit=1200%2C800&ssl=1&resize=1050%2C600 3x"},"classes":[]},{"id":103275,"url":"https:\/\/www.shqiperia.com\/blog\/jep-doreheqjen-duam-qeveri-teknike-57-dite-proteste-para-kryeministrise-tubuesit-nuk-terhiqen-nga-kerkesat\/","url_meta":{"origin":101206,"position":2},"title":"\u201cJep dor\u00ebheqjen, duam qeveri teknike\u201d, 57 dit\u00eb protest\u00eb para Kryeministris\u00eb, tubuesit nuk t\u00ebrhiqen nga k\u00ebrkesat","author":"Kurt Farka","date":"July 27, 2026","format":false,"excerpt":"27 Korrik 2026 E h\u00ebna do t\u00eb nis\u00eb me protest\u00eb. Organizator\u00ebt njoftuan grumbullimin n\u00eb sheshin \u201cSk\u00ebnderbej\u201d q\u00eb prej or\u00ebs 8 t\u00eb m\u00ebngjesit, p\u00ebr t\u2019u drejtuar m\u00eb pas drejt Kuvendit, ku \u00ebsht\u00eb njoftuar nj\u00eb tjet\u00ebr seanc\u00eb plenare. N\u00eb protest\u00ebn e 57 posht\u00eb godin\u00ebs qeveritare, organizator\u00ebt p\u00ebrs\u00ebrit\u00ebn edhe nj\u00ebher\u00eb se nuk pranojn\u00eb\u2026","rel":"","context":"In &quot;Blogu i Udh\u00ebtarit&quot;","block_context":{"text":"Blogu i Udh\u00ebtarit","link":"https:\/\/www.shqiperia.com\/blog\/category\/blogu-i-udhetarit\/"},"img":{"alt_text":"","src":"https:\/\/i0.wp.com\/www.shqiperia.com\/blog\/wp-content\/uploads\/2026\/07\/4787_sd-800x450-1.webp?fit=800%2C450&ssl=1&resize=350%2C200","width":350,"height":200,"srcset":"https:\/\/i0.wp.com\/www.shqiperia.com\/blog\/wp-content\/uploads\/2026\/07\/4787_sd-800x450-1.webp?fit=800%2C450&ssl=1&resize=350%2C200 1x, https:\/\/i0.wp.com\/www.shqiperia.com\/blog\/wp-content\/uploads\/2026\/07\/4787_sd-800x450-1.webp?fit=800%2C450&ssl=1&resize=525%2C300 1.5x, https:\/\/i0.wp.com\/www.shqiperia.com\/blog\/wp-content\/uploads\/2026\/07\/4787_sd-800x450-1.webp?fit=800%2C450&ssl=1&resize=700%2C400 2x"},"classes":[]},{"id":105791,"url":"https:\/\/www.shqiperia.com\/blog\/revolta-kunder-qeverise-studentet-i-bashkohen-protestes-para-kryeministrise-organizohuni-te-gjithe-kombi-na-therret\/","url_meta":{"origin":101206,"position":3},"title":"Revolta kund\u00ebr qeveris\u00eb\/ Student\u00ebt i bashkohen protest\u00ebs para Kryeministris\u00eb: Organizohuni t\u00eb gjith\u00eb, kombi na th\u00ebrret","author":"Kurt Farka","date":"September 2, 2026","format":false,"excerpt":"2 Shtator 2026 Student\u00ebt i jan\u00eb bashkuar qytetar\u00ebve q\u00eb prej 95 dit\u00ebsh protestojn\u00eb para Kryeministris\u00eb, duke k\u00ebrkuar dor\u00ebheqjen e kryeministrit Edi Rama. T\u00eb pranish\u00ebm n\u00eb protest\u00eb, student\u00ebt mbanin pankarta me mesazhet \u201cBashkohuni student\u00eb, kombi na th\u00ebrret\u201d dhe \u201cStudent\u00ebt jan\u00eb k\u00ebtu\u201d. N\u00eb momentin q\u00eb student\u00ebt iu bashkuan protestuesve, nga turma u\u2026","rel":"","context":"In &quot;Blogu i Udh\u00ebtarit&quot;","block_context":{"text":"Blogu i Udh\u00ebtarit","link":"https:\/\/www.shqiperia.com\/blog\/category\/blogu-i-udhetarit\/"},"img":{"alt_text":"","src":"https:\/\/i0.wp.com\/www.shqiperia.com\/blog\/wp-content\/uploads\/2026\/09\/studentet1.jpg?fit=1187%2C567&ssl=1&resize=350%2C200","width":350,"height":200,"srcset":"https:\/\/i0.wp.com\/www.shqiperia.com\/blog\/wp-content\/uploads\/2026\/09\/studentet1.jpg?fit=1187%2C567&ssl=1&resize=350%2C200 1x, https:\/\/i0.wp.com\/www.shqiperia.com\/blog\/wp-content\/uploads\/2026\/09\/studentet1.jpg?fit=1187%2C567&ssl=1&resize=525%2C300 1.5x, https:\/\/i0.wp.com\/www.shqiperia.com\/blog\/wp-content\/uploads\/2026\/09\/studentet1.jpg?fit=1187%2C567&ssl=1&resize=700%2C400 2x, https:\/\/i0.wp.com\/www.shqiperia.com\/blog\/wp-content\/uploads\/2026\/09\/studentet1.jpg?fit=1187%2C567&ssl=1&resize=1050%2C600 3x"},"classes":[]},{"id":104126,"url":"https:\/\/www.shqiperia.com\/blog\/rama-jepe-doreheqjen-rinia-e-permetit-shnderron-festivalin-ne-proteste\/","url_meta":{"origin":101206,"position":4},"title":"\u2018Rama jepe dor\u00ebheqjen!\u2019 Rinia e P\u00ebrmetit shnd\u00ebrron festivalin n\u00eb protest\u00eb","author":"Kurt Farka","date":"August 10, 2026","format":false,"excerpt":"10 Gusht 2026 \u201cRama jepe dor\u00ebheqjen\u201d \u00ebsht\u00eb kthyer n\u00eb refren n\u00eb \u00e7do cep t\u00eb Shqip\u00ebris\u00eb, nd\u00ebrkoh\u00eb q\u00eb qindra qytetar\u00eb protestuan edhe mbr\u00ebm\u00eb n\u00eb dit\u00ebn e 71-t\u00eb p\u00ebrpara kryeministris\u00eb duke k\u00ebrkuar largimin e kryeministrit. E gjat\u00eb k\u00ebtyre dit\u00ebve t\u00eb rezistenc\u00ebs qytetar\u00eb kund\u00ebr keqqeverisjes dhe korrupsionit, \u2018Rama jepe dor\u00ebheqjen\u2019 \u00ebsht\u00eb refreni q\u00eb\u2026","rel":"","context":"In &quot;Blogu i Udh\u00ebtarit&quot;","block_context":{"text":"Blogu i Udh\u00ebtarit","link":"https:\/\/www.shqiperia.com\/blog\/category\/blogu-i-udhetarit\/"},"img":{"alt_text":"","src":"https:\/\/i0.wp.com\/www.shqiperia.com\/blog\/wp-content\/uploads\/2026\/08\/Festa-ne-Permet-Rama-jepe-dorheqjen.jpg?fit=900%2C675&ssl=1&resize=350%2C200","width":350,"height":200,"srcset":"https:\/\/i0.wp.com\/www.shqiperia.com\/blog\/wp-content\/uploads\/2026\/08\/Festa-ne-Permet-Rama-jepe-dorheqjen.jpg?fit=900%2C675&ssl=1&resize=350%2C200 1x, https:\/\/i0.wp.com\/www.shqiperia.com\/blog\/wp-content\/uploads\/2026\/08\/Festa-ne-Permet-Rama-jepe-dorheqjen.jpg?fit=900%2C675&ssl=1&resize=525%2C300 1.5x, https:\/\/i0.wp.com\/www.shqiperia.com\/blog\/wp-content\/uploads\/2026\/08\/Festa-ne-Permet-Rama-jepe-dorheqjen.jpg?fit=900%2C675&ssl=1&resize=700%2C400 2x"},"classes":[]},{"id":101189,"url":"https:\/\/www.shqiperia.com\/blog\/protesta-qytetare-rritet-nga-ora-ne-ore-vlon-sheshi-rama-jep-doreheqjen\/","url_meta":{"origin":101206,"position":5},"title":"Protesta qytetare rritet nga ora n\u00eb or\u00eb\/ \u201cVlon\u201d sheshi: Rama jep dor\u00ebheqjen!","author":"Kurt Farka","date":"June 6, 2026","format":false,"excerpt":"6 Qershor 2026 Ndryshe nga protestat politike, t\u00eb cilat me kalimin e koh\u00ebs humbasin pjes\u00ebmarr\u00ebs dhe besueshm\u00ebri p\u00ebr shkak t\u00eb zhg\u00ebnjimit ndaj lidershipit t\u00eb tyre, protestat qytetare po tregojn\u00eb nj\u00eb dinamik\u00eb krejt tjet\u00ebr. Mb\u00ebshtetja p\u00ebr to sa vjen dhe zgjerohet, nd\u00ebrsa njer\u00ebzit vazhdojn\u00eb t\u2019u bashkohen tubimeve edhe pasi kan\u00eb nisur\u2026","rel":"","context":"In &quot;Blogu i Udh\u00ebtarit&quot;","block_context":{"text":"Blogu i Udh\u00ebtarit","link":"https:\/\/www.shqiperia.com\/blog\/category\/blogu-i-udhetarit\/"},"img":{"alt_text":"","src":"https:\/\/i0.wp.com\/www.shqiperia.com\/blog\/wp-content\/uploads\/2026\/06\/Protesta-6-qershori-2026-958x570-1.jpg?fit=958%2C570&ssl=1&resize=350%2C200","width":350,"height":200,"srcset":"https:\/\/i0.wp.com\/www.shqiperia.com\/blog\/wp-content\/uploads\/2026\/06\/Protesta-6-qershori-2026-958x570-1.jpg?fit=958%2C570&ssl=1&resize=350%2C200 1x, https:\/\/i0.wp.com\/www.shqiperia.com\/blog\/wp-content\/uploads\/2026\/06\/Protesta-6-qershori-2026-958x570-1.jpg?fit=958%2C570&ssl=1&resize=525%2C300 1.5x, https:\/\/i0.wp.com\/www.shqiperia.com\/blog\/wp-content\/uploads\/2026\/06\/Protesta-6-qershori-2026-958x570-1.jpg?fit=958%2C570&ssl=1&resize=700%2C400 2x"},"classes":[]}],"_links":{"self":[{"href":"https:\/\/www.shqiperia.com\/blog\/wp-json\/wp\/v2\/posts\/101206","targetHints":{"allow":["GET"]}}],"collection":[{"href":"https:\/\/www.shqiperia.com\/blog\/wp-json\/wp\/v2\/posts"}],"about":[{"href":"https:\/\/www.shqiperia.com\/blog\/wp-json\/wp\/v2\/types\/post"}],"author":[{"embeddable":true,"href":"https:\/\/www.shqiperia.com\/blog\/wp-json\/wp\/v2\/users\/9"}],"replies":[{"embeddable":true,"href":"https:\/\/www.shqiperia.com\/blog\/wp-json\/wp\/v2\/comments?post=101206"}],"version-history":[{"count":1,"href":"https:\/\/www.shqiperia.com\/blog\/wp-json\/wp\/v2\/posts\/101206\/revisions"}],"predecessor-version":[{"id":101208,"href":"https:\/\/www.shqiperia.com\/blog\/wp-json\/wp\/v2\/posts\/101206\/revisions\/101208"}],"wp:featuredmedia":[{"embeddable":true,"href":"https:\/\/www.shqiperia.com\/blog\/wp-json\/wp\/v2\/media\/101207"}],"wp:attachment":[{"href":"https:\/\/www.shqiperia.com\/blog\/wp-json\/wp\/v2\/media?parent=101206"}],"wp:term":[{"taxonomy":"category","embeddable":true,"href":"https:\/\/www.shqiperia.com\/blog\/wp-json\/wp\/v2\/categories?post=101206"},{"taxonomy":"post_tag","embeddable":true,"href":"https:\/\/www.shqiperia.com\/blog\/wp-json\/wp\/v2\/tags?post=101206"}],"curies":[{"name":"wp","href":"https:\/\/api.w.org\/{rel}","templated":true}]}}