{"id":101203,"date":"2026-06-06T20:10:50","date_gmt":"2026-06-06T20:10:50","guid":{"rendered":"https:\/\/www.shqiperia.com\/blog\/?p=101203"},"modified":"2026-06-06T20:10:50","modified_gmt":"2026-06-06T20:10:50","slug":"onkologjiku-eshte-nje-aushvic-fjalimi-rreqethes-i-protestuesit-qe-vuan-nga-kanceri-kjo-godine-e-ndyre-duhet-shembur-ketu-ka-vetem-hajduteri","status":"publish","type":"post","link":"https:\/\/www.shqiperia.com\/blog\/onkologjiku-eshte-nje-aushvic-fjalimi-rreqethes-i-protestuesit-qe-vuan-nga-kanceri-kjo-godine-e-ndyre-duhet-shembur-ketu-ka-vetem-hajduteri\/","title":{"rendered":"\u201cOnkologjiku \u00ebsht\u00eb nj\u00eb Aushvic\u201d\/ Fjalimi rr\u00ebqeth\u00ebs i protestuesit q\u00eb vuan nga kanceri: &#8211; Kjo godin\u00eb e ndyr\u00eb duhet shembur, k\u00ebtu ka vet\u00ebm hajdut\u00ebri!"},"content":{"rendered":"<p><img data-recalc-dims=\"1\" loading=\"lazy\" decoding=\"async\" data-attachment-id=\"101204\" data-permalink=\"https:\/\/www.shqiperia.com\/blog\/onkologjiku-eshte-nje-aushvic-fjalimi-rreqethes-i-protestuesit-qe-vuan-nga-kanceri-kjo-godine-e-ndyre-duhet-shembur-ketu-ka-vetem-hajduteri\/protestuesi-ne-shesh\/\" data-orig-file=\"https:\/\/i0.wp.com\/www.shqiperia.com\/blog\/wp-content\/uploads\/2026\/06\/protestuesi-ne-shesh.jpg?fit=1147%2C553&amp;ssl=1\" data-orig-size=\"1147,553\" data-comments-opened=\"1\" data-image-meta=\"{&quot;aperture&quot;:&quot;0&quot;,&quot;credit&quot;:&quot;&quot;,&quot;camera&quot;:&quot;&quot;,&quot;caption&quot;:&quot;&quot;,&quot;created_timestamp&quot;:&quot;0&quot;,&quot;copyright&quot;:&quot;&quot;,&quot;focal_length&quot;:&quot;0&quot;,&quot;iso&quot;:&quot;0&quot;,&quot;shutter_speed&quot;:&quot;0&quot;,&quot;title&quot;:&quot;&quot;,&quot;orientation&quot;:&quot;0&quot;}\" data-image-title=\"protestuesi-ne-shesh\" data-image-description=\"\" data-image-caption=\"\" data-medium-file=\"https:\/\/i0.wp.com\/www.shqiperia.com\/blog\/wp-content\/uploads\/2026\/06\/protestuesi-ne-shesh.jpg?fit=300%2C145&amp;ssl=1\" data-large-file=\"https:\/\/i0.wp.com\/www.shqiperia.com\/blog\/wp-content\/uploads\/2026\/06\/protestuesi-ne-shesh.jpg?fit=1024%2C494&amp;ssl=1\" class=\"alignnone  wp-image-101204\" alt=\"\" src=\"https:\/\/i0.wp.com\/www.shqiperia.com\/blog\/wp-content\/uploads\/2026\/06\/protestuesi-ne-shesh.jpg?resize=797%2C385&#038;ssl=1\" width=\"797\" height=\"385\" srcset=\"https:\/\/i0.wp.com\/www.shqiperia.com\/blog\/wp-content\/uploads\/2026\/06\/protestuesi-ne-shesh.jpg?resize=300%2C145&amp;ssl=1 300w, https:\/\/i0.wp.com\/www.shqiperia.com\/blog\/wp-content\/uploads\/2026\/06\/protestuesi-ne-shesh.jpg?resize=1024%2C494&amp;ssl=1 1024w, https:\/\/i0.wp.com\/www.shqiperia.com\/blog\/wp-content\/uploads\/2026\/06\/protestuesi-ne-shesh.jpg?resize=768%2C370&amp;ssl=1 768w, https:\/\/i0.wp.com\/www.shqiperia.com\/blog\/wp-content\/uploads\/2026\/06\/protestuesi-ne-shesh.jpg?resize=450%2C217&amp;ssl=1 450w, https:\/\/i0.wp.com\/www.shqiperia.com\/blog\/wp-content\/uploads\/2026\/06\/protestuesi-ne-shesh.jpg?resize=600%2C289&amp;ssl=1 600w, https:\/\/i0.wp.com\/www.shqiperia.com\/blog\/wp-content\/uploads\/2026\/06\/protestuesi-ne-shesh.jpg?resize=400%2C193&amp;ssl=1 400w, https:\/\/i0.wp.com\/www.shqiperia.com\/blog\/wp-content\/uploads\/2026\/06\/protestuesi-ne-shesh.jpg?w=1147&amp;ssl=1 1147w\" sizes=\"auto, (max-width: 797px) 100vw, 797px\" \/><\/p>\n<p>6 Qershor 2026<\/p>\n<p>Nj\u00eb d\u00ebshmi rr\u00ebqeth\u00ebse dhe tejet e fuqishme ka p\u00ebrlotur dhe elektrizuar mij\u00ebra protestuesit e mbledhur p\u00ebrpara Kryeministris\u00eb. Nj\u00eb qytetar q\u00eb vuan prej tre vitesh nga s\u00ebmundja e r\u00ebnd\u00eb e kancerit ka marr\u00eb fjal\u00ebn n\u00eb podium, duke b\u00ebr\u00eb nj\u00eb denoncim trondit\u00ebs p\u00ebr gjendjen n\u00eb spitalin Onkologjik, t\u00eb cilin e krahasoi me kampet e vdekjes.<\/p>\n<p>Me tone t\u00eb ashpra dhe i rrethuar nga duartrokitjet e turm\u00ebs, ai b\u00ebri thirrje q\u00eb institucioni i qeveris\u00eb t\u00eb mbaj\u00eb p\u00ebrgjegj\u00ebsi p\u00ebr at\u00eb q\u00eb po ndodh me sh\u00ebndet\u00ebsin\u00eb dhe jet\u00ebt e qytetar\u00ebve shqiptar\u00eb.<\/p>\n<p>\u201cJam nj\u00eb qytetar q\u00eb vuaj prej 3 vitesh nga kanceri. Do e mund k\u00ebt\u00eb s\u00ebmundje! Jo m\u00eb larg se 3 km nga k\u00ebtu \u00ebsht\u00eb nj\u00eb krematorium ku kan\u00eb vdekur 20 mij\u00eb veta. A \u00ebsht\u00eb nj\u00eb Aushvic? \u00cbsht\u00eb turpi i k\u00ebsaj godine, i k\u00ebtij vendi, i 35 viteve! Onkologjiku \u00ebsht\u00eb vendi ku vdesin e varrosen njer\u00ebz p\u00ebrdit\u00eb. Ky \u00ebsht\u00eb mesazhi im o njer\u00ebz\u201d, deklaroi ai i p\u00ebrlotur.<\/p>\n<p>N\u00eb pjes\u00ebn e dyt\u00eb t\u00eb fjal\u00ebs s\u00eb tij, qytetari iu drejtua t\u00eb pranishm\u00ebve duke k\u00ebrkuar q\u00eb kauza dhe q\u00ebndresa t\u00eb mos ndalen p\u00ebrpara asnj\u00eb presioni, duke e cil\u00ebsuar godin\u00ebn e Kryeministris\u00eb si burimin e t\u00eb gjitha t\u00eb k\u00ebqijave n\u00eb vend.<\/p>\n<p>\u201cMesazhi i dyt\u00eb o bij n\u00ebnash, qofshi jet\u00ebgjat\u00eb n\u00eb k\u00ebt\u00eb kauz\u00eb. Zoti e do q\u00eb t\u00eb mblidhemi \u00e7do dit\u00eb m\u00eb shum\u00eb, sepse k\u00ebtu ka vet\u00ebm hajdut\u00ebri, vjedhje e posht\u00ebrsi. Fajtore p\u00ebr k\u00ebto \u00ebsht\u00eb kjo godin\u00eb e ndyr\u00eb, duhet shembur o njer\u00ebz kjo godin\u00eb! Edhe dheu posht\u00eb saj duhet t\u00eb largohet\u201d, p\u00ebrfundoi ai mes thirrjeve t\u00eb fuqishme t\u00eb turm\u00ebs p\u00ebr largimin e qeveris\u00eb.<\/p>\n","protected":false},"excerpt":{"rendered":"<p>6 Qershor 2026 Nj\u00eb d\u00ebshmi rr\u00ebqeth\u00ebse dhe tejet e fuqishme ka p\u00ebrlotur dhe elektrizuar mij\u00ebra protestuesit e mbledhur p\u00ebrpara Kryeministris\u00eb. Nj\u00eb qytetar q\u00eb vuan prej tre vitesh nga s\u00ebmundja e r\u00ebnd\u00eb e kancerit ka marr\u00eb fjal\u00ebn n\u00eb podium, duke b\u00ebr\u00eb nj\u00eb denoncim trondit\u00ebs p\u00ebr gjendjen n\u00eb spitalin Onkologjik, t\u00eb cilin e krahasoi me kampet e [&hellip;]<\/p>\n","protected":false},"author":9,"featured_media":101204,"comment_status":"open","ping_status":"open","sticky":false,"template":"","format":"standard","meta":{"jetpack_post_was_ever_published":false,"_jetpack_newsletter_access":"","_jetpack_dont_email_post_to_subs":false,"_jetpack_newsletter_tier_id":0,"_jetpack_memberships_contains_paywalled_content":false,"_jetpack_memberships_contains_paid_content":false,"footnotes":"","jetpack_publicize_message":"","jetpack_publicize_feature_enabled":true,"jetpack_social_post_already_shared":true,"jetpack_social_options":{"image_generator_settings":{"template":"highway","default_image_id":0,"font":"","enabled":false},"version":2}},"categories":[27,10,2,35],"tags":[],"class_list":["post-101203","post","type-post","status-publish","format-standard","has-post-thumbnail","hentry","category-blogu-i-udhetarit","category-kultura","category-politika","category-shoqerore"],"jetpack_publicize_connections":[],"jetpack_featured_media_url":"https:\/\/i0.wp.com\/www.shqiperia.com\/blog\/wp-content\/uploads\/2026\/06\/protestuesi-ne-shesh.jpg?fit=1147%2C553&ssl=1","jetpack_sharing_enabled":true,"jetpack_shortlink":"https:\/\/wp.me\/p5Z6wp-qkj","jetpack-related-posts":[{"id":101492,"url":"https:\/\/www.shqiperia.com\/blog\/diaspora-vijon-te-bashkohet-ne-proteste-sot-thirrje-per-tu-mbledhur-ne-shesh-ne-torino-pisa-e-parma\/","url_meta":{"origin":101203,"position":0},"title":"Diaspora vijon t\u00eb bashkohet n\u00eb protest\u00eb, sot thirrje p\u00ebr tu mbledhur n\u00eb shesh n\u00eb Torino, Pisa e Parma","author":"Kurt Farka","date":"June 14, 2026","format":false,"excerpt":"Nga Alba Kepi Novara, Fermo, Torino, Pistoia, Pisa, Padova, Parma, Milano, Nettuno, Roma. Jan\u00eb me dhjet\u00ebra sheshe italiane ku emigrant\u00ebt shqiptar\u00eb po shprehin solidaritetin dhe zem\u00ebrimin e tyre ndaj qeveris\u00eb s\u00eb Tiran\u00ebs, duke iu bashkuar protestave q\u00eb prej dit\u00ebsh kan\u00eb p\u00ebrfshir\u00eb Shqip\u00ebrin\u00eb. Nj\u00eb jav\u00eb m\u00eb par\u00eb nisi vala e reagimeve\u2026","rel":"","context":"In &quot;Kultura&quot;","block_context":{"text":"Kultura","link":"https:\/\/www.shqiperia.com\/blog\/category\/kultura\/"},"img":{"alt_text":"","src":"https:\/\/i0.wp.com\/www.shqiperia.com\/blog\/wp-content\/uploads\/2026\/06\/auto_93091a9e-06c5-4a5d-a348-76d2c53d80261781418265.jpg?fit=900%2C600&ssl=1&resize=350%2C200","width":350,"height":200,"srcset":"https:\/\/i0.wp.com\/www.shqiperia.com\/blog\/wp-content\/uploads\/2026\/06\/auto_93091a9e-06c5-4a5d-a348-76d2c53d80261781418265.jpg?fit=900%2C600&ssl=1&resize=350%2C200 1x, https:\/\/i0.wp.com\/www.shqiperia.com\/blog\/wp-content\/uploads\/2026\/06\/auto_93091a9e-06c5-4a5d-a348-76d2c53d80261781418265.jpg?fit=900%2C600&ssl=1&resize=525%2C300 1.5x, https:\/\/i0.wp.com\/www.shqiperia.com\/blog\/wp-content\/uploads\/2026\/06\/auto_93091a9e-06c5-4a5d-a348-76d2c53d80261781418265.jpg?fit=900%2C600&ssl=1&resize=700%2C400 2x"},"classes":[]},{"id":101381,"url":"https:\/\/www.shqiperia.com\/blog\/protesta-ka-zgjuar-nervin-qytetar-dhe-ka-promovuar-shqiperine-pozitivisht\/","url_meta":{"origin":101203,"position":1},"title":"Protesta ka zgjuar nervin qytetar dhe ka promovuar Shqip\u00ebrin\u00eb pozitivisht","author":"Kurt Farka","date":"June 10, 2026","format":false,"excerpt":"10 Qershor 2026 Gazetari Flori Gjini, i ftuar n\u00eb nje studio televizive, komentoi protestat qytetare q\u00eb po zhvillohen n\u00eb Tiran\u00eb, duke i cil\u00ebsuar ato si nj\u00eb shprehje t\u00eb nj\u00eb fryme t\u00eb gjer\u00eb demokratike q\u00eb ka angazhuar shtresa t\u00eb ndryshme t\u00eb shoq\u00ebris\u00eb shqiptare, brenda dhe jasht\u00eb vendit. Sipas Gjinit, protestat kan\u00eb\u2026","rel":"","context":"In &quot;Blogu i Udh\u00ebtarit&quot;","block_context":{"text":"Blogu i Udh\u00ebtarit","link":"https:\/\/www.shqiperia.com\/blog\/category\/blogu-i-udhetarit\/"},"img":{"alt_text":"","src":"https:\/\/i0.wp.com\/www.shqiperia.com\/blog\/wp-content\/uploads\/2026\/06\/protesta-tirane-zverneci-696x386-1.png?fit=696%2C386&ssl=1&resize=350%2C200","width":350,"height":200,"srcset":"https:\/\/i0.wp.com\/www.shqiperia.com\/blog\/wp-content\/uploads\/2026\/06\/protesta-tirane-zverneci-696x386-1.png?fit=696%2C386&ssl=1&resize=350%2C200 1x, https:\/\/i0.wp.com\/www.shqiperia.com\/blog\/wp-content\/uploads\/2026\/06\/protesta-tirane-zverneci-696x386-1.png?fit=696%2C386&ssl=1&resize=525%2C300 1.5x"},"classes":[]},{"id":101483,"url":"https:\/\/www.shqiperia.com\/blog\/rama-sulmon-protestuesit-hajvane-fryme-fashiste-po-demtojne-turizmin\/","url_meta":{"origin":101203,"position":2},"title":"Rama sulmon protestuesit: -Hajvan\u00eb, frym\u00eb fashiste! Po d\u00ebmtojn\u00eb turizmin","author":"Kurt Farka","date":"June 14, 2026","format":false,"excerpt":"Kryeministri Edi Rama ka zgjedhur q\u00eb s\u00ebrish t\u00eb sulmoj\u00eb protestuesit, q\u00eb prej dy jav\u00ebsh dalin \u00e7do dit\u00eb n\u00eb shesh p\u00ebr t\u00eb k\u00ebrkuar largimin e tij nga qeveria. N\u00eb rubrik\u00ebn \u2018sh\u00ebnimet e jav\u00ebs\u2019 n\u00eb potkastin e tij \u201cFlasim\u201d, kreu i qeveris\u00eb i konsideroi protestuesit si \u2018hajvan\u00eb\u2019 me mend\u00ebsi fashiste, q\u00eb si\u00e7\u2026","rel":"","context":"In &quot;Blogu i Udh\u00ebtarit&quot;","block_context":{"text":"Blogu i Udh\u00ebtarit","link":"https:\/\/www.shqiperia.com\/blog\/category\/blogu-i-udhetarit\/"},"img":{"alt_text":"","src":"https:\/\/i0.wp.com\/www.shqiperia.com\/blog\/wp-content\/uploads\/2026\/06\/rama-protestat1-433x300-1.jpg?fit=433%2C300&ssl=1&resize=350%2C200","width":350,"height":200},"classes":[]},{"id":102235,"url":"https:\/\/www.shqiperia.com\/blog\/bbc-jehone-protestave-masive-ne-tirane-shqiptaret-kerkojne-doreheqjen-e-edi-rames\/","url_meta":{"origin":101203,"position":3},"title":"BBC jehon\u00eb protestave masive n\u00eb Tiran\u00eb: Shqiptar\u00ebt k\u00ebrkojn\u00eb dor\u00ebheqjen e Edi Ram\u00ebs","author":"Kurt Farka","date":"July 5, 2026","format":false,"excerpt":"5 Korrok 2026 Media britanike prestigjioze BBC i ka kushtuar nj\u00eb artikull protestave masive n\u00eb Shqip\u00ebri, t\u00eb cilat k\u00ebrkojn\u00eb prej m\u00eb shum\u00eb se nj\u00eb muaji largimin e kryeministrit Edi Rama dhe qeveris\u00eb s\u00eb tij. Artikulli i plot\u00eb i BBC: Fillimisht protestuan kund\u00ebr flamingos, tani turma n\u00eb rrug\u00ebt posht\u00eb zyr\u00ebs s\u00eb\u2026","rel":"","context":"In &quot;Blogu i Udh\u00ebtarit&quot;","block_context":{"text":"Blogu i Udh\u00ebtarit","link":"https:\/\/www.shqiperia.com\/blog\/category\/blogu-i-udhetarit\/"},"img":{"alt_text":"","src":"https:\/\/i0.wp.com\/www.shqiperia.com\/blog\/wp-content\/uploads\/2026\/07\/Edi-Rama-2.webp?fit=1024%2C570&ssl=1&resize=350%2C200","width":350,"height":200,"srcset":"https:\/\/i0.wp.com\/www.shqiperia.com\/blog\/wp-content\/uploads\/2026\/07\/Edi-Rama-2.webp?fit=1024%2C570&ssl=1&resize=350%2C200 1x, https:\/\/i0.wp.com\/www.shqiperia.com\/blog\/wp-content\/uploads\/2026\/07\/Edi-Rama-2.webp?fit=1024%2C570&ssl=1&resize=525%2C300 1.5x, https:\/\/i0.wp.com\/www.shqiperia.com\/blog\/wp-content\/uploads\/2026\/07\/Edi-Rama-2.webp?fit=1024%2C570&ssl=1&resize=700%2C400 2x"},"classes":[]},{"id":105165,"url":"https:\/\/www.shqiperia.com\/blog\/plani-sekret-i-rames-gati-shtetesia-shqiptare-per-100-mije-cifute-kryeministri-kerkon-te-perserise-gazen-ne-shqiperi-thellohet-skenari-per-shkombetarizimin-e-vendit\/","url_meta":{"origin":101203,"position":4},"title":"Plani sekret i Ram\u00ebs, gati shtet\u00ebsia shqiptare p\u00ebr 100 mij\u00eb \u00e7ifut\u00eb, kryeministri k\u00ebrkon t\u00eb p\u00ebrs\u00ebris\u00eb Gaz\u00ebn n\u00eb Shqip\u00ebri, thellohet skenari p\u00ebr shkomb\u00ebtarizimin e vendit","author":"Kurt Farka","date":"August 25, 2026","format":false,"excerpt":"26 Gusht 2026 Nga Gazeta Sot Kryeministri Edi Rama, pasi p\u00ebrzuri rreth 1 milion shqiptar\u00eb qysh kur ka ardhur n\u00eb pushtet n\u00eb vitin 2013 p\u00ebr shkak t\u00eb varf\u00ebris\u00eb, krimit, korrupsionit dhe keqqeverisjes, duket se ka menduar t'i z\u00ebvend\u00ebsoj\u00eb ata me 100 mij\u00eb hebrenj (\u00e7ifut\u00eb).Burimet thon\u00eb se Rama, si nj\u00eb fans\u2026","rel":"","context":"In &quot;Blogu i Udh\u00ebtarit&quot;","block_context":{"text":"Blogu i Udh\u00ebtarit","link":"https:\/\/www.shqiperia.com\/blog\/category\/blogu-i-udhetarit\/"},"img":{"alt_text":"","src":"https:\/\/i0.wp.com\/www.shqiperia.com\/blog\/wp-content\/uploads\/2026\/08\/ijjhhj-6a8c00a349936.jpg?fit=618%2C352&ssl=1&resize=350%2C200","width":350,"height":200,"srcset":"https:\/\/i0.wp.com\/www.shqiperia.com\/blog\/wp-content\/uploads\/2026\/08\/ijjhhj-6a8c00a349936.jpg?fit=618%2C352&ssl=1&resize=350%2C200 1x, https:\/\/i0.wp.com\/www.shqiperia.com\/blog\/wp-content\/uploads\/2026\/08\/ijjhhj-6a8c00a349936.jpg?fit=618%2C352&ssl=1&resize=525%2C300 1.5x"},"classes":[]},{"id":101041,"url":"https:\/\/www.shqiperia.com\/blog\/proteste-madheshtore-dhe-civile-ish-ambasadori-tarifa-i-kujton-lidershipit-se-populli-te-zgjedh-mjaft-me\/","url_meta":{"origin":101203,"position":5},"title":"\u201cProtest\u00eb madh\u00ebshtore dhe civile\u201d, ish-ambasadori Tarifa: &#8211; I kujton lidershipit se populli t\u00eb zgjedh, mjaft me\u2026","author":"Kurt Farka","date":"June 3, 2026","format":false,"excerpt":"3 Qershor 2026 Ish-ambasadori dhe diplomati Fatos Tarifa, i ftuar n\u00eb nj\u00eb studio televizive ka komentuar protest\u00ebn e radh\u00ebs q\u00eb u zhvillua sot n\u00eb kryeqytet. Tarifa e cil\u00ebsoi k\u00ebt\u00eb tubim si nj\u00eb protest\u00eb t\u00ebr\u00ebsisht qytetare, legjitime dhe t\u00eb vonuar, duke v\u00ebn\u00eb n\u00eb dukje kultur\u00ebn e lart\u00eb t\u00eb treguar nga pjes\u00ebmarr\u00ebsit.\u2026","rel":"","context":"In &quot;Blogu i Udh\u00ebtarit&quot;","block_context":{"text":"Blogu i Udh\u00ebtarit","link":"https:\/\/www.shqiperia.com\/blog\/category\/blogu-i-udhetarit\/"},"img":{"alt_text":"","src":"https:\/\/i0.wp.com\/www.shqiperia.com\/blog\/wp-content\/uploads\/2026\/06\/WhatsApp-Image-2026-06-02-at-21.14.58-1-675x450-1-2.jpeg?fit=675%2C450&ssl=1&resize=350%2C200","width":350,"height":200,"srcset":"https:\/\/i0.wp.com\/www.shqiperia.com\/blog\/wp-content\/uploads\/2026\/06\/WhatsApp-Image-2026-06-02-at-21.14.58-1-675x450-1-2.jpeg?fit=675%2C450&ssl=1&resize=350%2C200 1x, https:\/\/i0.wp.com\/www.shqiperia.com\/blog\/wp-content\/uploads\/2026\/06\/WhatsApp-Image-2026-06-02-at-21.14.58-1-675x450-1-2.jpeg?fit=675%2C450&ssl=1&resize=525%2C300 1.5x"},"classes":[]}],"_links":{"self":[{"href":"https:\/\/www.shqiperia.com\/blog\/wp-json\/wp\/v2\/posts\/101203","targetHints":{"allow":["GET"]}}],"collection":[{"href":"https:\/\/www.shqiperia.com\/blog\/wp-json\/wp\/v2\/posts"}],"about":[{"href":"https:\/\/www.shqiperia.com\/blog\/wp-json\/wp\/v2\/types\/post"}],"author":[{"embeddable":true,"href":"https:\/\/www.shqiperia.com\/blog\/wp-json\/wp\/v2\/users\/9"}],"replies":[{"embeddable":true,"href":"https:\/\/www.shqiperia.com\/blog\/wp-json\/wp\/v2\/comments?post=101203"}],"version-history":[{"count":1,"href":"https:\/\/www.shqiperia.com\/blog\/wp-json\/wp\/v2\/posts\/101203\/revisions"}],"predecessor-version":[{"id":101205,"href":"https:\/\/www.shqiperia.com\/blog\/wp-json\/wp\/v2\/posts\/101203\/revisions\/101205"}],"wp:featuredmedia":[{"embeddable":true,"href":"https:\/\/www.shqiperia.com\/blog\/wp-json\/wp\/v2\/media\/101204"}],"wp:attachment":[{"href":"https:\/\/www.shqiperia.com\/blog\/wp-json\/wp\/v2\/media?parent=101203"}],"wp:term":[{"taxonomy":"category","embeddable":true,"href":"https:\/\/www.shqiperia.com\/blog\/wp-json\/wp\/v2\/categories?post=101203"},{"taxonomy":"post_tag","embeddable":true,"href":"https:\/\/www.shqiperia.com\/blog\/wp-json\/wp\/v2\/tags?post=101203"}],"curies":[{"name":"wp","href":"https:\/\/api.w.org\/{rel}","templated":true}]}}