{"id":101200,"date":"2026-06-06T20:07:13","date_gmt":"2026-06-06T20:07:13","guid":{"rendered":"https:\/\/www.shqiperia.com\/blog\/?p=101200"},"modified":"2026-06-06T20:07:13","modified_gmt":"2026-06-06T20:07:13","slug":"o-plak-i-lige-ne-jemi-rinia-protestuesi-mesazh-te-ashper-rames-mos-e-detyro-turmen-te-humbase-kontrollin-rojet-e-tua-do-te-te-sjellin-vete-zvarre-ketu","status":"publish","type":"post","link":"https:\/\/www.shqiperia.com\/blog\/o-plak-i-lige-ne-jemi-rinia-protestuesi-mesazh-te-ashper-rames-mos-e-detyro-turmen-te-humbase-kontrollin-rojet-e-tua-do-te-te-sjellin-vete-zvarre-ketu\/","title":{"rendered":"\u201cO plak i lig\u00eb, ne jemi rinia\u201d\/ Protestuesi mesazh t\u00eb ashp\u00ebr Ram\u00ebs: &#8211; Mos e detyro turm\u00ebn t\u00eb humbas\u00eb kontrollin! &#8211; Rojet e tua do t\u00eb t\u00eb sjellin vet\u00eb zvarr\u00eb k\u00ebtu!"},"content":{"rendered":"<p><img data-recalc-dims=\"1\" loading=\"lazy\" decoding=\"async\" data-attachment-id=\"101201\" data-permalink=\"https:\/\/www.shqiperia.com\/blog\/o-plak-i-lige-ne-jemi-rinia-protestuesi-mesazh-te-ashper-rames-mos-e-detyro-turmen-te-humbase-kontrollin-rojet-e-tua-do-te-te-sjellin-vete-zvarre-ketu\/ertertetert\/\" data-orig-file=\"https:\/\/i0.wp.com\/www.shqiperia.com\/blog\/wp-content\/uploads\/2026\/06\/ertertetert.jpg?fit=1050%2C538&amp;ssl=1\" data-orig-size=\"1050,538\" data-comments-opened=\"1\" data-image-meta=\"{&quot;aperture&quot;:&quot;0&quot;,&quot;credit&quot;:&quot;Redaksia&quot;,&quot;camera&quot;:&quot;&quot;,&quot;caption&quot;:&quot;&quot;,&quot;created_timestamp&quot;:&quot;1780773921&quot;,&quot;copyright&quot;:&quot;&quot;,&quot;focal_length&quot;:&quot;0&quot;,&quot;iso&quot;:&quot;0&quot;,&quot;shutter_speed&quot;:&quot;0&quot;,&quot;title&quot;:&quot;&quot;,&quot;orientation&quot;:&quot;0&quot;}\" data-image-title=\"ertertetert\" data-image-description=\"\" data-image-caption=\"\" data-medium-file=\"https:\/\/i0.wp.com\/www.shqiperia.com\/blog\/wp-content\/uploads\/2026\/06\/ertertetert.jpg?fit=300%2C154&amp;ssl=1\" data-large-file=\"https:\/\/i0.wp.com\/www.shqiperia.com\/blog\/wp-content\/uploads\/2026\/06\/ertertetert.jpg?fit=1024%2C525&amp;ssl=1\" class=\"alignnone  wp-image-101201\" alt=\"\" src=\"https:\/\/i0.wp.com\/www.shqiperia.com\/blog\/wp-content\/uploads\/2026\/06\/ertertetert.jpg?resize=695%2C357&#038;ssl=1\" width=\"695\" height=\"357\" srcset=\"https:\/\/i0.wp.com\/www.shqiperia.com\/blog\/wp-content\/uploads\/2026\/06\/ertertetert.jpg?resize=300%2C154&amp;ssl=1 300w, https:\/\/i0.wp.com\/www.shqiperia.com\/blog\/wp-content\/uploads\/2026\/06\/ertertetert.jpg?resize=1024%2C525&amp;ssl=1 1024w, https:\/\/i0.wp.com\/www.shqiperia.com\/blog\/wp-content\/uploads\/2026\/06\/ertertetert.jpg?resize=768%2C394&amp;ssl=1 768w, https:\/\/i0.wp.com\/www.shqiperia.com\/blog\/wp-content\/uploads\/2026\/06\/ertertetert.jpg?resize=450%2C231&amp;ssl=1 450w, https:\/\/i0.wp.com\/www.shqiperia.com\/blog\/wp-content\/uploads\/2026\/06\/ertertetert.jpg?resize=600%2C307&amp;ssl=1 600w, https:\/\/i0.wp.com\/www.shqiperia.com\/blog\/wp-content\/uploads\/2026\/06\/ertertetert.jpg?resize=400%2C205&amp;ssl=1 400w, https:\/\/i0.wp.com\/www.shqiperia.com\/blog\/wp-content\/uploads\/2026\/06\/ertertetert.jpg?w=1050&amp;ssl=1 1050w\" sizes=\"auto, (max-width: 695px) 100vw, 695px\" \/><\/p>\n<p>6 Qershor 2026<\/p>\n<p>Nj\u00eb fjalim tejet i fort\u00eb dhe me tone paralajm\u00ebruese ka ushtuar p\u00ebrpara godin\u00ebs s\u00eb Kryeministris\u00eb, ku nj\u00eb protestues ka shigjetuar drejtp\u00ebrdrejt Edi Ram\u00ebn, duke i v\u00ebn\u00eb p\u00ebrball\u00eb forc\u00ebn e rinis\u00eb dhe vendosm\u00ebrin\u00eb p\u00ebr q\u00ebndres\u00eb t\u00eb pand\u00ebrprer\u00eb.<\/p>\n<p>Me nj\u00eb gjuh\u00eb t\u00eb ashp\u00ebr, qytetari ka b\u00ebr\u00eb thirrje p\u00ebr largimin e menj\u00ebhersh\u00ebm t\u00eb kreut t\u00eb qeveris\u00eb, duke paralajm\u00ebruar p\u00ebr pasojat q\u00eb mund t\u00eb sjell\u00eb injorimi i revolt\u00ebs popullore<\/p>\n<p>\u201cO plak i lig\u00eb, shkove 61 vje\u00e7, po ne jemi rinia! Jemi zotuar se jemi k\u00ebtu \u00e7do dit\u00eb derisa t\u00eb shporresh nga karrigia e pamerituar! Do jemi k\u00ebtu p\u00ebrdit\u00eb\u201d, deklaroi ai mes brohoritjeve t\u00eb turm\u00ebs.<\/p>\n<p>N\u00eb fund t\u00eb fjal\u00ebs s\u00eb tij, protestuesi l\u00ebshoi edhe nj\u00eb paralajm\u00ebrim t\u00eb fort\u00eb drejtuar kryeministrit, duke k\u00ebrkuar q\u00eb ky i fundit t\u00eb mos provokoj\u00eb zem\u00ebrimin e njer\u00ebzve n\u00eb shesh.<\/p>\n<p>\u201cMos e detyro turm\u00ebn t\u00eb humbas\u00eb kontrollin e t\u00eb gaboj\u00eb e ta fus\u00eb Tiran\u00ebn n\u00eb kolaps!\u201d, p\u00ebrfundoi ai.<\/p>\n<p>N\u00eb vijim t\u00eb fjal\u00ebs s\u00eb tij, protestuesi iu drejtua forcave t\u00eb rendit dhe efektiv\u00ebve t\u00eb Gard\u00ebs, duke k\u00ebrkuar prej tyre q\u00eb t\u00eb bashkohen me popullin dhe t\u00eb mos mbrojn\u00eb pushtetin.<\/p>\n<p>\u201cT\u2019i japim zem\u00ebr policis\u00eb dhe gard\u00ebs q\u00eb t\u00eb thyejn\u00eb frik\u00ebn. E kan\u00eb frik\u00eb se vet\u00eb rojet e tij dhe garda e republik\u00ebs do u rr\u00ebshqas\u00eb k\u00ebmba dhe do gabojn\u00eb shum\u00eb dhe do e sjellin me duart e tyre zvarr\u00eb k\u00ebtu!\u201d, p\u00ebrfundoi ai, duke reflektuar tensionin e lart\u00eb dhe revolt\u00ebn q\u00eb ka prekur kulmin n\u00eb bulevardin \u201cD\u00ebshmor\u00ebt e Kombit\u201d.<\/p>\n<div class=\"post-copyright\"><span>Balkan<\/span><span>Web<\/span><\/div>\n","protected":false},"excerpt":{"rendered":"<p>6 Qershor 2026 Nj\u00eb fjalim tejet i fort\u00eb dhe me tone paralajm\u00ebruese ka ushtuar p\u00ebrpara godin\u00ebs s\u00eb Kryeministris\u00eb, ku nj\u00eb protestues ka shigjetuar drejtp\u00ebrdrejt Edi Ram\u00ebn, duke i v\u00ebn\u00eb p\u00ebrball\u00eb forc\u00ebn e rinis\u00eb dhe vendosm\u00ebrin\u00eb p\u00ebr q\u00ebndres\u00eb t\u00eb pand\u00ebrprer\u00eb. Me nj\u00eb gjuh\u00eb t\u00eb ashp\u00ebr, qytetari ka b\u00ebr\u00eb thirrje p\u00ebr largimin e menj\u00ebhersh\u00ebm t\u00eb kreut t\u00eb [&hellip;]<\/p>\n","protected":false},"author":9,"featured_media":101201,"comment_status":"open","ping_status":"open","sticky":false,"template":"","format":"standard","meta":{"jetpack_post_was_ever_published":false,"_jetpack_newsletter_access":"","_jetpack_dont_email_post_to_subs":false,"_jetpack_newsletter_tier_id":0,"_jetpack_memberships_contains_paywalled_content":false,"_jetpack_memberships_contains_paid_content":false,"footnotes":"","jetpack_publicize_message":"","jetpack_publicize_feature_enabled":true,"jetpack_social_post_already_shared":true,"jetpack_social_options":{"image_generator_settings":{"template":"highway","default_image_id":0,"font":"","enabled":false},"version":2}},"categories":[27,10,2,35],"tags":[],"class_list":["post-101200","post","type-post","status-publish","format-standard","has-post-thumbnail","hentry","category-blogu-i-udhetarit","category-kultura","category-politika","category-shoqerore"],"jetpack_publicize_connections":[],"jetpack_featured_media_url":"https:\/\/i0.wp.com\/www.shqiperia.com\/blog\/wp-content\/uploads\/2026\/06\/ertertetert.jpg?fit=1050%2C538&ssl=1","jetpack_sharing_enabled":true,"jetpack_shortlink":"https:\/\/wp.me\/p5Z6wp-qkg","jetpack-related-posts":[{"id":102319,"url":"https:\/\/www.shqiperia.com\/blog\/anuloni-shitjen-e-shqiperise-protestuesi-ky-eshte-revolucioni-i-shqiponjave\/","url_meta":{"origin":101200,"position":0},"title":"\u2018Anuloni shitjen e Shqip\u00ebris\u00eb!\u2019\/ Protestuesi: &#8211; Ky \u00ebsht\u00eb Revolucioni i Shqiponjave","author":"Kurt Farka","date":"July 6, 2026","format":false,"excerpt":"6 Korrik 2026 Nj\u00eb nga protestuesit q\u00eb mori fjal\u00ebn n\u00eb dit\u00ebn e 37-t\u00eb t\u00eb protest\u00ebs qytetare kund\u00ebr qeveris\u00eb s\u00eb Edi Ram\u00ebs l\u00ebshoi akuza t\u00eb forta p\u00ebr, sipas tij, keqmenaxhimin e pasurive natyrore t\u00eb vendit dhe braktisjen e interesit publik. Ai u b\u00ebri thirrje qytetar\u00ebve, ve\u00e7an\u00ebrisht emigrant\u00ebve, t\u00eb mos q\u00ebndrojn\u00eb indiferent\u00eb\u2026","rel":"","context":"In &quot;Blogu i Udh\u00ebtarit&quot;","block_context":{"text":"Blogu i Udh\u00ebtarit","link":"https:\/\/www.shqiperia.com\/blog\/category\/blogu-i-udhetarit\/"},"img":{"alt_text":"","src":"https:\/\/i0.wp.com\/www.shqiperia.com\/blog\/wp-content\/uploads\/2026\/07\/WhatsApp-Image-2026-06-19-at-21.03.56-1-5.jpeg?fit=1200%2C900&ssl=1&resize=350%2C200","width":350,"height":200,"srcset":"https:\/\/i0.wp.com\/www.shqiperia.com\/blog\/wp-content\/uploads\/2026\/07\/WhatsApp-Image-2026-06-19-at-21.03.56-1-5.jpeg?fit=1200%2C900&ssl=1&resize=350%2C200 1x, https:\/\/i0.wp.com\/www.shqiperia.com\/blog\/wp-content\/uploads\/2026\/07\/WhatsApp-Image-2026-06-19-at-21.03.56-1-5.jpeg?fit=1200%2C900&ssl=1&resize=525%2C300 1.5x, https:\/\/i0.wp.com\/www.shqiperia.com\/blog\/wp-content\/uploads\/2026\/07\/WhatsApp-Image-2026-06-19-at-21.03.56-1-5.jpeg?fit=1200%2C900&ssl=1&resize=700%2C400 2x, https:\/\/i0.wp.com\/www.shqiperia.com\/blog\/wp-content\/uploads\/2026\/07\/WhatsApp-Image-2026-06-19-at-21.03.56-1-5.jpeg?fit=1200%2C900&ssl=1&resize=1050%2C600 3x"},"classes":[]},{"id":102698,"url":"https:\/\/www.shqiperia.com\/blog\/ke-po-mbron-nje-narko-diktature-presidenti-i-eds-nga-brukseli-rinia-shqiptare-po-frymezon-gjithe-europen\/","url_meta":{"origin":101200,"position":1},"title":"\u2018KE po mbron nj\u00eb narko-diktatur\u00eb\u2019\/ Presidenti i EDS nga Brukseli: Rinia shqiptare po frym\u00ebzon gjith\u00eb Europ\u00ebn","author":"Kurt Farka","date":"July 14, 2026","format":false,"excerpt":"14 Korrik 2026 Presidenti i Demokrat\u00ebve Student\u00eb Europian\u00eb (EDS), Francesco Sismondini, iu bashkua protest\u00ebs s\u00eb shqiptar\u00ebve n\u00eb Bruksel, e zhvilluar paralelisht me protest\u00ebn n\u00eb Tiran\u00eb ku k\u00ebrkohet dor\u00ebheqja e kryeministrit Edi Rama. N\u00eb fjal\u00ebn e tij, ai shprehu mb\u00ebshtetjen p\u00ebr protestuesit, duke e cil\u00ebsuar rinin\u00eb shqiptare si burim frym\u00ebzimi p\u00ebr\u2026","rel":"","context":"In &quot;Blogu i Udh\u00ebtarit&quot;","block_context":{"text":"Blogu i Udh\u00ebtarit","link":"https:\/\/www.shqiperia.com\/blog\/category\/blogu-i-udhetarit\/"},"img":{"alt_text":"","src":"https:\/\/i0.wp.com\/www.shqiperia.com\/blog\/wp-content\/uploads\/2026\/07\/auto_747881711_1821674332646994_1385962774563651358_n1784052719.jpg?fit=900%2C506&ssl=1&resize=350%2C200","width":350,"height":200,"srcset":"https:\/\/i0.wp.com\/www.shqiperia.com\/blog\/wp-content\/uploads\/2026\/07\/auto_747881711_1821674332646994_1385962774563651358_n1784052719.jpg?fit=900%2C506&ssl=1&resize=350%2C200 1x, https:\/\/i0.wp.com\/www.shqiperia.com\/blog\/wp-content\/uploads\/2026\/07\/auto_747881711_1821674332646994_1385962774563651358_n1784052719.jpg?fit=900%2C506&ssl=1&resize=525%2C300 1.5x, https:\/\/i0.wp.com\/www.shqiperia.com\/blog\/wp-content\/uploads\/2026\/07\/auto_747881711_1821674332646994_1385962774563651358_n1784052719.jpg?fit=900%2C506&ssl=1&resize=700%2C400 2x"},"classes":[]},{"id":105605,"url":"https:\/\/www.shqiperia.com\/blog\/ilir-xhemalaj-pergatituni-per-nje-vjeshte-shume-te-forte-do-te-nisim-mosbindjen-civile\/","url_meta":{"origin":101200,"position":2},"title":"Ilir Xhemalaj: &#8211; P\u00ebrgatituni p\u00ebr nj\u00eb vjesht\u00eb shum\u00eb t\u00eb fort\u00eb, do t\u00eb nisim mosbindjen civile!","author":"Kurt Farka","date":"August 31, 2026","format":false,"excerpt":"31 Gusht 2026 Gjat\u00eb protest\u00ebs s\u00eb 93-t\u00eb para Kryeministris\u00eb, aktivisti Ilir Xhemalaj ka paralajm\u00ebruar p\u00ebrshkall\u00ebzim t\u00eb aksionit opozitar dhe protestave kund\u00ebr qeveris\u00eb, duke b\u00ebr\u00eb thirrje p\u00ebr mobilizim dhe mosbindje civile. Xhemalaj deklaroi se protestuesit do t\u00eb vijojn\u00eb t\u00eb q\u00ebndrojn\u00eb n\u00eb shesh dhe se, sipas tij, n\u00eb vjesht\u00eb pritet nj\u00eb faz\u00eb\u2026","rel":"","context":"In &quot;Blogu i Udh\u00ebtarit&quot;","block_context":{"text":"Blogu i Udh\u00ebtarit","link":"https:\/\/www.shqiperia.com\/blog\/category\/blogu-i-udhetarit\/"},"img":{"alt_text":"","src":"https:\/\/i0.wp.com\/www.shqiperia.com\/blog\/wp-content\/uploads\/2026\/08\/640-360-img-1589-6a91e7cc3e2ca-1.jpeg?fit=640%2C360&ssl=1&resize=350%2C200","width":350,"height":200,"srcset":"https:\/\/i0.wp.com\/www.shqiperia.com\/blog\/wp-content\/uploads\/2026\/08\/640-360-img-1589-6a91e7cc3e2ca-1.jpeg?fit=640%2C360&ssl=1&resize=350%2C200 1x, https:\/\/i0.wp.com\/www.shqiperia.com\/blog\/wp-content\/uploads\/2026\/08\/640-360-img-1589-6a91e7cc3e2ca-1.jpeg?fit=640%2C360&ssl=1&resize=525%2C300 1.5x"},"classes":[]},{"id":103297,"url":"https:\/\/www.shqiperia.com\/blog\/rama-nga-baza-ajrore-e-farkes-jemi-gati-tu-shkojme-ne-ndihme-mohon-zjarret-ne-shqiperi-vlora-e-mbuluar-nga-tymi\/","url_meta":{"origin":101200,"position":3},"title":"Rama nga Baza Ajrore e Fark\u00ebs: &#8211; Jemi gati t\u2019u shkojm\u00eb n\u00eb ndihm\u00eb. Mohon Zjarret ne Shqiperi. Vlora e mbuluar nga Tymi","author":"Kurt Farka","date":"July 27, 2026","format":false,"excerpt":"27 Korrik 2026 Kryeministri Edi Rama ka shprehur solidaritetin e Shqip\u00ebris\u00eb me Franc\u00ebn dhe Spanj\u00ebn, t\u00eb cilat po p\u00ebrballen me zjarre t\u00eb p\u00ebrmasave t\u00eb m\u00ebdha, duke theksuar se ndryshimet klimatike po e b\u00ebjn\u00eb k\u00ebt\u00eb fenomen nj\u00eb sfid\u00eb t\u00eb p\u00ebrbashk\u00ebt p\u00ebr t\u00eb gjitha vendet. Gjat\u00eb nj\u00eb takimi n\u00eb Baz\u00ebn Ajrore t\u00eb\u2026","rel":"","context":"In &quot;Blogu i Udh\u00ebtarit&quot;","block_context":{"text":"Blogu i Udh\u00ebtarit","link":"https:\/\/www.shqiperia.com\/blog\/category\/blogu-i-udhetarit\/"},"img":{"alt_text":"","src":"https:\/\/i0.wp.com\/www.shqiperia.com\/blog\/wp-content\/uploads\/2026\/07\/Edi-Rama-2-1.jpg?fit=1200%2C674&ssl=1&resize=350%2C200","width":350,"height":200,"srcset":"https:\/\/i0.wp.com\/www.shqiperia.com\/blog\/wp-content\/uploads\/2026\/07\/Edi-Rama-2-1.jpg?fit=1200%2C674&ssl=1&resize=350%2C200 1x, https:\/\/i0.wp.com\/www.shqiperia.com\/blog\/wp-content\/uploads\/2026\/07\/Edi-Rama-2-1.jpg?fit=1200%2C674&ssl=1&resize=525%2C300 1.5x, https:\/\/i0.wp.com\/www.shqiperia.com\/blog\/wp-content\/uploads\/2026\/07\/Edi-Rama-2-1.jpg?fit=1200%2C674&ssl=1&resize=700%2C400 2x, https:\/\/i0.wp.com\/www.shqiperia.com\/blog\/wp-content\/uploads\/2026\/07\/Edi-Rama-2-1.jpg?fit=1200%2C674&ssl=1&resize=1050%2C600 3x"},"classes":[]},{"id":102945,"url":"https:\/\/www.shqiperia.com\/blog\/nuk-ikim-pa-ikur-ju-protestuesit-sna-shantazhoni-dot-nuk-e-negociojme-me-dinjitetin-rama-na-tha-serbe-dhe-greke-por-ne-shesh-ka-vetem-shqiptare-te-revoltuar\/","url_meta":{"origin":101200,"position":4},"title":"\u201cNuk ikim pa ikur ju!\u201d\/ Protestuesit: &#8211; S\u2019na shantazhoni dot, nuk e negociojm\u00eb m\u00eb dinjitetin! Rama na tha serb\u00eb dhe grek\u00eb, por n\u00eb shesh ka vet\u00ebm shqiptar\u00eb t\u00eb revoltuar","author":"Kurt Farka","date":"July 20, 2026","format":false,"excerpt":"20 Korrik 2026 Nj\u00eb prej fjalimeve q\u00eb t\u00ebrhoqi v\u00ebmendjen gjat\u00eb protest\u00ebs s\u00eb dit\u00ebs s\u00eb 50-t\u00eb ishte ai i nj\u00eb qytetareje, e cila deklaroi se protestuesit do t\u00eb vijojn\u00eb rezistenc\u00ebn deri n\u00eb p\u00ebrmbushjen e k\u00ebrkesave t\u00eb tyre N\u00eb fjal\u00ebn e saj, ajo kund\u00ebrshtoi etiketimet q\u00eb, sipas saj, u jan\u00eb b\u00ebr\u00eb pjes\u00ebmarr\u00ebsve\u2026","rel":"","context":"In &quot;Blogu i Udh\u00ebtarit&quot;","block_context":{"text":"Blogu i Udh\u00ebtarit","link":"https:\/\/www.shqiperia.com\/blog\/category\/blogu-i-udhetarit\/"},"img":{"alt_text":"","src":"https:\/\/i0.wp.com\/www.shqiperia.com\/blog\/wp-content\/uploads\/2026\/07\/Capture-192.jpg?fit=1200%2C641&ssl=1&resize=350%2C200","width":350,"height":200,"srcset":"https:\/\/i0.wp.com\/www.shqiperia.com\/blog\/wp-content\/uploads\/2026\/07\/Capture-192.jpg?fit=1200%2C641&ssl=1&resize=350%2C200 1x, https:\/\/i0.wp.com\/www.shqiperia.com\/blog\/wp-content\/uploads\/2026\/07\/Capture-192.jpg?fit=1200%2C641&ssl=1&resize=525%2C300 1.5x, https:\/\/i0.wp.com\/www.shqiperia.com\/blog\/wp-content\/uploads\/2026\/07\/Capture-192.jpg?fit=1200%2C641&ssl=1&resize=700%2C400 2x, https:\/\/i0.wp.com\/www.shqiperia.com\/blog\/wp-content\/uploads\/2026\/07\/Capture-192.jpg?fit=1200%2C641&ssl=1&resize=1050%2C600 3x"},"classes":[]},{"id":102970,"url":"https:\/\/www.shqiperia.com\/blog\/ne-jemi-shqiponja-sorre-eshte-edi-rama-protestuesi-i-pergjigjet-kryeministrit-do-te-mbrojme-cdo-pasuri\/","url_meta":{"origin":101200,"position":5},"title":"\u201cNe jemi shqiponja, sorr\u00eb \u00ebsht\u00eb Edi Rama\u201d\/ Protestuesi i p\u00ebrgjigjet kryeministrit: Do t\u00eb mbrojm\u00eb \u00e7do pasuri\u2026","author":"Kurt Farka","date":"July 20, 2026","format":false,"excerpt":"20 Korrik 2026] Nj\u00eb i moshuar teksa ka marr\u00eb pjes\u00eb n\u00eb protest\u00ebn e 51-t\u00eb kund\u00ebr qeveris\u00eb i \u00ebsht\u00eb p\u00ebrgjigjur kryeministrit Edi Rama, i cili i etiketoi protestuesit si sorra, duke th\u00ebn\u00eb se shqiptar\u00ebt jan\u00eb shqiponja dhe sorr\u00eb \u00ebsht\u00eb ai vet\u00eb. I moshuari ngriti edhe problemin e shpopullimit dhe tha se\u2026","rel":"","context":"In &quot;Blogu i Udh\u00ebtarit&quot;","block_context":{"text":"Blogu i Udh\u00ebtarit","link":"https:\/\/www.shqiperia.com\/blog\/category\/blogu-i-udhetarit\/"},"img":{"alt_text":"","src":"https:\/\/i0.wp.com\/www.shqiperia.com\/blog\/wp-content\/uploads\/2026\/07\/protesss-719x450-1.jpg?fit=719%2C450&ssl=1&resize=350%2C200","width":350,"height":200,"srcset":"https:\/\/i0.wp.com\/www.shqiperia.com\/blog\/wp-content\/uploads\/2026\/07\/protesss-719x450-1.jpg?fit=719%2C450&ssl=1&resize=350%2C200 1x, https:\/\/i0.wp.com\/www.shqiperia.com\/blog\/wp-content\/uploads\/2026\/07\/protesss-719x450-1.jpg?fit=719%2C450&ssl=1&resize=525%2C300 1.5x, https:\/\/i0.wp.com\/www.shqiperia.com\/blog\/wp-content\/uploads\/2026\/07\/protesss-719x450-1.jpg?fit=719%2C450&ssl=1&resize=700%2C400 2x"},"classes":[]}],"_links":{"self":[{"href":"https:\/\/www.shqiperia.com\/blog\/wp-json\/wp\/v2\/posts\/101200","targetHints":{"allow":["GET"]}}],"collection":[{"href":"https:\/\/www.shqiperia.com\/blog\/wp-json\/wp\/v2\/posts"}],"about":[{"href":"https:\/\/www.shqiperia.com\/blog\/wp-json\/wp\/v2\/types\/post"}],"author":[{"embeddable":true,"href":"https:\/\/www.shqiperia.com\/blog\/wp-json\/wp\/v2\/users\/9"}],"replies":[{"embeddable":true,"href":"https:\/\/www.shqiperia.com\/blog\/wp-json\/wp\/v2\/comments?post=101200"}],"version-history":[{"count":1,"href":"https:\/\/www.shqiperia.com\/blog\/wp-json\/wp\/v2\/posts\/101200\/revisions"}],"predecessor-version":[{"id":101202,"href":"https:\/\/www.shqiperia.com\/blog\/wp-json\/wp\/v2\/posts\/101200\/revisions\/101202"}],"wp:featuredmedia":[{"embeddable":true,"href":"https:\/\/www.shqiperia.com\/blog\/wp-json\/wp\/v2\/media\/101201"}],"wp:attachment":[{"href":"https:\/\/www.shqiperia.com\/blog\/wp-json\/wp\/v2\/media?parent=101200"}],"wp:term":[{"taxonomy":"category","embeddable":true,"href":"https:\/\/www.shqiperia.com\/blog\/wp-json\/wp\/v2\/categories?post=101200"},{"taxonomy":"post_tag","embeddable":true,"href":"https:\/\/www.shqiperia.com\/blog\/wp-json\/wp\/v2\/tags?post=101200"}],"curies":[{"name":"wp","href":"https:\/\/api.w.org\/{rel}","templated":true}]}}