{"id":101197,"date":"2026-06-06T20:03:41","date_gmt":"2026-06-06T20:03:41","guid":{"rendered":"https:\/\/www.shqiperia.com\/blog\/?p=101197"},"modified":"2026-06-06T20:03:41","modified_gmt":"2026-06-06T20:03:41","slug":"pjesemarrja-ne-bulevard-si-asnjehere-me-pare-qe-nga-vitet-90-qytetaret-shperthejne-kunder-rames-13-vite-zhgenjim","status":"publish","type":"post","link":"https:\/\/www.shqiperia.com\/blog\/pjesemarrja-ne-bulevard-si-asnjehere-me-pare-qe-nga-vitet-90-qytetaret-shperthejne-kunder-rames-13-vite-zhgenjim\/","title":{"rendered":"Pjes\u00ebmarrja n\u00eb Bulevard si asnj\u00ebher\u00eb m\u00eb par\u00eb q\u00eb nga vitet \u201990, qytetar\u00ebt \u2018shp\u00ebrthejn\u00eb\u2019 kund\u00ebr Ram\u00ebs: 13 vite zhg\u00ebnjim!"},"content":{"rendered":"<p><img data-recalc-dims=\"1\" loading=\"lazy\" decoding=\"async\" data-attachment-id=\"101198\" data-permalink=\"https:\/\/www.shqiperia.com\/blog\/pjesemarrja-ne-bulevard-si-asnjehere-me-pare-qe-nga-vitet-90-qytetaret-shperthejne-kunder-rames-13-vite-zhgenjim\/protesta-6-qershor\/\" data-orig-file=\"https:\/\/i0.wp.com\/www.shqiperia.com\/blog\/wp-content\/uploads\/2026\/06\/protesta-6-qershor.jpg?fit=894%2C625&amp;ssl=1\" data-orig-size=\"894,625\" data-comments-opened=\"1\" data-image-meta=\"{&quot;aperture&quot;:&quot;0&quot;,&quot;credit&quot;:&quot;&quot;,&quot;camera&quot;:&quot;&quot;,&quot;caption&quot;:&quot;&quot;,&quot;created_timestamp&quot;:&quot;0&quot;,&quot;copyright&quot;:&quot;&quot;,&quot;focal_length&quot;:&quot;0&quot;,&quot;iso&quot;:&quot;0&quot;,&quot;shutter_speed&quot;:&quot;0&quot;,&quot;title&quot;:&quot;&quot;,&quot;orientation&quot;:&quot;0&quot;}\" data-image-title=\"protesta-6-qershor\" data-image-description=\"\" data-image-caption=\"\" data-medium-file=\"https:\/\/i0.wp.com\/www.shqiperia.com\/blog\/wp-content\/uploads\/2026\/06\/protesta-6-qershor.jpg?fit=300%2C210&amp;ssl=1\" data-large-file=\"https:\/\/i0.wp.com\/www.shqiperia.com\/blog\/wp-content\/uploads\/2026\/06\/protesta-6-qershor.jpg?fit=894%2C625&amp;ssl=1\" class=\"alignnone  wp-image-101198\" alt=\"\" src=\"https:\/\/i0.wp.com\/www.shqiperia.com\/blog\/wp-content\/uploads\/2026\/06\/protesta-6-qershor.jpg?resize=636%2C445&#038;ssl=1\" width=\"636\" height=\"445\" srcset=\"https:\/\/i0.wp.com\/www.shqiperia.com\/blog\/wp-content\/uploads\/2026\/06\/protesta-6-qershor.jpg?resize=300%2C210&amp;ssl=1 300w, https:\/\/i0.wp.com\/www.shqiperia.com\/blog\/wp-content\/uploads\/2026\/06\/protesta-6-qershor.jpg?resize=768%2C537&amp;ssl=1 768w, https:\/\/i0.wp.com\/www.shqiperia.com\/blog\/wp-content\/uploads\/2026\/06\/protesta-6-qershor.jpg?resize=450%2C315&amp;ssl=1 450w, https:\/\/i0.wp.com\/www.shqiperia.com\/blog\/wp-content\/uploads\/2026\/06\/protesta-6-qershor.jpg?resize=600%2C419&amp;ssl=1 600w, https:\/\/i0.wp.com\/www.shqiperia.com\/blog\/wp-content\/uploads\/2026\/06\/protesta-6-qershor.jpg?resize=400%2C280&amp;ssl=1 400w, https:\/\/i0.wp.com\/www.shqiperia.com\/blog\/wp-content\/uploads\/2026\/06\/protesta-6-qershor.jpg?w=894&amp;ssl=1 894w\" sizes=\"auto, (max-width: 636px) 100vw, 636px\" \/><\/p>\n<p>6 Qershor 2026<\/p>\n<p>Pamjet e marra me dron tregojn\u00eb p\u00ebrmasat e jasht\u00ebzakonshme t\u00eb revolt\u00ebs qytetare q\u00eb ka pushtuar pasditen e sotme kryeqytetin<\/p>\n<p>Bulevardi \u201cD\u00ebshmor\u00ebt e Kombit\u201d \u00ebsht\u00eb \u201cpushtuar\u201d nga nj\u00eb lum\u00eb njer\u00ebzish, teksa mij\u00ebra qytetar\u00eb kan\u00eb rrethuar t\u00ebr\u00ebsisht godin\u00ebn e Kryeministris\u00eb.<\/p>\n<p>Nga pamjet me dron shihet qart\u00eb pjes\u00ebmarrja masive q\u00eb shtrihet p\u00ebrgjat\u00eb gjith\u00eb aksit kryesor, ku dritat e telefonave dhe flakadan\u00ebt e ndezur kan\u00eb krijuar nj\u00eb atmosfer\u00eb elektrizuese. N\u00eb kor, pa nd\u00ebrprer\u00eb, turma e madhe e njer\u00ebzve po l\u00ebshon thirrjet unanime \u201cRama ik!\u201d dhe \u201cJep dor\u00ebheqjen!\u201d.<\/p>\n","protected":false},"excerpt":{"rendered":"<p>6 Qershor 2026 Pamjet e marra me dron tregojn\u00eb p\u00ebrmasat e jasht\u00ebzakonshme t\u00eb revolt\u00ebs qytetare q\u00eb ka pushtuar pasditen e sotme kryeqytetin Bulevardi \u201cD\u00ebshmor\u00ebt e Kombit\u201d \u00ebsht\u00eb \u201cpushtuar\u201d nga nj\u00eb lum\u00eb njer\u00ebzish, teksa mij\u00ebra qytetar\u00eb kan\u00eb rrethuar t\u00ebr\u00ebsisht godin\u00ebn e Kryeministris\u00eb. Nga pamjet me dron shihet qart\u00eb pjes\u00ebmarrja masive q\u00eb shtrihet p\u00ebrgjat\u00eb gjith\u00eb aksit kryesor, [&hellip;]<\/p>\n","protected":false},"author":9,"featured_media":101198,"comment_status":"open","ping_status":"open","sticky":false,"template":"","format":"standard","meta":{"jetpack_post_was_ever_published":false,"_jetpack_newsletter_access":"","_jetpack_dont_email_post_to_subs":false,"_jetpack_newsletter_tier_id":0,"_jetpack_memberships_contains_paywalled_content":false,"_jetpack_memberships_contains_paid_content":false,"footnotes":"","jetpack_publicize_message":"","jetpack_publicize_feature_enabled":true,"jetpack_social_post_already_shared":true,"jetpack_social_options":{"image_generator_settings":{"template":"highway","default_image_id":0,"font":"","enabled":false},"version":2}},"categories":[27,85,10,2],"tags":[],"class_list":["post-101197","post","type-post","status-publish","format-standard","has-post-thumbnail","hentry","category-blogu-i-udhetarit","category-histori","category-kultura","category-politika"],"jetpack_publicize_connections":[],"jetpack_featured_media_url":"https:\/\/i0.wp.com\/www.shqiperia.com\/blog\/wp-content\/uploads\/2026\/06\/protesta-6-qershor.jpg?fit=894%2C625&ssl=1","jetpack_sharing_enabled":true,"jetpack_shortlink":"https:\/\/wp.me\/p5Z6wp-qkd","jetpack-related-posts":[{"id":101668,"url":"https:\/\/www.shqiperia.com\/blog\/tirana-nuk-mban-me-mbi-150-mije-qytetare-ne-bulevard-per-doreheqjen-e-rames\/","url_meta":{"origin":101197,"position":0},"title":"Tirana nuk mban m\u00eb, mbi 150 mij\u00eb qytetar\u00eb n\u00eb Bulevard p\u00ebr dor\u00ebheqjen e Ram\u00ebs","author":"Kurt Farka","date":"June 21, 2026","format":false,"excerpt":"Mbi 150 mij\u00eb qytetar\u00eb kan\u00eb mbushur k\u00ebt\u00eb mbr\u00ebmje Bulevardin \u201cD\u00ebshmor\u00ebt e Kombit\u201d dhe rrug\u00ebt p\u00ebrreth, n\u00eb nj\u00eb nga protestat m\u00eb t\u00eb m\u00ebdha t\u00eb zhvilluara n\u00eb kryeqytet, p\u00ebr dor\u00ebheqjen e kryeministrit Edi Rama. Kjo \u00ebsht\u00eb protesta e 21-t\u00eb radhazi. Pamjet e siguruara me dron nga News24 tregojn\u00eb p\u00ebrmasat e pjes\u00ebmarrjes, me\u2026","rel":"","context":"In &quot;Blogu i Udh\u00ebtarit&quot;","block_context":{"text":"Blogu i Udh\u00ebtarit","link":"https:\/\/www.shqiperia.com\/blog\/category\/blogu-i-udhetarit\/"},"img":{"alt_text":"","src":"https:\/\/i0.wp.com\/www.shqiperia.com\/blog\/wp-content\/uploads\/2026\/06\/Protesta-tirane-11-736x450-1.jpg?fit=736%2C450&ssl=1&resize=350%2C200","width":350,"height":200,"srcset":"https:\/\/i0.wp.com\/www.shqiperia.com\/blog\/wp-content\/uploads\/2026\/06\/Protesta-tirane-11-736x450-1.jpg?fit=736%2C450&ssl=1&resize=350%2C200 1x, https:\/\/i0.wp.com\/www.shqiperia.com\/blog\/wp-content\/uploads\/2026\/06\/Protesta-tirane-11-736x450-1.jpg?fit=736%2C450&ssl=1&resize=525%2C300 1.5x, https:\/\/i0.wp.com\/www.shqiperia.com\/blog\/wp-content\/uploads\/2026\/06\/Protesta-tirane-11-736x450-1.jpg?fit=736%2C450&ssl=1&resize=700%2C400 2x"},"classes":[]},{"id":101189,"url":"https:\/\/www.shqiperia.com\/blog\/protesta-qytetare-rritet-nga-ora-ne-ore-vlon-sheshi-rama-jep-doreheqjen\/","url_meta":{"origin":101197,"position":1},"title":"Protesta qytetare rritet nga ora n\u00eb or\u00eb\/ \u201cVlon\u201d sheshi: Rama jep dor\u00ebheqjen!","author":"Kurt Farka","date":"June 6, 2026","format":false,"excerpt":"6 Qershor 2026 Ndryshe nga protestat politike, t\u00eb cilat me kalimin e koh\u00ebs humbasin pjes\u00ebmarr\u00ebs dhe besueshm\u00ebri p\u00ebr shkak t\u00eb zhg\u00ebnjimit ndaj lidershipit t\u00eb tyre, protestat qytetare po tregojn\u00eb nj\u00eb dinamik\u00eb krejt tjet\u00ebr. Mb\u00ebshtetja p\u00ebr to sa vjen dhe zgjerohet, nd\u00ebrsa njer\u00ebzit vazhdojn\u00eb t\u2019u bashkohen tubimeve edhe pasi kan\u00eb nisur\u2026","rel":"","context":"In &quot;Blogu i Udh\u00ebtarit&quot;","block_context":{"text":"Blogu i Udh\u00ebtarit","link":"https:\/\/www.shqiperia.com\/blog\/category\/blogu-i-udhetarit\/"},"img":{"alt_text":"","src":"https:\/\/i0.wp.com\/www.shqiperia.com\/blog\/wp-content\/uploads\/2026\/06\/Protesta-6-qershori-2026-958x570-1.jpg?fit=958%2C570&ssl=1&resize=350%2C200","width":350,"height":200,"srcset":"https:\/\/i0.wp.com\/www.shqiperia.com\/blog\/wp-content\/uploads\/2026\/06\/Protesta-6-qershori-2026-958x570-1.jpg?fit=958%2C570&ssl=1&resize=350%2C200 1x, https:\/\/i0.wp.com\/www.shqiperia.com\/blog\/wp-content\/uploads\/2026\/06\/Protesta-6-qershori-2026-958x570-1.jpg?fit=958%2C570&ssl=1&resize=525%2C300 1.5x, https:\/\/i0.wp.com\/www.shqiperia.com\/blog\/wp-content\/uploads\/2026\/06\/Protesta-6-qershori-2026-958x570-1.jpg?fit=958%2C570&ssl=1&resize=700%2C400 2x"},"classes":[]},{"id":106112,"url":"https:\/\/www.shqiperia.com\/blog\/skandali-dy-truproja-te-ermal-nufit-ne-grupin-sulmues-te-vlores\/","url_meta":{"origin":101197,"position":2},"title":"Skandali\/ Dy truproja t\u00eb Ermal Nufit n\u00eb grupin sulmues t\u00eb Vlor\u00ebs!","author":"Kurt Farka","date":"September 5, 2026","format":false,"excerpt":"6 Shtator 2026 Skandali i p\u00ebrplasjes me arm\u00eb t\u00eb dy biznesmen\u00ebve t\u00eb fuqish\u00ebm p\u00ebr tokat n\u00eb Palas\u00eb merr p\u00ebrmasa t\u00eb tjera. Kapitali ka m\u00ebsuar se pjes\u00eb e grupit sulmues t\u00eb angazhuar nga Luan Mu\u00e7a i Delt\u00ebs kan\u00eb qen\u00eb edhe dy truprojat zyrtare t\u00eb ministrit t\u00eb Mbrojtjes, Ermal Nufi. Ngjarja ka\u2026","rel":"","context":"In &quot;Blogu i Udh\u00ebtarit&quot;","block_context":{"text":"Blogu i Udh\u00ebtarit","link":"https:\/\/www.shqiperia.com\/blog\/category\/blogu-i-udhetarit\/"},"img":{"alt_text":"","src":"https:\/\/i0.wp.com\/www.shqiperia.com\/blog\/wp-content\/uploads\/2026\/09\/Ministri-Ermal-Nufi.jpg?fit=900%2C553&ssl=1&resize=350%2C200","width":350,"height":200,"srcset":"https:\/\/i0.wp.com\/www.shqiperia.com\/blog\/wp-content\/uploads\/2026\/09\/Ministri-Ermal-Nufi.jpg?fit=900%2C553&ssl=1&resize=350%2C200 1x, https:\/\/i0.wp.com\/www.shqiperia.com\/blog\/wp-content\/uploads\/2026\/09\/Ministri-Ermal-Nufi.jpg?fit=900%2C553&ssl=1&resize=525%2C300 1.5x, https:\/\/i0.wp.com\/www.shqiperia.com\/blog\/wp-content\/uploads\/2026\/09\/Ministri-Ermal-Nufi.jpg?fit=900%2C553&ssl=1&resize=700%2C400 2x"},"classes":[]},{"id":100776,"url":"https:\/\/www.shqiperia.com\/blog\/idf-pushton-keshtjellen-mesjetare-beaufort-ne-liban-dhe-ngre-flamurin-izraelit-urdherohet-popullsia-qe-te-evakuohet\/","url_meta":{"origin":101197,"position":3},"title":"IDF pushton k\u00ebshtjell\u00ebn mesjetare Beaufort n\u00eb Liban dhe ngre flamurin izraelit! &#8211; Urdh\u00ebrohet popullsia q\u00eb t\u00eb evakuohet","author":"Kurt Farka","date":"May 31, 2026","format":false,"excerpt":"31 Maji 2026 Ministri izraelit i Mbrojtjes, Israel Katz, njoftoi sot se ushtria ka pushtuar k\u00ebshtjell\u00ebn mesjetare Beaufort n\u00eb Libanin jugor, ku po zgjeron operacionet e saj kund\u00ebr organizat\u00ebs shiite pro-iraniane Hezbollah. \u201cDyzet e kat\u00ebr vjet pas Betej\u00ebs heroike t\u00eb Beaufort dhe sot, dita e p\u00ebrkujtimit t\u00eb ushtar\u00ebve t\u00eb r\u00ebn\u00eb\u2026","rel":"","context":"In &quot;Blogu i Udh\u00ebtarit&quot;","block_context":{"text":"Blogu i Udh\u00ebtarit","link":"https:\/\/www.shqiperia.com\/blog\/category\/blogu-i-udhetarit\/"},"img":{"alt_text":"","src":"https:\/\/i0.wp.com\/www.shqiperia.com\/blog\/wp-content\/uploads\/2026\/05\/keshtjella-liban.jpg?fit=1059%2C617&ssl=1&resize=350%2C200","width":350,"height":200,"srcset":"https:\/\/i0.wp.com\/www.shqiperia.com\/blog\/wp-content\/uploads\/2026\/05\/keshtjella-liban.jpg?fit=1059%2C617&ssl=1&resize=350%2C200 1x, https:\/\/i0.wp.com\/www.shqiperia.com\/blog\/wp-content\/uploads\/2026\/05\/keshtjella-liban.jpg?fit=1059%2C617&ssl=1&resize=525%2C300 1.5x, https:\/\/i0.wp.com\/www.shqiperia.com\/blog\/wp-content\/uploads\/2026\/05\/keshtjella-liban.jpg?fit=1059%2C617&ssl=1&resize=700%2C400 2x, https:\/\/i0.wp.com\/www.shqiperia.com\/blog\/wp-content\/uploads\/2026\/05\/keshtjella-liban.jpg?fit=1059%2C617&ssl=1&resize=1050%2C600 3x"},"classes":[]},{"id":101648,"url":"https:\/\/www.shqiperia.com\/blog\/rama-ik-20-dite-revolucion-ndizen-rruget-nga-blicet-e-protestuesve-qytetaret-i-pershendesin-nga-ballkonet\/","url_meta":{"origin":101197,"position":4},"title":"\u201cRama ik!\u201d\/ 20 dit\u00eb revolucion! \u201cNdizen\u201d rrug\u00ebt nga blicet e protestuesve, qytetar\u00ebt i p\u00ebrsh\u00ebndesin nga ballkonet","author":"Kurt Farka","date":"June 20, 2026","format":false,"excerpt":"Famuri Kombetar dhe blicet e telefonave kan\u00eb \u201cndezur\u201d rrug\u00ebt e Tiran\u00ebs mbr\u00ebmjen e sotme n\u00eb protest\u00ebn e 20-t\u00eb, nd\u00ebrsa qytetar\u00ebt kan\u00eb p\u00ebrsh\u00ebndetur nga dritaret dhe ballkonet e banesave protestuesit q\u00eb marshonin n\u00ebp\u00ebr kryeqytet. N\u00eb disa prej segmenteve t\u00eb qytetit, banor\u00ebt jan\u00eb par\u00eb duke duartrokitur dhe duke ndjekur nga af\u00ebr l\u00ebvizjen\u2026","rel":"","context":"In &quot;Blogu i Udh\u00ebtarit&quot;","block_context":{"text":"Blogu i Udh\u00ebtarit","link":"https:\/\/www.shqiperia.com\/blog\/category\/blogu-i-udhetarit\/"},"img":{"alt_text":"","src":"https:\/\/i0.wp.com\/www.shqiperia.com\/blog\/wp-content\/uploads\/2026\/06\/images-1-1.jpg?fit=597%2C335&ssl=1&resize=350%2C200","width":350,"height":200,"srcset":"https:\/\/i0.wp.com\/www.shqiperia.com\/blog\/wp-content\/uploads\/2026\/06\/images-1-1.jpg?fit=597%2C335&ssl=1&resize=350%2C200 1x, https:\/\/i0.wp.com\/www.shqiperia.com\/blog\/wp-content\/uploads\/2026\/06\/images-1-1.jpg?fit=597%2C335&ssl=1&resize=525%2C300 1.5x"},"classes":[]},{"id":103912,"url":"https:\/\/www.shqiperia.com\/blog\/u-perhapen-si-re-gjigante-miliona-karkaleca-pushtojne-qytetin-ne-dagestan\/","url_meta":{"origin":101197,"position":5},"title":"U p\u00ebrhap\u00ebn si re gjigante, miliona karkaleca \u201cpushtojn\u00eb\u201d qytetin n\u00eb Dagestan","author":"Kurt Farka","date":"August 6, 2026","format":false,"excerpt":"6 Gusht 2026 Miliona karkaleca kan\u00eb pushtuar rajonin Kizlyar t\u00eb Dagestanit, n\u00eb jug t\u00eb Rusis\u00eb, duke krijuar nj\u00eb pamje t\u00eb pazakont\u00eb q\u00eb ka habitur banor\u00ebt vendas. Sipas pamjeve t\u00eb regjistruara, insektet kan\u00eb mbushur hap\u00ebsir\u00ebn ajrore n\u00eb nj\u00eb num\u00ebr t\u00eb madh, duke formuar at\u00eb q\u00eb dukej si nj\u00eb \u201cre\u201d gjigante mbi\u2026","rel":"","context":"In &quot;Blogu i Udh\u00ebtarit&quot;","block_context":{"text":"Blogu i Udh\u00ebtarit","link":"https:\/\/www.shqiperia.com\/blog\/category\/blogu-i-udhetarit\/"},"img":{"alt_text":"","src":"https:\/\/i0.wp.com\/www.shqiperia.com\/blog\/wp-content\/uploads\/2026\/08\/640-0-3f743c81341fc4513376004e70354f75.jpg?fit=640%2C360&ssl=1&resize=350%2C200","width":350,"height":200,"srcset":"https:\/\/i0.wp.com\/www.shqiperia.com\/blog\/wp-content\/uploads\/2026\/08\/640-0-3f743c81341fc4513376004e70354f75.jpg?fit=640%2C360&ssl=1&resize=350%2C200 1x, https:\/\/i0.wp.com\/www.shqiperia.com\/blog\/wp-content\/uploads\/2026\/08\/640-0-3f743c81341fc4513376004e70354f75.jpg?fit=640%2C360&ssl=1&resize=525%2C300 1.5x"},"classes":[]}],"_links":{"self":[{"href":"https:\/\/www.shqiperia.com\/blog\/wp-json\/wp\/v2\/posts\/101197","targetHints":{"allow":["GET"]}}],"collection":[{"href":"https:\/\/www.shqiperia.com\/blog\/wp-json\/wp\/v2\/posts"}],"about":[{"href":"https:\/\/www.shqiperia.com\/blog\/wp-json\/wp\/v2\/types\/post"}],"author":[{"embeddable":true,"href":"https:\/\/www.shqiperia.com\/blog\/wp-json\/wp\/v2\/users\/9"}],"replies":[{"embeddable":true,"href":"https:\/\/www.shqiperia.com\/blog\/wp-json\/wp\/v2\/comments?post=101197"}],"version-history":[{"count":1,"href":"https:\/\/www.shqiperia.com\/blog\/wp-json\/wp\/v2\/posts\/101197\/revisions"}],"predecessor-version":[{"id":101199,"href":"https:\/\/www.shqiperia.com\/blog\/wp-json\/wp\/v2\/posts\/101197\/revisions\/101199"}],"wp:featuredmedia":[{"embeddable":true,"href":"https:\/\/www.shqiperia.com\/blog\/wp-json\/wp\/v2\/media\/101198"}],"wp:attachment":[{"href":"https:\/\/www.shqiperia.com\/blog\/wp-json\/wp\/v2\/media?parent=101197"}],"wp:term":[{"taxonomy":"category","embeddable":true,"href":"https:\/\/www.shqiperia.com\/blog\/wp-json\/wp\/v2\/categories?post=101197"},{"taxonomy":"post_tag","embeddable":true,"href":"https:\/\/www.shqiperia.com\/blog\/wp-json\/wp\/v2\/tags?post=101197"}],"curies":[{"name":"wp","href":"https:\/\/api.w.org\/{rel}","templated":true}]}}