{"id":101192,"date":"2026-06-06T19:57:07","date_gmt":"2026-06-06T19:57:07","guid":{"rendered":"https:\/\/www.shqiperia.com\/blog\/?p=101192"},"modified":"2026-06-06T19:57:07","modified_gmt":"2026-06-06T19:57:07","slug":"slogani-kryefjale-i-tubimit-femijet-e-vegjel-ne-protesten-para-kryeministrise-shqiperi-e-re","status":"publish","type":"post","link":"https:\/\/www.shqiperia.com\/blog\/slogani-kryefjale-i-tubimit-femijet-e-vegjel-ne-protesten-para-kryeministrise-shqiperi-e-re\/","title":{"rendered":"Slogani kryefjal\u00eb i tubimit, f\u00ebmij\u00ebt e vegj\u00ebl n\u00eb protest\u00ebn para Kryeministris\u00eb: Shqip\u00ebri e Re!"},"content":{"rendered":"<p><img data-recalc-dims=\"1\" loading=\"lazy\" decoding=\"async\" data-attachment-id=\"101193\" data-permalink=\"https:\/\/www.shqiperia.com\/blog\/slogani-kryefjale-i-tubimit-femijet-e-vegjel-ne-protesten-para-kryeministrise-shqiperi-e-re\/img_1826\/\" data-orig-file=\"https:\/\/i0.wp.com\/www.shqiperia.com\/blog\/wp-content\/uploads\/2026\/06\/IMG_1826.jpeg?fit=348%2C167&amp;ssl=1\" data-orig-size=\"348,167\" data-comments-opened=\"1\" data-image-meta=\"{&quot;aperture&quot;:&quot;0&quot;,&quot;credit&quot;:&quot;Redaksia&quot;,&quot;camera&quot;:&quot;&quot;,&quot;caption&quot;:&quot;&quot;,&quot;created_timestamp&quot;:&quot;1780773293&quot;,&quot;copyright&quot;:&quot;&quot;,&quot;focal_length&quot;:&quot;0&quot;,&quot;iso&quot;:&quot;0&quot;,&quot;shutter_speed&quot;:&quot;0&quot;,&quot;title&quot;:&quot;&quot;,&quot;orientation&quot;:&quot;1&quot;}\" data-image-title=\"IMG_1826\" data-image-description=\"\" data-image-caption=\"\" data-medium-file=\"https:\/\/i0.wp.com\/www.shqiperia.com\/blog\/wp-content\/uploads\/2026\/06\/IMG_1826.jpeg?fit=300%2C144&amp;ssl=1\" data-large-file=\"https:\/\/i0.wp.com\/www.shqiperia.com\/blog\/wp-content\/uploads\/2026\/06\/IMG_1826.jpeg?fit=348%2C167&amp;ssl=1\" class=\"alignnone  wp-image-101193\" alt=\"\" src=\"https:\/\/i0.wp.com\/www.shqiperia.com\/blog\/wp-content\/uploads\/2026\/06\/IMG_1826.jpeg?resize=840%2C403&#038;ssl=1\" width=\"840\" height=\"403\" srcset=\"https:\/\/i0.wp.com\/www.shqiperia.com\/blog\/wp-content\/uploads\/2026\/06\/IMG_1826.jpeg?resize=300%2C144&amp;ssl=1 300w, https:\/\/i0.wp.com\/www.shqiperia.com\/blog\/wp-content\/uploads\/2026\/06\/IMG_1826.jpeg?w=348&amp;ssl=1 348w\" sizes=\"auto, (max-width: 840px) 100vw, 840px\" \/><\/p>\n<p>6 Qershor 2026<\/p>\n<p>Protesta p\u00ebrpara Kryeministris\u00eb ka marr\u00eb nj\u00eb tjet\u00ebr ngjyrim k\u00ebt\u00eb pasdite, kur n\u00eb podiumin e fjalimeve jan\u00eb ngjitur f\u00ebmij\u00eb t\u00eb vegj\u00ebl, duke u b\u00ebr\u00eb z\u00ebri m\u00eb i past\u00ebr i revolt\u00ebs qytetare.<\/p>\n<p>Nj\u00eb slogan i ri dhe i fort\u00eb ka pushtuar sheshin, duke u kthyer n\u00eb kryefjal\u00ebn e tubimit: \u201cShqip\u00ebri e re!\u201d.<\/p>\n<p>Z\u00ebrat e f\u00ebmij\u00ebve q\u00eb th\u00ebrrisnin n\u00eb kor k\u00ebt\u00eb slogan kan\u00eb emocionuar mij\u00ebra t\u00eb pranishmit, t\u00eb cil\u00ebt i jan\u00eb bashkuar thirrjeve t\u00eb tyre me duartrokitje dhe brohoritje.<\/p>\n<p>Ky moment u pa si nj\u00eb simbol i shpres\u00ebs p\u00ebr t\u00eb ardhmen dhe si nj\u00eb mesazh i prer\u00eb se lufta e nisur n\u00eb shesh nuk \u00ebsht\u00eb vet\u00ebm p\u00ebr t\u00eb sotmen, por p\u00ebr brezin q\u00eb po rritet.<\/p>\n","protected":false},"excerpt":{"rendered":"<p>6 Qershor 2026 Protesta p\u00ebrpara Kryeministris\u00eb ka marr\u00eb nj\u00eb tjet\u00ebr ngjyrim k\u00ebt\u00eb pasdite, kur n\u00eb podiumin e fjalimeve jan\u00eb ngjitur f\u00ebmij\u00eb t\u00eb vegj\u00ebl, duke u b\u00ebr\u00eb z\u00ebri m\u00eb i past\u00ebr i revolt\u00ebs qytetare. Nj\u00eb slogan i ri dhe i fort\u00eb ka pushtuar sheshin, duke u kthyer n\u00eb kryefjal\u00ebn e tubimit: \u201cShqip\u00ebri e re!\u201d. Z\u00ebrat e [&hellip;]<\/p>\n","protected":false},"author":9,"featured_media":101193,"comment_status":"open","ping_status":"open","sticky":false,"template":"","format":"standard","meta":{"jetpack_post_was_ever_published":false,"_jetpack_newsletter_access":"","_jetpack_dont_email_post_to_subs":false,"_jetpack_newsletter_tier_id":0,"_jetpack_memberships_contains_paywalled_content":false,"_jetpack_memberships_contains_paid_content":false,"footnotes":"","jetpack_publicize_message":"","jetpack_publicize_feature_enabled":true,"jetpack_social_post_already_shared":true,"jetpack_social_options":{"image_generator_settings":{"template":"highway","default_image_id":0,"font":"","enabled":false},"version":2}},"categories":[27,10,2,35],"tags":[],"class_list":["post-101192","post","type-post","status-publish","format-standard","has-post-thumbnail","hentry","category-blogu-i-udhetarit","category-kultura","category-politika","category-shoqerore"],"jetpack_publicize_connections":[],"jetpack_featured_media_url":"https:\/\/i0.wp.com\/www.shqiperia.com\/blog\/wp-content\/uploads\/2026\/06\/IMG_1826.jpeg?fit=348%2C167&ssl=1","jetpack_sharing_enabled":true,"jetpack_shortlink":"https:\/\/wp.me\/p5Z6wp-qk8","jetpack-related-posts":[{"id":103452,"url":"https:\/\/www.shqiperia.com\/blog\/shqiperia-kerkon-revolucion-61-dite-revolte-qytetaret-mblidhen-sot-serish-ne-proteste-rama-jep-doreheqjen\/","url_meta":{"origin":101192,"position":0},"title":"\u201cShqip\u00ebria k\u00ebrkon revolucion\u201d\/ 61 dit\u00eb revolt\u00eb, qytetar\u00ebt mblidhen sot s\u00ebrish n\u00eb protest\u00eb: Rama jep dor\u00ebheqjen!","author":"Kurt Farka","date":"July 30, 2026","format":false,"excerpt":"30 Korrik 2026 Protesta kund\u00ebr qeveris\u00eb hyn sot n\u00eb dit\u00ebn e saj t\u00eb 61-t\u00eb, teksa edhe k\u00ebt\u00eb pasdite qytetar\u00ebt do t\u00eb mblidhen para godin\u00ebs s\u00eb Kryeministris\u00eb p\u00ebr t\u00eb vijuar mobilizimin e p\u00ebrditsh\u00ebm. Ajo q\u00eb nisi si nj\u00eb reagim ndaj zhvillimeve n\u00eb Zv\u00ebrnec \u00ebsht\u00eb shnd\u00ebrruar n\u00eb nj\u00eb l\u00ebvizje t\u00eb p\u00ebrditshme qytetare,\u2026","rel":"","context":"In &quot;Blogu i Udh\u00ebtarit&quot;","block_context":{"text":"Blogu i Udh\u00ebtarit","link":"https:\/\/www.shqiperia.com\/blog\/category\/blogu-i-udhetarit\/"},"img":{"alt_text":"","src":"https:\/\/i0.wp.com\/www.shqiperia.com\/blog\/wp-content\/uploads\/2026\/07\/protesta-4-673x450-1-2-1-1.jpg?fit=673%2C450&ssl=1&resize=350%2C200","width":350,"height":200,"srcset":"https:\/\/i0.wp.com\/www.shqiperia.com\/blog\/wp-content\/uploads\/2026\/07\/protesta-4-673x450-1-2-1-1.jpg?fit=673%2C450&ssl=1&resize=350%2C200 1x, https:\/\/i0.wp.com\/www.shqiperia.com\/blog\/wp-content\/uploads\/2026\/07\/protesta-4-673x450-1-2-1-1.jpg?fit=673%2C450&ssl=1&resize=525%2C300 1.5x"},"classes":[]},{"id":104868,"url":"https:\/\/www.shqiperia.com\/blog\/protesta-nuk-ndalet-sot-dita-e-83-te-qytetaret-serish-ne-shesh-kunder-qeverise-rama-jep-doreheqjen\/","url_meta":{"origin":101192,"position":1},"title":"Protesta nuk ndalet\/ Sot dita e 83-t\u00eb, qytetar\u00ebt s\u00ebrish n\u00eb shesh kund\u00ebr qeveris\u00eb: Rama jep dor\u00ebheqjen!","author":"Kurt Farka","date":"August 21, 2026","format":false,"excerpt":"21 Gusht 2026 Qytetar\u00ebt do t\u00eb mblidhen s\u00ebrish sot n\u00eb Tiran\u00eb, duke vijuar p\u00ebr t\u00eb 83-\u00ebn dit\u00eb radhazi protest\u00ebn kund\u00ebr qeveris\u00eb dhe kast\u00ebs politike. Ashtu si n\u00eb dit\u00ebt e fundit, protestuesit pritet t\u00eb grumbullohen fillimisht n\u00eb sheshin \u201cSk\u00ebnderbej\u201d dhe m\u00eb pas t\u00eb marshojn\u00eb drejt Kryeministris\u00eb, ku do t\u00eb vijojn\u00eb tubimin\u2026","rel":"","context":"In &quot;Blogu i Udh\u00ebtarit&quot;","block_context":{"text":"Blogu i Udh\u00ebtarit","link":"https:\/\/www.shqiperia.com\/blog\/category\/blogu-i-udhetarit\/"},"img":{"alt_text":"","src":"https:\/\/i0.wp.com\/www.shqiperia.com\/blog\/wp-content\/uploads\/2026\/08\/770985824_3285727254921661_236673638084350325_n-1.jpg?fit=1200%2C800&ssl=1&resize=350%2C200","width":350,"height":200,"srcset":"https:\/\/i0.wp.com\/www.shqiperia.com\/blog\/wp-content\/uploads\/2026\/08\/770985824_3285727254921661_236673638084350325_n-1.jpg?fit=1200%2C800&ssl=1&resize=350%2C200 1x, https:\/\/i0.wp.com\/www.shqiperia.com\/blog\/wp-content\/uploads\/2026\/08\/770985824_3285727254921661_236673638084350325_n-1.jpg?fit=1200%2C800&ssl=1&resize=525%2C300 1.5x, https:\/\/i0.wp.com\/www.shqiperia.com\/blog\/wp-content\/uploads\/2026\/08\/770985824_3285727254921661_236673638084350325_n-1.jpg?fit=1200%2C800&ssl=1&resize=700%2C400 2x, https:\/\/i0.wp.com\/www.shqiperia.com\/blog\/wp-content\/uploads\/2026\/08\/770985824_3285727254921661_236673638084350325_n-1.jpg?fit=1200%2C800&ssl=1&resize=1050%2C600 3x"},"classes":[]},{"id":103415,"url":"https:\/\/www.shqiperia.com\/blog\/plot-per-2-muaj-pjesemarrje-masive-e-protestuesve-ne-diten-e-60-te-te-revoltes\/","url_meta":{"origin":101192,"position":2},"title":"Plot p\u00ebr 2 muaj, &#8211; Pjes\u00ebmarrje masive e protestuesve n\u00eb dit\u00ebn e 60-t\u00eb t\u00eb revolt\u00ebs","author":"Kurt Farka","date":"July 29, 2026","format":false,"excerpt":"29 Korrik 2026 Protesta antiqeveritare q\u00eb po mbahet sot n\u00eb Tiran\u00eb ka mbushur plot 60-t\u00eb, duke sh\u00ebnuar dy muaj mobilizim t\u00eb pand\u00ebrprer\u00eb n\u00eb rrug\u00ebt e Tiran\u00ebs. Ajo q\u00eb n\u00eb fillim u duk si nj\u00eb revolt\u00eb e kufizuar kund\u00ebr zhvillimeve n\u00eb Zv\u00ebrnec \u00ebsht\u00eb kthyer n\u00eb nj\u00eb l\u00ebvizje t\u00eb p\u00ebrditshme qytetare, e\u2026","rel":"","context":"In &quot;Blogu i Udh\u00ebtarit&quot;","block_context":{"text":"Blogu i Udh\u00ebtarit","link":"https:\/\/www.shqiperia.com\/blog\/category\/blogu-i-udhetarit\/"},"img":{"alt_text":"","src":"https:\/\/i0.wp.com\/www.shqiperia.com\/blog\/wp-content\/uploads\/2026\/07\/protestuesit11-433x300-2.jpg?fit=433%2C300&ssl=1&resize=350%2C200","width":350,"height":200},"classes":[]},{"id":101041,"url":"https:\/\/www.shqiperia.com\/blog\/proteste-madheshtore-dhe-civile-ish-ambasadori-tarifa-i-kujton-lidershipit-se-populli-te-zgjedh-mjaft-me\/","url_meta":{"origin":101192,"position":3},"title":"\u201cProtest\u00eb madh\u00ebshtore dhe civile\u201d, ish-ambasadori Tarifa: &#8211; I kujton lidershipit se populli t\u00eb zgjedh, mjaft me\u2026","author":"Kurt Farka","date":"June 3, 2026","format":false,"excerpt":"3 Qershor 2026 Ish-ambasadori dhe diplomati Fatos Tarifa, i ftuar n\u00eb nj\u00eb studio televizive ka komentuar protest\u00ebn e radh\u00ebs q\u00eb u zhvillua sot n\u00eb kryeqytet. Tarifa e cil\u00ebsoi k\u00ebt\u00eb tubim si nj\u00eb protest\u00eb t\u00ebr\u00ebsisht qytetare, legjitime dhe t\u00eb vonuar, duke v\u00ebn\u00eb n\u00eb dukje kultur\u00ebn e lart\u00eb t\u00eb treguar nga pjes\u00ebmarr\u00ebsit.\u2026","rel":"","context":"In &quot;Blogu i Udh\u00ebtarit&quot;","block_context":{"text":"Blogu i Udh\u00ebtarit","link":"https:\/\/www.shqiperia.com\/blog\/category\/blogu-i-udhetarit\/"},"img":{"alt_text":"","src":"https:\/\/i0.wp.com\/www.shqiperia.com\/blog\/wp-content\/uploads\/2026\/06\/WhatsApp-Image-2026-06-02-at-21.14.58-1-675x450-1-2.jpeg?fit=675%2C450&ssl=1&resize=350%2C200","width":350,"height":200,"srcset":"https:\/\/i0.wp.com\/www.shqiperia.com\/blog\/wp-content\/uploads\/2026\/06\/WhatsApp-Image-2026-06-02-at-21.14.58-1-675x450-1-2.jpeg?fit=675%2C450&ssl=1&resize=350%2C200 1x, https:\/\/i0.wp.com\/www.shqiperia.com\/blog\/wp-content\/uploads\/2026\/06\/WhatsApp-Image-2026-06-02-at-21.14.58-1-675x450-1-2.jpeg?fit=675%2C450&ssl=1&resize=525%2C300 1.5x"},"classes":[]},{"id":101483,"url":"https:\/\/www.shqiperia.com\/blog\/rama-sulmon-protestuesit-hajvane-fryme-fashiste-po-demtojne-turizmin\/","url_meta":{"origin":101192,"position":4},"title":"Rama sulmon protestuesit: -Hajvan\u00eb, frym\u00eb fashiste! Po d\u00ebmtojn\u00eb turizmin","author":"Kurt Farka","date":"June 14, 2026","format":false,"excerpt":"Kryeministri Edi Rama ka zgjedhur q\u00eb s\u00ebrish t\u00eb sulmoj\u00eb protestuesit, q\u00eb prej dy jav\u00ebsh dalin \u00e7do dit\u00eb n\u00eb shesh p\u00ebr t\u00eb k\u00ebrkuar largimin e tij nga qeveria. N\u00eb rubrik\u00ebn \u2018sh\u00ebnimet e jav\u00ebs\u2019 n\u00eb potkastin e tij \u201cFlasim\u201d, kreu i qeveris\u00eb i konsideroi protestuesit si \u2018hajvan\u00eb\u2019 me mend\u00ebsi fashiste, q\u00eb si\u00e7\u2026","rel":"","context":"In &quot;Blogu i Udh\u00ebtarit&quot;","block_context":{"text":"Blogu i Udh\u00ebtarit","link":"https:\/\/www.shqiperia.com\/blog\/category\/blogu-i-udhetarit\/"},"img":{"alt_text":"","src":"https:\/\/i0.wp.com\/www.shqiperia.com\/blog\/wp-content\/uploads\/2026\/06\/rama-protestat1-433x300-1.jpg?fit=433%2C300&ssl=1&resize=350%2C200","width":350,"height":200},"classes":[]},{"id":103320,"url":"https:\/\/www.shqiperia.com\/blog\/asgje-nuk-e-ndal-revolten-protesta-antiqeveritare-hyn-sot-ne-diten-e-59-te-qytetaret-thirrje-rames-jep-doreheqjen\/","url_meta":{"origin":101192,"position":5},"title":"Asgj\u00eb nuk e ndal revolt\u00ebn, protesta antiqeveritare hyn sot n\u00eb dit\u00ebn e 59-t\u00eb, qytetar\u00ebt thirrje Ram\u00ebs: Jep dor\u00ebheqjen!","author":"Kurt Farka","date":"July 28, 2026","format":false,"excerpt":"28 Korrik 2026 Protesta antiqeveritare hyn sot n\u00eb dit\u00ebn e saj t\u00eb 59-t\u00eb, nd\u00ebrsa organizator\u00ebt kan\u00eb paralajm\u00ebruar se tubimet do t\u00eb vijojn\u00eb edhe k\u00ebt\u00eb t\u00eb mart\u00eb, duke k\u00ebmb\u00ebngulur se nuk do t\u00eb t\u00ebrhiqen deri n\u00eb plot\u00ebsimin e k\u00ebrkes\u00ebs s\u00eb tyre p\u00ebr largimin e kryeministrit Edi Rama. Dita e 58-t\u00eb e\u2026","rel":"","context":"In &quot;Blogu i Udh\u00ebtarit&quot;","block_context":{"text":"Blogu i Udh\u00ebtarit","link":"https:\/\/www.shqiperia.com\/blog\/category\/blogu-i-udhetarit\/"},"img":{"alt_text":"","src":"https:\/\/i0.wp.com\/www.shqiperia.com\/blog\/wp-content\/uploads\/2026\/07\/protesta-4-673x450-1-2-1-300x201.jpg?resize=350%2C200&ssl=1","width":350,"height":200,"srcset":"https:\/\/i0.wp.com\/www.shqiperia.com\/blog\/wp-content\/uploads\/2026\/07\/protesta-4-673x450-1-2-1-300x201.jpg?resize=350%2C200&ssl=1 1x, https:\/\/i0.wp.com\/www.shqiperia.com\/blog\/wp-content\/uploads\/2026\/07\/protesta-4-673x450-1-2-1-300x201.jpg?resize=525%2C300&ssl=1 1.5x, https:\/\/i0.wp.com\/www.shqiperia.com\/blog\/wp-content\/uploads\/2026\/07\/protesta-4-673x450-1-2-1-300x201.jpg?resize=700%2C400&ssl=1 2x"},"classes":[]}],"_links":{"self":[{"href":"https:\/\/www.shqiperia.com\/blog\/wp-json\/wp\/v2\/posts\/101192","targetHints":{"allow":["GET"]}}],"collection":[{"href":"https:\/\/www.shqiperia.com\/blog\/wp-json\/wp\/v2\/posts"}],"about":[{"href":"https:\/\/www.shqiperia.com\/blog\/wp-json\/wp\/v2\/types\/post"}],"author":[{"embeddable":true,"href":"https:\/\/www.shqiperia.com\/blog\/wp-json\/wp\/v2\/users\/9"}],"replies":[{"embeddable":true,"href":"https:\/\/www.shqiperia.com\/blog\/wp-json\/wp\/v2\/comments?post=101192"}],"version-history":[{"count":1,"href":"https:\/\/www.shqiperia.com\/blog\/wp-json\/wp\/v2\/posts\/101192\/revisions"}],"predecessor-version":[{"id":101194,"href":"https:\/\/www.shqiperia.com\/blog\/wp-json\/wp\/v2\/posts\/101192\/revisions\/101194"}],"wp:featuredmedia":[{"embeddable":true,"href":"https:\/\/www.shqiperia.com\/blog\/wp-json\/wp\/v2\/media\/101193"}],"wp:attachment":[{"href":"https:\/\/www.shqiperia.com\/blog\/wp-json\/wp\/v2\/media?parent=101192"}],"wp:term":[{"taxonomy":"category","embeddable":true,"href":"https:\/\/www.shqiperia.com\/blog\/wp-json\/wp\/v2\/categories?post=101192"},{"taxonomy":"post_tag","embeddable":true,"href":"https:\/\/www.shqiperia.com\/blog\/wp-json\/wp\/v2\/tags?post=101192"}],"curies":[{"name":"wp","href":"https:\/\/api.w.org\/{rel}","templated":true}]}}