{"id":101182,"date":"2026-06-06T13:52:53","date_gmt":"2026-06-06T13:52:53","guid":{"rendered":"https:\/\/www.shqiperia.com\/blog\/?p=101182"},"modified":"2026-06-06T14:03:59","modified_gmt":"2026-06-06T14:03:59","slug":"shqiptaret-me-flamuj-kombetare-dhe-thirrje-kunder-qeverise-ne-sheshet-e-berlinit-mynihut-stokholmit-torontos-firences-dhe-milanos-mijra-emigran-ne-demostrata","status":"publish","type":"post","link":"https:\/\/www.shqiperia.com\/blog\/shqiptaret-me-flamuj-kombetare-dhe-thirrje-kunder-qeverise-ne-sheshet-e-berlinit-mynihut-stokholmit-torontos-firences-dhe-milanos-mijra-emigran-ne-demostrata\/","title":{"rendered":"Shqiptaret me flamuj komb\u00ebtar\u00eb dhe thirrje kund\u00ebr qeveris\u00eb ne sheshet e Berlinit, Mynihut, Stokholmit  Torontos, Firences dhe Milanos Mijra emigran ne demostrata."},"content":{"rendered":"<p><img data-recalc-dims=\"1\" loading=\"lazy\" decoding=\"async\" data-attachment-id=\"101187\" data-permalink=\"https:\/\/www.shqiperia.com\/blog\/shqiptaret-me-flamuj-kombetare-dhe-thirrje-kunder-qeverise-ne-sheshet-e-berlinit-mynihut-stokholmit-torontos-firences-dhe-milanos-mijra-emigran-ne-demostrata\/capture-42-2\/\" data-orig-file=\"https:\/\/i0.wp.com\/www.shqiperia.com\/blog\/wp-content\/uploads\/2026\/06\/Capture-42.jpg?fit=699%2C601&amp;ssl=1\" data-orig-size=\"699,601\" data-comments-opened=\"1\" data-image-meta=\"{&quot;aperture&quot;:&quot;0&quot;,&quot;credit&quot;:&quot;Redaksia&quot;,&quot;camera&quot;:&quot;&quot;,&quot;caption&quot;:&quot;&quot;,&quot;created_timestamp&quot;:&quot;1780743468&quot;,&quot;copyright&quot;:&quot;&quot;,&quot;focal_length&quot;:&quot;0&quot;,&quot;iso&quot;:&quot;0&quot;,&quot;shutter_speed&quot;:&quot;0&quot;,&quot;title&quot;:&quot;&quot;,&quot;orientation&quot;:&quot;0&quot;}\" data-image-title=\"Capture-42\" data-image-description=\"\" data-image-caption=\"\" data-medium-file=\"https:\/\/i0.wp.com\/www.shqiperia.com\/blog\/wp-content\/uploads\/2026\/06\/Capture-42.jpg?fit=300%2C258&amp;ssl=1\" data-large-file=\"https:\/\/i0.wp.com\/www.shqiperia.com\/blog\/wp-content\/uploads\/2026\/06\/Capture-42.jpg?fit=699%2C601&amp;ssl=1\" class=\"alignnone  wp-image-101187\" alt=\"\" src=\"https:\/\/i0.wp.com\/www.shqiperia.com\/blog\/wp-content\/uploads\/2026\/06\/Capture-42.jpg?resize=467%2C402&#038;ssl=1\" width=\"467\" height=\"402\" srcset=\"https:\/\/i0.wp.com\/www.shqiperia.com\/blog\/wp-content\/uploads\/2026\/06\/Capture-42.jpg?resize=300%2C258&amp;ssl=1 300w, https:\/\/i0.wp.com\/www.shqiperia.com\/blog\/wp-content\/uploads\/2026\/06\/Capture-42.jpg?resize=450%2C387&amp;ssl=1 450w, https:\/\/i0.wp.com\/www.shqiperia.com\/blog\/wp-content\/uploads\/2026\/06\/Capture-42.jpg?resize=600%2C516&amp;ssl=1 600w, https:\/\/i0.wp.com\/www.shqiperia.com\/blog\/wp-content\/uploads\/2026\/06\/Capture-42.jpg?resize=400%2C344&amp;ssl=1 400w, https:\/\/i0.wp.com\/www.shqiperia.com\/blog\/wp-content\/uploads\/2026\/06\/Capture-42.jpg?w=699&amp;ssl=1 699w\" sizes=\"auto, (max-width: 467px) 100vw, 467px\" \/><\/p>\n<p>6 Qershor 2026<\/p>\n<p><span>N\u00eb sheshe t\u00eb njohura t\u00eb Firences, Milanos, Berlinit, Mynihut, Stokholmit dhe Torontos, emigrant\u00eb shqiptar\u00eb jan\u00eb mbledhur p\u00ebr t\u00eb denoncuar at\u00eb q\u00eb e konsiderojn\u00eb d\u00ebshtim t\u00eb qeveris\u00eb p\u00ebr t\u00eb frenuar emigracionin masiv dhe varf\u00ebrimin e vendit.<\/span><\/p>\n<div id=\"attachment_101184\" style=\"width: 1003px\" class=\"wp-caption alignnone\"><img data-recalc-dims=\"1\" loading=\"lazy\" decoding=\"async\" aria-describedby=\"caption-attachment-101184\" data-attachment-id=\"101184\" data-permalink=\"https:\/\/www.shqiperia.com\/blog\/shqiptaret-me-flamuj-kombetare-dhe-thirrje-kunder-qeverise-ne-sheshet-e-berlinit-mynihut-stokholmit-torontos-firences-dhe-milanos-mijra-emigran-ne-demostrata\/800-0-1780738980xdwpng-665\/\" data-orig-file=\"https:\/\/i0.wp.com\/www.shqiperia.com\/blog\/wp-content\/uploads\/2026\/06\/800-0-1780738980xdwpng-665.png?fit=800%2C444&amp;ssl=1\" data-orig-size=\"800,444\" data-comments-opened=\"1\" data-image-meta=\"{&quot;aperture&quot;:&quot;0&quot;,&quot;credit&quot;:&quot;&quot;,&quot;camera&quot;:&quot;&quot;,&quot;caption&quot;:&quot;&quot;,&quot;created_timestamp&quot;:&quot;0&quot;,&quot;copyright&quot;:&quot;&quot;,&quot;focal_length&quot;:&quot;0&quot;,&quot;iso&quot;:&quot;0&quot;,&quot;shutter_speed&quot;:&quot;0&quot;,&quot;title&quot;:&quot;&quot;,&quot;orientation&quot;:&quot;0&quot;}\" data-image-title=\"Milano\" data-image-description=\"\" data-image-caption=\"&lt;p&gt;Milano&lt;\/p&gt;\n\" data-medium-file=\"https:\/\/i0.wp.com\/www.shqiperia.com\/blog\/wp-content\/uploads\/2026\/06\/800-0-1780738980xdwpng-665.png?fit=300%2C167&amp;ssl=1\" data-large-file=\"https:\/\/i0.wp.com\/www.shqiperia.com\/blog\/wp-content\/uploads\/2026\/06\/800-0-1780738980xdwpng-665.png?fit=800%2C444&amp;ssl=1\" class=\" wp-image-101184\" alt=\"\" src=\"https:\/\/i0.wp.com\/www.shqiperia.com\/blog\/wp-content\/uploads\/2026\/06\/800-0-1780738980xdwpng-665.png?resize=993%2C553&#038;ssl=1\" width=\"993\" height=\"553\" srcset=\"https:\/\/i0.wp.com\/www.shqiperia.com\/blog\/wp-content\/uploads\/2026\/06\/800-0-1780738980xdwpng-665.png?resize=300%2C167&amp;ssl=1 300w, https:\/\/i0.wp.com\/www.shqiperia.com\/blog\/wp-content\/uploads\/2026\/06\/800-0-1780738980xdwpng-665.png?resize=450%2C250&amp;ssl=1 450w, https:\/\/i0.wp.com\/www.shqiperia.com\/blog\/wp-content\/uploads\/2026\/06\/800-0-1780738980xdwpng-665.png?resize=600%2C333&amp;ssl=1 600w, https:\/\/i0.wp.com\/www.shqiperia.com\/blog\/wp-content\/uploads\/2026\/06\/800-0-1780738980xdwpng-665.png?resize=400%2C222&amp;ssl=1 400w\" sizes=\"auto, (max-width: 993px) 100vw, 993px\" \/><p id=\"caption-attachment-101184\" class=\"wp-caption-text\">Milano<\/p><\/div>\n<p><span>Me flamuj komb\u00ebtar\u00eb dhe thirrje kund\u00ebr qeveris\u00eb, protestuesit kan\u00eb shprehur revolt\u00ebn e tyre p\u00ebr largimin e vazhduesh\u00ebm t\u00eb shqiptar\u00ebve, ve\u00e7an\u00ebrisht t\u00eb rinjve, nga vendi.<\/span><\/p>\n","protected":false},"excerpt":{"rendered":"<p>6 Qershor 2026 N\u00eb sheshe t\u00eb njohura t\u00eb Firences, Milanos, Berlinit, Mynihut, Stokholmit dhe Torontos, emigrant\u00eb shqiptar\u00eb jan\u00eb mbledhur p\u00ebr t\u00eb denoncuar at\u00eb q\u00eb e konsiderojn\u00eb d\u00ebshtim t\u00eb qeveris\u00eb p\u00ebr t\u00eb frenuar emigracionin masiv dhe varf\u00ebrimin e vendit. Me flamuj komb\u00ebtar\u00eb dhe thirrje kund\u00ebr qeveris\u00eb, protestuesit kan\u00eb shprehur revolt\u00ebn e tyre p\u00ebr largimin e vazhduesh\u00ebm [&hellip;]<\/p>\n","protected":false},"author":9,"featured_media":101184,"comment_status":"open","ping_status":"open","sticky":false,"template":"","format":"standard","meta":{"jetpack_post_was_ever_published":false,"_jetpack_newsletter_access":"","_jetpack_dont_email_post_to_subs":false,"_jetpack_newsletter_tier_id":0,"_jetpack_memberships_contains_paywalled_content":false,"_jetpack_memberships_contains_paid_content":false,"footnotes":"","jetpack_publicize_message":"","jetpack_publicize_feature_enabled":true,"jetpack_social_post_already_shared":true,"jetpack_social_options":{"image_generator_settings":{"template":"highway","default_image_id":0,"font":"","enabled":false},"version":2}},"categories":[27,2,35],"tags":[],"class_list":["post-101182","post","type-post","status-publish","format-standard","has-post-thumbnail","hentry","category-blogu-i-udhetarit","category-politika","category-shoqerore"],"jetpack_publicize_connections":[],"jetpack_featured_media_url":"https:\/\/i0.wp.com\/www.shqiperia.com\/blog\/wp-content\/uploads\/2026\/06\/800-0-1780738980xdwpng-665.png?fit=800%2C444&ssl=1","jetpack_sharing_enabled":true,"jetpack_shortlink":"https:\/\/wp.me\/p5Z6wp-qjY","jetpack-related-posts":[{"id":101179,"url":"https:\/\/www.shqiperia.com\/blog\/rama-ik-milano-ngrihet-mijra-emigrant-kunder-qeverise-rama\/","url_meta":{"origin":101182,"position":0},"title":"&#8216;Rama ik&#8217;\/ Milano ngrihet mijra emigrant kund\u00ebr qeveris\u00eb Rama","author":"Kurt Farka","date":"June 6, 2026","format":false,"excerpt":"6 Qershor 2026 Nj\u00eb val\u00eb protestash t\u00eb organizuara nga shqiptar\u00ebt e diaspor\u00ebs ka p\u00ebrfshir\u00eb disa nga qytetet m\u00eb t\u00eb m\u00ebdha t\u00eb Europ\u00ebs dhe Amerik\u00ebs s\u00eb Veriut, duke nxjerr\u00eb n\u00eb pah pak\u00ebnaq\u00ebsin\u00eb n\u00eb rritje ndaj qeveris\u00eb s\u00eb kryeministrit Edi Rama dhe situat\u00ebs s\u00eb r\u00ebnduar sociale e ekonomike n\u00eb vend. N\u00eb sheshe\u2026","rel":"","context":"In &quot;Blogu i Udh\u00ebtarit&quot;","block_context":{"text":"Blogu i Udh\u00ebtarit","link":"https:\/\/www.shqiperia.com\/blog\/category\/blogu-i-udhetarit\/"},"img":{"alt_text":"","src":"https:\/\/i0.wp.com\/www.shqiperia.com\/blog\/wp-content\/uploads\/2026\/06\/Protesta-Mulani.jpg?fit=900%2C512&ssl=1&resize=350%2C200","width":350,"height":200,"srcset":"https:\/\/i0.wp.com\/www.shqiperia.com\/blog\/wp-content\/uploads\/2026\/06\/Protesta-Mulani.jpg?fit=900%2C512&ssl=1&resize=350%2C200 1x, https:\/\/i0.wp.com\/www.shqiperia.com\/blog\/wp-content\/uploads\/2026\/06\/Protesta-Mulani.jpg?fit=900%2C512&ssl=1&resize=525%2C300 1.5x, https:\/\/i0.wp.com\/www.shqiperia.com\/blog\/wp-content\/uploads\/2026\/06\/Protesta-Mulani.jpg?fit=900%2C512&ssl=1&resize=700%2C400 2x"},"classes":[]},{"id":104606,"url":"https:\/\/www.shqiperia.com\/blog\/nata-78-nga-gjermania-zvicra-e-shba-diaspora-ne-krye-te-marshimit\/","url_meta":{"origin":101182,"position":1},"title":"Nata 78\/ Nga Gjermania, Zvicra e SHBA, Diaspora n\u00eb krye t\u00eb marshimit","author":"Kurt Farka","date":"August 17, 2026","format":false,"excerpt":"17 Gusht 2026 Protesta e 78-t\u00eb kund\u00ebr qeveris\u00eb vijon n\u00eb Tiran\u00eb, nd\u00ebrsa qytetar\u00eb dhe pjes\u00ebtar\u00eb t\u00eb diaspor\u00ebs shqiptare jan\u00eb b\u00ebr\u00eb pjes\u00eb e marshimit t\u00eb madh n\u00eb rrug\u00ebt e kryeqytetit. Pas grumbullimit dhe protest\u00ebs p\u00ebrpara Kryeministris\u00eb, protestuesit kan\u00eb nisur marshimin n\u00ebp\u00ebr bulevardet dhe rrug\u00ebt e Tiran\u00ebs, duke mbushur hap\u00ebsirat e kryeqytetit.\u2026","rel":"","context":"In &quot;Blogu i Udh\u00ebtarit&quot;","block_context":{"text":"Blogu i Udh\u00ebtarit","link":"https:\/\/www.shqiperia.com\/blog\/category\/blogu-i-udhetarit\/"},"img":{"alt_text":"","src":"https:\/\/i0.wp.com\/www.shqiperia.com\/blog\/wp-content\/uploads\/2026\/08\/800-0-img-6559-6a821aadd8dfe.jpeg?fit=800%2C719&ssl=1&resize=350%2C200","width":350,"height":200,"srcset":"https:\/\/i0.wp.com\/www.shqiperia.com\/blog\/wp-content\/uploads\/2026\/08\/800-0-img-6559-6a821aadd8dfe.jpeg?fit=800%2C719&ssl=1&resize=350%2C200 1x, https:\/\/i0.wp.com\/www.shqiperia.com\/blog\/wp-content\/uploads\/2026\/08\/800-0-img-6559-6a821aadd8dfe.jpeg?fit=800%2C719&ssl=1&resize=525%2C300 1.5x, https:\/\/i0.wp.com\/www.shqiperia.com\/blog\/wp-content\/uploads\/2026\/08\/800-0-img-6559-6a821aadd8dfe.jpeg?fit=800%2C719&ssl=1&resize=700%2C400 2x"},"classes":[]},{"id":101250,"url":"https:\/\/www.shqiperia.com\/blog\/shqiperia-nuk-eshte-ne-shitje-shqiptaret-e-genoves-ne-itali-ngrihen-ne-proteste-kunder-rames\/","url_meta":{"origin":101182,"position":2},"title":"&#8216;Shqip\u00ebria nuk \u00ebsht\u00eb n\u00eb shitje&#8217;\/ Shqiptar\u00ebt e Genov\u00ebs n\u00eb Itali ngrihen n\u00eb protest\u00eb kund\u00ebr Ram\u00ebs","author":"Kurt Farka","date":"June 7, 2026","format":false,"excerpt":"7 Qershor 2026 Shqiptar\u00ebt q\u00eb jetojn\u00eb n\u00eb Genova t\u00eb Italis\u00eb jan\u00eb bashkuar n\u00eb nj\u00eb protest\u00eb kund\u00ebr qeveris\u00eb s\u00eb kryeministrit Edi Rama, duke shprehur solidaritet me protestat qytetare q\u00eb po zhvillohen n\u00eb Shqip\u00ebri. T\u00eb mbledhur me flamuj komb\u00ebtar\u00eb dhe pankarta, pjes\u00ebmarr\u00ebsit artikuluan kritika ndaj qeverisjes dhe k\u00ebrkuan m\u00eb shum\u00eb transparenc\u00eb, llogaridh\u00ebnie\u2026","rel":"","context":"In &quot;Njoftime Shtypi&quot;","block_context":{"text":"Njoftime Shtypi","link":"https:\/\/www.shqiperia.com\/blog\/category\/njoftime-shtypi\/"},"img":{"alt_text":"","src":"https:\/\/i0.wp.com\/www.shqiperia.com\/blog\/wp-content\/uploads\/2026\/06\/maxresdefault.jpg?fit=1200%2C675&ssl=1&resize=350%2C200","width":350,"height":200,"srcset":"https:\/\/i0.wp.com\/www.shqiperia.com\/blog\/wp-content\/uploads\/2026\/06\/maxresdefault.jpg?fit=1200%2C675&ssl=1&resize=350%2C200 1x, https:\/\/i0.wp.com\/www.shqiperia.com\/blog\/wp-content\/uploads\/2026\/06\/maxresdefault.jpg?fit=1200%2C675&ssl=1&resize=525%2C300 1.5x, https:\/\/i0.wp.com\/www.shqiperia.com\/blog\/wp-content\/uploads\/2026\/06\/maxresdefault.jpg?fit=1200%2C675&ssl=1&resize=700%2C400 2x, https:\/\/i0.wp.com\/www.shqiperia.com\/blog\/wp-content\/uploads\/2026\/06\/maxresdefault.jpg?fit=1200%2C675&ssl=1&resize=1050%2C600 3x"},"classes":[]},{"id":101253,"url":"https:\/\/www.shqiperia.com\/blog\/shkodranet-pushtojne-ballkonin-e-bashkise-kerkojne-doreheqjen-e-qeverise\/","url_meta":{"origin":101182,"position":3},"title":"Shkodran\u00ebt pushtojn\u00eb ballkonin e bashkis\u00eb. &#8211; Kerkojn\u00eb dor\u00ebheqjen e qeveris\u00eb","author":"Kurt Farka","date":"June 7, 2026","format":false,"excerpt":"7 Qershor 2026 Mbr\u00ebmjen e sotme, protesta e qytetar\u00ebve n\u00eb Shkod\u00ebr mori nj\u00eb tjet\u00ebr dimension simbolik, teksa nj\u00eb grup protestuesish u ngjit\u00ebn n\u00eb ballkonin e Bashkis\u00eb s\u00eb Shkodr\u00ebs, nga ku l\u00ebshuan thirrje t\u00eb forta kund\u00ebr qeveris\u00eb. Mes brohoritjeve dhe duartrokitjeve t\u00eb turm\u00ebs s\u00eb mbledhur n\u00eb shesh, protestuesit artikuluan sloganet \u201cRama\u2026","rel":"","context":"In &quot;Blogu i Udh\u00ebtarit&quot;","block_context":{"text":"Blogu i Udh\u00ebtarit","link":"https:\/\/www.shqiperia.com\/blog\/category\/blogu-i-udhetarit\/"},"img":{"alt_text":"","src":"https:\/\/i0.wp.com\/www.shqiperia.com\/blog\/wp-content\/uploads\/2026\/06\/hq720.jpg?fit=686%2C386&ssl=1&resize=350%2C200","width":350,"height":200,"srcset":"https:\/\/i0.wp.com\/www.shqiperia.com\/blog\/wp-content\/uploads\/2026\/06\/hq720.jpg?fit=686%2C386&ssl=1&resize=350%2C200 1x, https:\/\/i0.wp.com\/www.shqiperia.com\/blog\/wp-content\/uploads\/2026\/06\/hq720.jpg?fit=686%2C386&ssl=1&resize=525%2C300 1.5x"},"classes":[]},{"id":101176,"url":"https:\/\/www.shqiperia.com\/blog\/proteste-edhe-ne-londer-shqiptaret-e-diaspores-kunder-qeverise-rama\/","url_meta":{"origin":101182,"position":4},"title":"Protest\u00eb edhe n\u00eb Lond\u00ebr, shqiptar\u00ebt e diaspor\u00ebs kund\u00ebr qeveris\u00eb Rama","author":"Kurt Farka","date":"June 6, 2026","format":false,"excerpt":"6 Qershor 2026 Nd\u00ebrsa protesta t\u00eb diaspor\u00ebs shqiptare po zhvillohen paralelisht n\u00eb disa qytete t\u00eb Europ\u00ebs dhe Amerik\u00ebs s\u00eb Veriut, edhe Londra \u00ebsht\u00eb b\u00ebr\u00eb pjes\u00eb e k\u00ebsaj vale reagimi kund\u00ebr politikave t\u00eb qeveris\u00eb s\u00eb kryeministrit Edi Rama. Qindra shqiptar\u00eb jan\u00eb mbledhur n\u00eb kryeqytetin britanik me flamuj komb\u00ebtar\u00eb dhe pankarta, duke\u2026","rel":"","context":"In &quot;Blogu i Udh\u00ebtarit&quot;","block_context":{"text":"Blogu i Udh\u00ebtarit","link":"https:\/\/www.shqiperia.com\/blog\/category\/blogu-i-udhetarit\/"},"img":{"alt_text":"","src":"https:\/\/i0.wp.com\/www.shqiperia.com\/blog\/wp-content\/uploads\/2026\/06\/londer-proteste.jpg?fit=900%2C503&ssl=1&resize=350%2C200","width":350,"height":200,"srcset":"https:\/\/i0.wp.com\/www.shqiperia.com\/blog\/wp-content\/uploads\/2026\/06\/londer-proteste.jpg?fit=900%2C503&ssl=1&resize=350%2C200 1x, https:\/\/i0.wp.com\/www.shqiperia.com\/blog\/wp-content\/uploads\/2026\/06\/londer-proteste.jpg?fit=900%2C503&ssl=1&resize=525%2C300 1.5x, https:\/\/i0.wp.com\/www.shqiperia.com\/blog\/wp-content\/uploads\/2026\/06\/londer-proteste.jpg?fit=900%2C503&ssl=1&resize=700%2C400 2x"},"classes":[]},{"id":104525,"url":"https:\/\/www.shqiperia.com\/blog\/tirana-vishet-me-flamuj-kombetar-revolta-kunder-rames-protesta-e-77-te-diaspora-serish-ne-tirane\/","url_meta":{"origin":101182,"position":5},"title":"Tirana vishet me Flamuj Komb\u00ebtar. Revolta kund\u00ebr Ram\u00ebs, protesta e 77-t\u00eb\/ Diaspora s\u00ebrish n\u00eb Tiran\u00eb","author":"Kurt Farka","date":"August 15, 2026","format":false,"excerpt":"15 Gusht 2026 Ka nisur marshimi drejt Kryeministris\u00eb. N\u00eb protest\u00ebn e 77 shqiptar\u00ebt k\u00ebrkojn\u00eb dor\u00ebheqjen e kryeministrit dhe t\u00eb qeveris\u00eb s\u00eb tij. Pjes\u00ebmarr\u00ebse n\u00eb protest\u00eb ashtu si edhe nj\u00eb dit\u00eb m\u00eb par\u00eb \u00ebsht\u00eb edhe Diaspora. Dje, shqiptar\u00eb t\u00eb ardhur nga vende t\u00eb ndryshme t\u00eb bot\u00ebs iu bashkuan protest\u00ebs, duke mbushur\u2026","rel":"","context":"In &quot;Blogu i Udh\u00ebtarit&quot;","block_context":{"text":"Blogu i Udh\u00ebtarit","link":"https:\/\/www.shqiperia.com\/blog\/category\/blogu-i-udhetarit\/"},"img":{"alt_text":"","src":"https:\/\/i0.wp.com\/www.shqiperia.com\/blog\/wp-content\/uploads\/2026\/08\/protesta-masive-1.jpg?fit=1083%2C641&ssl=1&resize=350%2C200","width":350,"height":200,"srcset":"https:\/\/i0.wp.com\/www.shqiperia.com\/blog\/wp-content\/uploads\/2026\/08\/protesta-masive-1.jpg?fit=1083%2C641&ssl=1&resize=350%2C200 1x, https:\/\/i0.wp.com\/www.shqiperia.com\/blog\/wp-content\/uploads\/2026\/08\/protesta-masive-1.jpg?fit=1083%2C641&ssl=1&resize=525%2C300 1.5x, https:\/\/i0.wp.com\/www.shqiperia.com\/blog\/wp-content\/uploads\/2026\/08\/protesta-masive-1.jpg?fit=1083%2C641&ssl=1&resize=700%2C400 2x, https:\/\/i0.wp.com\/www.shqiperia.com\/blog\/wp-content\/uploads\/2026\/08\/protesta-masive-1.jpg?fit=1083%2C641&ssl=1&resize=1050%2C600 3x"},"classes":[]}],"_links":{"self":[{"href":"https:\/\/www.shqiperia.com\/blog\/wp-json\/wp\/v2\/posts\/101182","targetHints":{"allow":["GET"]}}],"collection":[{"href":"https:\/\/www.shqiperia.com\/blog\/wp-json\/wp\/v2\/posts"}],"about":[{"href":"https:\/\/www.shqiperia.com\/blog\/wp-json\/wp\/v2\/types\/post"}],"author":[{"embeddable":true,"href":"https:\/\/www.shqiperia.com\/blog\/wp-json\/wp\/v2\/users\/9"}],"replies":[{"embeddable":true,"href":"https:\/\/www.shqiperia.com\/blog\/wp-json\/wp\/v2\/comments?post=101182"}],"version-history":[{"count":4,"href":"https:\/\/www.shqiperia.com\/blog\/wp-json\/wp\/v2\/posts\/101182\/revisions"}],"predecessor-version":[{"id":101188,"href":"https:\/\/www.shqiperia.com\/blog\/wp-json\/wp\/v2\/posts\/101182\/revisions\/101188"}],"wp:featuredmedia":[{"embeddable":true,"href":"https:\/\/www.shqiperia.com\/blog\/wp-json\/wp\/v2\/media\/101184"}],"wp:attachment":[{"href":"https:\/\/www.shqiperia.com\/blog\/wp-json\/wp\/v2\/media?parent=101182"}],"wp:term":[{"taxonomy":"category","embeddable":true,"href":"https:\/\/www.shqiperia.com\/blog\/wp-json\/wp\/v2\/categories?post=101182"},{"taxonomy":"post_tag","embeddable":true,"href":"https:\/\/www.shqiperia.com\/blog\/wp-json\/wp\/v2\/tags?post=101182"}],"curies":[{"name":"wp","href":"https:\/\/api.w.org\/{rel}","templated":true}]}}