{"id":101179,"date":"2026-06-06T13:43:23","date_gmt":"2026-06-06T13:43:23","guid":{"rendered":"https:\/\/www.shqiperia.com\/blog\/?p=101179"},"modified":"2026-06-06T13:43:23","modified_gmt":"2026-06-06T13:43:23","slug":"rama-ik-milano-ngrihet-mijra-emigrant-kunder-qeverise-rama","status":"publish","type":"post","link":"https:\/\/www.shqiperia.com\/blog\/rama-ik-milano-ngrihet-mijra-emigrant-kunder-qeverise-rama\/","title":{"rendered":"&#8216;Rama ik&#8217;\/ Milano ngrihet mijra emigrant kund\u00ebr qeveris\u00eb Rama"},"content":{"rendered":"<p><img data-recalc-dims=\"1\" loading=\"lazy\" decoding=\"async\" data-attachment-id=\"101180\" data-permalink=\"https:\/\/www.shqiperia.com\/blog\/rama-ik-milano-ngrihet-mijra-emigrant-kunder-qeverise-rama\/protesta-mulani\/\" data-orig-file=\"https:\/\/i0.wp.com\/www.shqiperia.com\/blog\/wp-content\/uploads\/2026\/06\/Protesta-Mulani.jpg?fit=900%2C512&amp;ssl=1\" data-orig-size=\"900,512\" data-comments-opened=\"1\" data-image-meta=\"{&quot;aperture&quot;:&quot;0&quot;,&quot;credit&quot;:&quot;&quot;,&quot;camera&quot;:&quot;&quot;,&quot;caption&quot;:&quot;&quot;,&quot;created_timestamp&quot;:&quot;0&quot;,&quot;copyright&quot;:&quot;&quot;,&quot;focal_length&quot;:&quot;0&quot;,&quot;iso&quot;:&quot;0&quot;,&quot;shutter_speed&quot;:&quot;0&quot;,&quot;title&quot;:&quot;&quot;,&quot;orientation&quot;:&quot;0&quot;}\" data-image-title=\"Protesta Mulani\" data-image-description=\"\" data-image-caption=\"\" data-medium-file=\"https:\/\/i0.wp.com\/www.shqiperia.com\/blog\/wp-content\/uploads\/2026\/06\/Protesta-Mulani.jpg?fit=300%2C171&amp;ssl=1\" data-large-file=\"https:\/\/i0.wp.com\/www.shqiperia.com\/blog\/wp-content\/uploads\/2026\/06\/Protesta-Mulani.jpg?fit=900%2C512&amp;ssl=1\" class=\"alignnone  wp-image-101180\" alt=\"\" src=\"https:\/\/i0.wp.com\/www.shqiperia.com\/blog\/wp-content\/uploads\/2026\/06\/Protesta-Mulani.jpg?resize=656%2C374&#038;ssl=1\" width=\"656\" height=\"374\" srcset=\"https:\/\/i0.wp.com\/www.shqiperia.com\/blog\/wp-content\/uploads\/2026\/06\/Protesta-Mulani.jpg?resize=300%2C171&amp;ssl=1 300w, https:\/\/i0.wp.com\/www.shqiperia.com\/blog\/wp-content\/uploads\/2026\/06\/Protesta-Mulani.jpg?resize=768%2C437&amp;ssl=1 768w, https:\/\/i0.wp.com\/www.shqiperia.com\/blog\/wp-content\/uploads\/2026\/06\/Protesta-Mulani.jpg?resize=450%2C256&amp;ssl=1 450w, https:\/\/i0.wp.com\/www.shqiperia.com\/blog\/wp-content\/uploads\/2026\/06\/Protesta-Mulani.jpg?resize=600%2C341&amp;ssl=1 600w, https:\/\/i0.wp.com\/www.shqiperia.com\/blog\/wp-content\/uploads\/2026\/06\/Protesta-Mulani.jpg?resize=400%2C228&amp;ssl=1 400w, https:\/\/i0.wp.com\/www.shqiperia.com\/blog\/wp-content\/uploads\/2026\/06\/Protesta-Mulani.jpg?w=900&amp;ssl=1 900w\" sizes=\"auto, (max-width: 656px) 100vw, 656px\" \/><\/p>\n<p>6 Qershor 2026<\/p>\n<p>Nj\u00eb val\u00eb protestash t\u00eb organizuara nga shqiptar\u00ebt e diaspor\u00ebs ka p\u00ebrfshir\u00eb disa nga qytetet m\u00eb t\u00eb m\u00ebdha t\u00eb Europ\u00ebs dhe Amerik\u00ebs s\u00eb Veriut, duke nxjerr\u00eb n\u00eb pah pak\u00ebnaq\u00ebsin\u00eb n\u00eb rritje ndaj qeveris\u00eb s\u00eb kryeministrit Edi Rama dhe situat\u00ebs s\u00eb r\u00ebnduar sociale e ekonomike n\u00eb vend.<\/p>\n<p>N\u00eb sheshe t\u00eb njohura t\u00eb Firences, Milanos, Berlinit, Mynihut, Stokholmit dhe Torontos, emigrant\u00eb shqiptar\u00eb jan\u00eb mbledhur p\u00ebr t\u00eb denoncuar at\u00eb q\u00eb e konsiderojn\u00eb d\u00ebshtim t\u00eb qeveris\u00eb p\u00ebr t\u00eb frenuar emigracionin masiv dhe varf\u00ebrimin e vendit. Me flamuj komb\u00ebtar\u00eb dhe thirrje kund\u00ebr qeveris\u00eb, protestuesit kan\u00eb shprehur revolt\u00ebn e tyre p\u00ebr largimin e vazhduesh\u00ebm t\u00eb shqiptar\u00ebve, ve\u00e7an\u00ebrisht t\u00eb rinjve, nga vendi.<\/p>\n<p>Sipas protestuesve, Shqip\u00ebria po p\u00ebrballet me nj\u00eb kriz\u00eb t\u00eb thell\u00eb demografike, ku mungesa e mund\u00ebsive ekonomike, pagat e ul\u00ebta dhe pasiguria p\u00ebr t\u00eb ardhmen kan\u00eb detyruar mij\u00ebra familje t\u00eb k\u00ebrkojn\u00eb nj\u00eb jet\u00eb m\u00eb t\u00eb mir\u00eb jasht\u00eb vendit. Ata e konsiderojn\u00eb k\u00ebt\u00eb fenomen si pasoj\u00eb t\u00eb drejtp\u00ebrdrejt\u00eb t\u00eb politikave t\u00eb ndjekura nga qeveria aktuale.<\/p>\n<p>N\u00eb qend\u00ebr t\u00eb kritikave kan\u00eb qen\u00eb gjithashtu akuzat p\u00ebr keqqeverisje, korrupsion dhe favorizim t\u00eb interesave t\u00eb nj\u00eb grupi t\u00eb kufizuar individ\u00ebsh n\u00eb d\u00ebm t\u00eb qytetar\u00ebve t\u00eb zakonsh\u00ebm.<\/p>\n<p>K\u00ebto protesta t\u00eb diaspor\u00ebs po interpretohen si nj\u00eb sinjal i fort\u00eb pak\u00ebnaq\u00ebsie ndaj qeveris\u00eb Rama dhe si nj\u00eb thirrje p\u00ebr ndryshim politik.<\/p>\n","protected":false},"excerpt":{"rendered":"<p>6 Qershor 2026 Nj\u00eb val\u00eb protestash t\u00eb organizuara nga shqiptar\u00ebt e diaspor\u00ebs ka p\u00ebrfshir\u00eb disa nga qytetet m\u00eb t\u00eb m\u00ebdha t\u00eb Europ\u00ebs dhe Amerik\u00ebs s\u00eb Veriut, duke nxjerr\u00eb n\u00eb pah pak\u00ebnaq\u00ebsin\u00eb n\u00eb rritje ndaj qeveris\u00eb s\u00eb kryeministrit Edi Rama dhe situat\u00ebs s\u00eb r\u00ebnduar sociale e ekonomike n\u00eb vend. N\u00eb sheshe t\u00eb njohura t\u00eb Firences, Milanos, [&hellip;]<\/p>\n","protected":false},"author":9,"featured_media":101180,"comment_status":"open","ping_status":"open","sticky":false,"template":"","format":"standard","meta":{"jetpack_post_was_ever_published":false,"_jetpack_newsletter_access":"","_jetpack_dont_email_post_to_subs":false,"_jetpack_newsletter_tier_id":0,"_jetpack_memberships_contains_paywalled_content":false,"_jetpack_memberships_contains_paid_content":false,"footnotes":"","jetpack_publicize_message":"","jetpack_publicize_feature_enabled":true,"jetpack_social_post_already_shared":true,"jetpack_social_options":{"image_generator_settings":{"template":"highway","default_image_id":0,"font":"","enabled":false},"version":2}},"categories":[27,2],"tags":[],"class_list":["post-101179","post","type-post","status-publish","format-standard","has-post-thumbnail","hentry","category-blogu-i-udhetarit","category-politika"],"jetpack_publicize_connections":[],"jetpack_featured_media_url":"https:\/\/i0.wp.com\/www.shqiperia.com\/blog\/wp-content\/uploads\/2026\/06\/Protesta-Mulani.jpg?fit=900%2C512&ssl=1","jetpack_sharing_enabled":true,"jetpack_shortlink":"https:\/\/wp.me\/p5Z6wp-qjV","jetpack-related-posts":[{"id":104868,"url":"https:\/\/www.shqiperia.com\/blog\/protesta-nuk-ndalet-sot-dita-e-83-te-qytetaret-serish-ne-shesh-kunder-qeverise-rama-jep-doreheqjen\/","url_meta":{"origin":101179,"position":0},"title":"Protesta nuk ndalet\/ Sot dita e 83-t\u00eb, qytetar\u00ebt s\u00ebrish n\u00eb shesh kund\u00ebr qeveris\u00eb: Rama jep dor\u00ebheqjen!","author":"Kurt Farka","date":"August 21, 2026","format":false,"excerpt":"21 Gusht 2026 Qytetar\u00ebt do t\u00eb mblidhen s\u00ebrish sot n\u00eb Tiran\u00eb, duke vijuar p\u00ebr t\u00eb 83-\u00ebn dit\u00eb radhazi protest\u00ebn kund\u00ebr qeveris\u00eb dhe kast\u00ebs politike. Ashtu si n\u00eb dit\u00ebt e fundit, protestuesit pritet t\u00eb grumbullohen fillimisht n\u00eb sheshin \u201cSk\u00ebnderbej\u201d dhe m\u00eb pas t\u00eb marshojn\u00eb drejt Kryeministris\u00eb, ku do t\u00eb vijojn\u00eb tubimin\u2026","rel":"","context":"In &quot;Blogu i Udh\u00ebtarit&quot;","block_context":{"text":"Blogu i Udh\u00ebtarit","link":"https:\/\/www.shqiperia.com\/blog\/category\/blogu-i-udhetarit\/"},"img":{"alt_text":"","src":"https:\/\/i0.wp.com\/www.shqiperia.com\/blog\/wp-content\/uploads\/2026\/08\/770985824_3285727254921661_236673638084350325_n-1.jpg?fit=1200%2C800&ssl=1&resize=350%2C200","width":350,"height":200,"srcset":"https:\/\/i0.wp.com\/www.shqiperia.com\/blog\/wp-content\/uploads\/2026\/08\/770985824_3285727254921661_236673638084350325_n-1.jpg?fit=1200%2C800&ssl=1&resize=350%2C200 1x, https:\/\/i0.wp.com\/www.shqiperia.com\/blog\/wp-content\/uploads\/2026\/08\/770985824_3285727254921661_236673638084350325_n-1.jpg?fit=1200%2C800&ssl=1&resize=525%2C300 1.5x, https:\/\/i0.wp.com\/www.shqiperia.com\/blog\/wp-content\/uploads\/2026\/08\/770985824_3285727254921661_236673638084350325_n-1.jpg?fit=1200%2C800&ssl=1&resize=700%2C400 2x, https:\/\/i0.wp.com\/www.shqiperia.com\/blog\/wp-content\/uploads\/2026\/08\/770985824_3285727254921661_236673638084350325_n-1.jpg?fit=1200%2C800&ssl=1&resize=1050%2C600 3x"},"classes":[]},{"id":105595,"url":"https:\/\/www.shqiperia.com\/blog\/rama-lamtumire-shqiptaret-nuk-ndalen-dita-e-93-te-e-protestes-kunder-edi-rames\/","url_meta":{"origin":101179,"position":1},"title":"\u2018Rama Lamtumir\u00eb\/ Shqiptar\u00ebt nuk ndalen, dita e 93-t\u00eb e protest\u00ebs kund\u00ebr Edi Ram\u00ebs","author":"Kurt Farka","date":"August 31, 2026","format":false,"excerpt":"31 Gusht 2926 Protesta qytetare kund\u00ebr qeveris\u00eb Rama hyn sot n\u00eb dit\u00ebn e saj t\u00eb 93-t\u00eb radhazi, duke sh\u00ebnuar mbi tre muaj mobilizim t\u00eb pand\u00ebrprer\u00eb n\u00eb rrug\u00ebt e Tiran\u00ebs. Qytetar\u00ebt pritet t\u00eb mblidhen s\u00ebrish n\u00eb sheshin \u2018Sk\u00ebnderbej\u2019, p\u00ebr t\u00eb marshuar m\u00eb pas p\u00ebrgjat\u00eb Bulevardit \u2018D\u00ebshmor\u00ebt e Kombit\u2019 drejt Kryeministris\u00eb, aty\u2026","rel":"","context":"In &quot;Blogu i Udh\u00ebtarit&quot;","block_context":{"text":"Blogu i Udh\u00ebtarit","link":"https:\/\/www.shqiperia.com\/blog\/category\/blogu-i-udhetarit\/"},"img":{"alt_text":"","src":"https:\/\/i0.wp.com\/www.shqiperia.com\/blog\/wp-content\/uploads\/2026\/08\/auto_protesta-1-11788193327.jpg?fit=900%2C602&ssl=1&resize=350%2C200","width":350,"height":200,"srcset":"https:\/\/i0.wp.com\/www.shqiperia.com\/blog\/wp-content\/uploads\/2026\/08\/auto_protesta-1-11788193327.jpg?fit=900%2C602&ssl=1&resize=350%2C200 1x, https:\/\/i0.wp.com\/www.shqiperia.com\/blog\/wp-content\/uploads\/2026\/08\/auto_protesta-1-11788193327.jpg?fit=900%2C602&ssl=1&resize=525%2C300 1.5x, https:\/\/i0.wp.com\/www.shqiperia.com\/blog\/wp-content\/uploads\/2026\/08\/auto_protesta-1-11788193327.jpg?fit=900%2C602&ssl=1&resize=700%2C400 2x"},"classes":[]},{"id":101157,"url":"https:\/\/www.shqiperia.com\/blog\/shqiptaret-proteste-ne-berlin-vala-e-revoltes-qytetare-kunder-qeverise-dhe-rames-kapercen-kufijte\/","url_meta":{"origin":101179,"position":2},"title":"Shqiptaret protest\u00eb n\u00eb Berlin.  &#8211; Vala e revolt\u00ebs qytetare kund\u00ebr qeveris\u00eb dhe Ram\u00ebs kap\u00ebrcen kufijt\u00eb","author":"Kurt Farka","date":"June 6, 2026","format":false,"excerpt":"6 Qershor 2026 N\u00eb Berlin u mbajt nj\u00eb protest\u00eb kund\u00ebr Qeveris\u00eb, n\u00eb vijim t\u00eb tubimeve q\u00eb kan\u00eb p\u00ebrfshir\u00eb Tiran\u00ebn prej pak\u00ebnaq\u00ebsis\u00eb n\u00eb rritje ndan pushtetit. Pjes\u00ebmarr\u00ebsit k\u00ebrkuan largimin e qeveris\u00eb, transparenc\u00eb p\u00ebr Zv\u00ebrnecin dhe llogaridh\u00ebnie nga institucionet. Vala e protestave p\u00ebr Zv\u00ebrnecin ka kap\u00ebrcyer kufijt\u00eb. Organizator\u00ebt e paraqit\u00ebn tubimin si\u2026","rel":"","context":"In &quot;Blogu i Udh\u00ebtarit&quot;","block_context":{"text":"Blogu i Udh\u00ebtarit","link":"https:\/\/www.shqiperia.com\/blog\/category\/blogu-i-udhetarit\/"},"img":{"alt_text":"","src":"https:\/\/i0.wp.com\/www.shqiperia.com\/blog\/wp-content\/uploads\/2026\/06\/photo-output-4-1536x1154-1.jpeg?fit=1200%2C902&ssl=1&resize=350%2C200","width":350,"height":200,"srcset":"https:\/\/i0.wp.com\/www.shqiperia.com\/blog\/wp-content\/uploads\/2026\/06\/photo-output-4-1536x1154-1.jpeg?fit=1200%2C902&ssl=1&resize=350%2C200 1x, https:\/\/i0.wp.com\/www.shqiperia.com\/blog\/wp-content\/uploads\/2026\/06\/photo-output-4-1536x1154-1.jpeg?fit=1200%2C902&ssl=1&resize=525%2C300 1.5x, https:\/\/i0.wp.com\/www.shqiperia.com\/blog\/wp-content\/uploads\/2026\/06\/photo-output-4-1536x1154-1.jpeg?fit=1200%2C902&ssl=1&resize=700%2C400 2x, https:\/\/i0.wp.com\/www.shqiperia.com\/blog\/wp-content\/uploads\/2026\/06\/photo-output-4-1536x1154-1.jpeg?fit=1200%2C902&ssl=1&resize=1050%2C600 3x"},"classes":[]},{"id":103238,"url":"https:\/\/www.shqiperia.com\/blog\/televizioni-publik-gjerman-ard-e-gjithe-qytetaria-po-proteston-kunder-qeverise-dhe-kunder-partise-me-te-madhe-te-opozites\/","url_meta":{"origin":101179,"position":3},"title":"Televizioni publik gjerman ARD: &#8211; E gjith\u00eb qytetaria po proteston kund\u00ebr qeveris\u00eb dhe kund\u00ebr partis\u00eb m\u00eb t\u00eb madhe t\u00eb opozit\u00ebs","author":"Kurt Farka","date":"July 26, 2026","format":false,"excerpt":"26 Korrik 2026 Shumica e protestave t\u00eb Revolucionit Flamingo jan\u00eb paq\u00ebsore. Por t\u00eb enjten, shp\u00ebrtheu dhuna. Demonstruesit rrethuan parlamentin shqiptar, ku po zhvillohej seanca e fundit para pushimeve verore. Ata hodh\u00ebn vez\u00eb mbi automjetet e deputet\u00ebve dhe gjithashtu mbi policin\u00eb. Forcat e siguris\u00eb u p\u00ebrgjigj\u00ebn me gaz lotsjell\u00ebs dhe topa\u2026","rel":"","context":"In &quot;Blogu i Udh\u00ebtarit&quot;","block_context":{"text":"Blogu i Udh\u00ebtarit","link":"https:\/\/www.shqiperia.com\/blog\/category\/blogu-i-udhetarit\/"},"img":{"alt_text":"","src":"https:\/\/i0.wp.com\/www.shqiperia.com\/blog\/wp-content\/uploads\/2026\/07\/800-0-6a639b18a0159.jpg?fit=800%2C535&ssl=1&resize=350%2C200","width":350,"height":200,"srcset":"https:\/\/i0.wp.com\/www.shqiperia.com\/blog\/wp-content\/uploads\/2026\/07\/800-0-6a639b18a0159.jpg?fit=800%2C535&ssl=1&resize=350%2C200 1x, https:\/\/i0.wp.com\/www.shqiperia.com\/blog\/wp-content\/uploads\/2026\/07\/800-0-6a639b18a0159.jpg?fit=800%2C535&ssl=1&resize=525%2C300 1.5x, https:\/\/i0.wp.com\/www.shqiperia.com\/blog\/wp-content\/uploads\/2026\/07\/800-0-6a639b18a0159.jpg?fit=800%2C535&ssl=1&resize=700%2C400 2x"},"classes":[]},{"id":101533,"url":"https:\/\/www.shqiperia.com\/blog\/tri-te-verteta-te-thjeshta-per-kryeministrin\/","url_meta":{"origin":101179,"position":4},"title":"Tri t\u00eb v\u00ebrteta t\u00eb thjeshta (p\u00ebr kryeministrin)","author":"Kurt Farka","date":"June 16, 2026","format":false,"excerpt":"Nga Fatos Tarifa 1. Kryeministri \u00ebsht\u00eb administratori i pun\u00ebve t\u00eb qeveris\u00eb, jo pronari i saj. Qeveria \u00ebsht\u00eb e qytetar\u00ebve dhe duhet t\u2019i bindet vullnetit t\u00eb tyre. Vizioni qeveris\u00ebs i nj\u00eb kryeministri nuk mund t\u00eb jet\u00eb i ndrysh\u00ebm, apo i shk\u00ebputur nga vullneti i qytetar\u00ebve, i shprehur jo vet\u00ebm p\u00ebrmes vot\u00ebs\u2026","rel":"","context":"In &quot;Blogu i Udh\u00ebtarit&quot;","block_context":{"text":"Blogu i Udh\u00ebtarit","link":"https:\/\/www.shqiperia.com\/blog\/category\/blogu-i-udhetarit\/"},"img":{"alt_text":"","src":"https:\/\/i0.wp.com\/www.shqiperia.com\/blog\/wp-content\/uploads\/2026\/06\/Screenshot_20260615_161840_Gallery.jpg?fit=720%2C640&ssl=1&resize=350%2C200","width":350,"height":200,"srcset":"https:\/\/i0.wp.com\/www.shqiperia.com\/blog\/wp-content\/uploads\/2026\/06\/Screenshot_20260615_161840_Gallery.jpg?fit=720%2C640&ssl=1&resize=350%2C200 1x, https:\/\/i0.wp.com\/www.shqiperia.com\/blog\/wp-content\/uploads\/2026\/06\/Screenshot_20260615_161840_Gallery.jpg?fit=720%2C640&ssl=1&resize=525%2C300 1.5x, https:\/\/i0.wp.com\/www.shqiperia.com\/blog\/wp-content\/uploads\/2026\/06\/Screenshot_20260615_161840_Gallery.jpg?fit=720%2C640&ssl=1&resize=700%2C400 2x"},"classes":[]},{"id":101253,"url":"https:\/\/www.shqiperia.com\/blog\/shkodranet-pushtojne-ballkonin-e-bashkise-kerkojne-doreheqjen-e-qeverise\/","url_meta":{"origin":101179,"position":5},"title":"Shkodran\u00ebt pushtojn\u00eb ballkonin e bashkis\u00eb. &#8211; Kerkojn\u00eb dor\u00ebheqjen e qeveris\u00eb","author":"Kurt Farka","date":"June 7, 2026","format":false,"excerpt":"7 Qershor 2026 Mbr\u00ebmjen e sotme, protesta e qytetar\u00ebve n\u00eb Shkod\u00ebr mori nj\u00eb tjet\u00ebr dimension simbolik, teksa nj\u00eb grup protestuesish u ngjit\u00ebn n\u00eb ballkonin e Bashkis\u00eb s\u00eb Shkodr\u00ebs, nga ku l\u00ebshuan thirrje t\u00eb forta kund\u00ebr qeveris\u00eb. Mes brohoritjeve dhe duartrokitjeve t\u00eb turm\u00ebs s\u00eb mbledhur n\u00eb shesh, protestuesit artikuluan sloganet \u201cRama\u2026","rel":"","context":"In &quot;Blogu i Udh\u00ebtarit&quot;","block_context":{"text":"Blogu i Udh\u00ebtarit","link":"https:\/\/www.shqiperia.com\/blog\/category\/blogu-i-udhetarit\/"},"img":{"alt_text":"","src":"https:\/\/i0.wp.com\/www.shqiperia.com\/blog\/wp-content\/uploads\/2026\/06\/hq720.jpg?fit=686%2C386&ssl=1&resize=350%2C200","width":350,"height":200,"srcset":"https:\/\/i0.wp.com\/www.shqiperia.com\/blog\/wp-content\/uploads\/2026\/06\/hq720.jpg?fit=686%2C386&ssl=1&resize=350%2C200 1x, https:\/\/i0.wp.com\/www.shqiperia.com\/blog\/wp-content\/uploads\/2026\/06\/hq720.jpg?fit=686%2C386&ssl=1&resize=525%2C300 1.5x"},"classes":[]}],"_links":{"self":[{"href":"https:\/\/www.shqiperia.com\/blog\/wp-json\/wp\/v2\/posts\/101179","targetHints":{"allow":["GET"]}}],"collection":[{"href":"https:\/\/www.shqiperia.com\/blog\/wp-json\/wp\/v2\/posts"}],"about":[{"href":"https:\/\/www.shqiperia.com\/blog\/wp-json\/wp\/v2\/types\/post"}],"author":[{"embeddable":true,"href":"https:\/\/www.shqiperia.com\/blog\/wp-json\/wp\/v2\/users\/9"}],"replies":[{"embeddable":true,"href":"https:\/\/www.shqiperia.com\/blog\/wp-json\/wp\/v2\/comments?post=101179"}],"version-history":[{"count":1,"href":"https:\/\/www.shqiperia.com\/blog\/wp-json\/wp\/v2\/posts\/101179\/revisions"}],"predecessor-version":[{"id":101181,"href":"https:\/\/www.shqiperia.com\/blog\/wp-json\/wp\/v2\/posts\/101179\/revisions\/101181"}],"wp:featuredmedia":[{"embeddable":true,"href":"https:\/\/www.shqiperia.com\/blog\/wp-json\/wp\/v2\/media\/101180"}],"wp:attachment":[{"href":"https:\/\/www.shqiperia.com\/blog\/wp-json\/wp\/v2\/media?parent=101179"}],"wp:term":[{"taxonomy":"category","embeddable":true,"href":"https:\/\/www.shqiperia.com\/blog\/wp-json\/wp\/v2\/categories?post=101179"},{"taxonomy":"post_tag","embeddable":true,"href":"https:\/\/www.shqiperia.com\/blog\/wp-json\/wp\/v2\/tags?post=101179"}],"curies":[{"name":"wp","href":"https:\/\/api.w.org\/{rel}","templated":true}]}}